{"id":184102,"date":"2021-11-24T19:28:32","date_gmt":"2021-11-24T22:28:32","guid":{"rendered":"https:\/\/aconteceunovale.com.br\/portal\/?p=184102"},"modified":"2026-09-02T13:11:31","modified_gmt":"2026-09-02T16:11:31","slug":"regulamento-tecnico-de-identidade-e-qualidade-do-queijo-cabacinha-sera-apresentado-em-itaobim","status":"publish","type":"post","link":"https:\/\/aconteceunovale.com.br\/portal\/?p=184102","title":{"rendered":"Regulamento t\u00e9cnico de identidade e qualidade do queijo Cabacinha ser\u00e1 apresentado em Itaobim"},"content":{"rendered":"\n<p class=\"wp-block-paragraph\">O Regulamento T\u00e9cnico de Identidade e Qualidade do Queijo Cabacinha ser\u00e1 apresentado nesta quinta-feira (25\/11), em Itaobim, no Vale do Jequitinhonha.\u00a0O evento acontecer\u00e1 na Associa\u00e7\u00e3o Atl\u00e9tica Banco do Brasil (AABB) do munic\u00edpio, na Avenida S\u00e3o Roque, n\u00ba 872.<\/p>\n\n\n\n<figure class=\"wp-block-gallery aligncenter columns-1 is-cropped wp-block-gallery-1 is-layout-flex wp-block-gallery-is-layout-flex\"><ul class=\"blocks-gallery-grid\"><li class=\"blocks-gallery-item\"><figure><img loading=\"lazy\" decoding=\"async\" width=\"600\" height=\"450\" src=\"https:\/\/aconteceunovale.com.br\/portal\/wp-content\/uploads\/2021\/11\/queijo_cabacinha.jpg\" alt=\"\" data-id=\"184103\" data-full-url=\"https:\/\/aconteceunovale.com.br\/portal\/wp-content\/uploads\/2021\/11\/queijo_cabacinha.jpg\" data-link=\"https:\/\/aconteceunovale.com.br\/portal\/?attachment_id=184103\" class=\"wp-image-184103\" srcset=\"https:\/\/aconteceunovale.com.br\/portal\/wp-content\/uploads\/2021\/11\/queijo_cabacinha.jpg 600w, https:\/\/aconteceunovale.com.br\/portal\/wp-content\/uploads\/2021\/11\/queijo_cabacinha-300x225.jpg 300w, https:\/\/aconteceunovale.com.br\/portal\/wp-content\/uploads\/2021\/11\/queijo_cabacinha-80x60.jpg 80w, https:\/\/aconteceunovale.com.br\/portal\/wp-content\/uploads\/2021\/11\/queijo_cabacinha-265x198.jpg 265w, https:\/\/aconteceunovale.com.br\/portal\/wp-content\/uploads\/2021\/11\/queijo_cabacinha-560x420.jpg 560w\" sizes=\"auto, (max-width: 600px) 100vw, 600px\" \/><figcaption class=\"blocks-gallery-item__caption\"><em>Queijo Cabacinha produzido no Vale do Jequitinhonha &#8211; Foto: Jos\u00e9 Geraldo Lisboa \/ Arquivo Ag\u00eancia Minas<\/em><\/figcaption><\/figure><\/li><\/ul><\/figure>\n\n\n\n<p class=\"wp-block-paragraph\">O documento vai subsidiar a cria\u00e7\u00e3o de uma regulamenta\u00e7\u00e3o para o produto t\u00edpico da regi\u00e3o.\u00a0A expectativa \u00e9 incentivar a agrega\u00e7\u00e3o de valor deste tipo de queijo e facilitar a comercializa\u00e7\u00e3o.\u00a0<\/p>\n\n\n\n<p class=\"wp-block-paragraph\"><em>&#8220;Com a publica\u00e7\u00e3o do regulamento t\u00e9cnico do queijo Cabacinha, os produtores poder\u00e3o registrar suas queijarias e, com isso, comercializar seus queijos fora dos munic\u00edpios onde s\u00e3o produzidos e em outros estados do Brasil, tendo oportunidades e ganhos em seus neg\u00f3cios. A formaliza\u00e7\u00e3o inspira confian\u00e7a no consumidor, fortalece a cadeia produtiva e promove a qualidade do produto&#8221;, <\/em>explica a\u00a0coordenadora t\u00e9cnica regional da Emater-MG em Almenara,\u00a0Luziane Dias de Oliveira.<\/p>\n\n\n\n<h2 class=\"wp-block-heading\"><strong>Tradi\u00e7\u00e3o<\/strong><\/h2>\n\n\n\n<p class=\"wp-block-paragraph\">O queijo Cabacinha \u00e9 produzido artesanalmente por agricultores familiares e, al\u00e9m de ser um dos expoentes da cultura gastron\u00f4mica mineira, tem grande relev\u00e2ncia socioecon\u00f4mica para a regi\u00e3o Nordeste de Minas Gerais.&nbsp;<\/p>\n\n\n\n<p class=\"wp-block-paragraph\">Produzido a partir do leite cru, acrescido de coalho e fermento l\u00e1ctico, o queijo \u00e9 moldado manualmente em um formato que se assemelha a uma caba\u00e7a, o fruto da cabaceira que, quando maduro, \u00e9 utilizado como recipiente e para a fabrica\u00e7\u00e3o de instrumentos musicais. Depois de salgado em uma salmoura, o Cabacinha \u00e9 pendurado para secar e maturar durante sete dias.<\/p>\n\n\n\n<h2 class=\"wp-block-heading\"><strong>Reconhecimento<\/strong><\/h2>\n\n\n\n<p class=\"wp-block-paragraph\">Em 2014, a Emater-MG\u00a0realizou o estudo de caracteriza\u00e7\u00e3o do queijo Cabacinha em cinco munic\u00edpios: Cachoeira de Paje\u00fa, Comercinho, Itaobim, Medina e Pedra Azul.<\/p>\n\n\n\n<p class=\"wp-block-paragraph\">Essa regi\u00e3o foi reconhecida pelo\u00a0Instituto Mineiro de Agropecu\u00e1ria (IMA)\u00a0como produtora do queijo Cabacinha, por meio da Portaria IMA n\u00ba 1403. Depois, outros quatro munic\u00edpios solicitaram a inclus\u00e3o na regi\u00e3o produtora: Divis\u00f3polis, Jequitinhonha, Joa\u00edma e Ponto dos Volantes. Foi, ent\u00e3o, realizada uma nova caracteriza\u00e7\u00e3o, reconhecida pelo IMA, em 2021, por meio da Portaria IMA n\u00ba 2087.<\/p>\n\n\n\n<p class=\"wp-block-paragraph\">O trabalho de caracteriza\u00e7\u00e3o realizado pela Emater-MG envolve o diagn\u00f3stico da forma de produ\u00e7\u00e3o e os levantamentos hist\u00f3rico, cultural e da caracteriza\u00e7\u00e3o integrada do meio f\u00edsico. <em>&#8220;Al\u00e9m disso, a empresa vai contribuir no estudo, que ser\u00e1 realizado pela\u00a0Epamig (Empresa de Pesquisa Agropecu\u00e1ria de Minas Gerais), da caracteriza\u00e7\u00e3o do queijo Cabacinha, em seus par\u00e2metros f\u00edsicos, f\u00edsico-qu\u00edmicos, microbiol\u00f3gicos e sensoriais&#8221;, <\/em>informa Luziane Dias de Oliveira.<\/p>\n\n\n\n<p class=\"wp-block-paragraph\">Al\u00e9m das contribui\u00e7\u00f5es na caracteriza\u00e7\u00e3o das regi\u00f5es produtoras do queijo, a Emater-MG orienta os produtores no processo da implanta\u00e7\u00e3o das boas pr\u00e1ticas agropecu\u00e1rias e boas pr\u00e1ticas de fabrica\u00e7\u00e3o, e na legaliza\u00e7\u00e3o das queijarias.<\/p>\n\n\n\n<p class=\"wp-block-paragraph\">&#8212;&#8212;&#8212;&#8212;&#8212;&#8212;<br><em>Quer receber as not\u00edcias do <strong>Aconteceu no Vale<\/strong> em primeira m\u00e3o? Siga-nos no Facebook <a rel=\"noreferrer noopener\" href=\"http:\/\/facebook.com\/aconteceunovale\" target=\"_blank\">@aconteceunovale<\/a>, Twitter <a rel=\"noreferrer noopener\" href=\"https:\/\/twitter.com\/noticiadosvales\" target=\"_blank\">@noticiadosvales<\/a> e Instagram <a rel=\"noreferrer noopener\" href=\"https:\/\/www.instagram.com\/aconteceunovale\" target=\"_blank\">@aconteceunovale<\/a>.<\/em><\/p>\n","protected":false},"excerpt":{"rendered":"<p>O Regulamento T\u00e9cnico de Identidade e Qualidade do Queijo Cabacinha ser\u00e1 apresentado nesta quinta-feira (25\/11), em Itaobim, no Vale do Jequitinhonha.\u00a0O evento acontecer\u00e1 na Associa\u00e7\u00e3o Atl\u00e9tica Banco do Brasil (AABB) do munic\u00edpio, na Avenida S\u00e3o Roque, n\u00ba 872. O documento vai subsidiar a cria\u00e7\u00e3o de uma regulamenta\u00e7\u00e3o para o produto t\u00edpico da regi\u00e3o.\u00a0A expectativa \u00e9 [&hellip;]<\/p>\n","protected":false},"author":4,"featured_media":184103,"comment_status":"open","ping_status":"closed","sticky":false,"template":"","format":"standard","meta":{"amp_status":"","footnotes":""},"categories":[125,272550,120],"tags":[250889,5258,250881,426,1018,354,25775,25884,20507,250888,254846,20955,391,34252,611,36004,250887,250890,389,250880,455,444,250886,250878,250885,250879,245200,250882,254845,254844,178207,250883,250884],"class_list":["post-184102","post","type-post","status-publish","format-standard","has-post-thumbnail","hentry","category-noticias","category-itaobim","category-jequi","tag-caccio-cavalo","tag-cachoeira-de-pajeu","tag-cidade-produtora-de-queijo-cabacinha","tag-comercinho","tag-destaque","tag-divisopolis","tag-emater-mg","tag-epamig","tag-governador","tag-historia-do-queijo-cabacinha","tag-identidade-do-queijo-cabacinha","tag-ima","tag-itaobim","tag-jequitinhonha","tag-joaima","tag-jose-alves-dos-santos","tag-jose-valerio","tag-mais-quatro-municipios-do-vale-do-jequitinhonha-sao-reconhecidos-como-produtores-do-tradicional-queijo-cabacinha","tag-medina","tag-municipio-produtor-de-queijo-cabacinha","tag-pedra-azul","tag-ponto-dos-volantes","tag-produtores-de-queijo-cabacinha","tag-quatro-municipios-do-vale-do-jequitinhonha-sao-reconhecidos-como-produtores-do-tradicional-queijo-cabacinha","tag-queijo-artesanal-cabacinha","tag-queijo-cabacinha","tag-queijo-cabacinha-do-vale-do-jequitinhonha","tag-regiao-produtora-de-queijo-cabacinha","tag-regulamento-tecnico-de-identidade-e-qualidade-do-queijo-cabacinha","tag-regulamento-tecnico-de-identidade-e-qualidade-do-queijo-cabacinha-sera-apresentado-em-itaobim","tag-romeu-zema","tag-romeu-zema-em-pedra-azul","tag-visita-de-romeu-zema-a-pedra-azul"],"yoast_head":"<!-- This site is optimized with the Yoast SEO plugin v28.3 - https:\/\/yoast.com\/product\/yoast-seo-wordpress\/ -->\n<title>Regulamento t\u00e9cnico de identidade e qualidade do queijo Cabacinha ser\u00e1 apresentado em Itaobim - Aconteceu no Vale<\/title>\n<meta name=\"robots\" content=\"index, follow, max-snippet:-1, max-image-preview:large, max-video-preview:-1\" \/>\n<link rel=\"canonical\" href=\"https:\/\/aconteceunovale.com.br\/portal\/?p=184102\" \/>\n<meta property=\"og:locale\" content=\"pt_BR\" \/>\n<meta property=\"og:type\" content=\"article\" \/>\n<meta property=\"og:title\" content=\"Regulamento t\u00e9cnico de identidade e qualidade do queijo Cabacinha ser\u00e1 apresentado em Itaobim - Aconteceu no Vale\" \/>\n<meta property=\"og:description\" content=\"O Regulamento T\u00e9cnico de Identidade e Qualidade do Queijo Cabacinha ser\u00e1 apresentado nesta quinta-feira (25\/11), em Itaobim, no Vale do Jequitinhonha.\u00a0O evento acontecer\u00e1 na Associa\u00e7\u00e3o Atl\u00e9tica Banco do Brasil (AABB) do munic\u00edpio, na Avenida S\u00e3o Roque, n\u00ba 872. O documento vai subsidiar a cria\u00e7\u00e3o de uma regulamenta\u00e7\u00e3o para o produto t\u00edpico da regi\u00e3o.\u00a0A expectativa \u00e9 [&hellip;]\" \/>\n<meta property=\"og:url\" content=\"https:\/\/aconteceunovale.com.br\/portal\/?p=184102\" \/>\n<meta property=\"og:site_name\" content=\"Aconteceu no Vale\" \/>\n<meta property=\"article:publisher\" content=\"https:\/\/www.facebook.com\/aconteceunovale\/\" \/>\n<meta property=\"article:published_time\" content=\"2021-11-24T22:28:32+00:00\" \/>\n<meta property=\"article:modified_time\" content=\"2026-09-02T16:11:31+00:00\" \/>\n<meta property=\"og:image\" content=\"https:\/\/aconteceunovale.com.br\/portal\/wp-content\/uploads\/2021\/11\/queijo_cabacinha.jpg\" \/>\n\t<meta property=\"og:image:width\" content=\"600\" \/>\n\t<meta property=\"og:image:height\" content=\"450\" \/>\n\t<meta property=\"og:image:type\" content=\"image\/jpeg\" \/>\n<meta name=\"author\" content=\"Reda\u00e7\u00e3o Aconteceu no Vale\" \/>\n<meta name=\"twitter:card\" content=\"summary_large_image\" \/>\n<meta name=\"twitter:creator\" content=\"@noticiadosvales\" \/>\n<meta name=\"twitter:site\" content=\"@noticiadosvales\" \/>\n<meta name=\"twitter:label1\" content=\"Escrito por\" \/>\n\t<meta name=\"twitter:data1\" content=\"Reda\u00e7\u00e3o Aconteceu no Vale\" \/>\n\t<meta name=\"twitter:label2\" content=\"Est. tempo de leitura\" \/>\n\t<meta name=\"twitter:data2\" content=\"3 minutos\" \/>\n<script type=\"application\/ld+json\" class=\"yoast-schema-graph\">{\"@context\":\"https:\\\/\\\/schema.org\",\"@graph\":[{\"@type\":\"Article\",\"@id\":\"https:\\\/\\\/aconteceunovale.com.br\\\/portal\\\/?p=184102#article\",\"isPartOf\":{\"@id\":\"https:\\\/\\\/aconteceunovale.com.br\\\/portal\\\/?p=184102\"},\"author\":{\"name\":\"Reda\u00e7\u00e3o Aconteceu no Vale\",\"@id\":\"https:\\\/\\\/aconteceunovale.com.br\\\/portal\\\/#\\\/schema\\\/person\\\/7d2f26d1483f8a63de73da1ee0754d35\"},\"headline\":\"Regulamento t\u00e9cnico de identidade e qualidade do queijo Cabacinha ser\u00e1 apresentado em Itaobim\",\"datePublished\":\"2021-11-24T22:28:32+00:00\",\"dateModified\":\"2026-09-02T16:11:31+00:00\",\"mainEntityOfPage\":{\"@id\":\"https:\\\/\\\/aconteceunovale.com.br\\\/portal\\\/?p=184102\"},\"wordCount\":518,\"commentCount\":0,\"image\":{\"@id\":\"https:\\\/\\\/aconteceunovale.com.br\\\/portal\\\/?p=184102#primaryimage\"},\"thumbnailUrl\":\"https:\\\/\\\/aconteceunovale.com.br\\\/portal\\\/wp-content\\\/uploads\\\/2021\\\/11\\\/queijo_cabacinha.jpg\",\"keywords\":[\"Caccio Cavalo\",\"Cachoeira de Paje\u00fa\",\"Cidade produtora de queijo Cabacinha\",\"Comercinho\",\"destaque\",\"Divis\u00f3polis\",\"Emater-MG\",\"Epamig\",\"governador\",\"Hist\u00f3ria do Queijo Cabacinha\",\"Identidade do queijo Cabacinha\",\"IMA\",\"Itaobim\",\"Jequitinhonha\",\"Joa\u00edma\",\"Jos\u00e9 Alves dos Santos\",\"Jos\u00e9 Val\u00e9rio\",\"Mais quatro munic\u00edpios do Vale do Jequitinhonha s\u00e3o reconhecidos como produtores do tradicional queijo Cabacinha\",\"Medina\",\"Munic\u00edpio produtor de queijo Cabacinha\",\"Pedra Azul\",\"Ponto dos Volantes\",\"Produtores de queijo Cabacinha\",\"Quatro munic\u00edpios do Vale do Jequitinhonha s\u00e3o reconhecidos como produtores do tradicional queijo Cabacinha\",\"Queijo artesanal Cabacinha\",\"Queijo Cabacinha\",\"Queijo Cabacinha do Vale do Jequitinhonha\",\"Regi\u00e3o produtora de queijo Cabacinha\",\"Regulamento t\u00e9cnico de identidade e qualidade do queijo Cabacinha\",\"Regulamento t\u00e9cnico de identidade e qualidade do queijo Cabacinha ser\u00e1 apresentado em Itaobim\",\"Romeu Zema\",\"Romeu Zema em Pedra Azul\",\"Visita de Romeu Zema a Pedra Azul\"],\"articleSection\":[\"Eventos\",\"Itaobim\",\"Vale do Jequitinhonha\"],\"inLanguage\":\"pt-BR\",\"potentialAction\":[{\"@type\":\"CommentAction\",\"name\":\"Comment\",\"target\":[\"https:\\\/\\\/aconteceunovale.com.br\\\/portal\\\/?p=184102#respond\"]}]},{\"@type\":\"WebPage\",\"@id\":\"https:\\\/\\\/aconteceunovale.com.br\\\/portal\\\/?p=184102\",\"url\":\"https:\\\/\\\/aconteceunovale.com.br\\\/portal\\\/?p=184102\",\"name\":\"Regulamento t\u00e9cnico de identidade e qualidade do queijo Cabacinha ser\u00e1 apresentado em Itaobim - Aconteceu no Vale\",\"isPartOf\":{\"@id\":\"https:\\\/\\\/aconteceunovale.com.br\\\/portal\\\/#website\"},\"primaryImageOfPage\":{\"@id\":\"https:\\\/\\\/aconteceunovale.com.br\\\/portal\\\/?p=184102#primaryimage\"},\"image\":{\"@id\":\"https:\\\/\\\/aconteceunovale.com.br\\\/portal\\\/?p=184102#primaryimage\"},\"thumbnailUrl\":\"https:\\\/\\\/aconteceunovale.com.br\\\/portal\\\/wp-content\\\/uploads\\\/2021\\\/11\\\/queijo_cabacinha.jpg\",\"datePublished\":\"2021-11-24T22:28:32+00:00\",\"dateModified\":\"2026-09-02T16:11:31+00:00\",\"author\":{\"@id\":\"https:\\\/\\\/aconteceunovale.com.br\\\/portal\\\/#\\\/schema\\\/person\\\/7d2f26d1483f8a63de73da1ee0754d35\"},\"breadcrumb\":{\"@id\":\"https:\\\/\\\/aconteceunovale.com.br\\\/portal\\\/?p=184102#breadcrumb\"},\"inLanguage\":\"pt-BR\",\"potentialAction\":[{\"@type\":\"ReadAction\",\"target\":[\"https:\\\/\\\/aconteceunovale.com.br\\\/portal\\\/?p=184102\"]}]},{\"@type\":\"ImageObject\",\"inLanguage\":\"pt-BR\",\"@id\":\"https:\\\/\\\/aconteceunovale.com.br\\\/portal\\\/?p=184102#primaryimage\",\"url\":\"https:\\\/\\\/aconteceunovale.com.br\\\/portal\\\/wp-content\\\/uploads\\\/2021\\\/11\\\/queijo_cabacinha.jpg\",\"contentUrl\":\"https:\\\/\\\/aconteceunovale.com.br\\\/portal\\\/wp-content\\\/uploads\\\/2021\\\/11\\\/queijo_cabacinha.jpg\",\"width\":600,\"height\":450},{\"@type\":\"BreadcrumbList\",\"@id\":\"https:\\\/\\\/aconteceunovale.com.br\\\/portal\\\/?p=184102#breadcrumb\",\"itemListElement\":[{\"@type\":\"ListItem\",\"position\":1,\"name\":\"In\u00edcio\",\"item\":\"https:\\\/\\\/aconteceunovale.com.br\\\/portal\\\/\"},{\"@type\":\"ListItem\",\"position\":2,\"name\":\"Regulamento t\u00e9cnico de identidade e qualidade do queijo Cabacinha ser\u00e1 apresentado em Itaobim\"}]},{\"@type\":\"WebSite\",\"@id\":\"https:\\\/\\\/aconteceunovale.com.br\\\/portal\\\/#website\",\"url\":\"https:\\\/\\\/aconteceunovale.com.br\\\/portal\\\/\",\"name\":\"Aconteceu no Vale\",\"description\":\"Portal de Not\u00edcias\",\"potentialAction\":[{\"@type\":\"SearchAction\",\"target\":{\"@type\":\"EntryPoint\",\"urlTemplate\":\"https:\\\/\\\/aconteceunovale.com.br\\\/portal\\\/?s={search_term_string}\"},\"query-input\":{\"@type\":\"PropertyValueSpecification\",\"valueRequired\":true,\"valueName\":\"search_term_string\"}}],\"inLanguage\":\"pt-BR\"},{\"@type\":\"Person\",\"@id\":\"https:\\\/\\\/aconteceunovale.com.br\\\/portal\\\/#\\\/schema\\\/person\\\/7d2f26d1483f8a63de73da1ee0754d35\",\"name\":\"Reda\u00e7\u00e3o Aconteceu no Vale\",\"description\":\"Equipe de reportagem do Aconteceu no Vale, portal de not\u00edcias do Vale do Jequitinhonha, em Minas Gerais. Cobrimos as 51 cidades do Vale desde 2013. Sugest\u00f5es de pauta e pedidos de corre\u00e7\u00e3o: contato@aconteceunovale.com.br\",\"url\":\"https:\\\/\\\/aconteceunovale.com.br\\\/portal\\\/?author=4\"}]}<\/script>\n<!-- \/ Yoast SEO plugin. -->","yoast_head_json":{"title":"Regulamento t\u00e9cnico de identidade e qualidade do queijo Cabacinha ser\u00e1 apresentado em Itaobim - Aconteceu no Vale","robots":{"index":"index","follow":"follow","max-snippet":"max-snippet:-1","max-image-preview":"max-image-preview:large","max-video-preview":"max-video-preview:-1"},"canonical":"https:\/\/aconteceunovale.com.br\/portal\/?p=184102","og_locale":"pt_BR","og_type":"article","og_title":"Regulamento t\u00e9cnico de identidade e qualidade do queijo Cabacinha ser\u00e1 apresentado em Itaobim - Aconteceu no Vale","og_description":"O Regulamento T\u00e9cnico de Identidade e Qualidade do Queijo Cabacinha ser\u00e1 apresentado nesta quinta-feira (25\/11), em Itaobim, no Vale do Jequitinhonha.\u00a0O evento acontecer\u00e1 na Associa\u00e7\u00e3o Atl\u00e9tica Banco do Brasil (AABB) do munic\u00edpio, na Avenida S\u00e3o Roque, n\u00ba 872. O documento vai subsidiar a cria\u00e7\u00e3o de uma regulamenta\u00e7\u00e3o para o produto t\u00edpico da regi\u00e3o.\u00a0A expectativa \u00e9 [&hellip;]","og_url":"https:\/\/aconteceunovale.com.br\/portal\/?p=184102","og_site_name":"Aconteceu no Vale","article_publisher":"https:\/\/www.facebook.com\/aconteceunovale\/","article_published_time":"2021-11-24T22:28:32+00:00","article_modified_time":"2026-09-02T16:11:31+00:00","og_image":[{"width":600,"height":450,"url":"https:\/\/aconteceunovale.com.br\/portal\/wp-content\/uploads\/2021\/11\/queijo_cabacinha.jpg","type":"image\/jpeg"}],"author":"Reda\u00e7\u00e3o Aconteceu no Vale","twitter_card":"summary_large_image","twitter_creator":"@noticiadosvales","twitter_site":"@noticiadosvales","twitter_misc":{"Escrito por":"Reda\u00e7\u00e3o Aconteceu no Vale","Est. tempo de leitura":"3 minutos"},"schema":{"@context":"https:\/\/schema.org","@graph":[{"@type":"Article","@id":"https:\/\/aconteceunovale.com.br\/portal\/?p=184102#article","isPartOf":{"@id":"https:\/\/aconteceunovale.com.br\/portal\/?p=184102"},"author":{"name":"Reda\u00e7\u00e3o Aconteceu no Vale","@id":"https:\/\/aconteceunovale.com.br\/portal\/#\/schema\/person\/7d2f26d1483f8a63de73da1ee0754d35"},"headline":"Regulamento t\u00e9cnico de identidade e qualidade do queijo Cabacinha ser\u00e1 apresentado em Itaobim","datePublished":"2021-11-24T22:28:32+00:00","dateModified":"2026-09-02T16:11:31+00:00","mainEntityOfPage":{"@id":"https:\/\/aconteceunovale.com.br\/portal\/?p=184102"},"wordCount":518,"commentCount":0,"image":{"@id":"https:\/\/aconteceunovale.com.br\/portal\/?p=184102#primaryimage"},"thumbnailUrl":"https:\/\/aconteceunovale.com.br\/portal\/wp-content\/uploads\/2021\/11\/queijo_cabacinha.jpg","keywords":["Caccio Cavalo","Cachoeira de Paje\u00fa","Cidade produtora de queijo Cabacinha","Comercinho","destaque","Divis\u00f3polis","Emater-MG","Epamig","governador","Hist\u00f3ria do Queijo Cabacinha","Identidade do queijo Cabacinha","IMA","Itaobim","Jequitinhonha","Joa\u00edma","Jos\u00e9 Alves dos Santos","Jos\u00e9 Val\u00e9rio","Mais quatro munic\u00edpios do Vale do Jequitinhonha s\u00e3o reconhecidos como produtores do tradicional queijo Cabacinha","Medina","Munic\u00edpio produtor de queijo Cabacinha","Pedra Azul","Ponto dos Volantes","Produtores de queijo Cabacinha","Quatro munic\u00edpios do Vale do Jequitinhonha s\u00e3o reconhecidos como produtores do tradicional queijo Cabacinha","Queijo artesanal Cabacinha","Queijo Cabacinha","Queijo Cabacinha do Vale do Jequitinhonha","Regi\u00e3o produtora de queijo Cabacinha","Regulamento t\u00e9cnico de identidade e qualidade do queijo Cabacinha","Regulamento t\u00e9cnico de identidade e qualidade do queijo Cabacinha ser\u00e1 apresentado em Itaobim","Romeu Zema","Romeu Zema em Pedra Azul","Visita de Romeu Zema a Pedra Azul"],"articleSection":["Eventos","Itaobim","Vale do Jequitinhonha"],"inLanguage":"pt-BR","potentialAction":[{"@type":"CommentAction","name":"Comment","target":["https:\/\/aconteceunovale.com.br\/portal\/?p=184102#respond"]}]},{"@type":"WebPage","@id":"https:\/\/aconteceunovale.com.br\/portal\/?p=184102","url":"https:\/\/aconteceunovale.com.br\/portal\/?p=184102","name":"Regulamento t\u00e9cnico de identidade e qualidade do queijo Cabacinha ser\u00e1 apresentado em Itaobim - Aconteceu no Vale","isPartOf":{"@id":"https:\/\/aconteceunovale.com.br\/portal\/#website"},"primaryImageOfPage":{"@id":"https:\/\/aconteceunovale.com.br\/portal\/?p=184102#primaryimage"},"image":{"@id":"https:\/\/aconteceunovale.com.br\/portal\/?p=184102#primaryimage"},"thumbnailUrl":"https:\/\/aconteceunovale.com.br\/portal\/wp-content\/uploads\/2021\/11\/queijo_cabacinha.jpg","datePublished":"2021-11-24T22:28:32+00:00","dateModified":"2026-09-02T16:11:31+00:00","author":{"@id":"https:\/\/aconteceunovale.com.br\/portal\/#\/schema\/person\/7d2f26d1483f8a63de73da1ee0754d35"},"breadcrumb":{"@id":"https:\/\/aconteceunovale.com.br\/portal\/?p=184102#breadcrumb"},"inLanguage":"pt-BR","potentialAction":[{"@type":"ReadAction","target":["https:\/\/aconteceunovale.com.br\/portal\/?p=184102"]}]},{"@type":"ImageObject","inLanguage":"pt-BR","@id":"https:\/\/aconteceunovale.com.br\/portal\/?p=184102#primaryimage","url":"https:\/\/aconteceunovale.com.br\/portal\/wp-content\/uploads\/2021\/11\/queijo_cabacinha.jpg","contentUrl":"https:\/\/aconteceunovale.com.br\/portal\/wp-content\/uploads\/2021\/11\/queijo_cabacinha.jpg","width":600,"height":450},{"@type":"BreadcrumbList","@id":"https:\/\/aconteceunovale.com.br\/portal\/?p=184102#breadcrumb","itemListElement":[{"@type":"ListItem","position":1,"name":"In\u00edcio","item":"https:\/\/aconteceunovale.com.br\/portal\/"},{"@type":"ListItem","position":2,"name":"Regulamento t\u00e9cnico de identidade e qualidade do queijo Cabacinha ser\u00e1 apresentado em Itaobim"}]},{"@type":"WebSite","@id":"https:\/\/aconteceunovale.com.br\/portal\/#website","url":"https:\/\/aconteceunovale.com.br\/portal\/","name":"Aconteceu no Vale","description":"Portal de Not\u00edcias","potentialAction":[{"@type":"SearchAction","target":{"@type":"EntryPoint","urlTemplate":"https:\/\/aconteceunovale.com.br\/portal\/?s={search_term_string}"},"query-input":{"@type":"PropertyValueSpecification","valueRequired":true,"valueName":"search_term_string"}}],"inLanguage":"pt-BR"},{"@type":"Person","@id":"https:\/\/aconteceunovale.com.br\/portal\/#\/schema\/person\/7d2f26d1483f8a63de73da1ee0754d35","name":"Reda\u00e7\u00e3o Aconteceu no Vale","description":"Equipe de reportagem do Aconteceu no Vale, portal de not\u00edcias do Vale do Jequitinhonha, em Minas Gerais. Cobrimos as 51 cidades do Vale desde 2013. Sugest\u00f5es de pauta e pedidos de corre\u00e7\u00e3o: contato@aconteceunovale.com.br","url":"https:\/\/aconteceunovale.com.br\/portal\/?author=4"}]}},"_links":{"self":[{"href":"https:\/\/aconteceunovale.com.br\/portal\/index.php?rest_route=\/wp\/v2\/posts\/184102","targetHints":{"allow":["GET"]}}],"collection":[{"href":"https:\/\/aconteceunovale.com.br\/portal\/index.php?rest_route=\/wp\/v2\/posts"}],"about":[{"href":"https:\/\/aconteceunovale.com.br\/portal\/index.php?rest_route=\/wp\/v2\/types\/post"}],"author":[{"embeddable":true,"href":"https:\/\/aconteceunovale.com.br\/portal\/index.php?rest_route=\/wp\/v2\/users\/4"}],"replies":[{"embeddable":true,"href":"https:\/\/aconteceunovale.com.br\/portal\/index.php?rest_route=%2Fwp%2Fv2%2Fcomments&post=184102"}],"version-history":[{"count":1,"href":"https:\/\/aconteceunovale.com.br\/portal\/index.php?rest_route=\/wp\/v2\/posts\/184102\/revisions"}],"predecessor-version":[{"id":184104,"href":"https:\/\/aconteceunovale.com.br\/portal\/index.php?rest_route=\/wp\/v2\/posts\/184102\/revisions\/184104"}],"wp:featuredmedia":[{"embeddable":true,"href":"https:\/\/aconteceunovale.com.br\/portal\/index.php?rest_route=\/wp\/v2\/media\/184103"}],"wp:attachment":[{"href":"https:\/\/aconteceunovale.com.br\/portal\/index.php?rest_route=%2Fwp%2Fv2%2Fmedia&parent=184102"}],"wp:term":[{"taxonomy":"category","embeddable":true,"href":"https:\/\/aconteceunovale.com.br\/portal\/index.php?rest_route=%2Fwp%2Fv2%2Fcategories&post=184102"},{"taxonomy":"post_tag","embeddable":true,"href":"https:\/\/aconteceunovale.com.br\/portal\/index.php?rest_route=%2Fwp%2Fv2%2Ftags&post=184102"}],"curies":[{"name":"wp","href":"https:\/\/api.w.org\/{rel}","templated":true}]}}