{"id":184095,"date":"2021-11-24T18:31:15","date_gmt":"2021-11-24T21:31:15","guid":{"rendered":"https:\/\/aconteceunovale.com.br\/portal\/?p=184095"},"modified":"2021-11-24T18:34:38","modified_gmt":"2021-11-24T21:34:38","slug":"governo-federal-reconhece-situacao-de-emergencia-em-147-municipios-mineiros","status":"publish","type":"post","link":"https:\/\/aconteceunovale.com.br\/portal\/?p=184095","title":{"rendered":"Governo Federal reconhece situa\u00e7\u00e3o de emerg\u00eancia em 147 munic\u00edpios mineiros"},"content":{"rendered":"\n<p class=\"wp-block-paragraph\">O Governo Federal, por meio do Minist\u00e9rio do Desenvolvimento Regional (MDR), reconheceu situa\u00e7\u00e3o de emerg\u00eancia em 146 munic\u00edpios de Minas Gerais que atravessam o per\u00edodo de seca. A informa\u00e7\u00e3o foi divulgada nesta quarta-feira (24\/11\/2021).<\/p>\n\n\n\n<p class=\"wp-block-paragraph\">Tamb\u00e9m recebeu o reconhecimento federal o munic\u00edpio de\u00a0Sem-Peixe,\u00a0onde fortes chuvas, no in\u00edcio deste m\u00eas, deixaram pessoas desabrigadas.<\/p>\n\n\n\n<p class=\"wp-block-paragraph\">Com a medida, os gestores locais podem solicitar aux\u00edlio federal para atendimento \u00e0 popula\u00e7\u00e3o atingida, restabelecimento de servi\u00e7os essenciais e reconstru\u00e7\u00e3o de infraestruturas p\u00fablicas danificadas.<\/p>\n\n\n\n<p class=\"wp-block-paragraph\">O pedido deve ser feito por meio do&nbsp;<a href=\"https:\/\/pr-publisher.com\/link.php?code=bDpodHRwcyUzQSUyRiUyRnMyaWQubWkuZ292LmJyJTJGOjE5MzIzMzY0MzM6Y29udGF0b0BhY29udGVjZXVub3ZhbGUuY29tLmJyOjk5ZGNlMw==\" target=\"_blank\" rel=\"noreferrer noopener\">Sistema Integrado de Informa\u00e7\u00f5es sobre Desastres (S2iD).<\/a>&nbsp;Com base nas informa\u00e7\u00f5es enviadas, a equipe t\u00e9cnica da Defesa Civil Nacional avalia as metas e os valores solicitados. Com a aprova\u00e7\u00e3o, \u00e9 publicada Portaria no Di\u00e1rio Oficial da Uni\u00e3o com a especifica\u00e7\u00e3o do montante a ser liberado.<\/p>\n\n\n\n<p class=\"wp-block-paragraph\">Confira abaixo a lista de munic\u00edpios mineiros que entraram em situa\u00e7\u00e3o de emerg\u00eancia nesta quarta-feira devido \u00e0 seca:<\/p>\n\n\n\n<ol class=\"wp-block-list\"><li>\u00c1guas Formosas<\/li><li>\u00c1guas Vermelhas<\/li><li>Almenara<\/li><li>Angel\u00e2ndia<\/li><li>Ara\u00e7ua\u00ed<\/li><li>Aricanduva<\/li><li>Arinos<\/li><li>Augusto de Lima<\/li><li>Bandeira<\/li><li>Berilo<\/li><li>Berizal<\/li><li>Bert\u00f3polis<\/li><li>Bocai\u00fava<\/li><li>Bonito de Minas<\/li><li>Botumirim<\/li><li>Brasil\u00e2ndia de Minas<\/li><li>Bras\u00edlia de Minas<\/li><li>Buen\u00f3polis<\/li><li>Buritizeiro<\/li><li>Cachoeira de Paje\u00fa<\/li><li>Campo Azul<\/li><li>Capelinha<\/li><li>Capit\u00e3o En\u00e9as<\/li><li>Cara\u00ed<\/li><li>Carbonita<\/li><li>Carlos Chagas<\/li><li>Catuji<\/li><li>Catuti<\/li><li>Chapada do Norte<\/li><li>Chapada Ga\u00facha<\/li><li>Claro dos Po\u00e7\u00f5es<\/li><li>Comercinho<\/li><li>C\u00f4nego Marinho<\/li><li>Cora\u00e7\u00e3o de Jesus<\/li><li>Coronel Murta<\/li><li>Cris\u00f3lita<\/li><li>Crist\u00e1lia<\/li><li>Curral de Dentro<\/li><li>Diamantina<\/li><li>Divisa Alegre<\/li><li>Divis\u00f3polis<\/li><li>Engenheiro Navarro<\/li><li>Espinosa<\/li><li>Felisburgo<\/li><li>Formoso<\/li><li>Francisco Badar\u00f3<\/li><li>Francisco Dumont<\/li><li>Francisco S\u00e1<\/li><li>Francisc\u00f3polis<\/li><li>Fruta de Leite<\/li><li>Gameleiras<\/li><li>Glaucil\u00e2ndia<\/li><li>Gouveia<\/li><li>Gr\u00e3o Mogol<\/li><li>Guaraciama<\/li><li>Ibia\u00ed<\/li><li>Ibiracatu<\/li><li>Icara\u00ed de Minas<\/li><li>Indaiabira<\/li><li>Itacambira<\/li><li>Itacarambi<\/li><li>Itambacuri<\/li><li>Itaobim<\/li><li>Itinga<\/li><li>Jacinto<\/li><li>Ja\u00edba<\/li><li>Jana\u00faba<\/li><li>Janu\u00e1ria<\/li><li>Japonvar<\/li><li>Jequita\u00ed<\/li><li>Jequitinhonha<\/li><li>Joa\u00edma<\/li><li>Joaquim Fel\u00edcio<\/li><li>Jord\u00e2nia<\/li><li>Jos\u00e9 Gon\u00e7alves de Minas<\/li><li>Josen\u00f3polis<\/li><li>Juramento<\/li><li>Juven\u00edlia<\/li><li>Ladainha<\/li><li>Lagoa dos Patos<\/li><li>Lassance<\/li><li>Leme do Prado<\/li><li>Lontra<\/li><li>Luisl\u00e2ndia<\/li><li>Mamonas<\/li><li>Manga<\/li><li>Mata Verde<\/li><li>Matias Cardoso<\/li><li>Mato Verde<\/li><li>Medina<\/li><li>Minas Novas<\/li><li>Mirabela<\/li><li>Mirav\u00e2nia<\/li><li>Montalv\u00e2nia<\/li><li>Monte Azul<\/li><li>Monte Formoso<\/li><li>Montes Claros<\/li><li>Montezuma<\/li><li>Ninheira<\/li><li>Nova Porteirinha<\/li><li>Novo Cruzeiro<\/li><li>Novo Oriente de Minas<\/li><li>Novorizonte<\/li><li>Olhos-D&#8217;\u00c1gua<\/li><li>Padre Carvalho<\/li><li>Pai Pedro<\/li><li>Patis<\/li><li>Pav\u00e3o<\/li><li>Pedra Azul<\/li><li>Pedras de Maria da Cruz<\/li><li>Pint\u00f3polis<\/li><li>Pirapora<\/li><li>Ponto Chique<\/li><li>Ponto dos Volantes<\/li><li>Porteirinha<\/li><li>Riachinho<\/li><li>Riacho dos Machados<\/li><li>Rio Pardo de Minas<\/li><li>Rubelita<\/li><li>Rubim<\/li><li>Salinas<\/li><li>Santa Cruz de Salinas<\/li><li>Santa F\u00e9 de Minas<\/li><li>Santa Maria do Salto<\/li><li>Santana do Riacho<\/li><li>Santo Ant\u00f4nio do Jacinto<\/li><li>Santo Ant\u00f4nio do Retiro<\/li><li>S\u00e3o Francisco<\/li><li>S\u00e3o Jo\u00e3o da Lagoa<\/li><li>S\u00e3o Jo\u00e3o das Miss\u00f5es<\/li><li>S\u00e3o Jo\u00e3o do Pacu\u00ed<\/li><li>S\u00e3o Jo\u00e3o do Para\u00edso<\/li><li>S\u00e3o Rom\u00e3o<\/li><li>Sem-Peixe<\/li><li>Serran\u00f3polis de Minas<\/li><li>Setubinha<\/li><li>Taiobeiras<\/li><li>Te\u00f3filo Otoni<\/li><li>Uba\u00ed<\/li><li>Umburatiba<\/li><li>Urucuia<\/li><li>Vargem Grande do Rio Pardo<\/li><li>V\u00e1rzea da Palma<\/li><li>Varzel\u00e2ndia<\/li><li>Verdel\u00e2ndia<\/li><li>Veredinha<\/li><li>Virgem da Lapa<\/li><\/ol>\n\n\n\n<p class=\"wp-block-paragraph\">&#8212;&#8212;&#8212;&#8212;&#8212;&#8212;<br><em>Quer receber as not\u00edcias do <strong>Aconteceu no Vale<\/strong> em primeira m\u00e3o? Siga-nos no Facebook <a rel=\"noreferrer noopener\" href=\"http:\/\/facebook.com\/aconteceunovale\" target=\"_blank\">@aconteceunovale<\/a>, Twitter <a rel=\"noreferrer noopener\" href=\"https:\/\/twitter.com\/noticiadosvales\" target=\"_blank\">@noticiadosvales<\/a> e Instagram <a rel=\"noreferrer noopener\" href=\"https:\/\/www.instagram.com\/aconteceunovale\" target=\"_blank\">@aconteceunovale<\/a>.<\/em><\/p>\n","protected":false},"excerpt":{"rendered":"<p>O Governo Federal, por meio do Minist\u00e9rio do Desenvolvimento Regional (MDR), reconheceu situa\u00e7\u00e3o de emerg\u00eancia em 146 munic\u00edpios de Minas Gerais que atravessam o per\u00edodo de seca. A informa\u00e7\u00e3o foi divulgada nesta quarta-feira (24\/11\/2021). Tamb\u00e9m recebeu o reconhecimento federal o munic\u00edpio de\u00a0Sem-Peixe,\u00a0onde fortes chuvas, no in\u00edcio deste m\u00eas, deixaram pessoas desabrigadas. Com a medida, os [&hellip;]<\/p>\n","protected":false},"author":4,"featured_media":123103,"comment_status":"open","ping_status":"closed","sticky":false,"template":"","format":"standard","meta":{"amp_status":"","footnotes":""},"categories":[6,121,123,1236,120,122],"tags":[1536,4202,142,657,186,551,253,4138,353,841,1342,1798,645,1799,1714,1488,195,960,1535,5258,1703,132,1429,490,557,1175,660,1800,481,3057,2801,426,3055,1801,483,2453,1715,1702,1018,198,5259,354,1691,1278,136,334,187,1692,1395,1089,1034,4531,1693,2998,254833,1153,1694,1695,1704,1803,3557,1696,1705,188,391,189,408,1058,204,205,3058,3724,34252,611,1043,475,917,2247,1697,1706,344,1698,2941,480,1796,1707,3673,1356,355,1708,1195,389,137,1699,3056,1709,1277,410,210,1009,64697,1804,1805,175,3138,4532,973,877,3059,1700,447,455,3723,1710,254,1711,444,1194,1797,1807,421,852,407,190,927,1809,699,2533,674,3352,1522,3725,1810,1701,1403,1811,11662,1730,2671,168,42108,419,164,1712,1812,1813,3046,1340,1713,1814,916,482],"class_list":["post-184095","post","type-post","status-publish","format-standard","has-post-thumbnail","hentry","category-br","category-leste","category-gerais","category-norte_de_minas","category-jequi","category-mucuri","tag-aguas-formosas","tag-aguas-vermelhas","tag-almenara","tag-angelandia","tag-aracuai","tag-aricanduva","tag-arinos","tag-augusto-de-lima","tag-bandeira","tag-berilo","tag-berizal","tag-bertopolis","tag-bocaiuva","tag-bonito-de-minas","tag-botumirim","tag-brasilandia-de-minas","tag-brasilia-de-minas","tag-buenopolis","tag-buritizeiro","tag-cachoeira-de-pajeu","tag-campo-azul","tag-capelinha","tag-capitao-eneas","tag-carai","tag-carbonita","tag-carlos-chagas","tag-catuji","tag-catuti","tag-chapada-do-norte","tag-chapada-gaucha","tag-claro-dos-pocoes","tag-comercinho","tag-conego-marinho","tag-coracao-de-jesus","tag-coronel-murta","tag-crisolita","tag-cristalia","tag-curral-de-dentro","tag-destaque","tag-diamantina","tag-divisa-alegre","tag-divisopolis","tag-engenheiro-navarro","tag-espinosa","tag-felisburgo","tag-formoso","tag-francisco-badaro","tag-francisco-dumont","tag-francisco-sa","tag-franciscopolis","tag-fruta-de-leite","tag-gameleiras","tag-glaucilandia","tag-gouveia","tag-governo-federal-reconhece-situacao-de-emergencia-em-147-municipios-mineiros","tag-grao-mogol","tag-guaraciama","tag-ibiai","tag-ibiracatu","tag-icarai-de-minas","tag-indaiabira","tag-itacambira","tag-itacarambi","tag-itambacuri","tag-itaobim","tag-itinga","tag-jacinto","tag-jaiba","tag-janauba","tag-januaria","tag-japonvar","tag-jequitai","tag-jequitinhonha","tag-joaima","tag-joaquim-felicio","tag-jordania","tag-jose-goncalves-de-minas","tag-josenopolis","tag-juramento","tag-juvenilia","tag-ladainha","tag-lagoa-dos-patos","tag-lassance","tag-leme-do-prado","tag-lontra","tag-luislandia","tag-mamonas","tag-manga","tag-mata-verde","tag-matias-cardoso","tag-mato-verde","tag-medina","tag-minas-novas","tag-mirabela","tag-miravania","tag-montalvania","tag-monte-azul","tag-monte-formoso","tag-montes-claros","tag-montezuma","tag-municipios-em-situacao-de-emergencia-em-minas-gerais","tag-ninheira","tag-nova-porteirinha","tag-novo-cruzeiro","tag-novo-oriente-de-minas","tag-novorizonte","tag-olhos-dagua","tag-padre-carvalho","tag-pai-pedro","tag-patis","tag-pavao","tag-pedra-azul","tag-pedras-de-maria-da-cruz","tag-pintopolis","tag-pirapora","tag-ponto-chique","tag-ponto-dos-volantes","tag-porteirinha","tag-riachinho","tag-riacho-dos-machados","tag-rio-pardo-de-minas","tag-rubelita","tag-rubim","tag-salinas","tag-santa-cruz-de-salinas","tag-santa-fe-de-minas","tag-santa-maria-do-salto","tag-santana-do-riacho","tag-santo-antonio-do-jacinto","tag-santo-antonio-do-retiro","tag-sao-francisco","tag-sao-joao-da-lagoa","tag-sao-joao-das-missoes","tag-sao-joao-do-pacui","tag-sao-joao-do-paraiso","tag-sao-romao","tag-seca-em-minas-gerais","tag-sem-peixe","tag-serranopolis-de-minas","tag-setubinha","tag-situacao-de-emergencia-em-minas-gerais","tag-taiobeiras","tag-teofilo-otoni","tag-ubai","tag-umburatiba","tag-urucuia","tag-vargem-grande-do-rio-pardo","tag-varzea-da-palma","tag-varzelandia","tag-verdelandia","tag-veredinha","tag-virgem-da-lapa"],"yoast_head":"<!-- This site is optimized with the Yoast SEO plugin v28.3 - https:\/\/yoast.com\/product\/yoast-seo-wordpress\/ -->\n<title>Governo Federal reconhece situa\u00e7\u00e3o de emerg\u00eancia em 147 munic\u00edpios mineiros - Aconteceu no Vale<\/title>\n<meta name=\"robots\" content=\"index, follow, max-snippet:-1, max-image-preview:large, max-video-preview:-1\" \/>\n<link rel=\"canonical\" href=\"https:\/\/aconteceunovale.com.br\/portal\/?p=184095\" \/>\n<meta property=\"og:locale\" content=\"pt_BR\" \/>\n<meta property=\"og:type\" content=\"article\" \/>\n<meta property=\"og:title\" content=\"Governo Federal reconhece situa\u00e7\u00e3o de emerg\u00eancia em 147 munic\u00edpios mineiros - Aconteceu no Vale\" \/>\n<meta property=\"og:description\" content=\"O Governo Federal, por meio do Minist\u00e9rio do Desenvolvimento Regional (MDR), reconheceu situa\u00e7\u00e3o de emerg\u00eancia em 146 munic\u00edpios de Minas Gerais que atravessam o per\u00edodo de seca. A informa\u00e7\u00e3o foi divulgada nesta quarta-feira (24\/11\/2021). Tamb\u00e9m recebeu o reconhecimento federal o munic\u00edpio de\u00a0Sem-Peixe,\u00a0onde fortes chuvas, no in\u00edcio deste m\u00eas, deixaram pessoas desabrigadas. Com a medida, os [&hellip;]\" \/>\n<meta property=\"og:url\" content=\"https:\/\/aconteceunovale.com.br\/portal\/?p=184095\" \/>\n<meta property=\"og:site_name\" content=\"Aconteceu no Vale\" \/>\n<meta property=\"article:publisher\" content=\"https:\/\/www.facebook.com\/aconteceunovale\/\" \/>\n<meta property=\"article:published_time\" content=\"2021-11-24T21:31:15+00:00\" \/>\n<meta property=\"article:modified_time\" content=\"2021-11-24T21:34:38+00:00\" \/>\n<meta property=\"og:image\" content=\"https:\/\/aconteceunovale.com.br\/portal\/wp-content\/uploads\/2017\/10\/seca_moc_1.jpg\" \/>\n\t<meta property=\"og:image:width\" content=\"640\" \/>\n\t<meta property=\"og:image:height\" content=\"403\" \/>\n\t<meta property=\"og:image:type\" content=\"image\/jpeg\" \/>\n<meta name=\"author\" content=\"Reda\u00e7\u00e3o Aconteceu no Vale\" \/>\n<meta name=\"twitter:card\" content=\"summary_large_image\" \/>\n<meta name=\"twitter:creator\" content=\"@noticiadosvales\" \/>\n<meta name=\"twitter:site\" content=\"@noticiadosvales\" \/>\n<meta name=\"twitter:label1\" content=\"Escrito por\" \/>\n\t<meta name=\"twitter:data1\" content=\"Reda\u00e7\u00e3o Aconteceu no Vale\" \/>\n\t<meta name=\"twitter:label2\" content=\"Est. tempo de leitura\" \/>\n\t<meta name=\"twitter:data2\" content=\"2 minutos\" \/>\n<script type=\"application\/ld+json\" class=\"yoast-schema-graph\">{\"@context\":\"https:\\\/\\\/schema.org\",\"@graph\":[{\"@type\":\"Article\",\"@id\":\"https:\\\/\\\/aconteceunovale.com.br\\\/portal\\\/?p=184095#article\",\"isPartOf\":{\"@id\":\"https:\\\/\\\/aconteceunovale.com.br\\\/portal\\\/?p=184095\"},\"author\":{\"name\":\"Reda\u00e7\u00e3o Aconteceu no Vale\",\"@id\":\"https:\\\/\\\/aconteceunovale.com.br\\\/portal\\\/#\\\/schema\\\/person\\\/7d2f26d1483f8a63de73da1ee0754d35\"},\"headline\":\"Governo Federal reconhece situa\u00e7\u00e3o de emerg\u00eancia em 147 munic\u00edpios mineiros\",\"datePublished\":\"2021-11-24T21:31:15+00:00\",\"dateModified\":\"2021-11-24T21:34:38+00:00\",\"mainEntityOfPage\":{\"@id\":\"https:\\\/\\\/aconteceunovale.com.br\\\/portal\\\/?p=184095\"},\"wordCount\":521,\"commentCount\":0,\"image\":{\"@id\":\"https:\\\/\\\/aconteceunovale.com.br\\\/portal\\\/?p=184095#primaryimage\"},\"thumbnailUrl\":\"https:\\\/\\\/aconteceunovale.com.br\\\/portal\\\/wp-content\\\/uploads\\\/2017\\\/10\\\/seca_moc_1.jpg\",\"keywords\":[\"\u00c1guas Formosas\",\"\u00c1guas Vermelhas\",\"Almenara\",\"Angel\u00e2ndia\",\"Ara\u00e7ua\u00ed\",\"Aricanduva\",\"Arinos\",\"Augusto de Lima\",\"Bandeira\",\"berilo\",\"berizal\",\"Bert\u00f3polis\",\"Bocai\u00fava\",\"Bonito de Minas\",\"Botumirim\",\"Brasil\u00e2ndia de Minas\",\"Bras\u00edlia de Minas\",\"Buen\u00f3polis\",\"Buritizeiro\",\"Cachoeira de Paje\u00fa\",\"Campo Azul\",\"Capelinha\",\"capitao eneas\",\"Cara\u00ed\",\"Carbonita\",\"carlos chagas\",\"Catuji\",\"Catuti\",\"Chapada do Norte\",\"Chapada Ga\u00facha\",\"Claro dos Po\u00e7\u00f5es\",\"Comercinho\",\"C\u00f4nego Marinho\",\"Cora\u00e7\u00e3o de Jesus\",\"Coronel Murta\",\"Cris\u00f3lita\",\"Crist\u00e1lia\",\"Curral de Dentro\",\"destaque\",\"Diamantina\",\"Divisa Alegre\",\"Divis\u00f3polis\",\"Engenheiro Navarro\",\"espinosa\",\"Felisburgo\",\"Formoso\",\"Francisco Badar\u00f3\",\"Francisco Dumont\",\"francisco s\u00e1\",\"francisc\u00f3polis\",\"fruta de leite\",\"Gameleiras\",\"Glaucil\u00e2ndia\",\"Gouveia\",\"Governo Federal reconhece situa\u00e7\u00e3o de emerg\u00eancia em 147 munic\u00edpios mineiros\",\"gr\u00e3o mogol\",\"Guaraciama\",\"Ibia\u00ed\",\"Ibiracatu\",\"Icara\u00ed de Minas\",\"Indaiabira\",\"Itacambira\",\"Itacarambi\",\"Itambacuri\",\"Itaobim\",\"Itinga\",\"Jacinto\",\"ja\u00edba\",\"Jana\u00faba\",\"Janu\u00e1ria\",\"Japonvar\",\"Jequita\u00ed\",\"Jequitinhonha\",\"Joa\u00edma\",\"Joaquim Fel\u00edcio\",\"Jord\u00e2nia\",\"jos\u00e9 gon\u00e7alves de minas\",\"Josen\u00f3polis\",\"Juramento\",\"Juven\u00edlia\",\"ladainha\",\"Lagoa dos Patos\",\"Lassance\",\"Leme do Prado\",\"Lontra\",\"Luisl\u00e2ndia\",\"Mamonas\",\"manga\",\"Mata Verde\",\"Matias Cardoso\",\"mato verde\",\"Medina\",\"Minas Novas\",\"Mirabela\",\"Mirav\u00e2nia\",\"Montalv\u00e2nia\",\"monte azul\",\"Monte Formoso\",\"Montes Claros\",\"montezuma\",\"munic\u00edpios em situa\u00e7\u00e3o de emerg\u00eancia em minas gerais\",\"Ninheira\",\"Nova Porteirinha\",\"Novo Cruzeiro\",\"Novo Oriente de Minas\",\"Novorizonte\",\"Olhos D'Agua\",\"padre carvalho\",\"Pai Pedro\",\"Patis\",\"Pav\u00e3o\",\"Pedra Azul\",\"Pedras de Maria da Cruz\",\"Pint\u00f3polis\",\"Pirapora\",\"Ponto Chique\",\"Ponto dos Volantes\",\"porteirinha\",\"Riachinho\",\"Riacho dos Machados\",\"Rio Pardo de Minas\",\"rubelita\",\"Rubim\",\"Salinas\",\"Santa Cruz de Salinas\",\"Santa F\u00e9 de Minas\",\"Santa Maria do Salto\",\"Santana do Riacho\",\"Santo Ant\u00f4nio do Jacinto\",\"Santo Ant\u00f4nio do Retiro\",\"S\u00e3o Francisco\",\"S\u00e3o Jo\u00e3o da Lagoa\",\"S\u00e3o Jo\u00e3o das Miss\u00f5es\",\"S\u00e3o Jo\u00e3o do Pacu\u00ed\",\"S\u00e3o Jo\u00e3o do Para\u00edso\",\"S\u00e3o Rom\u00e3o\",\"seca em minas gerais\",\"Sem-Peixe\",\"Serran\u00f3polis de Minas\",\"Setubinha\",\"Situa\u00e7\u00e3o de Emerg\u00eancia em Minas Gerais\",\"Taiobeiras\",\"Te\u00f3filo Otoni\",\"Uba\u00ed\",\"Umburatiba\",\"Urucuia\",\"Vargem Grande do Rio Pardo\",\"v\u00e1rzea da palma\",\"Varzel\u00e2ndia\",\"Verdel\u00e2ndia\",\"veredinha\",\"Virgem da Lapa\"],\"articleSection\":[\"Brasil\",\"Leste de Minas\",\"Minas Gerais\",\"Norte de Minas\",\"Vale do Jequitinhonha\",\"Vale do Mucuri\"],\"inLanguage\":\"pt-BR\",\"potentialAction\":[{\"@type\":\"CommentAction\",\"name\":\"Comment\",\"target\":[\"https:\\\/\\\/aconteceunovale.com.br\\\/portal\\\/?p=184095#respond\"]}]},{\"@type\":\"WebPage\",\"@id\":\"https:\\\/\\\/aconteceunovale.com.br\\\/portal\\\/?p=184095\",\"url\":\"https:\\\/\\\/aconteceunovale.com.br\\\/portal\\\/?p=184095\",\"name\":\"Governo Federal reconhece situa\u00e7\u00e3o de emerg\u00eancia em 147 munic\u00edpios mineiros - Aconteceu no Vale\",\"isPartOf\":{\"@id\":\"https:\\\/\\\/aconteceunovale.com.br\\\/portal\\\/#website\"},\"primaryImageOfPage\":{\"@id\":\"https:\\\/\\\/aconteceunovale.com.br\\\/portal\\\/?p=184095#primaryimage\"},\"image\":{\"@id\":\"https:\\\/\\\/aconteceunovale.com.br\\\/portal\\\/?p=184095#primaryimage\"},\"thumbnailUrl\":\"https:\\\/\\\/aconteceunovale.com.br\\\/portal\\\/wp-content\\\/uploads\\\/2017\\\/10\\\/seca_moc_1.jpg\",\"datePublished\":\"2021-11-24T21:31:15+00:00\",\"dateModified\":\"2021-11-24T21:34:38+00:00\",\"author\":{\"@id\":\"https:\\\/\\\/aconteceunovale.com.br\\\/portal\\\/#\\\/schema\\\/person\\\/7d2f26d1483f8a63de73da1ee0754d35\"},\"breadcrumb\":{\"@id\":\"https:\\\/\\\/aconteceunovale.com.br\\\/portal\\\/?p=184095#breadcrumb\"},\"inLanguage\":\"pt-BR\",\"potentialAction\":[{\"@type\":\"ReadAction\",\"target\":[\"https:\\\/\\\/aconteceunovale.com.br\\\/portal\\\/?p=184095\"]}]},{\"@type\":\"ImageObject\",\"inLanguage\":\"pt-BR\",\"@id\":\"https:\\\/\\\/aconteceunovale.com.br\\\/portal\\\/?p=184095#primaryimage\",\"url\":\"https:\\\/\\\/aconteceunovale.com.br\\\/portal\\\/wp-content\\\/uploads\\\/2017\\\/10\\\/seca_moc_1.jpg\",\"contentUrl\":\"https:\\\/\\\/aconteceunovale.com.br\\\/portal\\\/wp-content\\\/uploads\\\/2017\\\/10\\\/seca_moc_1.jpg\",\"width\":640,\"height\":403},{\"@type\":\"BreadcrumbList\",\"@id\":\"https:\\\/\\\/aconteceunovale.com.br\\\/portal\\\/?p=184095#breadcrumb\",\"itemListElement\":[{\"@type\":\"ListItem\",\"position\":1,\"name\":\"In\u00edcio\",\"item\":\"https:\\\/\\\/aconteceunovale.com.br\\\/portal\\\/\"},{\"@type\":\"ListItem\",\"position\":2,\"name\":\"Governo Federal reconhece situa\u00e7\u00e3o de emerg\u00eancia em 147 munic\u00edpios mineiros\"}]},{\"@type\":\"WebSite\",\"@id\":\"https:\\\/\\\/aconteceunovale.com.br\\\/portal\\\/#website\",\"url\":\"https:\\\/\\\/aconteceunovale.com.br\\\/portal\\\/\",\"name\":\"Aconteceu no Vale\",\"description\":\"Portal de Not\u00edcias\",\"potentialAction\":[{\"@type\":\"SearchAction\",\"target\":{\"@type\":\"EntryPoint\",\"urlTemplate\":\"https:\\\/\\\/aconteceunovale.com.br\\\/portal\\\/?s={search_term_string}\"},\"query-input\":{\"@type\":\"PropertyValueSpecification\",\"valueRequired\":true,\"valueName\":\"search_term_string\"}}],\"inLanguage\":\"pt-BR\"},{\"@type\":\"Person\",\"@id\":\"https:\\\/\\\/aconteceunovale.com.br\\\/portal\\\/#\\\/schema\\\/person\\\/7d2f26d1483f8a63de73da1ee0754d35\",\"name\":\"Reda\u00e7\u00e3o Aconteceu no Vale\",\"description\":\"Equipe de reportagem do Aconteceu no Vale, portal de not\u00edcias do Vale do Jequitinhonha, em Minas Gerais. Cobrimos as 51 cidades do Vale desde 2013. Sugest\u00f5es de pauta e pedidos de corre\u00e7\u00e3o: contato@aconteceunovale.com.br\",\"url\":\"https:\\\/\\\/aconteceunovale.com.br\\\/portal\\\/?author=4\"}]}<\/script>\n<!-- \/ Yoast SEO plugin. -->","yoast_head_json":{"title":"Governo Federal reconhece situa\u00e7\u00e3o de emerg\u00eancia em 147 munic\u00edpios mineiros - Aconteceu no Vale","robots":{"index":"index","follow":"follow","max-snippet":"max-snippet:-1","max-image-preview":"max-image-preview:large","max-video-preview":"max-video-preview:-1"},"canonical":"https:\/\/aconteceunovale.com.br\/portal\/?p=184095","og_locale":"pt_BR","og_type":"article","og_title":"Governo Federal reconhece situa\u00e7\u00e3o de emerg\u00eancia em 147 munic\u00edpios mineiros - Aconteceu no Vale","og_description":"O Governo Federal, por meio do Minist\u00e9rio do Desenvolvimento Regional (MDR), reconheceu situa\u00e7\u00e3o de emerg\u00eancia em 146 munic\u00edpios de Minas Gerais que atravessam o per\u00edodo de seca. A informa\u00e7\u00e3o foi divulgada nesta quarta-feira (24\/11\/2021). Tamb\u00e9m recebeu o reconhecimento federal o munic\u00edpio de\u00a0Sem-Peixe,\u00a0onde fortes chuvas, no in\u00edcio deste m\u00eas, deixaram pessoas desabrigadas. Com a medida, os [&hellip;]","og_url":"https:\/\/aconteceunovale.com.br\/portal\/?p=184095","og_site_name":"Aconteceu no Vale","article_publisher":"https:\/\/www.facebook.com\/aconteceunovale\/","article_published_time":"2021-11-24T21:31:15+00:00","article_modified_time":"2021-11-24T21:34:38+00:00","og_image":[{"width":640,"height":403,"url":"https:\/\/aconteceunovale.com.br\/portal\/wp-content\/uploads\/2017\/10\/seca_moc_1.jpg","type":"image\/jpeg"}],"author":"Reda\u00e7\u00e3o Aconteceu no Vale","twitter_card":"summary_large_image","twitter_creator":"@noticiadosvales","twitter_site":"@noticiadosvales","twitter_misc":{"Escrito por":"Reda\u00e7\u00e3o Aconteceu no Vale","Est. tempo de leitura":"2 minutos"},"schema":{"@context":"https:\/\/schema.org","@graph":[{"@type":"Article","@id":"https:\/\/aconteceunovale.com.br\/portal\/?p=184095#article","isPartOf":{"@id":"https:\/\/aconteceunovale.com.br\/portal\/?p=184095"},"author":{"name":"Reda\u00e7\u00e3o Aconteceu no Vale","@id":"https:\/\/aconteceunovale.com.br\/portal\/#\/schema\/person\/7d2f26d1483f8a63de73da1ee0754d35"},"headline":"Governo Federal reconhece situa\u00e7\u00e3o de emerg\u00eancia em 147 munic\u00edpios mineiros","datePublished":"2021-11-24T21:31:15+00:00","dateModified":"2021-11-24T21:34:38+00:00","mainEntityOfPage":{"@id":"https:\/\/aconteceunovale.com.br\/portal\/?p=184095"},"wordCount":521,"commentCount":0,"image":{"@id":"https:\/\/aconteceunovale.com.br\/portal\/?p=184095#primaryimage"},"thumbnailUrl":"https:\/\/aconteceunovale.com.br\/portal\/wp-content\/uploads\/2017\/10\/seca_moc_1.jpg","keywords":["\u00c1guas Formosas","\u00c1guas Vermelhas","Almenara","Angel\u00e2ndia","Ara\u00e7ua\u00ed","Aricanduva","Arinos","Augusto de Lima","Bandeira","berilo","berizal","Bert\u00f3polis","Bocai\u00fava","Bonito de Minas","Botumirim","Brasil\u00e2ndia de Minas","Bras\u00edlia de Minas","Buen\u00f3polis","Buritizeiro","Cachoeira de Paje\u00fa","Campo Azul","Capelinha","capitao eneas","Cara\u00ed","Carbonita","carlos chagas","Catuji","Catuti","Chapada do Norte","Chapada Ga\u00facha","Claro dos Po\u00e7\u00f5es","Comercinho","C\u00f4nego Marinho","Cora\u00e7\u00e3o de Jesus","Coronel Murta","Cris\u00f3lita","Crist\u00e1lia","Curral de Dentro","destaque","Diamantina","Divisa Alegre","Divis\u00f3polis","Engenheiro Navarro","espinosa","Felisburgo","Formoso","Francisco Badar\u00f3","Francisco Dumont","francisco s\u00e1","francisc\u00f3polis","fruta de leite","Gameleiras","Glaucil\u00e2ndia","Gouveia","Governo Federal reconhece situa\u00e7\u00e3o de emerg\u00eancia em 147 munic\u00edpios mineiros","gr\u00e3o mogol","Guaraciama","Ibia\u00ed","Ibiracatu","Icara\u00ed de Minas","Indaiabira","Itacambira","Itacarambi","Itambacuri","Itaobim","Itinga","Jacinto","ja\u00edba","Jana\u00faba","Janu\u00e1ria","Japonvar","Jequita\u00ed","Jequitinhonha","Joa\u00edma","Joaquim Fel\u00edcio","Jord\u00e2nia","jos\u00e9 gon\u00e7alves de minas","Josen\u00f3polis","Juramento","Juven\u00edlia","ladainha","Lagoa dos Patos","Lassance","Leme do Prado","Lontra","Luisl\u00e2ndia","Mamonas","manga","Mata Verde","Matias Cardoso","mato verde","Medina","Minas Novas","Mirabela","Mirav\u00e2nia","Montalv\u00e2nia","monte azul","Monte Formoso","Montes Claros","montezuma","munic\u00edpios em situa\u00e7\u00e3o de emerg\u00eancia em minas gerais","Ninheira","Nova Porteirinha","Novo Cruzeiro","Novo Oriente de Minas","Novorizonte","Olhos D'Agua","padre carvalho","Pai Pedro","Patis","Pav\u00e3o","Pedra Azul","Pedras de Maria da Cruz","Pint\u00f3polis","Pirapora","Ponto Chique","Ponto dos Volantes","porteirinha","Riachinho","Riacho dos Machados","Rio Pardo de Minas","rubelita","Rubim","Salinas","Santa Cruz de Salinas","Santa F\u00e9 de Minas","Santa Maria do Salto","Santana do Riacho","Santo Ant\u00f4nio do Jacinto","Santo Ant\u00f4nio do Retiro","S\u00e3o Francisco","S\u00e3o Jo\u00e3o da Lagoa","S\u00e3o Jo\u00e3o das Miss\u00f5es","S\u00e3o Jo\u00e3o do Pacu\u00ed","S\u00e3o Jo\u00e3o do Para\u00edso","S\u00e3o Rom\u00e3o","seca em minas gerais","Sem-Peixe","Serran\u00f3polis de Minas","Setubinha","Situa\u00e7\u00e3o de Emerg\u00eancia em Minas Gerais","Taiobeiras","Te\u00f3filo Otoni","Uba\u00ed","Umburatiba","Urucuia","Vargem Grande do Rio Pardo","v\u00e1rzea da palma","Varzel\u00e2ndia","Verdel\u00e2ndia","veredinha","Virgem da Lapa"],"articleSection":["Brasil","Leste de Minas","Minas Gerais","Norte de Minas","Vale do Jequitinhonha","Vale do Mucuri"],"inLanguage":"pt-BR","potentialAction":[{"@type":"CommentAction","name":"Comment","target":["https:\/\/aconteceunovale.com.br\/portal\/?p=184095#respond"]}]},{"@type":"WebPage","@id":"https:\/\/aconteceunovale.com.br\/portal\/?p=184095","url":"https:\/\/aconteceunovale.com.br\/portal\/?p=184095","name":"Governo Federal reconhece situa\u00e7\u00e3o de emerg\u00eancia em 147 munic\u00edpios mineiros - Aconteceu no Vale","isPartOf":{"@id":"https:\/\/aconteceunovale.com.br\/portal\/#website"},"primaryImageOfPage":{"@id":"https:\/\/aconteceunovale.com.br\/portal\/?p=184095#primaryimage"},"image":{"@id":"https:\/\/aconteceunovale.com.br\/portal\/?p=184095#primaryimage"},"thumbnailUrl":"https:\/\/aconteceunovale.com.br\/portal\/wp-content\/uploads\/2017\/10\/seca_moc_1.jpg","datePublished":"2021-11-24T21:31:15+00:00","dateModified":"2021-11-24T21:34:38+00:00","author":{"@id":"https:\/\/aconteceunovale.com.br\/portal\/#\/schema\/person\/7d2f26d1483f8a63de73da1ee0754d35"},"breadcrumb":{"@id":"https:\/\/aconteceunovale.com.br\/portal\/?p=184095#breadcrumb"},"inLanguage":"pt-BR","potentialAction":[{"@type":"ReadAction","target":["https:\/\/aconteceunovale.com.br\/portal\/?p=184095"]}]},{"@type":"ImageObject","inLanguage":"pt-BR","@id":"https:\/\/aconteceunovale.com.br\/portal\/?p=184095#primaryimage","url":"https:\/\/aconteceunovale.com.br\/portal\/wp-content\/uploads\/2017\/10\/seca_moc_1.jpg","contentUrl":"https:\/\/aconteceunovale.com.br\/portal\/wp-content\/uploads\/2017\/10\/seca_moc_1.jpg","width":640,"height":403},{"@type":"BreadcrumbList","@id":"https:\/\/aconteceunovale.com.br\/portal\/?p=184095#breadcrumb","itemListElement":[{"@type":"ListItem","position":1,"name":"In\u00edcio","item":"https:\/\/aconteceunovale.com.br\/portal\/"},{"@type":"ListItem","position":2,"name":"Governo Federal reconhece situa\u00e7\u00e3o de emerg\u00eancia em 147 munic\u00edpios mineiros"}]},{"@type":"WebSite","@id":"https:\/\/aconteceunovale.com.br\/portal\/#website","url":"https:\/\/aconteceunovale.com.br\/portal\/","name":"Aconteceu no Vale","description":"Portal de Not\u00edcias","potentialAction":[{"@type":"SearchAction","target":{"@type":"EntryPoint","urlTemplate":"https:\/\/aconteceunovale.com.br\/portal\/?s={search_term_string}"},"query-input":{"@type":"PropertyValueSpecification","valueRequired":true,"valueName":"search_term_string"}}],"inLanguage":"pt-BR"},{"@type":"Person","@id":"https:\/\/aconteceunovale.com.br\/portal\/#\/schema\/person\/7d2f26d1483f8a63de73da1ee0754d35","name":"Reda\u00e7\u00e3o Aconteceu no Vale","description":"Equipe de reportagem do Aconteceu no Vale, portal de not\u00edcias do Vale do Jequitinhonha, em Minas Gerais. Cobrimos as 51 cidades do Vale desde 2013. Sugest\u00f5es de pauta e pedidos de corre\u00e7\u00e3o: contato@aconteceunovale.com.br","url":"https:\/\/aconteceunovale.com.br\/portal\/?author=4"}]}},"_links":{"self":[{"href":"https:\/\/aconteceunovale.com.br\/portal\/index.php?rest_route=\/wp\/v2\/posts\/184095","targetHints":{"allow":["GET"]}}],"collection":[{"href":"https:\/\/aconteceunovale.com.br\/portal\/index.php?rest_route=\/wp\/v2\/posts"}],"about":[{"href":"https:\/\/aconteceunovale.com.br\/portal\/index.php?rest_route=\/wp\/v2\/types\/post"}],"author":[{"embeddable":true,"href":"https:\/\/aconteceunovale.com.br\/portal\/index.php?rest_route=\/wp\/v2\/users\/4"}],"replies":[{"embeddable":true,"href":"https:\/\/aconteceunovale.com.br\/portal\/index.php?rest_route=%2Fwp%2Fv2%2Fcomments&post=184095"}],"version-history":[{"count":1,"href":"https:\/\/aconteceunovale.com.br\/portal\/index.php?rest_route=\/wp\/v2\/posts\/184095\/revisions"}],"predecessor-version":[{"id":184096,"href":"https:\/\/aconteceunovale.com.br\/portal\/index.php?rest_route=\/wp\/v2\/posts\/184095\/revisions\/184096"}],"wp:featuredmedia":[{"embeddable":true,"href":"https:\/\/aconteceunovale.com.br\/portal\/index.php?rest_route=\/wp\/v2\/media\/123103"}],"wp:attachment":[{"href":"https:\/\/aconteceunovale.com.br\/portal\/index.php?rest_route=%2Fwp%2Fv2%2Fmedia&parent=184095"}],"wp:term":[{"taxonomy":"category","embeddable":true,"href":"https:\/\/aconteceunovale.com.br\/portal\/index.php?rest_route=%2Fwp%2Fv2%2Fcategories&post=184095"},{"taxonomy":"post_tag","embeddable":true,"href":"https:\/\/aconteceunovale.com.br\/portal\/index.php?rest_route=%2Fwp%2Fv2%2Ftags&post=184095"}],"curies":[{"name":"wp","href":"https:\/\/api.w.org\/{rel}","templated":true}]}}