{"id":184091,"date":"2021-11-24T16:15:04","date_gmt":"2021-11-24T19:15:04","guid":{"rendered":"https:\/\/aconteceunovale.com.br\/portal\/?p=184091"},"modified":"2021-11-24T23:54:09","modified_gmt":"2021-11-25T02:54:09","slug":"aviao-cai-em-fazenda-no-noroeste-de-minas","status":"publish","type":"post","link":"https:\/\/aconteceunovale.com.br\/portal\/?p=184091","title":{"rendered":"Avi\u00e3o cai em fazenda no Noroeste de Minas"},"content":{"rendered":"\n<p class=\"wp-block-paragraph\">Um avi\u00e3o monomotor caiu em uma fazenda na zona rural de Jo\u00e3o Pinheiro, na regi\u00e3o Noroeste de Minas Gerais, na manh\u00e3 desta quarta-feira (24\/11\/2021). O piloto da aeronave, de 37 anos, morreu preso \u00e0s ferragens.<\/p>\n\n\n\n<figure class=\"wp-block-gallery columns-1 is-cropped wp-block-gallery-1 is-layout-flex wp-block-gallery-is-layout-flex\"><ul class=\"blocks-gallery-grid\"><li class=\"blocks-gallery-item\"><figure><img loading=\"lazy\" decoding=\"async\" width=\"678\" height=\"417\" src=\"https:\/\/aconteceunovale.com.br\/portal\/wp-content\/uploads\/2021\/11\/acidente_aviao_joao_pinheiro_1.jpg\" alt=\"\" data-id=\"184092\" data-full-url=\"https:\/\/aconteceunovale.com.br\/portal\/wp-content\/uploads\/2021\/11\/acidente_aviao_joao_pinheiro_1.jpg\" data-link=\"https:\/\/aconteceunovale.com.br\/portal\/?attachment_id=184092\" class=\"wp-image-184092\" srcset=\"https:\/\/aconteceunovale.com.br\/portal\/wp-content\/uploads\/2021\/11\/acidente_aviao_joao_pinheiro_1.jpg 678w, https:\/\/aconteceunovale.com.br\/portal\/wp-content\/uploads\/2021\/11\/acidente_aviao_joao_pinheiro_1-300x185.jpg 300w, https:\/\/aconteceunovale.com.br\/portal\/wp-content\/uploads\/2021\/11\/acidente_aviao_joao_pinheiro_1-356x220.jpg 356w\" sizes=\"auto, (max-width: 678px) 100vw, 678px\" \/><figcaption class=\"blocks-gallery-item__caption\"><em>Foto: Divulga\u00e7\u00e3o \/ Corpo de Bombeiros<\/em><\/figcaption><\/figure><\/li><\/ul><\/figure>\n\n\n\n<p class=\"wp-block-paragraph\">Segundo informa\u00e7\u00f5es do Corpo de Bombeiros Militar de Minas Gerais (CBMMG), a v\u00edtima fazia a pulveriza\u00e7\u00e3o de defensivos agr\u00edcolas em uma planta\u00e7\u00e3o de cana-de-a\u00e7\u00facar, em uma regi\u00e3o pr\u00f3xima ao km 186 da BR-040, quando o avi\u00e3o caiu. Com o impacto, o homem ficou gravemente ferido e veio a \u00f3bito no local.<\/p>\n\n\n\n<p class=\"wp-block-paragraph\">A per\u00edcia da Pol\u00edcia Civil foi acionada e, ap\u00f3s os trabalhos de praxe, o corpo da v\u00edtima foi retirado da aeronave pelos bombeiros e liberado para uma funer\u00e1ria local. As causas do acidente ser\u00e3o apuradas.<\/p>\n\n\n\n<p class=\"wp-block-paragraph\">O monomotor Cessna Aircraft, modelo A1188B ano 1.976, prefixo PT-FFD, pertence \u00e0 empresa Lusa Avia\u00e7\u00e3o Agr\u00edcola Ltda. A situa\u00e7\u00e3o de aeronavegabilidade da aeronave \u00e9 considerada normal, segundo informa\u00e7\u00f5es dispon\u00edveis no site da Ag\u00eancia Nacional de Avia\u00e7\u00e3o Civil (ANAC).<\/p>\n\n\n\n<figure class=\"wp-block-gallery columns-1 is-cropped wp-block-gallery-2 is-layout-flex wp-block-gallery-is-layout-flex\"><ul class=\"blocks-gallery-grid\"><li class=\"blocks-gallery-item\"><figure><img loading=\"lazy\" decoding=\"async\" width=\"678\" height=\"418\" src=\"https:\/\/aconteceunovale.com.br\/portal\/wp-content\/uploads\/2021\/11\/acidente_aviao_joao_pinheiro_2.jpeg\" alt=\"\" data-id=\"184093\" data-full-url=\"https:\/\/aconteceunovale.com.br\/portal\/wp-content\/uploads\/2021\/11\/acidente_aviao_joao_pinheiro_2.jpeg\" data-link=\"https:\/\/aconteceunovale.com.br\/portal\/?attachment_id=184093\" class=\"wp-image-184093\" srcset=\"https:\/\/aconteceunovale.com.br\/portal\/wp-content\/uploads\/2021\/11\/acidente_aviao_joao_pinheiro_2.jpeg 678w, https:\/\/aconteceunovale.com.br\/portal\/wp-content\/uploads\/2021\/11\/acidente_aviao_joao_pinheiro_2-300x185.jpeg 300w, https:\/\/aconteceunovale.com.br\/portal\/wp-content\/uploads\/2021\/11\/acidente_aviao_joao_pinheiro_2-356x220.jpeg 356w\" sizes=\"auto, (max-width: 678px) 100vw, 678px\" \/><figcaption class=\"blocks-gallery-item__caption\"> <em>Foto: Divulga\u00e7\u00e3o \/ Corpo de Bombeiros<\/em> <\/figcaption><\/figure><\/li><\/ul><\/figure>\n\n\n\n<p class=\"wp-block-paragraph\">&#8212;&#8212;&#8212;&#8212;&#8212;&#8212;<br><em>Quer receber as not\u00edcias do <strong>Aconteceu no Vale<\/strong> em primeira m\u00e3o? Siga-nos no Facebook <a rel=\"noreferrer noopener\" href=\"http:\/\/facebook.com\/aconteceunovale\" target=\"_blank\">@aconteceunovale<\/a>, Twitter <a rel=\"noreferrer noopener\" href=\"https:\/\/twitter.com\/noticiadosvales\" target=\"_blank\">@noticiadosvales<\/a> e Instagram <a rel=\"noreferrer noopener\" href=\"https:\/\/www.instagram.com\/aconteceunovale\" target=\"_blank\">@aconteceunovale<\/a>.<\/em><\/p>\n","protected":false},"excerpt":{"rendered":"<p>Um avi\u00e3o monomotor caiu em uma fazenda na zona rural de Jo\u00e3o Pinheiro, na regi\u00e3o Noroeste de Minas Gerais, na manh\u00e3 desta quarta-feira (24\/11\/2021). O piloto da aeronave, de 37 anos, morreu preso \u00e0s ferragens. Segundo informa\u00e7\u00f5es do Corpo de Bombeiros Militar de Minas Gerais (CBMMG), a v\u00edtima fazia a pulveriza\u00e7\u00e3o de defensivos agr\u00edcolas em [&hellip;]<\/p>\n","protected":false},"author":4,"featured_media":184092,"comment_status":"open","ping_status":"closed","sticky":false,"template":"","format":"standard","meta":{"amp_status":"","footnotes":""},"categories":[123],"tags":[254825,254827,254828,254822,254821,254824,254820,254823,29660,1018,254832,254831,14426,254859,254830,3873,212,254826,254829],"class_list":["post-184091","post","type-post","status-publish","format-standard","has-post-thumbnail","hentry","category-gerais","tag-acidente-aereo-em-joao-pinheiro","tag-acidente-com-aviao-em-joao-pinheiro","tag-acidente-com-aviao-prefixo-pt-ffd","tag-aviao-cai-em-fazenda-em-joao-pinheiro","tag-aviao-cai-em-fazenda-na-zona-rural-de-joao-pinheiro","tag-aviao-cai-em-fazenda-no-municipio-de-joao-pinheiro","tag-aviao-cai-em-fazenda-no-noroeste-de-minas","tag-aviao-cai-em-joao-pinheiro","tag-cbmmg","tag-destaque","tag-destilaria-vereda","tag-g5-agronegocios","tag-goias","tag-jones-gabriel","tag-lusa-aviacao-agricola","tag-luziania","tag-paracatu","tag-queda-de-aviao-em-joao-pinheiro","tag-queda-de-aviao-prefixo-pt-ffd"],"yoast_head":"<!-- This site is optimized with the Yoast SEO plugin v28.3 - https:\/\/yoast.com\/product\/yoast-seo-wordpress\/ -->\n<title>Avi\u00e3o cai em fazenda no Noroeste de Minas - Aconteceu no Vale<\/title>\n<meta name=\"robots\" content=\"index, follow, max-snippet:-1, max-image-preview:large, max-video-preview:-1\" \/>\n<link rel=\"canonical\" href=\"https:\/\/aconteceunovale.com.br\/portal\/?p=184091\" \/>\n<meta property=\"og:locale\" content=\"pt_BR\" \/>\n<meta property=\"og:type\" content=\"article\" \/>\n<meta property=\"og:title\" content=\"Avi\u00e3o cai em fazenda no Noroeste de Minas - Aconteceu no Vale\" \/>\n<meta property=\"og:description\" content=\"Um avi\u00e3o monomotor caiu em uma fazenda na zona rural de Jo\u00e3o Pinheiro, na regi\u00e3o Noroeste de Minas Gerais, na manh\u00e3 desta quarta-feira (24\/11\/2021). O piloto da aeronave, de 37 anos, morreu preso \u00e0s ferragens. Segundo informa\u00e7\u00f5es do Corpo de Bombeiros Militar de Minas Gerais (CBMMG), a v\u00edtima fazia a pulveriza\u00e7\u00e3o de defensivos agr\u00edcolas em [&hellip;]\" \/>\n<meta property=\"og:url\" content=\"https:\/\/aconteceunovale.com.br\/portal\/?p=184091\" \/>\n<meta property=\"og:site_name\" content=\"Aconteceu no Vale\" \/>\n<meta property=\"article:publisher\" content=\"https:\/\/www.facebook.com\/aconteceunovale\/\" \/>\n<meta property=\"article:published_time\" content=\"2021-11-24T19:15:04+00:00\" \/>\n<meta property=\"article:modified_time\" content=\"2021-11-25T02:54:09+00:00\" \/>\n<meta property=\"og:image\" content=\"https:\/\/aconteceunovale.com.br\/portal\/wp-content\/uploads\/2021\/11\/acidente_aviao_joao_pinheiro_1.jpg\" \/>\n\t<meta property=\"og:image:width\" content=\"678\" \/>\n\t<meta property=\"og:image:height\" content=\"417\" \/>\n\t<meta property=\"og:image:type\" content=\"image\/jpeg\" \/>\n<meta name=\"author\" content=\"Reda\u00e7\u00e3o Aconteceu no Vale\" \/>\n<meta name=\"twitter:card\" content=\"summary_large_image\" \/>\n<meta name=\"twitter:creator\" content=\"@noticiadosvales\" \/>\n<meta name=\"twitter:site\" content=\"@noticiadosvales\" \/>\n<meta name=\"twitter:label1\" content=\"Escrito por\" \/>\n\t<meta name=\"twitter:data1\" content=\"Reda\u00e7\u00e3o Aconteceu no Vale\" \/>\n\t<meta name=\"twitter:label2\" content=\"Est. tempo de leitura\" \/>\n\t<meta name=\"twitter:data2\" content=\"1 minuto\" \/>\n<script type=\"application\/ld+json\" class=\"yoast-schema-graph\">{\"@context\":\"https:\\\/\\\/schema.org\",\"@graph\":[{\"@type\":\"Article\",\"@id\":\"https:\\\/\\\/aconteceunovale.com.br\\\/portal\\\/?p=184091#article\",\"isPartOf\":{\"@id\":\"https:\\\/\\\/aconteceunovale.com.br\\\/portal\\\/?p=184091\"},\"author\":{\"name\":\"Reda\u00e7\u00e3o Aconteceu no Vale\",\"@id\":\"https:\\\/\\\/aconteceunovale.com.br\\\/portal\\\/#\\\/schema\\\/person\\\/7d2f26d1483f8a63de73da1ee0754d35\"},\"headline\":\"Avi\u00e3o cai em fazenda no Noroeste de Minas\",\"datePublished\":\"2021-11-24T19:15:04+00:00\",\"dateModified\":\"2021-11-25T02:54:09+00:00\",\"mainEntityOfPage\":{\"@id\":\"https:\\\/\\\/aconteceunovale.com.br\\\/portal\\\/?p=184091\"},\"wordCount\":223,\"commentCount\":0,\"image\":{\"@id\":\"https:\\\/\\\/aconteceunovale.com.br\\\/portal\\\/?p=184091#primaryimage\"},\"thumbnailUrl\":\"https:\\\/\\\/aconteceunovale.com.br\\\/portal\\\/wp-content\\\/uploads\\\/2021\\\/11\\\/acidente_aviao_joao_pinheiro_1.jpg\",\"keywords\":[\"Acidente a\u00e9reo em Jo\u00e3o Pinheiro\",\"Acidente com avi\u00e3o em Jo\u00e3o Pinheiro\",\"Acidente com avi\u00e3o prefixo PT-FFD\",\"Avi\u00e3o cai em fazenda em Jo\u00e3o Pinheiro\",\"Avi\u00e3o cai em fazenda na zona rural de Jo\u00e3o Pinheiro\",\"Avi\u00e3o cai em fazenda no munic\u00edpio de Jo\u00e3o Pinheiro\",\"Avi\u00e3o cai em fazenda no Noroeste de Minas\",\"Avi\u00e3o cai em Jo\u00e3o Pinheiro\",\"CBMMG\",\"destaque\",\"Destilaria Vereda\",\"G5 Agroneg\u00f3cios\",\"Goi\u00e1s\",\"Jones Gabriel\",\"Lusa Avia\u00e7\u00e3o Agr\u00edcola\",\"Luzi\u00e2nia\",\"Paracatu\",\"Queda de avi\u00e3o em Jo\u00e3o Pinheiro\",\"Queda de avi\u00e3o prefixo PT-FFD\"],\"articleSection\":[\"Minas Gerais\"],\"inLanguage\":\"pt-BR\",\"potentialAction\":[{\"@type\":\"CommentAction\",\"name\":\"Comment\",\"target\":[\"https:\\\/\\\/aconteceunovale.com.br\\\/portal\\\/?p=184091#respond\"]}]},{\"@type\":\"WebPage\",\"@id\":\"https:\\\/\\\/aconteceunovale.com.br\\\/portal\\\/?p=184091\",\"url\":\"https:\\\/\\\/aconteceunovale.com.br\\\/portal\\\/?p=184091\",\"name\":\"Avi\u00e3o cai em fazenda no Noroeste de Minas - Aconteceu no Vale\",\"isPartOf\":{\"@id\":\"https:\\\/\\\/aconteceunovale.com.br\\\/portal\\\/#website\"},\"primaryImageOfPage\":{\"@id\":\"https:\\\/\\\/aconteceunovale.com.br\\\/portal\\\/?p=184091#primaryimage\"},\"image\":{\"@id\":\"https:\\\/\\\/aconteceunovale.com.br\\\/portal\\\/?p=184091#primaryimage\"},\"thumbnailUrl\":\"https:\\\/\\\/aconteceunovale.com.br\\\/portal\\\/wp-content\\\/uploads\\\/2021\\\/11\\\/acidente_aviao_joao_pinheiro_1.jpg\",\"datePublished\":\"2021-11-24T19:15:04+00:00\",\"dateModified\":\"2021-11-25T02:54:09+00:00\",\"author\":{\"@id\":\"https:\\\/\\\/aconteceunovale.com.br\\\/portal\\\/#\\\/schema\\\/person\\\/7d2f26d1483f8a63de73da1ee0754d35\"},\"breadcrumb\":{\"@id\":\"https:\\\/\\\/aconteceunovale.com.br\\\/portal\\\/?p=184091#breadcrumb\"},\"inLanguage\":\"pt-BR\",\"potentialAction\":[{\"@type\":\"ReadAction\",\"target\":[\"https:\\\/\\\/aconteceunovale.com.br\\\/portal\\\/?p=184091\"]}]},{\"@type\":\"ImageObject\",\"inLanguage\":\"pt-BR\",\"@id\":\"https:\\\/\\\/aconteceunovale.com.br\\\/portal\\\/?p=184091#primaryimage\",\"url\":\"https:\\\/\\\/aconteceunovale.com.br\\\/portal\\\/wp-content\\\/uploads\\\/2021\\\/11\\\/acidente_aviao_joao_pinheiro_1.jpg\",\"contentUrl\":\"https:\\\/\\\/aconteceunovale.com.br\\\/portal\\\/wp-content\\\/uploads\\\/2021\\\/11\\\/acidente_aviao_joao_pinheiro_1.jpg\",\"width\":678,\"height\":417},{\"@type\":\"BreadcrumbList\",\"@id\":\"https:\\\/\\\/aconteceunovale.com.br\\\/portal\\\/?p=184091#breadcrumb\",\"itemListElement\":[{\"@type\":\"ListItem\",\"position\":1,\"name\":\"In\u00edcio\",\"item\":\"https:\\\/\\\/aconteceunovale.com.br\\\/portal\\\/\"},{\"@type\":\"ListItem\",\"position\":2,\"name\":\"Avi\u00e3o cai em fazenda no Noroeste de Minas\"}]},{\"@type\":\"WebSite\",\"@id\":\"https:\\\/\\\/aconteceunovale.com.br\\\/portal\\\/#website\",\"url\":\"https:\\\/\\\/aconteceunovale.com.br\\\/portal\\\/\",\"name\":\"Aconteceu no Vale\",\"description\":\"Portal de Not\u00edcias\",\"potentialAction\":[{\"@type\":\"SearchAction\",\"target\":{\"@type\":\"EntryPoint\",\"urlTemplate\":\"https:\\\/\\\/aconteceunovale.com.br\\\/portal\\\/?s={search_term_string}\"},\"query-input\":{\"@type\":\"PropertyValueSpecification\",\"valueRequired\":true,\"valueName\":\"search_term_string\"}}],\"inLanguage\":\"pt-BR\"},{\"@type\":\"Person\",\"@id\":\"https:\\\/\\\/aconteceunovale.com.br\\\/portal\\\/#\\\/schema\\\/person\\\/7d2f26d1483f8a63de73da1ee0754d35\",\"name\":\"Reda\u00e7\u00e3o Aconteceu no Vale\",\"description\":\"Equipe de reportagem do Aconteceu no Vale, portal de not\u00edcias do Vale do Jequitinhonha, em Minas Gerais. Cobrimos as 51 cidades do Vale desde 2013. Sugest\u00f5es de pauta e pedidos de corre\u00e7\u00e3o: contato@aconteceunovale.com.br\",\"url\":\"https:\\\/\\\/aconteceunovale.com.br\\\/portal\\\/?author=4\"}]}<\/script>\n<!-- \/ Yoast SEO plugin. -->","yoast_head_json":{"title":"Avi\u00e3o cai em fazenda no Noroeste de Minas - Aconteceu no Vale","robots":{"index":"index","follow":"follow","max-snippet":"max-snippet:-1","max-image-preview":"max-image-preview:large","max-video-preview":"max-video-preview:-1"},"canonical":"https:\/\/aconteceunovale.com.br\/portal\/?p=184091","og_locale":"pt_BR","og_type":"article","og_title":"Avi\u00e3o cai em fazenda no Noroeste de Minas - Aconteceu no Vale","og_description":"Um avi\u00e3o monomotor caiu em uma fazenda na zona rural de Jo\u00e3o Pinheiro, na regi\u00e3o Noroeste de Minas Gerais, na manh\u00e3 desta quarta-feira (24\/11\/2021). O piloto da aeronave, de 37 anos, morreu preso \u00e0s ferragens. Segundo informa\u00e7\u00f5es do Corpo de Bombeiros Militar de Minas Gerais (CBMMG), a v\u00edtima fazia a pulveriza\u00e7\u00e3o de defensivos agr\u00edcolas em [&hellip;]","og_url":"https:\/\/aconteceunovale.com.br\/portal\/?p=184091","og_site_name":"Aconteceu no Vale","article_publisher":"https:\/\/www.facebook.com\/aconteceunovale\/","article_published_time":"2021-11-24T19:15:04+00:00","article_modified_time":"2021-11-25T02:54:09+00:00","og_image":[{"width":678,"height":417,"url":"https:\/\/aconteceunovale.com.br\/portal\/wp-content\/uploads\/2021\/11\/acidente_aviao_joao_pinheiro_1.jpg","type":"image\/jpeg"}],"author":"Reda\u00e7\u00e3o Aconteceu no Vale","twitter_card":"summary_large_image","twitter_creator":"@noticiadosvales","twitter_site":"@noticiadosvales","twitter_misc":{"Escrito por":"Reda\u00e7\u00e3o Aconteceu no Vale","Est. tempo de leitura":"1 minuto"},"schema":{"@context":"https:\/\/schema.org","@graph":[{"@type":"Article","@id":"https:\/\/aconteceunovale.com.br\/portal\/?p=184091#article","isPartOf":{"@id":"https:\/\/aconteceunovale.com.br\/portal\/?p=184091"},"author":{"name":"Reda\u00e7\u00e3o Aconteceu no Vale","@id":"https:\/\/aconteceunovale.com.br\/portal\/#\/schema\/person\/7d2f26d1483f8a63de73da1ee0754d35"},"headline":"Avi\u00e3o cai em fazenda no Noroeste de Minas","datePublished":"2021-11-24T19:15:04+00:00","dateModified":"2021-11-25T02:54:09+00:00","mainEntityOfPage":{"@id":"https:\/\/aconteceunovale.com.br\/portal\/?p=184091"},"wordCount":223,"commentCount":0,"image":{"@id":"https:\/\/aconteceunovale.com.br\/portal\/?p=184091#primaryimage"},"thumbnailUrl":"https:\/\/aconteceunovale.com.br\/portal\/wp-content\/uploads\/2021\/11\/acidente_aviao_joao_pinheiro_1.jpg","keywords":["Acidente a\u00e9reo em Jo\u00e3o Pinheiro","Acidente com avi\u00e3o em Jo\u00e3o Pinheiro","Acidente com avi\u00e3o prefixo PT-FFD","Avi\u00e3o cai em fazenda em Jo\u00e3o Pinheiro","Avi\u00e3o cai em fazenda na zona rural de Jo\u00e3o Pinheiro","Avi\u00e3o cai em fazenda no munic\u00edpio de Jo\u00e3o Pinheiro","Avi\u00e3o cai em fazenda no Noroeste de Minas","Avi\u00e3o cai em Jo\u00e3o Pinheiro","CBMMG","destaque","Destilaria Vereda","G5 Agroneg\u00f3cios","Goi\u00e1s","Jones Gabriel","Lusa Avia\u00e7\u00e3o Agr\u00edcola","Luzi\u00e2nia","Paracatu","Queda de avi\u00e3o em Jo\u00e3o Pinheiro","Queda de avi\u00e3o prefixo PT-FFD"],"articleSection":["Minas Gerais"],"inLanguage":"pt-BR","potentialAction":[{"@type":"CommentAction","name":"Comment","target":["https:\/\/aconteceunovale.com.br\/portal\/?p=184091#respond"]}]},{"@type":"WebPage","@id":"https:\/\/aconteceunovale.com.br\/portal\/?p=184091","url":"https:\/\/aconteceunovale.com.br\/portal\/?p=184091","name":"Avi\u00e3o cai em fazenda no Noroeste de Minas - Aconteceu no Vale","isPartOf":{"@id":"https:\/\/aconteceunovale.com.br\/portal\/#website"},"primaryImageOfPage":{"@id":"https:\/\/aconteceunovale.com.br\/portal\/?p=184091#primaryimage"},"image":{"@id":"https:\/\/aconteceunovale.com.br\/portal\/?p=184091#primaryimage"},"thumbnailUrl":"https:\/\/aconteceunovale.com.br\/portal\/wp-content\/uploads\/2021\/11\/acidente_aviao_joao_pinheiro_1.jpg","datePublished":"2021-11-24T19:15:04+00:00","dateModified":"2021-11-25T02:54:09+00:00","author":{"@id":"https:\/\/aconteceunovale.com.br\/portal\/#\/schema\/person\/7d2f26d1483f8a63de73da1ee0754d35"},"breadcrumb":{"@id":"https:\/\/aconteceunovale.com.br\/portal\/?p=184091#breadcrumb"},"inLanguage":"pt-BR","potentialAction":[{"@type":"ReadAction","target":["https:\/\/aconteceunovale.com.br\/portal\/?p=184091"]}]},{"@type":"ImageObject","inLanguage":"pt-BR","@id":"https:\/\/aconteceunovale.com.br\/portal\/?p=184091#primaryimage","url":"https:\/\/aconteceunovale.com.br\/portal\/wp-content\/uploads\/2021\/11\/acidente_aviao_joao_pinheiro_1.jpg","contentUrl":"https:\/\/aconteceunovale.com.br\/portal\/wp-content\/uploads\/2021\/11\/acidente_aviao_joao_pinheiro_1.jpg","width":678,"height":417},{"@type":"BreadcrumbList","@id":"https:\/\/aconteceunovale.com.br\/portal\/?p=184091#breadcrumb","itemListElement":[{"@type":"ListItem","position":1,"name":"In\u00edcio","item":"https:\/\/aconteceunovale.com.br\/portal\/"},{"@type":"ListItem","position":2,"name":"Avi\u00e3o cai em fazenda no Noroeste de Minas"}]},{"@type":"WebSite","@id":"https:\/\/aconteceunovale.com.br\/portal\/#website","url":"https:\/\/aconteceunovale.com.br\/portal\/","name":"Aconteceu no Vale","description":"Portal de Not\u00edcias","potentialAction":[{"@type":"SearchAction","target":{"@type":"EntryPoint","urlTemplate":"https:\/\/aconteceunovale.com.br\/portal\/?s={search_term_string}"},"query-input":{"@type":"PropertyValueSpecification","valueRequired":true,"valueName":"search_term_string"}}],"inLanguage":"pt-BR"},{"@type":"Person","@id":"https:\/\/aconteceunovale.com.br\/portal\/#\/schema\/person\/7d2f26d1483f8a63de73da1ee0754d35","name":"Reda\u00e7\u00e3o Aconteceu no Vale","description":"Equipe de reportagem do Aconteceu no Vale, portal de not\u00edcias do Vale do Jequitinhonha, em Minas Gerais. Cobrimos as 51 cidades do Vale desde 2013. Sugest\u00f5es de pauta e pedidos de corre\u00e7\u00e3o: contato@aconteceunovale.com.br","url":"https:\/\/aconteceunovale.com.br\/portal\/?author=4"}]}},"_links":{"self":[{"href":"https:\/\/aconteceunovale.com.br\/portal\/index.php?rest_route=\/wp\/v2\/posts\/184091","targetHints":{"allow":["GET"]}}],"collection":[{"href":"https:\/\/aconteceunovale.com.br\/portal\/index.php?rest_route=\/wp\/v2\/posts"}],"about":[{"href":"https:\/\/aconteceunovale.com.br\/portal\/index.php?rest_route=\/wp\/v2\/types\/post"}],"author":[{"embeddable":true,"href":"https:\/\/aconteceunovale.com.br\/portal\/index.php?rest_route=\/wp\/v2\/users\/4"}],"replies":[{"embeddable":true,"href":"https:\/\/aconteceunovale.com.br\/portal\/index.php?rest_route=%2Fwp%2Fv2%2Fcomments&post=184091"}],"version-history":[{"count":1,"href":"https:\/\/aconteceunovale.com.br\/portal\/index.php?rest_route=\/wp\/v2\/posts\/184091\/revisions"}],"predecessor-version":[{"id":184094,"href":"https:\/\/aconteceunovale.com.br\/portal\/index.php?rest_route=\/wp\/v2\/posts\/184091\/revisions\/184094"}],"wp:featuredmedia":[{"embeddable":true,"href":"https:\/\/aconteceunovale.com.br\/portal\/index.php?rest_route=\/wp\/v2\/media\/184092"}],"wp:attachment":[{"href":"https:\/\/aconteceunovale.com.br\/portal\/index.php?rest_route=%2Fwp%2Fv2%2Fmedia&parent=184091"}],"wp:term":[{"taxonomy":"category","embeddable":true,"href":"https:\/\/aconteceunovale.com.br\/portal\/index.php?rest_route=%2Fwp%2Fv2%2Fcategories&post=184091"},{"taxonomy":"post_tag","embeddable":true,"href":"https:\/\/aconteceunovale.com.br\/portal\/index.php?rest_route=%2Fwp%2Fv2%2Ftags&post=184091"}],"curies":[{"name":"wp","href":"https:\/\/api.w.org\/{rel}","templated":true}]}}