{"id":184082,"date":"2021-11-23T21:14:15","date_gmt":"2021-11-24T00:14:15","guid":{"rendered":"https:\/\/aconteceunovale.com.br\/portal\/?p=184082"},"modified":"2021-11-23T21:15:25","modified_gmt":"2021-11-24T00:15:25","slug":"partido-liberal-anuncia-filiacao-de-jair-bolsonaro","status":"publish","type":"post","link":"https:\/\/aconteceunovale.com.br\/portal\/?p=184082","title":{"rendered":"Partido Liberal anuncia filia\u00e7\u00e3o de Jair Bolsonaro"},"content":{"rendered":"\n<p class=\"wp-block-paragraph\">A filia\u00e7\u00e3o do presidente Jair Bolsonaro ao Partido Liberal (PL) ser\u00e1 oficializada no pr\u00f3ximo dia 30 de novembro, \u00e0s 10h30, na capital federal. O an\u00fancio foi feito no final da tarde desta ter\u00e7a-feira (23\/11\/2021), em nota divulgada pela assessoria do partido.<\/p>\n\n\n\n<figure class=\"wp-block-gallery columns-1 is-cropped wp-block-gallery-1 is-layout-flex wp-block-gallery-is-layout-flex\"><ul class=\"blocks-gallery-grid\"><li class=\"blocks-gallery-item\"><figure><img loading=\"lazy\" decoding=\"async\" width=\"678\" height=\"406\" src=\"https:\/\/aconteceunovale.com.br\/portal\/wp-content\/uploads\/2021\/11\/bolsonaro_pl.jpg\" alt=\"\" data-id=\"184083\" data-full-url=\"https:\/\/aconteceunovale.com.br\/portal\/wp-content\/uploads\/2021\/11\/bolsonaro_pl.jpg\" data-link=\"https:\/\/aconteceunovale.com.br\/portal\/?attachment_id=184083\" class=\"wp-image-184083\" srcset=\"https:\/\/aconteceunovale.com.br\/portal\/wp-content\/uploads\/2021\/11\/bolsonaro_pl.jpg 678w, https:\/\/aconteceunovale.com.br\/portal\/wp-content\/uploads\/2021\/11\/bolsonaro_pl-300x180.jpg 300w\" sizes=\"auto, (max-width: 678px) 100vw, 678px\" \/><figcaption class=\"blocks-gallery-item__caption\"><em>Jair Bolsonaro &#8211; Foto: Alan Santos\/PR<\/em><\/figcaption><\/figure><\/li><\/ul><\/figure>\n\n\n\n<p class=\"wp-block-paragraph\"><em>\u201cA defini\u00e7\u00e3o da data \u00e9 produto de encontro que, na tarde de hoje, 23, reuniu o presidente da Rep\u00fablica e o presidente nacional do PL, Valdemar Costa Neto\u201d, <\/em>informou a sigla. O evento ocorrer\u00e1 em Bras\u00edlia, no Complexo Brasil 21, regi\u00e3o central da capital.\u00a0<\/p>\n\n\n\n<p class=\"wp-block-paragraph\">Mais cedo, em entrevista a uma r\u00e1dio da Para\u00edba, Bolsonaro havia dito que estava tudo <em>&#8220;praticamente resolvido&#8221; <\/em>entre ele e Costa Neto.\u00a0\u00a0<\/p>\n\n\n\n<p class=\"wp-block-paragraph\">A filia\u00e7\u00e3o de Bolsonaro ao PL deveria ter ocorrido no \u00faltimo dia 22, mas foi adiada de comum acordo entre as partes por causa de indefini\u00e7\u00f5es sobre a composi\u00e7\u00e3o dos palanques estaduais nas elei\u00e7\u00f5es do ano que vem. A principal demanda de Bolsonaro \u00e9 garantir uma candidatura pr\u00f3pria do partido ao governo de S\u00e3o Paulo. No estado, no entanto, o PL se encaminhava para apoiar a candidatura do atual vice-governador, Rodrigo Garcia (PSDB).<\/p>\n\n\n\n<p class=\"wp-block-paragraph\">Durante a tarde, o senador Wellington Fagundes (PL-MT), l\u00edder do partido no Senado, esteve no Pal\u00e1cio do Planalto e afirmou, ap\u00f3s deixar o local, que o impasse em torno de uma candidatura pr\u00f3pria do PL em S\u00e3o Paulo estaria resolvido.&nbsp;<\/p>\n\n\n\n<p class=\"wp-block-paragraph\"><em>&#8220;S\u00e3o Paulo est\u00e1 totalmente encaminhado. Provavelmente a candidatu<\/em>ra do ministro Tarc\u00edsio [Freitas] a governador&#8221;, disse. Titular do Minist\u00e9rio da Infraestrutura e um dos auxiliares mais pr\u00f3ximos de Bolsonaro, Tarc\u00edsio Freitas poder\u00e1 ser o candidato do presidente ao governo em S\u00e3o Paulo.<\/p>\n\n\n\n<p class=\"wp-block-paragraph\">&#8212;&#8212;&#8212;&#8212;&#8212;&#8212;<br><em>Quer receber as not\u00edcias do <strong>Aconteceu no Vale<\/strong> em primeira m\u00e3o? Siga-nos no Facebook <a rel=\"noreferrer noopener\" href=\"http:\/\/facebook.com\/aconteceunovale\" target=\"_blank\">@aconteceunovale<\/a>, Twitter <a rel=\"noreferrer noopener\" href=\"https:\/\/twitter.com\/noticiadosvales\" target=\"_blank\">@noticiadosvales<\/a> e Instagram <a rel=\"noreferrer noopener\" href=\"https:\/\/www.instagram.com\/aconteceunovale\" target=\"_blank\">@aconteceunovale<\/a>.<\/em><\/p>\n","protected":false},"excerpt":{"rendered":"<p>A filia\u00e7\u00e3o do presidente Jair Bolsonaro ao Partido Liberal (PL) ser\u00e1 oficializada no pr\u00f3ximo dia 30 de novembro, \u00e0s 10h30, na capital federal. O an\u00fancio foi feito no final da tarde desta ter\u00e7a-feira (23\/11\/2021), em nota divulgada pela assessoria do partido. \u201cA defini\u00e7\u00e3o da data \u00e9 produto de encontro que, na tarde de hoje, 23, [&hellip;]<\/p>\n","protected":false},"author":4,"featured_media":184083,"comment_status":"open","ping_status":"closed","sticky":false,"template":"","format":"standard","meta":{"amp_status":"","footnotes":""},"categories":[6,249933,40240],"tags":[100375,4606,1018,26436,210588,254814,243991,254811,254810,254812,243467,20321,174222,254813],"class_list":["post-184082","post","type-post","status-publish","format-standard","has-post-thumbnail","hentry","category-br","category-eleicoes-2022","category-politica","tag-bolsonaro","tag-brasilia","tag-destaque","tag-jair-bolsonaro","tag-novo-partido-de-bolsonaro","tag-novo-partido-de-jair-bolsonaro","tag-partido-liberal","tag-partido-liberal-anuncia-filiacao-de-bolsonaro","tag-partido-liberal-anuncia-filiacao-de-jair-bolsonaro","tag-partido-liberal-anuncia-filiacao-do-presidente-jair-bolsonaro","tag-pl","tag-presidente-da-republica","tag-presidente-jair-bolsonaro","tag-valdemar-costa-neto"],"yoast_head":"<!-- This site is optimized with the Yoast SEO plugin v28.3 - https:\/\/yoast.com\/product\/yoast-seo-wordpress\/ -->\n<title>Partido Liberal anuncia filia\u00e7\u00e3o de Jair Bolsonaro - Aconteceu no Vale<\/title>\n<meta name=\"robots\" content=\"index, follow, max-snippet:-1, max-image-preview:large, max-video-preview:-1\" \/>\n<link rel=\"canonical\" href=\"https:\/\/aconteceunovale.com.br\/portal\/?p=184082\" \/>\n<meta property=\"og:locale\" content=\"pt_BR\" \/>\n<meta property=\"og:type\" content=\"article\" \/>\n<meta property=\"og:title\" content=\"Partido Liberal anuncia filia\u00e7\u00e3o de Jair Bolsonaro - Aconteceu no Vale\" \/>\n<meta property=\"og:description\" content=\"A filia\u00e7\u00e3o do presidente Jair Bolsonaro ao Partido Liberal (PL) ser\u00e1 oficializada no pr\u00f3ximo dia 30 de novembro, \u00e0s 10h30, na capital federal. O an\u00fancio foi feito no final da tarde desta ter\u00e7a-feira (23\/11\/2021), em nota divulgada pela assessoria do partido. \u201cA defini\u00e7\u00e3o da data \u00e9 produto de encontro que, na tarde de hoje, 23, [&hellip;]\" \/>\n<meta property=\"og:url\" content=\"https:\/\/aconteceunovale.com.br\/portal\/?p=184082\" \/>\n<meta property=\"og:site_name\" content=\"Aconteceu no Vale\" \/>\n<meta property=\"article:publisher\" content=\"https:\/\/www.facebook.com\/aconteceunovale\/\" \/>\n<meta property=\"article:published_time\" content=\"2021-11-24T00:14:15+00:00\" \/>\n<meta property=\"article:modified_time\" content=\"2021-11-24T00:15:25+00:00\" \/>\n<meta property=\"og:image\" content=\"https:\/\/aconteceunovale.com.br\/portal\/wp-content\/uploads\/2021\/11\/bolsonaro_pl.jpg\" \/>\n\t<meta property=\"og:image:width\" content=\"678\" \/>\n\t<meta property=\"og:image:height\" content=\"406\" \/>\n\t<meta property=\"og:image:type\" content=\"image\/jpeg\" \/>\n<meta name=\"author\" content=\"Reda\u00e7\u00e3o Aconteceu no Vale\" \/>\n<meta name=\"twitter:card\" content=\"summary_large_image\" \/>\n<meta name=\"twitter:creator\" content=\"@noticiadosvales\" \/>\n<meta name=\"twitter:site\" content=\"@noticiadosvales\" \/>\n<meta name=\"twitter:label1\" content=\"Escrito por\" \/>\n\t<meta name=\"twitter:data1\" content=\"Reda\u00e7\u00e3o Aconteceu no Vale\" \/>\n\t<meta name=\"twitter:label2\" content=\"Est. tempo de leitura\" \/>\n\t<meta name=\"twitter:data2\" content=\"2 minutos\" \/>\n<script type=\"application\/ld+json\" class=\"yoast-schema-graph\">{\"@context\":\"https:\\\/\\\/schema.org\",\"@graph\":[{\"@type\":\"Article\",\"@id\":\"https:\\\/\\\/aconteceunovale.com.br\\\/portal\\\/?p=184082#article\",\"isPartOf\":{\"@id\":\"https:\\\/\\\/aconteceunovale.com.br\\\/portal\\\/?p=184082\"},\"author\":{\"name\":\"Reda\u00e7\u00e3o Aconteceu no Vale\",\"@id\":\"https:\\\/\\\/aconteceunovale.com.br\\\/portal\\\/#\\\/schema\\\/person\\\/7d2f26d1483f8a63de73da1ee0754d35\"},\"headline\":\"Partido Liberal anuncia filia\u00e7\u00e3o de Jair Bolsonaro\",\"datePublished\":\"2021-11-24T00:14:15+00:00\",\"dateModified\":\"2021-11-24T00:15:25+00:00\",\"mainEntityOfPage\":{\"@id\":\"https:\\\/\\\/aconteceunovale.com.br\\\/portal\\\/?p=184082\"},\"wordCount\":320,\"commentCount\":0,\"image\":{\"@id\":\"https:\\\/\\\/aconteceunovale.com.br\\\/portal\\\/?p=184082#primaryimage\"},\"thumbnailUrl\":\"https:\\\/\\\/aconteceunovale.com.br\\\/portal\\\/wp-content\\\/uploads\\\/2021\\\/11\\\/bolsonaro_pl.jpg\",\"keywords\":[\"Bolsonaro\",\"Bras\u00edlia\",\"destaque\",\"Jair Bolsonaro\",\"Novo partido de Bolsonaro\",\"Novo partido de Jair Bolsonaro\",\"Partido Liberal\",\"Partido Liberal anuncia filia\u00e7\u00e3o de Bolsonaro\",\"Partido Liberal anuncia filia\u00e7\u00e3o de Jair Bolsonaro\",\"Partido Liberal anuncia filia\u00e7\u00e3o do presidente Jair Bolsonaro\",\"PL\",\"presidente da Rep\u00fablica\",\"Presidente Jair Bolsonaro\",\"Valdemar Costa Neto\"],\"articleSection\":[\"Brasil\",\"Elei\u00e7\u00f5es 2022\",\"Pol\u00edtica\"],\"inLanguage\":\"pt-BR\",\"potentialAction\":[{\"@type\":\"CommentAction\",\"name\":\"Comment\",\"target\":[\"https:\\\/\\\/aconteceunovale.com.br\\\/portal\\\/?p=184082#respond\"]}]},{\"@type\":\"WebPage\",\"@id\":\"https:\\\/\\\/aconteceunovale.com.br\\\/portal\\\/?p=184082\",\"url\":\"https:\\\/\\\/aconteceunovale.com.br\\\/portal\\\/?p=184082\",\"name\":\"Partido Liberal anuncia filia\u00e7\u00e3o de Jair Bolsonaro - Aconteceu no Vale\",\"isPartOf\":{\"@id\":\"https:\\\/\\\/aconteceunovale.com.br\\\/portal\\\/#website\"},\"primaryImageOfPage\":{\"@id\":\"https:\\\/\\\/aconteceunovale.com.br\\\/portal\\\/?p=184082#primaryimage\"},\"image\":{\"@id\":\"https:\\\/\\\/aconteceunovale.com.br\\\/portal\\\/?p=184082#primaryimage\"},\"thumbnailUrl\":\"https:\\\/\\\/aconteceunovale.com.br\\\/portal\\\/wp-content\\\/uploads\\\/2021\\\/11\\\/bolsonaro_pl.jpg\",\"datePublished\":\"2021-11-24T00:14:15+00:00\",\"dateModified\":\"2021-11-24T00:15:25+00:00\",\"author\":{\"@id\":\"https:\\\/\\\/aconteceunovale.com.br\\\/portal\\\/#\\\/schema\\\/person\\\/7d2f26d1483f8a63de73da1ee0754d35\"},\"breadcrumb\":{\"@id\":\"https:\\\/\\\/aconteceunovale.com.br\\\/portal\\\/?p=184082#breadcrumb\"},\"inLanguage\":\"pt-BR\",\"potentialAction\":[{\"@type\":\"ReadAction\",\"target\":[\"https:\\\/\\\/aconteceunovale.com.br\\\/portal\\\/?p=184082\"]}]},{\"@type\":\"ImageObject\",\"inLanguage\":\"pt-BR\",\"@id\":\"https:\\\/\\\/aconteceunovale.com.br\\\/portal\\\/?p=184082#primaryimage\",\"url\":\"https:\\\/\\\/aconteceunovale.com.br\\\/portal\\\/wp-content\\\/uploads\\\/2021\\\/11\\\/bolsonaro_pl.jpg\",\"contentUrl\":\"https:\\\/\\\/aconteceunovale.com.br\\\/portal\\\/wp-content\\\/uploads\\\/2021\\\/11\\\/bolsonaro_pl.jpg\",\"width\":678,\"height\":406},{\"@type\":\"BreadcrumbList\",\"@id\":\"https:\\\/\\\/aconteceunovale.com.br\\\/portal\\\/?p=184082#breadcrumb\",\"itemListElement\":[{\"@type\":\"ListItem\",\"position\":1,\"name\":\"In\u00edcio\",\"item\":\"https:\\\/\\\/aconteceunovale.com.br\\\/portal\\\/\"},{\"@type\":\"ListItem\",\"position\":2,\"name\":\"Partido Liberal anuncia filia\u00e7\u00e3o de Jair Bolsonaro\"}]},{\"@type\":\"WebSite\",\"@id\":\"https:\\\/\\\/aconteceunovale.com.br\\\/portal\\\/#website\",\"url\":\"https:\\\/\\\/aconteceunovale.com.br\\\/portal\\\/\",\"name\":\"Aconteceu no Vale\",\"description\":\"Portal de Not\u00edcias\",\"potentialAction\":[{\"@type\":\"SearchAction\",\"target\":{\"@type\":\"EntryPoint\",\"urlTemplate\":\"https:\\\/\\\/aconteceunovale.com.br\\\/portal\\\/?s={search_term_string}\"},\"query-input\":{\"@type\":\"PropertyValueSpecification\",\"valueRequired\":true,\"valueName\":\"search_term_string\"}}],\"inLanguage\":\"pt-BR\"},{\"@type\":\"Person\",\"@id\":\"https:\\\/\\\/aconteceunovale.com.br\\\/portal\\\/#\\\/schema\\\/person\\\/7d2f26d1483f8a63de73da1ee0754d35\",\"name\":\"Reda\u00e7\u00e3o Aconteceu no Vale\",\"description\":\"Equipe de reportagem do Aconteceu no Vale, portal de not\u00edcias do Vale do Jequitinhonha, em Minas Gerais. Cobrimos as 51 cidades do Vale desde 2013. Sugest\u00f5es de pauta e pedidos de corre\u00e7\u00e3o: contato@aconteceunovale.com.br\",\"url\":\"https:\\\/\\\/aconteceunovale.com.br\\\/portal\\\/?author=4\"}]}<\/script>\n<!-- \/ Yoast SEO plugin. -->","yoast_head_json":{"title":"Partido Liberal anuncia filia\u00e7\u00e3o de Jair Bolsonaro - Aconteceu no Vale","robots":{"index":"index","follow":"follow","max-snippet":"max-snippet:-1","max-image-preview":"max-image-preview:large","max-video-preview":"max-video-preview:-1"},"canonical":"https:\/\/aconteceunovale.com.br\/portal\/?p=184082","og_locale":"pt_BR","og_type":"article","og_title":"Partido Liberal anuncia filia\u00e7\u00e3o de Jair Bolsonaro - Aconteceu no Vale","og_description":"A filia\u00e7\u00e3o do presidente Jair Bolsonaro ao Partido Liberal (PL) ser\u00e1 oficializada no pr\u00f3ximo dia 30 de novembro, \u00e0s 10h30, na capital federal. O an\u00fancio foi feito no final da tarde desta ter\u00e7a-feira (23\/11\/2021), em nota divulgada pela assessoria do partido. \u201cA defini\u00e7\u00e3o da data \u00e9 produto de encontro que, na tarde de hoje, 23, [&hellip;]","og_url":"https:\/\/aconteceunovale.com.br\/portal\/?p=184082","og_site_name":"Aconteceu no Vale","article_publisher":"https:\/\/www.facebook.com\/aconteceunovale\/","article_published_time":"2021-11-24T00:14:15+00:00","article_modified_time":"2021-11-24T00:15:25+00:00","og_image":[{"width":678,"height":406,"url":"https:\/\/aconteceunovale.com.br\/portal\/wp-content\/uploads\/2021\/11\/bolsonaro_pl.jpg","type":"image\/jpeg"}],"author":"Reda\u00e7\u00e3o Aconteceu no Vale","twitter_card":"summary_large_image","twitter_creator":"@noticiadosvales","twitter_site":"@noticiadosvales","twitter_misc":{"Escrito por":"Reda\u00e7\u00e3o Aconteceu no Vale","Est. tempo de leitura":"2 minutos"},"schema":{"@context":"https:\/\/schema.org","@graph":[{"@type":"Article","@id":"https:\/\/aconteceunovale.com.br\/portal\/?p=184082#article","isPartOf":{"@id":"https:\/\/aconteceunovale.com.br\/portal\/?p=184082"},"author":{"name":"Reda\u00e7\u00e3o Aconteceu no Vale","@id":"https:\/\/aconteceunovale.com.br\/portal\/#\/schema\/person\/7d2f26d1483f8a63de73da1ee0754d35"},"headline":"Partido Liberal anuncia filia\u00e7\u00e3o de Jair Bolsonaro","datePublished":"2021-11-24T00:14:15+00:00","dateModified":"2021-11-24T00:15:25+00:00","mainEntityOfPage":{"@id":"https:\/\/aconteceunovale.com.br\/portal\/?p=184082"},"wordCount":320,"commentCount":0,"image":{"@id":"https:\/\/aconteceunovale.com.br\/portal\/?p=184082#primaryimage"},"thumbnailUrl":"https:\/\/aconteceunovale.com.br\/portal\/wp-content\/uploads\/2021\/11\/bolsonaro_pl.jpg","keywords":["Bolsonaro","Bras\u00edlia","destaque","Jair Bolsonaro","Novo partido de Bolsonaro","Novo partido de Jair Bolsonaro","Partido Liberal","Partido Liberal anuncia filia\u00e7\u00e3o de Bolsonaro","Partido Liberal anuncia filia\u00e7\u00e3o de Jair Bolsonaro","Partido Liberal anuncia filia\u00e7\u00e3o do presidente Jair Bolsonaro","PL","presidente da Rep\u00fablica","Presidente Jair Bolsonaro","Valdemar Costa Neto"],"articleSection":["Brasil","Elei\u00e7\u00f5es 2022","Pol\u00edtica"],"inLanguage":"pt-BR","potentialAction":[{"@type":"CommentAction","name":"Comment","target":["https:\/\/aconteceunovale.com.br\/portal\/?p=184082#respond"]}]},{"@type":"WebPage","@id":"https:\/\/aconteceunovale.com.br\/portal\/?p=184082","url":"https:\/\/aconteceunovale.com.br\/portal\/?p=184082","name":"Partido Liberal anuncia filia\u00e7\u00e3o de Jair Bolsonaro - Aconteceu no Vale","isPartOf":{"@id":"https:\/\/aconteceunovale.com.br\/portal\/#website"},"primaryImageOfPage":{"@id":"https:\/\/aconteceunovale.com.br\/portal\/?p=184082#primaryimage"},"image":{"@id":"https:\/\/aconteceunovale.com.br\/portal\/?p=184082#primaryimage"},"thumbnailUrl":"https:\/\/aconteceunovale.com.br\/portal\/wp-content\/uploads\/2021\/11\/bolsonaro_pl.jpg","datePublished":"2021-11-24T00:14:15+00:00","dateModified":"2021-11-24T00:15:25+00:00","author":{"@id":"https:\/\/aconteceunovale.com.br\/portal\/#\/schema\/person\/7d2f26d1483f8a63de73da1ee0754d35"},"breadcrumb":{"@id":"https:\/\/aconteceunovale.com.br\/portal\/?p=184082#breadcrumb"},"inLanguage":"pt-BR","potentialAction":[{"@type":"ReadAction","target":["https:\/\/aconteceunovale.com.br\/portal\/?p=184082"]}]},{"@type":"ImageObject","inLanguage":"pt-BR","@id":"https:\/\/aconteceunovale.com.br\/portal\/?p=184082#primaryimage","url":"https:\/\/aconteceunovale.com.br\/portal\/wp-content\/uploads\/2021\/11\/bolsonaro_pl.jpg","contentUrl":"https:\/\/aconteceunovale.com.br\/portal\/wp-content\/uploads\/2021\/11\/bolsonaro_pl.jpg","width":678,"height":406},{"@type":"BreadcrumbList","@id":"https:\/\/aconteceunovale.com.br\/portal\/?p=184082#breadcrumb","itemListElement":[{"@type":"ListItem","position":1,"name":"In\u00edcio","item":"https:\/\/aconteceunovale.com.br\/portal\/"},{"@type":"ListItem","position":2,"name":"Partido Liberal anuncia filia\u00e7\u00e3o de Jair Bolsonaro"}]},{"@type":"WebSite","@id":"https:\/\/aconteceunovale.com.br\/portal\/#website","url":"https:\/\/aconteceunovale.com.br\/portal\/","name":"Aconteceu no Vale","description":"Portal de Not\u00edcias","potentialAction":[{"@type":"SearchAction","target":{"@type":"EntryPoint","urlTemplate":"https:\/\/aconteceunovale.com.br\/portal\/?s={search_term_string}"},"query-input":{"@type":"PropertyValueSpecification","valueRequired":true,"valueName":"search_term_string"}}],"inLanguage":"pt-BR"},{"@type":"Person","@id":"https:\/\/aconteceunovale.com.br\/portal\/#\/schema\/person\/7d2f26d1483f8a63de73da1ee0754d35","name":"Reda\u00e7\u00e3o Aconteceu no Vale","description":"Equipe de reportagem do Aconteceu no Vale, portal de not\u00edcias do Vale do Jequitinhonha, em Minas Gerais. Cobrimos as 51 cidades do Vale desde 2013. Sugest\u00f5es de pauta e pedidos de corre\u00e7\u00e3o: contato@aconteceunovale.com.br","url":"https:\/\/aconteceunovale.com.br\/portal\/?author=4"}]}},"_links":{"self":[{"href":"https:\/\/aconteceunovale.com.br\/portal\/index.php?rest_route=\/wp\/v2\/posts\/184082","targetHints":{"allow":["GET"]}}],"collection":[{"href":"https:\/\/aconteceunovale.com.br\/portal\/index.php?rest_route=\/wp\/v2\/posts"}],"about":[{"href":"https:\/\/aconteceunovale.com.br\/portal\/index.php?rest_route=\/wp\/v2\/types\/post"}],"author":[{"embeddable":true,"href":"https:\/\/aconteceunovale.com.br\/portal\/index.php?rest_route=\/wp\/v2\/users\/4"}],"replies":[{"embeddable":true,"href":"https:\/\/aconteceunovale.com.br\/portal\/index.php?rest_route=%2Fwp%2Fv2%2Fcomments&post=184082"}],"version-history":[{"count":1,"href":"https:\/\/aconteceunovale.com.br\/portal\/index.php?rest_route=\/wp\/v2\/posts\/184082\/revisions"}],"predecessor-version":[{"id":184084,"href":"https:\/\/aconteceunovale.com.br\/portal\/index.php?rest_route=\/wp\/v2\/posts\/184082\/revisions\/184084"}],"wp:featuredmedia":[{"embeddable":true,"href":"https:\/\/aconteceunovale.com.br\/portal\/index.php?rest_route=\/wp\/v2\/media\/184083"}],"wp:attachment":[{"href":"https:\/\/aconteceunovale.com.br\/portal\/index.php?rest_route=%2Fwp%2Fv2%2Fmedia&parent=184082"}],"wp:term":[{"taxonomy":"category","embeddable":true,"href":"https:\/\/aconteceunovale.com.br\/portal\/index.php?rest_route=%2Fwp%2Fv2%2Fcategories&post=184082"},{"taxonomy":"post_tag","embeddable":true,"href":"https:\/\/aconteceunovale.com.br\/portal\/index.php?rest_route=%2Fwp%2Fv2%2Ftags&post=184082"}],"curies":[{"name":"wp","href":"https:\/\/api.w.org\/{rel}","templated":true}]}}