{"id":184066,"date":"2021-11-23T19:23:32","date_gmt":"2021-11-23T22:23:32","guid":{"rendered":"https:\/\/aconteceunovale.com.br\/portal\/?p=184066"},"modified":"2026-09-02T12:01:22","modified_gmt":"2026-09-02T15:01:22","slug":"novo-sesc-almenara-e-inaugurado","status":"publish","type":"post","link":"https:\/\/aconteceunovale.com.br\/portal\/?p=184066","title":{"rendered":"Novo Sesc Almenara \u00e9 inaugurado"},"content":{"rendered":"\n<p class=\"wp-block-paragraph\">O Sesc Almenara come\u00e7ou oficialmente uma nova fase na \u00faltima sexta-feira (19\/11\/25021). A cerim\u00f4nia contou com a presen\u00e7a dos diretores do Sesc em Minas, Grijalva de Carvalho Lage Duarte J\u00fanior (Diretor de Programas Sociais, Servi\u00e7os e Opera\u00e7\u00f5es) e Carlos Alberto Pereira da Silva (Diretor Financeiro), do prefeito de Almenara, Ademir Gobira, de l\u00edderes e empregados locais do Sesc, al\u00e9m de outros parceiros na cidade. A nova unidade do munic\u00edpio foi inaugurada, marcando essa etapa de novidades.<\/p>\n\n\n\n<figure class=\"wp-block-gallery columns-1 is-cropped wp-block-gallery-1 is-layout-flex wp-block-gallery-is-layout-flex\"><ul class=\"blocks-gallery-grid\"><li class=\"blocks-gallery-item\"><figure><img loading=\"lazy\" decoding=\"async\" width=\"675\" height=\"450\" src=\"https:\/\/aconteceunovale.com.br\/portal\/wp-content\/uploads\/2021\/11\/novo_sesc_almenara_6.jpg\" alt=\"\" data-id=\"184067\" data-full-url=\"https:\/\/aconteceunovale.com.br\/portal\/wp-content\/uploads\/2021\/11\/novo_sesc_almenara_6.jpg\" data-link=\"https:\/\/aconteceunovale.com.br\/portal\/?attachment_id=184067\" class=\"wp-image-184067\" srcset=\"https:\/\/aconteceunovale.com.br\/portal\/wp-content\/uploads\/2021\/11\/novo_sesc_almenara_6.jpg 675w, https:\/\/aconteceunovale.com.br\/portal\/wp-content\/uploads\/2021\/11\/novo_sesc_almenara_6-300x200.jpg 300w, https:\/\/aconteceunovale.com.br\/portal\/wp-content\/uploads\/2021\/11\/novo_sesc_almenara_6-630x420.jpg 630w\" sizes=\"auto, (max-width: 675px) 100vw, 675px\" \/><figcaption class=\"blocks-gallery-item__caption\"><em>Foto: SESC-MG \/ Divulga\u00e7\u00e3o<\/em><\/figcaption><\/figure><\/li><\/ul><\/figure>\n\n\n\n<p class=\"wp-block-paragraph\">Em funcionamento desde agosto, a unidade foi reestruturada em um novo endere\u00e7o e com outros servi\u00e7os. O espa\u00e7o onde funcionava o antigo Sesc Almenara, que contava com uma ampla \u00e1rea de lazer e hospedagem, foi cedida \u00e0 prefeitura local e entregue ao Sesc um novo local para abrigar as atividades, que foram estrategicamente repensadas.<\/p>\n\n\n\n<p class=\"wp-block-paragraph\">A estrutura rec\u00e9m-inaugurada fica na Rua Doutor Sabino Silva, n\u00ba 142, bairro Tereza Cristina, ao lado dos Correios, e oferece servi\u00e7os ligados \u00e0 sa\u00fade e bem-estar, educa\u00e7\u00e3o, pr\u00e1tica esportiva, assist\u00eancia social e cultura. Entre eles est\u00e3o o Criar Sesc e o Sesc Alfabetiza\u00e7\u00e3o, o N\u00facleo de Sa\u00fade e Bem-Estar, que desenvolver\u00e1 a\u00e7\u00f5es de preven\u00e7\u00e3o e promo\u00e7\u00e3o de sa\u00fade, al\u00e9m das aulas de Karat\u00ea, cursos de m\u00fasica e dan\u00e7a e ainda programas de Assist\u00eancia Social, como Sesc +60, Mesa Brasil Sesc e Rede Sesc.<\/p>\n\n\n\n<p class=\"wp-block-paragraph\"><strong>Mudan\u00e7as para atender melhor a cidade<\/strong><\/p>\n\n\n\n<p class=\"wp-block-paragraph\">Na cerim\u00f4nia de inaugura\u00e7\u00e3o, o Diretor de Programas Sociais, Servi\u00e7os e Opera\u00e7\u00f5es do Sesc em Minas, Grijalva de Carvalho Lage Duarte J\u00fanior, falou sobre a import\u00e2ncia de celebrar essa nova etapa para o Sesc em Almenara: <em>\u201cO Sesc em Minas vem passando por v\u00e1rias reestrutura\u00e7\u00f5es nos \u00faltimos anos para tornar sua atividade mais estrat\u00e9gica e assertiva em todo o estado. A presen\u00e7a em v\u00e1rios munic\u00edpios foi repensada, assim como a atua\u00e7\u00e3o de muitas unidades. Orgulhosamente, celebramos hoje o in\u00edcio de uma nova fase do Sesc Almenara, que tornar\u00e1 ainda mais eficiente nossa presen\u00e7a nessa cidade t\u00e3o querida e de tamanha import\u00e2ncia cultural e econ\u00f4mica no Vale do Jequitinhonha\u201d.<\/em><\/p>\n\n\n\n<p class=\"wp-block-paragraph\">Embora esteja em funcionamento desde agosto, a inaugura\u00e7\u00e3o oficial do novo Sesc Almenara aconteceu apenas em novembro por causa da pandemia de Covid-19.<\/p>\n\n\n\n<h2 class=\"wp-block-heading\">Fotos<\/h2>\n\n\n\n<figure class=\"wp-block-gallery columns-1 is-cropped wp-block-gallery-2 is-layout-flex wp-block-gallery-is-layout-flex\"><ul class=\"blocks-gallery-grid\"><li class=\"blocks-gallery-item\"><figure><img loading=\"lazy\" decoding=\"async\" width=\"800\" height=\"533\" src=\"https:\/\/aconteceunovale.com.br\/portal\/wp-content\/uploads\/2021\/11\/novo_sesc_almenara_1.jpg\" alt=\"\" data-id=\"184068\" data-link=\"https:\/\/aconteceunovale.com.br\/portal\/?attachment_id=184068\" class=\"wp-image-184068\" srcset=\"https:\/\/aconteceunovale.com.br\/portal\/wp-content\/uploads\/2021\/11\/novo_sesc_almenara_1.jpg 800w, https:\/\/aconteceunovale.com.br\/portal\/wp-content\/uploads\/2021\/11\/novo_sesc_almenara_1-300x200.jpg 300w, https:\/\/aconteceunovale.com.br\/portal\/wp-content\/uploads\/2021\/11\/novo_sesc_almenara_1-768x512.jpg 768w, https:\/\/aconteceunovale.com.br\/portal\/wp-content\/uploads\/2021\/11\/novo_sesc_almenara_1-696x464.jpg 696w, https:\/\/aconteceunovale.com.br\/portal\/wp-content\/uploads\/2021\/11\/novo_sesc_almenara_1-630x420.jpg 630w\" sizes=\"auto, (max-width: 800px) 100vw, 800px\" \/><figcaption class=\"blocks-gallery-item__caption\"> <em>Foto: SESC-MG \/ Divulga\u00e7\u00e3o<\/em> <\/figcaption><\/figure><\/li><li class=\"blocks-gallery-item\"><figure><img loading=\"lazy\" decoding=\"async\" width=\"800\" height=\"533\" src=\"https:\/\/aconteceunovale.com.br\/portal\/wp-content\/uploads\/2021\/11\/novo_sesc_almenara_4.jpg\" alt=\"\" data-id=\"184069\" data-link=\"https:\/\/aconteceunovale.com.br\/portal\/?attachment_id=184069\" class=\"wp-image-184069\" srcset=\"https:\/\/aconteceunovale.com.br\/portal\/wp-content\/uploads\/2021\/11\/novo_sesc_almenara_4.jpg 800w, https:\/\/aconteceunovale.com.br\/portal\/wp-content\/uploads\/2021\/11\/novo_sesc_almenara_4-300x200.jpg 300w, https:\/\/aconteceunovale.com.br\/portal\/wp-content\/uploads\/2021\/11\/novo_sesc_almenara_4-768x512.jpg 768w, https:\/\/aconteceunovale.com.br\/portal\/wp-content\/uploads\/2021\/11\/novo_sesc_almenara_4-696x464.jpg 696w, https:\/\/aconteceunovale.com.br\/portal\/wp-content\/uploads\/2021\/11\/novo_sesc_almenara_4-630x420.jpg 630w\" sizes=\"auto, (max-width: 800px) 100vw, 800px\" \/><figcaption class=\"blocks-gallery-item__caption\"> <em>Foto: SESC-MG \/ Divulga\u00e7\u00e3o<\/em> <\/figcaption><\/figure><\/li><li class=\"blocks-gallery-item\"><figure><img loading=\"lazy\" decoding=\"async\" width=\"800\" height=\"533\" src=\"https:\/\/aconteceunovale.com.br\/portal\/wp-content\/uploads\/2021\/11\/novo_sesc_almenara_3.jpg\" alt=\"\" data-id=\"184070\" data-link=\"https:\/\/aconteceunovale.com.br\/portal\/?attachment_id=184070\" class=\"wp-image-184070\" srcset=\"https:\/\/aconteceunovale.com.br\/portal\/wp-content\/uploads\/2021\/11\/novo_sesc_almenara_3.jpg 800w, https:\/\/aconteceunovale.com.br\/portal\/wp-content\/uploads\/2021\/11\/novo_sesc_almenara_3-300x200.jpg 300w, https:\/\/aconteceunovale.com.br\/portal\/wp-content\/uploads\/2021\/11\/novo_sesc_almenara_3-768x512.jpg 768w, https:\/\/aconteceunovale.com.br\/portal\/wp-content\/uploads\/2021\/11\/novo_sesc_almenara_3-696x464.jpg 696w, https:\/\/aconteceunovale.com.br\/portal\/wp-content\/uploads\/2021\/11\/novo_sesc_almenara_3-630x420.jpg 630w\" sizes=\"auto, (max-width: 800px) 100vw, 800px\" \/><figcaption class=\"blocks-gallery-item__caption\"> <em>Foto: SESC-MG \/ Divulga\u00e7\u00e3o<\/em> <\/figcaption><\/figure><\/li><li class=\"blocks-gallery-item\"><figure><img loading=\"lazy\" decoding=\"async\" width=\"800\" height=\"533\" src=\"https:\/\/aconteceunovale.com.br\/portal\/wp-content\/uploads\/2021\/11\/novo_sesc_almenara_2.jpg\" alt=\"\" data-id=\"184071\" data-link=\"https:\/\/aconteceunovale.com.br\/portal\/?attachment_id=184071\" class=\"wp-image-184071\" srcset=\"https:\/\/aconteceunovale.com.br\/portal\/wp-content\/uploads\/2021\/11\/novo_sesc_almenara_2.jpg 800w, https:\/\/aconteceunovale.com.br\/portal\/wp-content\/uploads\/2021\/11\/novo_sesc_almenara_2-300x200.jpg 300w, https:\/\/aconteceunovale.com.br\/portal\/wp-content\/uploads\/2021\/11\/novo_sesc_almenara_2-768x512.jpg 768w, https:\/\/aconteceunovale.com.br\/portal\/wp-content\/uploads\/2021\/11\/novo_sesc_almenara_2-696x464.jpg 696w, https:\/\/aconteceunovale.com.br\/portal\/wp-content\/uploads\/2021\/11\/novo_sesc_almenara_2-630x420.jpg 630w\" sizes=\"auto, (max-width: 800px) 100vw, 800px\" \/><figcaption class=\"blocks-gallery-item__caption\"> <em>Foto: SESC-MG \/ Divulga\u00e7\u00e3o<\/em> <\/figcaption><\/figure><\/li><li class=\"blocks-gallery-item\"><figure><img loading=\"lazy\" decoding=\"async\" width=\"675\" height=\"450\" src=\"https:\/\/aconteceunovale.com.br\/portal\/wp-content\/uploads\/2021\/11\/novo_sesc_almenara_5.jpg\" alt=\"\" data-id=\"184072\" data-full-url=\"https:\/\/aconteceunovale.com.br\/portal\/wp-content\/uploads\/2021\/11\/novo_sesc_almenara_5.jpg\" data-link=\"https:\/\/aconteceunovale.com.br\/portal\/?attachment_id=184072\" class=\"wp-image-184072\" srcset=\"https:\/\/aconteceunovale.com.br\/portal\/wp-content\/uploads\/2021\/11\/novo_sesc_almenara_5.jpg 675w, https:\/\/aconteceunovale.com.br\/portal\/wp-content\/uploads\/2021\/11\/novo_sesc_almenara_5-300x200.jpg 300w, https:\/\/aconteceunovale.com.br\/portal\/wp-content\/uploads\/2021\/11\/novo_sesc_almenara_5-630x420.jpg 630w\" sizes=\"auto, (max-width: 675px) 100vw, 675px\" \/><figcaption class=\"blocks-gallery-item__caption\"> <em>Foto: SESC-MG \/ Divulga\u00e7\u00e3o<\/em> <\/figcaption><\/figure><\/li><\/ul><\/figure>\n\n\n\n<p class=\"wp-block-paragraph\">&#8212;&#8212;&#8212;&#8212;&#8212;&#8212;<br><em>Quer receber as not\u00edcias do <strong>Aconteceu no Vale<\/strong> em primeira m\u00e3o? Siga-nos no Facebook <a rel=\"noreferrer noopener\" href=\"http:\/\/facebook.com\/aconteceunovale\" target=\"_blank\">@aconteceunovale<\/a>, Twitter <a rel=\"noreferrer noopener\" href=\"https:\/\/twitter.com\/noticiadosvales\" target=\"_blank\">@noticiadosvales<\/a> e Instagram <a rel=\"noreferrer noopener\" href=\"https:\/\/www.instagram.com\/aconteceunovale\" target=\"_blank\">@aconteceunovale<\/a>.<\/em><\/p>\n","protected":false},"excerpt":{"rendered":"<p>O Sesc Almenara come\u00e7ou oficialmente uma nova fase na \u00faltima sexta-feira (19\/11\/25021). A cerim\u00f4nia contou com a presen\u00e7a dos diretores do Sesc em Minas, Grijalva de Carvalho Lage Duarte J\u00fanior (Diretor de Programas Sociais, Servi\u00e7os e Opera\u00e7\u00f5es) e Carlos Alberto Pereira da Silva (Diretor Financeiro), do prefeito de Almenara, Ademir Gobira, de l\u00edderes e empregados [&hellip;]<\/p>\n","protected":false},"author":4,"featured_media":184067,"comment_status":"open","ping_status":"closed","sticky":false,"template":"","format":"standard","meta":{"amp_status":"","footnotes":""},"categories":[272528,125,120],"tags":[178083,142,254796,254793,1018,254797,254795,254792,254798,254791,52229,254799,807,1333,254794,254800],"class_list":["post-184066","post","type-post","status-publish","format-standard","has-post-thumbnail","hentry","category-almenara","category-noticias","category-jequi","tag-ademir-gobira","tag-almenara","tag-carlos-alberto-pereira-da-silva","tag-cerimonia-de-inauguracao-do-novo-sesc-almenara","tag-destaque","tag-endereco-do-sesc-almenara","tag-grijalva-de-carvalho-lage-duarte-junior","tag-inauguracao-do-novo-sesc-almenara","tag-novas-instalacoes-do-sesc-almenara","tag-novo-sesc-almenara","tag-prefeito-de-almenara","tag-servicos-oferecidos-pelo-sesc-em-almenara","tag-sesc","tag-sesc-almenara","tag-sesc-em-minas","tag-sesc-mg"],"yoast_head":"<!-- This site is optimized with the Yoast SEO plugin v28.3 - https:\/\/yoast.com\/product\/yoast-seo-wordpress\/ -->\n<title>Novo Sesc Almenara \u00e9 inaugurado - Aconteceu no Vale<\/title>\n<meta name=\"robots\" content=\"index, follow, max-snippet:-1, max-image-preview:large, max-video-preview:-1\" \/>\n<link rel=\"canonical\" href=\"https:\/\/aconteceunovale.com.br\/portal\/?p=184066\" \/>\n<meta property=\"og:locale\" content=\"pt_BR\" \/>\n<meta property=\"og:type\" content=\"article\" \/>\n<meta property=\"og:title\" content=\"Novo Sesc Almenara \u00e9 inaugurado - Aconteceu no Vale\" \/>\n<meta property=\"og:description\" content=\"O Sesc Almenara come\u00e7ou oficialmente uma nova fase na \u00faltima sexta-feira (19\/11\/25021). A cerim\u00f4nia contou com a presen\u00e7a dos diretores do Sesc em Minas, Grijalva de Carvalho Lage Duarte J\u00fanior (Diretor de Programas Sociais, Servi\u00e7os e Opera\u00e7\u00f5es) e Carlos Alberto Pereira da Silva (Diretor Financeiro), do prefeito de Almenara, Ademir Gobira, de l\u00edderes e empregados [&hellip;]\" \/>\n<meta property=\"og:url\" content=\"https:\/\/aconteceunovale.com.br\/portal\/?p=184066\" \/>\n<meta property=\"og:site_name\" content=\"Aconteceu no Vale\" \/>\n<meta property=\"article:publisher\" content=\"https:\/\/www.facebook.com\/aconteceunovale\/\" \/>\n<meta property=\"article:published_time\" content=\"2021-11-23T22:23:32+00:00\" \/>\n<meta property=\"article:modified_time\" content=\"2026-09-02T15:01:22+00:00\" \/>\n<meta property=\"og:image\" content=\"https:\/\/aconteceunovale.com.br\/portal\/wp-content\/uploads\/2021\/11\/novo_sesc_almenara_6.jpg\" \/>\n\t<meta property=\"og:image:width\" content=\"675\" \/>\n\t<meta property=\"og:image:height\" content=\"450\" \/>\n\t<meta property=\"og:image:type\" content=\"image\/jpeg\" \/>\n<meta name=\"author\" content=\"Reda\u00e7\u00e3o Aconteceu no Vale\" \/>\n<meta name=\"twitter:card\" content=\"summary_large_image\" \/>\n<meta name=\"twitter:creator\" content=\"@noticiadosvales\" \/>\n<meta name=\"twitter:site\" content=\"@noticiadosvales\" \/>\n<meta name=\"twitter:label1\" content=\"Escrito por\" \/>\n\t<meta name=\"twitter:data1\" content=\"Reda\u00e7\u00e3o Aconteceu no Vale\" \/>\n\t<meta name=\"twitter:label2\" content=\"Est. tempo de leitura\" \/>\n\t<meta name=\"twitter:data2\" content=\"2 minutos\" \/>\n<script type=\"application\/ld+json\" class=\"yoast-schema-graph\">{\"@context\":\"https:\\\/\\\/schema.org\",\"@graph\":[{\"@type\":\"Article\",\"@id\":\"https:\\\/\\\/aconteceunovale.com.br\\\/portal\\\/?p=184066#article\",\"isPartOf\":{\"@id\":\"https:\\\/\\\/aconteceunovale.com.br\\\/portal\\\/?p=184066\"},\"author\":{\"name\":\"Reda\u00e7\u00e3o Aconteceu no Vale\",\"@id\":\"https:\\\/\\\/aconteceunovale.com.br\\\/portal\\\/#\\\/schema\\\/person\\\/7d2f26d1483f8a63de73da1ee0754d35\"},\"headline\":\"Novo Sesc Almenara \u00e9 inaugurado\",\"datePublished\":\"2021-11-23T22:23:32+00:00\",\"dateModified\":\"2026-09-02T15:01:22+00:00\",\"mainEntityOfPage\":{\"@id\":\"https:\\\/\\\/aconteceunovale.com.br\\\/portal\\\/?p=184066\"},\"wordCount\":447,\"commentCount\":0,\"image\":{\"@id\":\"https:\\\/\\\/aconteceunovale.com.br\\\/portal\\\/?p=184066#primaryimage\"},\"thumbnailUrl\":\"https:\\\/\\\/aconteceunovale.com.br\\\/portal\\\/wp-content\\\/uploads\\\/2021\\\/11\\\/novo_sesc_almenara_6.jpg\",\"keywords\":[\"Ademir Gobira\",\"Almenara\",\"Carlos Alberto Pereira da Silva\",\"Cerim\u00f4nia de inaugura\u00e7\u00e3o do Novo Sesc Almenara\",\"destaque\",\"Endere\u00e7o do Sesc Almenara\",\"Grijalva de Carvalho Lage Duarte J\u00fanior\",\"Inaugura\u00e7\u00e3o do Novo Sesc Almenara\",\"Novas instala\u00e7\u00f5es do Sesc Almenara\",\"Novo Sesc Almenara\",\"prefeito de almenara\",\"Servi\u00e7os oferecidos pelo Sesc em Almenara\",\"sesc\",\"sesc almenara\",\"Sesc em Minas\",\"Sesc-MG\"],\"articleSection\":[\"Almenara\",\"Eventos\",\"Vale do Jequitinhonha\"],\"inLanguage\":\"pt-BR\",\"potentialAction\":[{\"@type\":\"CommentAction\",\"name\":\"Comment\",\"target\":[\"https:\\\/\\\/aconteceunovale.com.br\\\/portal\\\/?p=184066#respond\"]}]},{\"@type\":\"WebPage\",\"@id\":\"https:\\\/\\\/aconteceunovale.com.br\\\/portal\\\/?p=184066\",\"url\":\"https:\\\/\\\/aconteceunovale.com.br\\\/portal\\\/?p=184066\",\"name\":\"Novo Sesc Almenara \u00e9 inaugurado - Aconteceu no Vale\",\"isPartOf\":{\"@id\":\"https:\\\/\\\/aconteceunovale.com.br\\\/portal\\\/#website\"},\"primaryImageOfPage\":{\"@id\":\"https:\\\/\\\/aconteceunovale.com.br\\\/portal\\\/?p=184066#primaryimage\"},\"image\":{\"@id\":\"https:\\\/\\\/aconteceunovale.com.br\\\/portal\\\/?p=184066#primaryimage\"},\"thumbnailUrl\":\"https:\\\/\\\/aconteceunovale.com.br\\\/portal\\\/wp-content\\\/uploads\\\/2021\\\/11\\\/novo_sesc_almenara_6.jpg\",\"datePublished\":\"2021-11-23T22:23:32+00:00\",\"dateModified\":\"2026-09-02T15:01:22+00:00\",\"author\":{\"@id\":\"https:\\\/\\\/aconteceunovale.com.br\\\/portal\\\/#\\\/schema\\\/person\\\/7d2f26d1483f8a63de73da1ee0754d35\"},\"breadcrumb\":{\"@id\":\"https:\\\/\\\/aconteceunovale.com.br\\\/portal\\\/?p=184066#breadcrumb\"},\"inLanguage\":\"pt-BR\",\"potentialAction\":[{\"@type\":\"ReadAction\",\"target\":[\"https:\\\/\\\/aconteceunovale.com.br\\\/portal\\\/?p=184066\"]}]},{\"@type\":\"ImageObject\",\"inLanguage\":\"pt-BR\",\"@id\":\"https:\\\/\\\/aconteceunovale.com.br\\\/portal\\\/?p=184066#primaryimage\",\"url\":\"https:\\\/\\\/aconteceunovale.com.br\\\/portal\\\/wp-content\\\/uploads\\\/2021\\\/11\\\/novo_sesc_almenara_6.jpg\",\"contentUrl\":\"https:\\\/\\\/aconteceunovale.com.br\\\/portal\\\/wp-content\\\/uploads\\\/2021\\\/11\\\/novo_sesc_almenara_6.jpg\",\"width\":675,\"height\":450},{\"@type\":\"BreadcrumbList\",\"@id\":\"https:\\\/\\\/aconteceunovale.com.br\\\/portal\\\/?p=184066#breadcrumb\",\"itemListElement\":[{\"@type\":\"ListItem\",\"position\":1,\"name\":\"In\u00edcio\",\"item\":\"https:\\\/\\\/aconteceunovale.com.br\\\/portal\\\/\"},{\"@type\":\"ListItem\",\"position\":2,\"name\":\"Novo Sesc Almenara \u00e9 inaugurado\"}]},{\"@type\":\"WebSite\",\"@id\":\"https:\\\/\\\/aconteceunovale.com.br\\\/portal\\\/#website\",\"url\":\"https:\\\/\\\/aconteceunovale.com.br\\\/portal\\\/\",\"name\":\"Aconteceu no Vale\",\"description\":\"Portal de Not\u00edcias\",\"potentialAction\":[{\"@type\":\"SearchAction\",\"target\":{\"@type\":\"EntryPoint\",\"urlTemplate\":\"https:\\\/\\\/aconteceunovale.com.br\\\/portal\\\/?s={search_term_string}\"},\"query-input\":{\"@type\":\"PropertyValueSpecification\",\"valueRequired\":true,\"valueName\":\"search_term_string\"}}],\"inLanguage\":\"pt-BR\"},{\"@type\":\"Person\",\"@id\":\"https:\\\/\\\/aconteceunovale.com.br\\\/portal\\\/#\\\/schema\\\/person\\\/7d2f26d1483f8a63de73da1ee0754d35\",\"name\":\"Reda\u00e7\u00e3o Aconteceu no Vale\",\"description\":\"Equipe de reportagem do Aconteceu no Vale, portal de not\u00edcias do Vale do Jequitinhonha, em Minas Gerais. Cobrimos as 51 cidades do Vale desde 2013. Sugest\u00f5es de pauta e pedidos de corre\u00e7\u00e3o: contato@aconteceunovale.com.br\",\"url\":\"https:\\\/\\\/aconteceunovale.com.br\\\/portal\\\/?author=4\"}]}<\/script>\n<!-- \/ Yoast SEO plugin. -->","yoast_head_json":{"title":"Novo Sesc Almenara \u00e9 inaugurado - Aconteceu no Vale","robots":{"index":"index","follow":"follow","max-snippet":"max-snippet:-1","max-image-preview":"max-image-preview:large","max-video-preview":"max-video-preview:-1"},"canonical":"https:\/\/aconteceunovale.com.br\/portal\/?p=184066","og_locale":"pt_BR","og_type":"article","og_title":"Novo Sesc Almenara \u00e9 inaugurado - Aconteceu no Vale","og_description":"O Sesc Almenara come\u00e7ou oficialmente uma nova fase na \u00faltima sexta-feira (19\/11\/25021). A cerim\u00f4nia contou com a presen\u00e7a dos diretores do Sesc em Minas, Grijalva de Carvalho Lage Duarte J\u00fanior (Diretor de Programas Sociais, Servi\u00e7os e Opera\u00e7\u00f5es) e Carlos Alberto Pereira da Silva (Diretor Financeiro), do prefeito de Almenara, Ademir Gobira, de l\u00edderes e empregados [&hellip;]","og_url":"https:\/\/aconteceunovale.com.br\/portal\/?p=184066","og_site_name":"Aconteceu no Vale","article_publisher":"https:\/\/www.facebook.com\/aconteceunovale\/","article_published_time":"2021-11-23T22:23:32+00:00","article_modified_time":"2026-09-02T15:01:22+00:00","og_image":[{"width":675,"height":450,"url":"https:\/\/aconteceunovale.com.br\/portal\/wp-content\/uploads\/2021\/11\/novo_sesc_almenara_6.jpg","type":"image\/jpeg"}],"author":"Reda\u00e7\u00e3o Aconteceu no Vale","twitter_card":"summary_large_image","twitter_creator":"@noticiadosvales","twitter_site":"@noticiadosvales","twitter_misc":{"Escrito por":"Reda\u00e7\u00e3o Aconteceu no Vale","Est. tempo de leitura":"2 minutos"},"schema":{"@context":"https:\/\/schema.org","@graph":[{"@type":"Article","@id":"https:\/\/aconteceunovale.com.br\/portal\/?p=184066#article","isPartOf":{"@id":"https:\/\/aconteceunovale.com.br\/portal\/?p=184066"},"author":{"name":"Reda\u00e7\u00e3o Aconteceu no Vale","@id":"https:\/\/aconteceunovale.com.br\/portal\/#\/schema\/person\/7d2f26d1483f8a63de73da1ee0754d35"},"headline":"Novo Sesc Almenara \u00e9 inaugurado","datePublished":"2021-11-23T22:23:32+00:00","dateModified":"2026-09-02T15:01:22+00:00","mainEntityOfPage":{"@id":"https:\/\/aconteceunovale.com.br\/portal\/?p=184066"},"wordCount":447,"commentCount":0,"image":{"@id":"https:\/\/aconteceunovale.com.br\/portal\/?p=184066#primaryimage"},"thumbnailUrl":"https:\/\/aconteceunovale.com.br\/portal\/wp-content\/uploads\/2021\/11\/novo_sesc_almenara_6.jpg","keywords":["Ademir Gobira","Almenara","Carlos Alberto Pereira da Silva","Cerim\u00f4nia de inaugura\u00e7\u00e3o do Novo Sesc Almenara","destaque","Endere\u00e7o do Sesc Almenara","Grijalva de Carvalho Lage Duarte J\u00fanior","Inaugura\u00e7\u00e3o do Novo Sesc Almenara","Novas instala\u00e7\u00f5es do Sesc Almenara","Novo Sesc Almenara","prefeito de almenara","Servi\u00e7os oferecidos pelo Sesc em Almenara","sesc","sesc almenara","Sesc em Minas","Sesc-MG"],"articleSection":["Almenara","Eventos","Vale do Jequitinhonha"],"inLanguage":"pt-BR","potentialAction":[{"@type":"CommentAction","name":"Comment","target":["https:\/\/aconteceunovale.com.br\/portal\/?p=184066#respond"]}]},{"@type":"WebPage","@id":"https:\/\/aconteceunovale.com.br\/portal\/?p=184066","url":"https:\/\/aconteceunovale.com.br\/portal\/?p=184066","name":"Novo Sesc Almenara \u00e9 inaugurado - Aconteceu no Vale","isPartOf":{"@id":"https:\/\/aconteceunovale.com.br\/portal\/#website"},"primaryImageOfPage":{"@id":"https:\/\/aconteceunovale.com.br\/portal\/?p=184066#primaryimage"},"image":{"@id":"https:\/\/aconteceunovale.com.br\/portal\/?p=184066#primaryimage"},"thumbnailUrl":"https:\/\/aconteceunovale.com.br\/portal\/wp-content\/uploads\/2021\/11\/novo_sesc_almenara_6.jpg","datePublished":"2021-11-23T22:23:32+00:00","dateModified":"2026-09-02T15:01:22+00:00","author":{"@id":"https:\/\/aconteceunovale.com.br\/portal\/#\/schema\/person\/7d2f26d1483f8a63de73da1ee0754d35"},"breadcrumb":{"@id":"https:\/\/aconteceunovale.com.br\/portal\/?p=184066#breadcrumb"},"inLanguage":"pt-BR","potentialAction":[{"@type":"ReadAction","target":["https:\/\/aconteceunovale.com.br\/portal\/?p=184066"]}]},{"@type":"ImageObject","inLanguage":"pt-BR","@id":"https:\/\/aconteceunovale.com.br\/portal\/?p=184066#primaryimage","url":"https:\/\/aconteceunovale.com.br\/portal\/wp-content\/uploads\/2021\/11\/novo_sesc_almenara_6.jpg","contentUrl":"https:\/\/aconteceunovale.com.br\/portal\/wp-content\/uploads\/2021\/11\/novo_sesc_almenara_6.jpg","width":675,"height":450},{"@type":"BreadcrumbList","@id":"https:\/\/aconteceunovale.com.br\/portal\/?p=184066#breadcrumb","itemListElement":[{"@type":"ListItem","position":1,"name":"In\u00edcio","item":"https:\/\/aconteceunovale.com.br\/portal\/"},{"@type":"ListItem","position":2,"name":"Novo Sesc Almenara \u00e9 inaugurado"}]},{"@type":"WebSite","@id":"https:\/\/aconteceunovale.com.br\/portal\/#website","url":"https:\/\/aconteceunovale.com.br\/portal\/","name":"Aconteceu no Vale","description":"Portal de Not\u00edcias","potentialAction":[{"@type":"SearchAction","target":{"@type":"EntryPoint","urlTemplate":"https:\/\/aconteceunovale.com.br\/portal\/?s={search_term_string}"},"query-input":{"@type":"PropertyValueSpecification","valueRequired":true,"valueName":"search_term_string"}}],"inLanguage":"pt-BR"},{"@type":"Person","@id":"https:\/\/aconteceunovale.com.br\/portal\/#\/schema\/person\/7d2f26d1483f8a63de73da1ee0754d35","name":"Reda\u00e7\u00e3o Aconteceu no Vale","description":"Equipe de reportagem do Aconteceu no Vale, portal de not\u00edcias do Vale do Jequitinhonha, em Minas Gerais. Cobrimos as 51 cidades do Vale desde 2013. Sugest\u00f5es de pauta e pedidos de corre\u00e7\u00e3o: contato@aconteceunovale.com.br","url":"https:\/\/aconteceunovale.com.br\/portal\/?author=4"}]}},"_links":{"self":[{"href":"https:\/\/aconteceunovale.com.br\/portal\/index.php?rest_route=\/wp\/v2\/posts\/184066","targetHints":{"allow":["GET"]}}],"collection":[{"href":"https:\/\/aconteceunovale.com.br\/portal\/index.php?rest_route=\/wp\/v2\/posts"}],"about":[{"href":"https:\/\/aconteceunovale.com.br\/portal\/index.php?rest_route=\/wp\/v2\/types\/post"}],"author":[{"embeddable":true,"href":"https:\/\/aconteceunovale.com.br\/portal\/index.php?rest_route=\/wp\/v2\/users\/4"}],"replies":[{"embeddable":true,"href":"https:\/\/aconteceunovale.com.br\/portal\/index.php?rest_route=%2Fwp%2Fv2%2Fcomments&post=184066"}],"version-history":[{"count":1,"href":"https:\/\/aconteceunovale.com.br\/portal\/index.php?rest_route=\/wp\/v2\/posts\/184066\/revisions"}],"predecessor-version":[{"id":184073,"href":"https:\/\/aconteceunovale.com.br\/portal\/index.php?rest_route=\/wp\/v2\/posts\/184066\/revisions\/184073"}],"wp:featuredmedia":[{"embeddable":true,"href":"https:\/\/aconteceunovale.com.br\/portal\/index.php?rest_route=\/wp\/v2\/media\/184067"}],"wp:attachment":[{"href":"https:\/\/aconteceunovale.com.br\/portal\/index.php?rest_route=%2Fwp%2Fv2%2Fmedia&parent=184066"}],"wp:term":[{"taxonomy":"category","embeddable":true,"href":"https:\/\/aconteceunovale.com.br\/portal\/index.php?rest_route=%2Fwp%2Fv2%2Fcategories&post=184066"},{"taxonomy":"post_tag","embeddable":true,"href":"https:\/\/aconteceunovale.com.br\/portal\/index.php?rest_route=%2Fwp%2Fv2%2Ftags&post=184066"}],"curies":[{"name":"wp","href":"https:\/\/api.w.org\/{rel}","templated":true}]}}