{"id":184061,"date":"2021-11-23T15:46:03","date_gmt":"2021-11-23T18:46:03","guid":{"rendered":"https:\/\/aconteceunovale.com.br\/portal\/?p=184061"},"modified":"2021-11-23T15:50:25","modified_gmt":"2021-11-23T18:50:25","slug":"ele-sai-daqui-com-sabor-de-amor-diz-produtora-de-cafe-do-vale-do-jequitinhonha","status":"publish","type":"post","link":"https:\/\/aconteceunovale.com.br\/portal\/?p=184061","title":{"rendered":"&#8220;Ele sai daqui com sabor de amor&#8221;, diz produtora de caf\u00e9 do Vale do Jequitinhonha"},"content":{"rendered":"\n<p class=\"wp-block-paragraph\"><em>&#8220;Ele sai daqui com sabor de amor, carinho e vontade de produzir qualidade&#8221;<\/em>. Assim a produtora Elvia Nakamura descreve o caf\u00e9 da Fazenda Nakamura, atendida pelo Programa de Assist\u00eancia T\u00e9cnica e Gerencial (ATeG) Caf\u00e9+Forte, que fez a primeira venda para o exterior com o aux\u00edlio do Instituto Caf\u00e9 Chapada de Minas (ICCM) e Sebrae.<\/p>\n\n\n\n<figure class=\"wp-block-gallery columns-1 is-cropped wp-block-gallery-1 is-layout-flex wp-block-gallery-is-layout-flex\"><ul class=\"blocks-gallery-grid\"><li class=\"blocks-gallery-item\"><figure><img loading=\"lazy\" decoding=\"async\" width=\"646\" height=\"450\" src=\"https:\/\/aconteceunovale.com.br\/portal\/wp-content\/uploads\/2021\/11\/cafe_jequi_1.jpg\" alt=\"\" data-id=\"184062\" data-full-url=\"https:\/\/aconteceunovale.com.br\/portal\/wp-content\/uploads\/2021\/11\/cafe_jequi_1.jpg\" data-link=\"https:\/\/aconteceunovale.com.br\/portal\/?attachment_id=184062\" class=\"wp-image-184062\" srcset=\"https:\/\/aconteceunovale.com.br\/portal\/wp-content\/uploads\/2021\/11\/cafe_jequi_1.jpg 646w, https:\/\/aconteceunovale.com.br\/portal\/wp-content\/uploads\/2021\/11\/cafe_jequi_1-300x209.jpg 300w, https:\/\/aconteceunovale.com.br\/portal\/wp-content\/uploads\/2021\/11\/cafe_jequi_1-100x70.jpg 100w, https:\/\/aconteceunovale.com.br\/portal\/wp-content\/uploads\/2021\/11\/cafe_jequi_1-603x420.jpg 603w\" sizes=\"auto, (max-width: 646px) 100vw, 646px\" \/><figcaption class=\"blocks-gallery-item__caption\"><em>Cl\u00e1udio e Elvia Nakamura (Foto: Divulga\u00e7\u00e3o \/ Sistema FAEMG)<\/em><\/figcaption><\/figure><\/li><\/ul><\/figure>\n\n\n\n<p class=\"wp-block-paragraph\">Os gr\u00e3os especiais sa\u00edram do munic\u00edpio de Jos\u00e9 Gon\u00e7alves de Minas, na regi\u00e3o da Chapada de Minas, no Vale do Jequitinhonha, com destino \u00e0 Austr\u00e1lia. A expectativa \u00e9 que seja o primeiro de muitos pedidos.<\/p>\n\n\n\n<p class=\"wp-block-paragraph\">Ao contar sobre o feito, o produtor Cl\u00e1udio Nakamura, marido de Elvia, relembra a sua chegada na fazenda, a supera\u00e7\u00e3o e o hist\u00f3rico de sucess\u00e3o familiar. <em>\u201cA minha fam\u00edlia j\u00e1 trabalhava na atividade no estado do Paran\u00e1. Infelizmente, em 1975, durante a geada, perdemos grande parte da lavoura e nos separamos para buscar outras regi\u00f5es do Brasil a fim de continuar o trabalho com o caf\u00e9. Em 1985 cheguei aqui e fiquei\u201d.<\/em><\/p>\n\n\n\n<p class=\"wp-block-paragraph\"><strong>Efeito do Programa de Assist\u00eancia T\u00e9cnica e Gerencial<\/strong><\/p>\n\n\n\n<p class=\"wp-block-paragraph\">Embora seja graduado em engenharia agron\u00f4mica, o produtor entende que, com o aux\u00edlio do ATeG, consegue desenvolver mais setores da propriedade. <em>\u201cAl\u00e9m de sempre aprimorarmos a atividade agr\u00edcola em parceria com o t\u00e9cnico, a assist\u00eancia otimizou o controle de despesas, diminuiu o custo de produ\u00e7\u00e3o, trouxe agilidade no abastecimento de dados e oportunidade de mais capacita\u00e7\u00e3o\u201d.<\/em><\/p>\n\n\n\n<figure class=\"wp-block-gallery columns-1 is-cropped wp-block-gallery-2 is-layout-flex wp-block-gallery-is-layout-flex\"><ul class=\"blocks-gallery-grid\"><li class=\"blocks-gallery-item\"><figure><img loading=\"lazy\" decoding=\"async\" width=\"664\" height=\"450\" src=\"https:\/\/aconteceunovale.com.br\/portal\/wp-content\/uploads\/2021\/11\/cafe_jequi_2.jpeg\" alt=\"\" data-id=\"184063\" data-full-url=\"https:\/\/aconteceunovale.com.br\/portal\/wp-content\/uploads\/2021\/11\/cafe_jequi_2.jpeg\" data-link=\"https:\/\/aconteceunovale.com.br\/portal\/?attachment_id=184063\" class=\"wp-image-184063\" srcset=\"https:\/\/aconteceunovale.com.br\/portal\/wp-content\/uploads\/2021\/11\/cafe_jequi_2.jpeg 664w, https:\/\/aconteceunovale.com.br\/portal\/wp-content\/uploads\/2021\/11\/cafe_jequi_2-300x203.jpeg 300w, https:\/\/aconteceunovale.com.br\/portal\/wp-content\/uploads\/2021\/11\/cafe_jequi_2-620x420.jpeg 620w\" sizes=\"auto, (max-width: 664px) 100vw, 664px\" \/><figcaption class=\"blocks-gallery-item__caption\"><em>Cl\u00e1udio Nakamura acompanhado do supervisor do ATeG Caf\u00e9+Forte, Sebasti\u00e3o Brinate, e do t\u00e9cnico de campo Luiz Felipe de Oliveira (Foto: Divulga\u00e7\u00e3o \/ Sistema FAEMG)<\/em><\/figcaption><\/figure><\/li><\/ul><\/figure>\n\n\n\n<p class=\"wp-block-paragraph\">O t\u00e9cnico de campo Luiz Felipe de Oliveira falou sobre os resultados da disciplina do casal Nakamura. <em>\u201cA propriedade passou de 200 sacas no ano de 2020 para 300 sacas, em 2021. O produtor conseguiu maior pre\u00e7o m\u00e9dio de venda, boa produtividade m\u00e9dia e sustentabilidade no empreendimento. Os n\u00fameros n\u00e3o mentem jamais\u201d,<\/em> confirmou.<\/p>\n\n\n\n<p class=\"wp-block-paragraph\">Orgulhosa, a Presidente do ICCM \u2013 Instituto do Caf\u00e9 da Chapada de Minas, Carmen Lydia Junqueira Puliti Meirelles, ressalta que, na regi\u00e3o, mais de 120 propriedades contam com o atendimento do Programa ATeG Caf\u00e9+Forte. <em>\u201cO crescimento \u00e9 n\u00edtido, assim como a seguran\u00e7a dos produtores em conduzir as lavouras. \u00c9 mais economia, qualidade, gest\u00e3o financeira e sustentabilidade. O Sistema FAEMG\/SENAR\/INAES \u00e9 uma escola maravilhosa e o produtor n\u00e3o pode ficar sem ela\u201d.<\/em><\/p>\n\n\n\n<p class=\"wp-block-paragraph\">Para o gerente regional do Sistema FAEMG\/SENAR\/INAES em Ara\u00e7ua\u00ed, Luiz Rodolfo Antunes Quaresma, o sucesso da propriedade tamb\u00e9m prova o potencial do Vale do Jequitinhonha. <em>\u201cA regi\u00e3o da Chapada de Minas est\u00e1 no Vale e \u00e9 composta por propriedades de grande potencial. A busca pelos especiais cresceu e o grupo est\u00e1 se preparando para atender a demanda com agilidade e qualidade\u201d.<\/em><\/p>\n\n\n\n<p class=\"wp-block-paragraph\"><strong>Colheita humanizada<\/strong><\/p>\n\n\n\n<p class=\"wp-block-paragraph\">A propriedade possui 249 hectares e 60 deles s\u00e3o destinados \u00e0 cafeicultura. O casal conta que, na \u00e9poca em que chegou na regi\u00e3o, percebeu que o local estava carente de empregos e, a partir de ent\u00e3o, come\u00e7ou a dar prioridade \u00e0 m\u00e3o de obra humana. <em>\u201cAcreditamos que o sabor do caf\u00e9 engloba tamb\u00e9m o relacionamento com as pessoas. Ele \u00e9 uma planta viva e d\u00e1 resposta aos sentimentos. Instru\u00edmos a todos para, na hora da colheita, trat\u00e1-lo com gratid\u00e3o e alegria. Temos percebido que isso faz diferen\u00e7a e a fruta responde\u201d.<\/em><\/p>\n\n\n\n<p class=\"wp-block-paragraph\">&#8212;&#8212;&#8212;&#8212;&#8212;&#8212;<br><em>Quer receber as not\u00edcias do <strong>Aconteceu no Vale<\/strong> em primeira m\u00e3o? Siga-nos no Facebook <a rel=\"noreferrer noopener\" href=\"http:\/\/facebook.com\/aconteceunovale\" target=\"_blank\">@aconteceunovale<\/a>, Twitter <a rel=\"noreferrer noopener\" href=\"https:\/\/twitter.com\/noticiadosvales\" target=\"_blank\">@noticiadosvales<\/a> e Instagram <a rel=\"noreferrer noopener\" href=\"https:\/\/www.instagram.com\/aconteceunovale\" target=\"_blank\">@aconteceunovale<\/a>.<\/em><\/p>\n","protected":false},"excerpt":{"rendered":"<p>&#8220;Ele sai daqui com sabor de amor, carinho e vontade de produzir qualidade&#8221;. Assim a produtora Elvia Nakamura descreve o caf\u00e9 da Fazenda Nakamura, atendida pelo Programa de Assist\u00eancia T\u00e9cnica e Gerencial (ATeG) Caf\u00e9+Forte, que fez a primeira venda para o exterior com o aux\u00edlio do Instituto Caf\u00e9 Chapada de Minas (ICCM) e Sebrae. Os [&hellip;]<\/p>\n","protected":false},"author":4,"featured_media":184062,"comment_status":"open","ping_status":"closed","sticky":false,"template":"","format":"standard","meta":{"amp_status":"","footnotes":""},"categories":[120],"tags":[186,254780,254781,19911,383,248418,254778,254776,186445,254787,164394,254785,254784,254790,254777,254779,198118,254788,254782,917,160778,254789,18373,254783,251306,254786,176,62282,38343],"class_list":["post-184061","post","type-post","status-publish","format-standard","has-post-thumbnail","hentry","category-jequi","tag-aracuai","tag-ateg","tag-ateg-cafe-forte","tag-australia","tag-cafe-da-chapada-de-minas","tag-cafe-do-vale-do-jequitinhonha","tag-cafe-produzido-na-fazenda-nakamura","tag-cafe-produzido-no-vale-do-jequitinhonha","tag-carmen-lydia-junqueira-puliti-meirelles","tag-casal-nakamura","tag-chapada-de-minas","tag-claudio-e-elvia-nakamura","tag-claudio-nakamura","tag-colheita-humanizada-de-cafe","tag-elvia-nakamura","tag-fazenda-nakamura","tag-iccm","tag-inaes","tag-instituto-cafe-chapada-de-minas","tag-jose-goncalves-de-minas","tag-luiz-felipe-de-oliveira","tag-luiz-rodolfo-antunes-quaresma","tag-parana","tag-producao-de-cafe-em-jose-goncalves-de-minas","tag-producao-de-cafe-no-vale-do-jequitinhonha","tag-programa-de-assistencia-tecnica-e-gerencial-do-senar","tag-sebrae","tag-senar","tag-senar-minas"],"yoast_head":"<!-- This site is optimized with the Yoast SEO plugin v28.3 - https:\/\/yoast.com\/product\/yoast-seo-wordpress\/ -->\n<title>&quot;Ele sai daqui com sabor de amor&quot;, diz produtora de caf\u00e9 do Vale do Jequitinhonha - Aconteceu no Vale<\/title>\n<meta name=\"robots\" content=\"index, follow, max-snippet:-1, max-image-preview:large, max-video-preview:-1\" \/>\n<link rel=\"canonical\" href=\"https:\/\/aconteceunovale.com.br\/portal\/?p=184061\" \/>\n<meta property=\"og:locale\" content=\"pt_BR\" \/>\n<meta property=\"og:type\" content=\"article\" \/>\n<meta property=\"og:title\" content=\"&quot;Ele sai daqui com sabor de amor&quot;, diz produtora de caf\u00e9 do Vale do Jequitinhonha - Aconteceu no Vale\" \/>\n<meta property=\"og:description\" content=\"&#8220;Ele sai daqui com sabor de amor, carinho e vontade de produzir qualidade&#8221;. Assim a produtora Elvia Nakamura descreve o caf\u00e9 da Fazenda Nakamura, atendida pelo Programa de Assist\u00eancia T\u00e9cnica e Gerencial (ATeG) Caf\u00e9+Forte, que fez a primeira venda para o exterior com o aux\u00edlio do Instituto Caf\u00e9 Chapada de Minas (ICCM) e Sebrae. Os [&hellip;]\" \/>\n<meta property=\"og:url\" content=\"https:\/\/aconteceunovale.com.br\/portal\/?p=184061\" \/>\n<meta property=\"og:site_name\" content=\"Aconteceu no Vale\" \/>\n<meta property=\"article:publisher\" content=\"https:\/\/www.facebook.com\/aconteceunovale\/\" \/>\n<meta property=\"article:published_time\" content=\"2021-11-23T18:46:03+00:00\" \/>\n<meta property=\"article:modified_time\" content=\"2021-11-23T18:50:25+00:00\" \/>\n<meta property=\"og:image\" content=\"https:\/\/aconteceunovale.com.br\/portal\/wp-content\/uploads\/2021\/11\/cafe_jequi_1.jpg\" \/>\n\t<meta property=\"og:image:width\" content=\"646\" \/>\n\t<meta property=\"og:image:height\" content=\"450\" \/>\n\t<meta property=\"og:image:type\" content=\"image\/jpeg\" \/>\n<meta name=\"author\" content=\"Reda\u00e7\u00e3o Aconteceu no Vale\" \/>\n<meta name=\"twitter:card\" content=\"summary_large_image\" \/>\n<meta name=\"twitter:creator\" content=\"@noticiadosvales\" \/>\n<meta name=\"twitter:site\" content=\"@noticiadosvales\" \/>\n<meta name=\"twitter:label1\" content=\"Escrito por\" \/>\n\t<meta name=\"twitter:data1\" content=\"Reda\u00e7\u00e3o Aconteceu no Vale\" \/>\n\t<meta name=\"twitter:label2\" content=\"Est. tempo de leitura\" \/>\n\t<meta name=\"twitter:data2\" content=\"3 minutos\" \/>\n<script type=\"application\/ld+json\" class=\"yoast-schema-graph\">{\"@context\":\"https:\\\/\\\/schema.org\",\"@graph\":[{\"@type\":\"Article\",\"@id\":\"https:\\\/\\\/aconteceunovale.com.br\\\/portal\\\/?p=184061#article\",\"isPartOf\":{\"@id\":\"https:\\\/\\\/aconteceunovale.com.br\\\/portal\\\/?p=184061\"},\"author\":{\"name\":\"Reda\u00e7\u00e3o Aconteceu no Vale\",\"@id\":\"https:\\\/\\\/aconteceunovale.com.br\\\/portal\\\/#\\\/schema\\\/person\\\/7d2f26d1483f8a63de73da1ee0754d35\"},\"headline\":\"&#8220;Ele sai daqui com sabor de amor&#8221;, diz produtora de caf\u00e9 do Vale do Jequitinhonha\",\"datePublished\":\"2021-11-23T18:46:03+00:00\",\"dateModified\":\"2021-11-23T18:50:25+00:00\",\"mainEntityOfPage\":{\"@id\":\"https:\\\/\\\/aconteceunovale.com.br\\\/portal\\\/?p=184061\"},\"wordCount\":615,\"commentCount\":0,\"image\":{\"@id\":\"https:\\\/\\\/aconteceunovale.com.br\\\/portal\\\/?p=184061#primaryimage\"},\"thumbnailUrl\":\"https:\\\/\\\/aconteceunovale.com.br\\\/portal\\\/wp-content\\\/uploads\\\/2021\\\/11\\\/cafe_jequi_1.jpg\",\"keywords\":[\"Ara\u00e7ua\u00ed\",\"ATeG\",\"ATeG Caf\u00e9 + Forte\",\"Austr\u00e1lia\",\"Caf\u00e9 da Chapada de Minas\",\"Caf\u00e9 do Vale do Jequitinhonha\",\"Caf\u00e9 produzido na Fazenda Nakamura\",\"Caf\u00e9 produzido no Vale do Jequitinhonha\",\"Carmen Lydia Junqueira Puliti Meirelles\",\"Casal Nakamura\",\"Chapada de Minas\",\"Cl\u00e1udio e Elvia Nakamura\",\"Claudio Nakamura\",\"Colheita humanizada de caf\u00e9\",\"Elvia Nakamura\",\"Fazenda Nakamura\",\"ICCM\",\"INAES\",\"Instituto Caf\u00e9 Chapada de Minas\",\"jos\u00e9 gon\u00e7alves de minas\",\"Luiz Felipe de Oliveira\",\"Luiz Rodolfo Antunes Quaresma\",\"Paran\u00e1\",\"Produ\u00e7\u00e3o de caf\u00e9 em Jos\u00e9 Gon\u00e7alves de Minas\",\"Produ\u00e7\u00e3o de caf\u00e9 no Vale do Jequitinhonha\",\"Programa de Assist\u00eancia T\u00e9cnica e Gerencial do Senar\",\"Sebrae\",\"Senar\",\"Senar Minas\"],\"articleSection\":[\"Vale do Jequitinhonha\"],\"inLanguage\":\"pt-BR\",\"potentialAction\":[{\"@type\":\"CommentAction\",\"name\":\"Comment\",\"target\":[\"https:\\\/\\\/aconteceunovale.com.br\\\/portal\\\/?p=184061#respond\"]}]},{\"@type\":\"WebPage\",\"@id\":\"https:\\\/\\\/aconteceunovale.com.br\\\/portal\\\/?p=184061\",\"url\":\"https:\\\/\\\/aconteceunovale.com.br\\\/portal\\\/?p=184061\",\"name\":\"\\\"Ele sai daqui com sabor de amor\\\", diz produtora de caf\u00e9 do Vale do Jequitinhonha - Aconteceu no Vale\",\"isPartOf\":{\"@id\":\"https:\\\/\\\/aconteceunovale.com.br\\\/portal\\\/#website\"},\"primaryImageOfPage\":{\"@id\":\"https:\\\/\\\/aconteceunovale.com.br\\\/portal\\\/?p=184061#primaryimage\"},\"image\":{\"@id\":\"https:\\\/\\\/aconteceunovale.com.br\\\/portal\\\/?p=184061#primaryimage\"},\"thumbnailUrl\":\"https:\\\/\\\/aconteceunovale.com.br\\\/portal\\\/wp-content\\\/uploads\\\/2021\\\/11\\\/cafe_jequi_1.jpg\",\"datePublished\":\"2021-11-23T18:46:03+00:00\",\"dateModified\":\"2021-11-23T18:50:25+00:00\",\"author\":{\"@id\":\"https:\\\/\\\/aconteceunovale.com.br\\\/portal\\\/#\\\/schema\\\/person\\\/7d2f26d1483f8a63de73da1ee0754d35\"},\"breadcrumb\":{\"@id\":\"https:\\\/\\\/aconteceunovale.com.br\\\/portal\\\/?p=184061#breadcrumb\"},\"inLanguage\":\"pt-BR\",\"potentialAction\":[{\"@type\":\"ReadAction\",\"target\":[\"https:\\\/\\\/aconteceunovale.com.br\\\/portal\\\/?p=184061\"]}]},{\"@type\":\"ImageObject\",\"inLanguage\":\"pt-BR\",\"@id\":\"https:\\\/\\\/aconteceunovale.com.br\\\/portal\\\/?p=184061#primaryimage\",\"url\":\"https:\\\/\\\/aconteceunovale.com.br\\\/portal\\\/wp-content\\\/uploads\\\/2021\\\/11\\\/cafe_jequi_1.jpg\",\"contentUrl\":\"https:\\\/\\\/aconteceunovale.com.br\\\/portal\\\/wp-content\\\/uploads\\\/2021\\\/11\\\/cafe_jequi_1.jpg\",\"width\":646,\"height\":450},{\"@type\":\"BreadcrumbList\",\"@id\":\"https:\\\/\\\/aconteceunovale.com.br\\\/portal\\\/?p=184061#breadcrumb\",\"itemListElement\":[{\"@type\":\"ListItem\",\"position\":1,\"name\":\"In\u00edcio\",\"item\":\"https:\\\/\\\/aconteceunovale.com.br\\\/portal\\\/\"},{\"@type\":\"ListItem\",\"position\":2,\"name\":\"&#8220;Ele sai daqui com sabor de amor&#8221;, diz produtora de caf\u00e9 do Vale do Jequitinhonha\"}]},{\"@type\":\"WebSite\",\"@id\":\"https:\\\/\\\/aconteceunovale.com.br\\\/portal\\\/#website\",\"url\":\"https:\\\/\\\/aconteceunovale.com.br\\\/portal\\\/\",\"name\":\"Aconteceu no Vale\",\"description\":\"Portal de Not\u00edcias\",\"potentialAction\":[{\"@type\":\"SearchAction\",\"target\":{\"@type\":\"EntryPoint\",\"urlTemplate\":\"https:\\\/\\\/aconteceunovale.com.br\\\/portal\\\/?s={search_term_string}\"},\"query-input\":{\"@type\":\"PropertyValueSpecification\",\"valueRequired\":true,\"valueName\":\"search_term_string\"}}],\"inLanguage\":\"pt-BR\"},{\"@type\":\"Person\",\"@id\":\"https:\\\/\\\/aconteceunovale.com.br\\\/portal\\\/#\\\/schema\\\/person\\\/7d2f26d1483f8a63de73da1ee0754d35\",\"name\":\"Reda\u00e7\u00e3o Aconteceu no Vale\",\"description\":\"Equipe de reportagem do Aconteceu no Vale, portal de not\u00edcias do Vale do Jequitinhonha, em Minas Gerais. Cobrimos as 51 cidades do Vale desde 2013. Sugest\u00f5es de pauta e pedidos de corre\u00e7\u00e3o: contato@aconteceunovale.com.br\",\"url\":\"https:\\\/\\\/aconteceunovale.com.br\\\/portal\\\/?author=4\"}]}<\/script>\n<!-- \/ Yoast SEO plugin. -->","yoast_head_json":{"title":"\"Ele sai daqui com sabor de amor\", diz produtora de caf\u00e9 do Vale do Jequitinhonha - Aconteceu no Vale","robots":{"index":"index","follow":"follow","max-snippet":"max-snippet:-1","max-image-preview":"max-image-preview:large","max-video-preview":"max-video-preview:-1"},"canonical":"https:\/\/aconteceunovale.com.br\/portal\/?p=184061","og_locale":"pt_BR","og_type":"article","og_title":"\"Ele sai daqui com sabor de amor\", diz produtora de caf\u00e9 do Vale do Jequitinhonha - Aconteceu no Vale","og_description":"&#8220;Ele sai daqui com sabor de amor, carinho e vontade de produzir qualidade&#8221;. Assim a produtora Elvia Nakamura descreve o caf\u00e9 da Fazenda Nakamura, atendida pelo Programa de Assist\u00eancia T\u00e9cnica e Gerencial (ATeG) Caf\u00e9+Forte, que fez a primeira venda para o exterior com o aux\u00edlio do Instituto Caf\u00e9 Chapada de Minas (ICCM) e Sebrae. Os [&hellip;]","og_url":"https:\/\/aconteceunovale.com.br\/portal\/?p=184061","og_site_name":"Aconteceu no Vale","article_publisher":"https:\/\/www.facebook.com\/aconteceunovale\/","article_published_time":"2021-11-23T18:46:03+00:00","article_modified_time":"2021-11-23T18:50:25+00:00","og_image":[{"width":646,"height":450,"url":"https:\/\/aconteceunovale.com.br\/portal\/wp-content\/uploads\/2021\/11\/cafe_jequi_1.jpg","type":"image\/jpeg"}],"author":"Reda\u00e7\u00e3o Aconteceu no Vale","twitter_card":"summary_large_image","twitter_creator":"@noticiadosvales","twitter_site":"@noticiadosvales","twitter_misc":{"Escrito por":"Reda\u00e7\u00e3o Aconteceu no Vale","Est. tempo de leitura":"3 minutos"},"schema":{"@context":"https:\/\/schema.org","@graph":[{"@type":"Article","@id":"https:\/\/aconteceunovale.com.br\/portal\/?p=184061#article","isPartOf":{"@id":"https:\/\/aconteceunovale.com.br\/portal\/?p=184061"},"author":{"name":"Reda\u00e7\u00e3o Aconteceu no Vale","@id":"https:\/\/aconteceunovale.com.br\/portal\/#\/schema\/person\/7d2f26d1483f8a63de73da1ee0754d35"},"headline":"&#8220;Ele sai daqui com sabor de amor&#8221;, diz produtora de caf\u00e9 do Vale do Jequitinhonha","datePublished":"2021-11-23T18:46:03+00:00","dateModified":"2021-11-23T18:50:25+00:00","mainEntityOfPage":{"@id":"https:\/\/aconteceunovale.com.br\/portal\/?p=184061"},"wordCount":615,"commentCount":0,"image":{"@id":"https:\/\/aconteceunovale.com.br\/portal\/?p=184061#primaryimage"},"thumbnailUrl":"https:\/\/aconteceunovale.com.br\/portal\/wp-content\/uploads\/2021\/11\/cafe_jequi_1.jpg","keywords":["Ara\u00e7ua\u00ed","ATeG","ATeG Caf\u00e9 + Forte","Austr\u00e1lia","Caf\u00e9 da Chapada de Minas","Caf\u00e9 do Vale do Jequitinhonha","Caf\u00e9 produzido na Fazenda Nakamura","Caf\u00e9 produzido no Vale do Jequitinhonha","Carmen Lydia Junqueira Puliti Meirelles","Casal Nakamura","Chapada de Minas","Cl\u00e1udio e Elvia Nakamura","Claudio Nakamura","Colheita humanizada de caf\u00e9","Elvia Nakamura","Fazenda Nakamura","ICCM","INAES","Instituto Caf\u00e9 Chapada de Minas","jos\u00e9 gon\u00e7alves de minas","Luiz Felipe de Oliveira","Luiz Rodolfo Antunes Quaresma","Paran\u00e1","Produ\u00e7\u00e3o de caf\u00e9 em Jos\u00e9 Gon\u00e7alves de Minas","Produ\u00e7\u00e3o de caf\u00e9 no Vale do Jequitinhonha","Programa de Assist\u00eancia T\u00e9cnica e Gerencial do Senar","Sebrae","Senar","Senar Minas"],"articleSection":["Vale do Jequitinhonha"],"inLanguage":"pt-BR","potentialAction":[{"@type":"CommentAction","name":"Comment","target":["https:\/\/aconteceunovale.com.br\/portal\/?p=184061#respond"]}]},{"@type":"WebPage","@id":"https:\/\/aconteceunovale.com.br\/portal\/?p=184061","url":"https:\/\/aconteceunovale.com.br\/portal\/?p=184061","name":"\"Ele sai daqui com sabor de amor\", diz produtora de caf\u00e9 do Vale do Jequitinhonha - Aconteceu no Vale","isPartOf":{"@id":"https:\/\/aconteceunovale.com.br\/portal\/#website"},"primaryImageOfPage":{"@id":"https:\/\/aconteceunovale.com.br\/portal\/?p=184061#primaryimage"},"image":{"@id":"https:\/\/aconteceunovale.com.br\/portal\/?p=184061#primaryimage"},"thumbnailUrl":"https:\/\/aconteceunovale.com.br\/portal\/wp-content\/uploads\/2021\/11\/cafe_jequi_1.jpg","datePublished":"2021-11-23T18:46:03+00:00","dateModified":"2021-11-23T18:50:25+00:00","author":{"@id":"https:\/\/aconteceunovale.com.br\/portal\/#\/schema\/person\/7d2f26d1483f8a63de73da1ee0754d35"},"breadcrumb":{"@id":"https:\/\/aconteceunovale.com.br\/portal\/?p=184061#breadcrumb"},"inLanguage":"pt-BR","potentialAction":[{"@type":"ReadAction","target":["https:\/\/aconteceunovale.com.br\/portal\/?p=184061"]}]},{"@type":"ImageObject","inLanguage":"pt-BR","@id":"https:\/\/aconteceunovale.com.br\/portal\/?p=184061#primaryimage","url":"https:\/\/aconteceunovale.com.br\/portal\/wp-content\/uploads\/2021\/11\/cafe_jequi_1.jpg","contentUrl":"https:\/\/aconteceunovale.com.br\/portal\/wp-content\/uploads\/2021\/11\/cafe_jequi_1.jpg","width":646,"height":450},{"@type":"BreadcrumbList","@id":"https:\/\/aconteceunovale.com.br\/portal\/?p=184061#breadcrumb","itemListElement":[{"@type":"ListItem","position":1,"name":"In\u00edcio","item":"https:\/\/aconteceunovale.com.br\/portal\/"},{"@type":"ListItem","position":2,"name":"&#8220;Ele sai daqui com sabor de amor&#8221;, diz produtora de caf\u00e9 do Vale do Jequitinhonha"}]},{"@type":"WebSite","@id":"https:\/\/aconteceunovale.com.br\/portal\/#website","url":"https:\/\/aconteceunovale.com.br\/portal\/","name":"Aconteceu no Vale","description":"Portal de Not\u00edcias","potentialAction":[{"@type":"SearchAction","target":{"@type":"EntryPoint","urlTemplate":"https:\/\/aconteceunovale.com.br\/portal\/?s={search_term_string}"},"query-input":{"@type":"PropertyValueSpecification","valueRequired":true,"valueName":"search_term_string"}}],"inLanguage":"pt-BR"},{"@type":"Person","@id":"https:\/\/aconteceunovale.com.br\/portal\/#\/schema\/person\/7d2f26d1483f8a63de73da1ee0754d35","name":"Reda\u00e7\u00e3o Aconteceu no Vale","description":"Equipe de reportagem do Aconteceu no Vale, portal de not\u00edcias do Vale do Jequitinhonha, em Minas Gerais. Cobrimos as 51 cidades do Vale desde 2013. Sugest\u00f5es de pauta e pedidos de corre\u00e7\u00e3o: contato@aconteceunovale.com.br","url":"https:\/\/aconteceunovale.com.br\/portal\/?author=4"}]}},"_links":{"self":[{"href":"https:\/\/aconteceunovale.com.br\/portal\/index.php?rest_route=\/wp\/v2\/posts\/184061","targetHints":{"allow":["GET"]}}],"collection":[{"href":"https:\/\/aconteceunovale.com.br\/portal\/index.php?rest_route=\/wp\/v2\/posts"}],"about":[{"href":"https:\/\/aconteceunovale.com.br\/portal\/index.php?rest_route=\/wp\/v2\/types\/post"}],"author":[{"embeddable":true,"href":"https:\/\/aconteceunovale.com.br\/portal\/index.php?rest_route=\/wp\/v2\/users\/4"}],"replies":[{"embeddable":true,"href":"https:\/\/aconteceunovale.com.br\/portal\/index.php?rest_route=%2Fwp%2Fv2%2Fcomments&post=184061"}],"version-history":[{"count":2,"href":"https:\/\/aconteceunovale.com.br\/portal\/index.php?rest_route=\/wp\/v2\/posts\/184061\/revisions"}],"predecessor-version":[{"id":184065,"href":"https:\/\/aconteceunovale.com.br\/portal\/index.php?rest_route=\/wp\/v2\/posts\/184061\/revisions\/184065"}],"wp:featuredmedia":[{"embeddable":true,"href":"https:\/\/aconteceunovale.com.br\/portal\/index.php?rest_route=\/wp\/v2\/media\/184062"}],"wp:attachment":[{"href":"https:\/\/aconteceunovale.com.br\/portal\/index.php?rest_route=%2Fwp%2Fv2%2Fmedia&parent=184061"}],"wp:term":[{"taxonomy":"category","embeddable":true,"href":"https:\/\/aconteceunovale.com.br\/portal\/index.php?rest_route=%2Fwp%2Fv2%2Fcategories&post=184061"},{"taxonomy":"post_tag","embeddable":true,"href":"https:\/\/aconteceunovale.com.br\/portal\/index.php?rest_route=%2Fwp%2Fv2%2Ftags&post=184061"}],"curies":[{"name":"wp","href":"https:\/\/api.w.org\/{rel}","templated":true}]}}