{"id":184022,"date":"2021-11-23T06:54:03","date_gmt":"2021-11-23T09:54:03","guid":{"rendered":"https:\/\/aconteceunovale.com.br\/portal\/?p=184022"},"modified":"2021-11-23T06:57:25","modified_gmt":"2021-11-23T09:57:25","slug":"policiais-apreendem-viatura-clonada-durante-operacao-no-rio","status":"publish","type":"post","link":"https:\/\/aconteceunovale.com.br\/portal\/?p=184022","title":{"rendered":"Policiais apreendem viatura clonada durante opera\u00e7\u00e3o no Rio"},"content":{"rendered":"\n<p>Policiais civis da Delegacia de Repress\u00e3o a Entorpecentes (DRE) localizaram, nesta segunda-feira (22\/11\/2021), no Rio de Janeiro, mais um esconderijo do narcomiliciano Danilo Dias Lima, conhecido como Tandera. Desta vez, foi em um s\u00edtio em Serop\u00e9dica, na Baixada Fluminense.&nbsp;<img decoding=\"async\" src=\"https:\/\/agenciabrasil.ebc.com.br\/ebc.png?id=1428540&amp;o=node\"><img decoding=\"async\" src=\"https:\/\/agenciabrasil.ebc.com.br\/ebc.gif?id=1428540&amp;o=node\"><\/p>\n\n\n\n<figure class=\"wp-block-gallery columns-1 is-cropped wp-block-gallery-1 is-layout-flex wp-block-gallery-is-layout-flex\"><ul class=\"blocks-gallery-grid\"><li class=\"blocks-gallery-item\"><figure><img loading=\"lazy\" decoding=\"async\" width=\"678\" height=\"406\" src=\"https:\/\/aconteceunovale.com.br\/portal\/wp-content\/uploads\/2021\/11\/viatura_clonada.jpg\" alt=\"\" data-id=\"184023\" data-full-url=\"https:\/\/aconteceunovale.com.br\/portal\/wp-content\/uploads\/2021\/11\/viatura_clonada.jpg\" data-link=\"https:\/\/aconteceunovale.com.br\/portal\/?attachment_id=184023\" class=\"wp-image-184023\" srcset=\"https:\/\/aconteceunovale.com.br\/portal\/wp-content\/uploads\/2021\/11\/viatura_clonada.jpg 678w, https:\/\/aconteceunovale.com.br\/portal\/wp-content\/uploads\/2021\/11\/viatura_clonada-300x180.jpg 300w\" sizes=\"auto, (max-width: 678px) 100vw, 678px\" \/><figcaption class=\"blocks-gallery-item__caption\"><em>Carro original e o ve\u00edculo clonado &#8211; Foto: Secretaria de Estado de Pol\u00edcia Civil \/ Divulga\u00e7\u00e3o<\/em><\/figcaption><\/figure><\/li><\/ul><\/figure>\n\n\n\n<p>Ali, os agentes encontraram um carro clonado com a inscri\u00e7\u00e3o CGPOL (Corregedoria-Geral de Pol\u00edcia Civil). Na a\u00e7\u00e3o, eles prenderam um homem identificado como seguran\u00e7a de Tandera e apreenderam um fuzil, uma pistola, v\u00e1rios carregadores e muni\u00e7\u00f5es. O preso e o material foram levados para a Cidade da Pol\u00edcia, no Jacarezinho, zona norte da capital.<\/p>\n\n\n\n<p>Tamb\u00e9m nesta segunda-feira, os agentes realizam outras dilig\u00eancias na Baixada Fluminense em busca de alvos.<\/p>\n\n\n\n<p>O delegado titular da Delegacia de Repress\u00e3o a Entorpecentes (DRE), Marcus Amin, disse que essa \u00e9 mais uma a\u00e7\u00e3o da For\u00e7a Tarefa da Pol\u00edcia Civil contra a narcomil\u00edcia no Rio de Janeiro.&nbsp;<\/p>\n\n\n\n<p>\u201cDentro do s\u00edtio, al\u00e9m de um fuzil, n\u00f3s encontramos uma viatura clonada, caracterizada da Pol\u00edcia Civil, com as inscri\u00e7\u00f5es da CGPOL. A perfei\u00e7\u00e3o dessa falsifica\u00e7\u00e3o nos chamou a aten\u00e7\u00e3o. Esse ve\u00edculo era utilizado pelo narcomiliciano para se deslocar sem ser importunado pelas for\u00e7as policiais\u201d, contou o policial \u00e0&nbsp;Ag\u00eancia Brasil.<\/p>\n\n\n\n<p>Amin afirmou que, com o trabalho da for\u00e7a-tarefa, em breve o criminoso ser\u00e1 preso. \u201cCom certeza o cerco ao miliciano est\u00e1 se fechando. A gente est\u00e1 cada vez mais perto dele e, em breve, a sua pris\u00e3o ser\u00e1 noticiada\u201d, completou.<\/p>\n\n\n\n<h3 class=\"wp-block-heading\">Outro esconderijo<\/h3>\n\n\n\n<p>Na ter\u00e7a-feira passada (16), em opera\u00e7\u00e3o na zona oeste do munic\u00edpio do Rio e na Baixada Fluminense, a pol\u00edcia encontrou um im\u00f3vel do criminoso que tamb\u00e9m servia de esconderijo de Tandera, na comunidade Jesu\u00edtas, em Santa Cruz, zona oeste do Rio.<\/p>\n\n\n\n<p>Naquele dia, os integrantes da for\u00e7a-tarefa foram para as ruas \u201cpara prender criminosos e asfixiar as fontes de renda da organiza\u00e7\u00e3o chefiada por Luiz Ant\u00f4nio da Silva Braga, o Zinho\u201d. Na a\u00e7\u00e3o, cinco pessoas foram presas e os policiais interditaram estabelecimentos de venda irregular de g\u00e1s e de provedores clandestinos de internet.&nbsp;<\/p>\n\n\n\n<p>Entre os presos por agentes da Delegacia de Repress\u00e3o \u00e0 Entorpecentes (DRE) estava o criminoso conhecido como Artilheiro, que, segundo a pol\u00edcia, \u00e9 respons\u00e1vel por realizar cobran\u00e7as de d\u00edvidas e assassinatos. Contra Artilheiro tamb\u00e9m foi cumprido um mandado de pris\u00e3o pelo crime de homic\u00eddio. \u201cAs investiga\u00e7\u00f5es apontam Artilheiro como um dos matadores da mil\u00edcia, respons\u00e1vel pelas execu\u00e7\u00f5es e oculta\u00e7\u00e3o de cad\u00e1veres\u201d, informou a pol\u00edcia. A identidade do preso n\u00e3o foi revelada.<\/p>\n\n\n\n<p>As investiga\u00e7\u00f5es apontaram que, com a morte, em 12 de junho deste ano, do miliciano Wellington da Silva Braga, chamado de Ecko, Artilheiro passou a trabalhar como seguran\u00e7a particular de Zinho. Com o criminoso foram apreendidos fuzis, pistolas, muni\u00e7\u00f5es, carregadores e coletes bal\u00edsticos da mil\u00edcia. Outros quatro milicianos foram presos por agentes da Delegacia de Defesa dos Servi\u00e7os Delegados (DDSD).<\/p>\n\n\n\n<p>Durante a opera\u00e7\u00e3o de ter\u00e7a-feira, a equipe da Delegacia de Repress\u00e3o a Entorpecentes (DRE) impediu a execu\u00e7\u00e3o de uma v\u00edtima na comunidade Jesu\u00edtas. Segundo os agentes, a pessoa estava amarrada e prestes a ser queimada viva por milicianos ligados a Danilo Dias Lima, o Tandera. Na hora, os policiais apreenderam gal\u00f5es de combust\u00edvel que seriam utilizados no crime.<\/p>\n\n\n\n<p>A opera\u00e7\u00e3o era de combate a crimes como explora\u00e7\u00e3o de atividades ilegais controladas pela mil\u00edcia, cobran\u00e7as irregulares de taxas de seguran\u00e7a e de moradia, instala\u00e7\u00f5es de centrais clandestinas de TV a cabo e de internet chamadas de gatonet. Os policiais tamb\u00e9m visavam coibir o armazenamento e o com\u00e9rcio irregular de botij\u00f5es de g\u00e1s e de \u00e1gua, empresas ilegais de GNV (g\u00e1s natural veicular), parcelamento irregular de solo urbano, explora\u00e7\u00e3o e constru\u00e7\u00f5es irregulares, areais e outros crimes ambientais, comercializa\u00e7\u00e3o de produtos falsificados, contrabando, descaminho, transporte alternativo irregular e estabelecimentos comerciais explorados pela mil\u00edcia e utilizados para lavagem de dinheiro.<\/p>\n\n\n\n<h1 class=\"wp-block-heading\">PM abre inqu\u00e9rito para investigar oito mortes<\/h1>\n\n\n\n<p>A&nbsp;morte de oito homens, no Complexo do Salgueiro, em S\u00e3o Gon\u00e7alo, levou a Secretaria de Estado da Pol\u00edcia Militar (SEPM) do Rio de Janeiro a abrir um Inqu\u00e9rito Policial Militar (IMP), nesta segunda-feira (22), para investigar as circunst\u00e2ncias dos fatos, que ocorreram durante o final de semana. Parentes das v\u00edtimas alegam que teria havido tortura contra alguns dos mortos, o que \u00e9 negado pela PM.<img decoding=\"async\" src=\"https:\/\/agenciabrasil.ebc.com.br\/ebc.png?id=1428591&amp;o=node\"><img decoding=\"async\" src=\"https:\/\/agenciabrasil.ebc.com.br\/ebc.gif?id=1428591&amp;o=node\"><\/p>\n\n\n\n<p>\u201cA SEPM ainda n\u00e3o recebeu nenhum registro formal nesse sentido [den\u00fancia de tortura]. O comando da corpora\u00e7\u00e3o segue colaborado com todos os tr\u00e2mites investigativos e instaurou um IPM para apurar as circunst\u00e2ncias dos fatos\u201d, respondeu a corpora\u00e7\u00e3o em nota.<\/p>\n\n\n\n<p>Parentes das v\u00edtimas, que estiveram \u00e0 tarde no Instituto M\u00e9dico Legal (IML) de Tribob\u00f3, em S\u00e3o Gon\u00e7alo, contaram que viram marcas de viol\u00eancia nos corpos de alguns mortos, como rostos machucados, como se tivessem sido cortados \u00e0 faca, e dedos arrancados.<\/p>\n\n\n\n<p>\u201cTorturaram o meu irm\u00e3o. Foram como se fossem pegar rato. Furaram o olho dele, quebraram o bra\u00e7o. Esfaquearam ele. N\u00e3o tinha necessidade de fazer isso. Parece at\u00e9 que estavam matando bicho. O meu irm\u00e3o n\u00e3o fazia mal a ningu\u00e9m. Teve adolescente ali que arrancaram o dedo. O meu irm\u00e3o n\u00e3o tinha envolvimento [criminal] com nada. Algu\u00e9m tem que dar uma resposta\u201d, desabafou a irm\u00e3 de um dos mortos, do lado de fora do IML.<\/p>\n\n\n\n<p>Relato semelhante foi feito pela irm\u00e3 de outra v\u00edtima, que n\u00e3o quis se identificar, tamb\u00e9m no IML, ap\u00f3s fazer o reconhecimento do corpo.<\/p>\n\n\n\n<p>\u201cO meu irm\u00e3o foi barbarizado, est\u00e1 com o rosto irreconhec\u00edvel. A gente reconheceu pelo corpo, pela tatuagem com o nome da minha m\u00e3e\u201d, disse a irm\u00e3 de um dos mortos, admitindo que ele tinha envolvimento com o tr\u00e1fico de drogas. \u201cO rosto foi desfigurado com golpe de faca. Alguns tiveram dente arrancado, outro teve olho furado e arrancado, outro teve dedo decepado. N\u00e3o foi s\u00f3 troca de tiro. Eu vi com meus pr\u00f3prios olhos, n\u00e3o estou contando o que as pessoas falam para mim\u201d, relatou o marido dela, cunhado da v\u00edtima.<\/p>\n\n\n\n<p>As causas e as circunst\u00e2ncias das mortes ser\u00e3o fruto de exames de per\u00edcia nos corpos e os trabalhos tamb\u00e9m est\u00e3o sendo acompanhados por um perito legista designado pelo Minist\u00e9rio P\u00fablico, al\u00e9m dos peritos do estado.<\/p>\n\n\n\n<h3 class=\"wp-block-heading\">MP e Defensoria<\/h3>\n\n\n\n<p>O Minist\u00e9rio P\u00fablico instaurou um Procedimento Investigat\u00f3rio Criminal (PIC) pr\u00f3prio para investigar a opera\u00e7\u00e3o realizada no Complexo do Salgueiro. Ao tomar conhecimento dos fatos, o procurador-geral de Justi\u00e7a, Luciano Mattos, noticiou \u00e0 Promotoria de Justi\u00e7a com atribui\u00e7\u00e3o, que foi ao local para recolher informa\u00e7\u00f5es e ouvir moradores. Um perito da institui\u00e7\u00e3o tamb\u00e9m foi designado ao IML para acompanhar o exame dos corpos.<\/p>\n\n\n\n<p>A Defensoria P\u00fablica do Rio de Janeiro tamb\u00e9m esteve no local das mortes. Segundo relatos ouvidos pela equipe, os corpos foram encontrados horas depois de a PM ter deixado o local, \u00e0s 18h do domingo (21). Ainda segundo as escutas, o Batalh\u00e3o de Opera\u00e7\u00f5es Especiais (Bope) estava em opera\u00e7\u00e3o na comunidade desde s\u00e1bado (20) de manh\u00e3, fazendo uma opera\u00e7\u00e3o policial, ap\u00f3s o sargento Leandro Rumbelsperger da Silva ter sido morto na comunidade.<\/p>\n\n\n\n<p>\u201cA Defensoria P\u00fablica aponta preocupa\u00e7\u00e3o em n\u00e3o ter havido comunica\u00e7\u00e3o imediata por parte da Pol\u00edcia Militar \u00e0 Pol\u00edcia Civil e ao Minist\u00e9rio P\u00fablico da exist\u00eancia de corpos na comunidade. Al\u00e9m disso, n\u00e3o houve acautelamento do local, fundamental para a realiza\u00e7\u00e3o da per\u00edcia. \u00c9 importante ressaltar tamb\u00e9m que houve descumprimento da decis\u00e3o liminar da ADPF 635, pois a opera\u00e7\u00e3o s\u00f3 foi comunicada no s\u00e1bado \u00e0 tarde, embora tenha come\u00e7ado de manh\u00e3. E, segundo a liminar, a opera\u00e7\u00e3o precisa ser justificada imediatamente ao MP\u201d, ressaltou a Defensoria em nota.<\/p>\n\n\n\n<p>&#8212;&#8212;&#8212;&#8212;&#8212;&#8212;<br><em>Quer receber as not\u00edcias do <strong>Aconteceu no Vale<\/strong> em primeira m\u00e3o? Siga-nos no Facebook <a rel=\"noreferrer noopener\" href=\"http:\/\/facebook.com\/aconteceunovale\" target=\"_blank\">@aconteceunovale<\/a>, Twitter <a rel=\"noreferrer noopener\" href=\"https:\/\/twitter.com\/noticiadosvales\" target=\"_blank\">@noticiadosvales<\/a> e Instagram <a rel=\"noreferrer noopener\" href=\"https:\/\/www.instagram.com\/aconteceunovale\" target=\"_blank\">@aconteceunovale<\/a>.<\/em><\/p>\n","protected":false},"excerpt":{"rendered":"<p>Policiais civis da Delegacia de Repress\u00e3o a Entorpecentes (DRE) localizaram, nesta segunda-feira (22\/11\/2021), no Rio de Janeiro, mais um esconderijo do narcomiliciano Danilo Dias Lima, conhecido como Tandera. Desta vez, foi em um s\u00edtio em Serop\u00e9dica, na Baixada Fluminense.&nbsp; Ali, os agentes encontraram um carro clonado com a inscri\u00e7\u00e3o CGPOL (Corregedoria-Geral de Pol\u00edcia Civil). Na [&hellip;]<\/p>\n","protected":false},"author":4,"featured_media":184023,"comment_status":"open","ping_status":"closed","sticky":false,"template":"","format":"standard","meta":{"amp_status":"","footnotes":""},"categories":[6],"tags":[254698,108026,254699,254700,167300,254712,254701,1018,254703,83927,254707,254706,254709,254705,254710,254711,254695,1104,65698,91132,254702,254704,254696,254697,254708],"class_list":["post-184022","post","type-post","status-publish","format-standard","has-post-thumbnail","hentry","category-br","tag-apreensao-de-viatura-clonada","tag-baixada-fluminense","tag-carro-da-policia-clonado","tag-carro-da-policia-clonado-no-rio-de-janeiro","tag-cidade-da-policia","tag-complexo-do-salgueiro","tag-danilo-dias-lima","tag-destaque","tag-ggpol","tag-jacarezinho","tag-luiz-antonio-da-silva-braga","tag-marcus-amin","tag-mortos-durante-operacao-da-policia-militar-no-rio-de-janeiro","tag-operacao-contra-o-trafico-de-drogas-no-rio-de-janeiro","tag-operacao-da-pm-no-complexo-do-salgueiro","tag-operacao-no-complexo-do-salgueiro","tag-policiais-apreendem-viatura-clonada-durante-operacao-no-rio","tag-rio-de-janeiro","tag-santa-cruz","tag-seropedica","tag-tandera","tag-trafico-no-rio-de-janeiro","tag-viatura-clonada","tag-viatura-clonada-no-rio-de-janeiro","tag-wellington-da-silva-braga"],"_links":{"self":[{"href":"https:\/\/aconteceunovale.com.br\/portal\/index.php?rest_route=\/wp\/v2\/posts\/184022","targetHints":{"allow":["GET"]}}],"collection":[{"href":"https:\/\/aconteceunovale.com.br\/portal\/index.php?rest_route=\/wp\/v2\/posts"}],"about":[{"href":"https:\/\/aconteceunovale.com.br\/portal\/index.php?rest_route=\/wp\/v2\/types\/post"}],"author":[{"embeddable":true,"href":"https:\/\/aconteceunovale.com.br\/portal\/index.php?rest_route=\/wp\/v2\/users\/4"}],"replies":[{"embeddable":true,"href":"https:\/\/aconteceunovale.com.br\/portal\/index.php?rest_route=%2Fwp%2Fv2%2Fcomments&post=184022"}],"version-history":[{"count":2,"href":"https:\/\/aconteceunovale.com.br\/portal\/index.php?rest_route=\/wp\/v2\/posts\/184022\/revisions"}],"predecessor-version":[{"id":184025,"href":"https:\/\/aconteceunovale.com.br\/portal\/index.php?rest_route=\/wp\/v2\/posts\/184022\/revisions\/184025"}],"wp:featuredmedia":[{"embeddable":true,"href":"https:\/\/aconteceunovale.com.br\/portal\/index.php?rest_route=\/wp\/v2\/media\/184023"}],"wp:attachment":[{"href":"https:\/\/aconteceunovale.com.br\/portal\/index.php?rest_route=%2Fwp%2Fv2%2Fmedia&parent=184022"}],"wp:term":[{"taxonomy":"category","embeddable":true,"href":"https:\/\/aconteceunovale.com.br\/portal\/index.php?rest_route=%2Fwp%2Fv2%2Fcategories&post=184022"},{"taxonomy":"post_tag","embeddable":true,"href":"https:\/\/aconteceunovale.com.br\/portal\/index.php?rest_route=%2Fwp%2Fv2%2Ftags&post=184022"}],"curies":[{"name":"wp","href":"https:\/\/api.w.org\/{rel}","templated":true}]}}