{"id":184015,"date":"2021-11-22T21:09:21","date_gmt":"2021-11-23T00:09:21","guid":{"rendered":"https:\/\/aconteceunovale.com.br\/portal\/?p=184015"},"modified":"2021-11-22T21:10:44","modified_gmt":"2021-11-23T00:10:44","slug":"reuniao-debate-integracao-do-transporte-urbano-no-vale-do-aco","status":"publish","type":"post","link":"https:\/\/aconteceunovale.com.br\/portal\/?p=184015","title":{"rendered":"Reuni\u00e3o debate integra\u00e7\u00e3o do transporte urbano no Vale do A\u00e7o"},"content":{"rendered":"\n<p>A discuss\u00e3o sobre a integra\u00e7\u00e3o do transporte urbano no Vale do A\u00e7o obteve avan\u00e7os significativos durante a reuni\u00e3o da Assembleia Metropolitana e Conselho Deliberativo de Desenvolvimento Metropolitano. A equipe da\u00a0<a href=\"https:\/\/www.agenciarmva.mg.gov.br\/\" target=\"_blank\" rel=\"noreferrer noopener\">Ag\u00eancia de Desenvolvimento da Regi\u00e3o Metropolitana do Vale do A\u00e7o (ARMVA)<\/a>\u00a0apresentou os trabalhos de transporte urbanos feitos at\u00e9 o momento e sugeriu previamente, uma poss\u00edvel solu\u00e7\u00e3o de integra\u00e7\u00e3o por meio de cons\u00f3rcio interfederativo.\u00a0<\/p>\n\n\n\n<figure class=\"wp-block-gallery aligncenter columns-1 is-cropped wp-block-gallery-1 is-layout-flex wp-block-gallery-is-layout-flex\"><ul class=\"blocks-gallery-grid\"><li class=\"blocks-gallery-item\"><figure><img loading=\"lazy\" decoding=\"async\" width=\"640\" height=\"426\" src=\"https:\/\/aconteceunovale.com.br\/portal\/wp-content\/uploads\/2021\/11\/reuniao_prefeitos_vale_do_aco.jpg\" alt=\"\" data-id=\"184016\" data-full-url=\"https:\/\/aconteceunovale.com.br\/portal\/wp-content\/uploads\/2021\/11\/reuniao_prefeitos_vale_do_aco.jpg\" data-link=\"https:\/\/aconteceunovale.com.br\/portal\/?attachment_id=184016\" class=\"wp-image-184016\" srcset=\"https:\/\/aconteceunovale.com.br\/portal\/wp-content\/uploads\/2021\/11\/reuniao_prefeitos_vale_do_aco.jpg 640w, https:\/\/aconteceunovale.com.br\/portal\/wp-content\/uploads\/2021\/11\/reuniao_prefeitos_vale_do_aco-300x200.jpg 300w, https:\/\/aconteceunovale.com.br\/portal\/wp-content\/uploads\/2021\/11\/reuniao_prefeitos_vale_do_aco-631x420.jpg 631w\" sizes=\"auto, (max-width: 640px) 100vw, 640px\" \/><figcaption class=\"blocks-gallery-item__caption\"><em>Foto: Divulga\u00e7\u00e3o \/ ARMVA<\/em><\/figcaption><\/figure><\/li><\/ul><\/figure>\n\n\n\n<p>O diretor-geral da ARMVA, Jo\u00e3o Luiz Teixeira Andrade, frisou que unificar a gest\u00e3o do transporte por meio de cons\u00f3rcio seria a forma mais vantajosa e com mais possibilidade de melhoria no servi\u00e7o.<\/p>\n\n\n\n<p>Prefeitos, presidentes de C\u00e2maras de Vereadores, deputados, representantes do Estado e da sociedade civil tamb\u00e9m participaram do encontro, em 19\/11\/2021. A reuni\u00e3o contou tamb\u00e9m com a participa\u00e7\u00e3o de representantes da\u00a0Secretaria de Estado de Infraestrutura e Mobilidade (Seinfra).<\/p>\n\n\n\n<p>O subsecret\u00e1rio de Transportes e Mobilidade, Gabriel Fajardo, destacou a grande popula\u00e7\u00e3o do Vale do A\u00e7o e a estreita rela\u00e7\u00e3o entre os munic\u00edpios da regi\u00e3o, o que intensifica o deslocamento de pessoas entre uma cidade e outra. Durante a reuni\u00e3o, a ARMVA e a Seinfra estabeleceram compromisso para viabilizar, no pr\u00f3ximo ano, estudos aprofundados relativos ao transporte p\u00fablico da regi\u00e3o.<\/p>\n\n\n\n<h2 class=\"wp-block-heading\"><strong>Aeroporto regional<\/strong><\/h2>\n\n\n\n<p>Outro tema abordado pelo representante da Seinfra foi a reabertura do Aeroporto Regional do Vale do A\u00e7o. O subsecret\u00e1rio refor\u00e7ou que as obras devem ser conclu\u00eddas at\u00e9 o fim deste m\u00eas, j\u00e1 com previs\u00e3o de opera\u00e7\u00e3o de voos no in\u00edcio de dezembro. A recupera\u00e7\u00e3o definitiva da pista de pouso e decolagem do aeroporto era uma demanda antiga, promovida pela atual gest\u00e3o por meio de mobiliza\u00e7\u00e3o junto ao governo federal para a capta\u00e7\u00e3o de recursos para a obra.<\/p>\n\n\n\n<p>Outro avan\u00e7o para o Aeroporto Regional foi destacado por Gabriel Fajardo. A Seinfra est\u00e1 em processo de contrata\u00e7\u00e3o do projeto executivo do novo terminal de passageiros, com custo estimado em R$ 2 milh\u00f5es. Segundo o subsecret\u00e1rio, o edital de licita\u00e7\u00e3o dever\u00e1 ser publicado nas pr\u00f3ximas semanas.&nbsp;<\/p>\n\n\n\n<p>Em rela\u00e7\u00e3o a projetos e a\u00e7\u00f5es do\u00a0Governo de Minas\u00a0para o desenvolvimento do aeroporto, o diretor-geral da ARMVA, Jo\u00e3o Luiz Teixeira Andrade, destacou os esfor\u00e7os para concluir o Plano Diretor Aeroportu\u00e1rio ainda neste ano, com possibilidade de entrega junto \u00e0 finaliza\u00e7\u00e3o das obras. O plano, contratado pela ARMVA, \u00e9 um documento exigido pela Ag\u00eancia Nacional de Avia\u00e7\u00e3o Civil (ANAC) para projetos de amplia\u00e7\u00e3o, bem como capta\u00e7\u00e3o de recursos para obras nos aeroportos.<\/p>\n\n\n\n<p>&#8212;&#8212;&#8212;&#8212;&#8212;&#8212;<br><em>Quer receber as not\u00edcias do <strong>Aconteceu no Vale<\/strong> em primeira m\u00e3o? Siga-nos no Facebook <a rel=\"noreferrer noopener\" href=\"http:\/\/facebook.com\/aconteceunovale\" target=\"_blank\">@aconteceunovale<\/a>, Twitter <a rel=\"noreferrer noopener\" href=\"https:\/\/twitter.com\/noticiadosvales\" target=\"_blank\">@noticiadosvales<\/a> e Instagram <a rel=\"noreferrer noopener\" href=\"https:\/\/www.instagram.com\/aconteceunovale\" target=\"_blank\">@aconteceunovale<\/a>.<\/em><\/p>\n","protected":false},"excerpt":{"rendered":"<p>A discuss\u00e3o sobre a integra\u00e7\u00e3o do transporte urbano no Vale do A\u00e7o obteve avan\u00e7os significativos durante a reuni\u00e3o da Assembleia Metropolitana e Conselho Deliberativo de Desenvolvimento Metropolitano. A equipe da\u00a0Ag\u00eancia de Desenvolvimento da Regi\u00e3o Metropolitana do Vale do A\u00e7o (ARMVA)\u00a0apresentou os trabalhos de transporte urbanos feitos at\u00e9 o momento e sugeriu previamente, uma poss\u00edvel solu\u00e7\u00e3o [&hellip;]<\/p>\n","protected":false},"author":4,"featured_media":184016,"comment_status":"open","ping_status":"closed","sticky":false,"template":"","format":"standard","meta":{"amp_status":"","footnotes":""},"categories":[121,40240],"tags":[99335,57815,57816,254683,254686,254682,254685,52663,254684,1048],"class_list":["post-184015","post","type-post","status-publish","format-standard","has-post-thumbnail","hentry","category-leste","category-politica-2","tag-aeroporto-regional-do-vale-do-aco","tag-agencia-de-desenvolvimento-da-regiao-metropolitana-do-vale-do-aco","tag-armva","tag-debate-sobre-integracao-do-transporte-urbano-no-vale-do-aco","tag-gabriel-fajardo","tag-integracao-do-transporte-urbano-no-vale-do-aco","tag-joao-luiz-teixeira-andrade","tag-regiao-metropolitana-do-vale-do-aco","tag-transporte-urbano-no-vale-do-aco","tag-vale-do-aco"],"_links":{"self":[{"href":"https:\/\/aconteceunovale.com.br\/portal\/index.php?rest_route=\/wp\/v2\/posts\/184015","targetHints":{"allow":["GET"]}}],"collection":[{"href":"https:\/\/aconteceunovale.com.br\/portal\/index.php?rest_route=\/wp\/v2\/posts"}],"about":[{"href":"https:\/\/aconteceunovale.com.br\/portal\/index.php?rest_route=\/wp\/v2\/types\/post"}],"author":[{"embeddable":true,"href":"https:\/\/aconteceunovale.com.br\/portal\/index.php?rest_route=\/wp\/v2\/users\/4"}],"replies":[{"embeddable":true,"href":"https:\/\/aconteceunovale.com.br\/portal\/index.php?rest_route=%2Fwp%2Fv2%2Fcomments&post=184015"}],"version-history":[{"count":1,"href":"https:\/\/aconteceunovale.com.br\/portal\/index.php?rest_route=\/wp\/v2\/posts\/184015\/revisions"}],"predecessor-version":[{"id":184017,"href":"https:\/\/aconteceunovale.com.br\/portal\/index.php?rest_route=\/wp\/v2\/posts\/184015\/revisions\/184017"}],"wp:featuredmedia":[{"embeddable":true,"href":"https:\/\/aconteceunovale.com.br\/portal\/index.php?rest_route=\/wp\/v2\/media\/184016"}],"wp:attachment":[{"href":"https:\/\/aconteceunovale.com.br\/portal\/index.php?rest_route=%2Fwp%2Fv2%2Fmedia&parent=184015"}],"wp:term":[{"taxonomy":"category","embeddable":true,"href":"https:\/\/aconteceunovale.com.br\/portal\/index.php?rest_route=%2Fwp%2Fv2%2Fcategories&post=184015"},{"taxonomy":"post_tag","embeddable":true,"href":"https:\/\/aconteceunovale.com.br\/portal\/index.php?rest_route=%2Fwp%2Fv2%2Ftags&post=184015"}],"curies":[{"name":"wp","href":"https:\/\/api.w.org\/{rel}","templated":true}]}}