{"id":18384,"date":"2014-01-13T16:21:45","date_gmt":"2014-01-13T18:21:45","guid":{"rendered":"http:\/\/aconteceunovale.com.br\/portal\/?p=18384"},"modified":"2014-01-13T16:21:45","modified_gmt":"2014-01-13T18:21:45","slug":"mais-de-500-kg-de-carne-impropria-para-o-consumo-humano-sao-apreendidos-no-norte-de-minas","status":"publish","type":"post","link":"https:\/\/aconteceunovale.com.br\/portal\/?p=18384","title":{"rendered":"Mais de 500 kg de carne impr\u00f3pria para o consumo humano s\u00e3o apreendidos no Norte de Minas"},"content":{"rendered":"<p>Agentes da Pol\u00edcia Rodovi\u00e1ria Federal (PRF) apreenderam na noite deste domingo (12\/01), na BR-135, altura do KM 375, mais de 500 quilos de carne bovina impr\u00f3pria para o consumo humano. O alimento estava sendo transportado de forma irregular na carroceria de uma caminhonete.<\/p>\n<p>Ap\u00f3s buscas dentro do ve\u00edculo, os policiais encontraram exatos 550 quilos de carne, que estava mal acondicionada, sem refrigera\u00e7\u00e3o e desacompanhada da documenta\u00e7\u00e3o fiscal, ambiental e de origem.<\/p>\n<p>O condutor do ve\u00edculo foi detido e levado para a Delegacia de Pol\u00edcia Civil de Montes Claros. J\u00e1 a carga foi encaminhada ao p\u00e1tio da PRF, onde ficou a disposi\u00e7\u00e3o da Vigil\u00e2ncia Sanit\u00e1ria.<\/p>\n<p><img decoding=\"async\" src=\"http:\/\/aconteceunovale.com.br\/portal\/wp-content\/uploads\/2014\/01\/carga_de_carne_irregular_moc.jpg\" alt=\"\" \/><br \/>\n<em><strong>Carne estava mal acondicionada, sem refrigera\u00e7\u00e3o e desacompanhada da documenta\u00e7\u00e3o exigida<\/strong><\/em><\/p>\n","protected":false},"excerpt":{"rendered":"<p>Agentes da Pol\u00edcia Rodovi\u00e1ria Federal (PRF) apreenderam na noite deste domingo (12\/01), na BR-135, altura do KM 375, mais de 500 quilos de carne bovina impr\u00f3pria para o consumo humano. O alimento estava sendo transportado de forma irregular na carroceria de uma caminhonete. Ap\u00f3s buscas dentro do ve\u00edculo, os policiais encontraram exatos 550 quilos de [&hellip;]<\/p>\n","protected":false},"author":1,"featured_media":0,"comment_status":"open","ping_status":"closed","sticky":false,"template":"","format":"standard","meta":{"amp_status":"","footnotes":""},"categories":[1236],"tags":[2912,210],"class_list":["post-18384","post","type-post","status-publish","format-standard","hentry","category-norte_de_minas","tag-mais-de-500-kg-de-carne-impropria-para-o-consumo-humano-sao-apreendidos-no-norte-de-minas","tag-montes-claros"],"_links":{"self":[{"href":"https:\/\/aconteceunovale.com.br\/portal\/index.php?rest_route=\/wp\/v2\/posts\/18384","targetHints":{"allow":["GET"]}}],"collection":[{"href":"https:\/\/aconteceunovale.com.br\/portal\/index.php?rest_route=\/wp\/v2\/posts"}],"about":[{"href":"https:\/\/aconteceunovale.com.br\/portal\/index.php?rest_route=\/wp\/v2\/types\/post"}],"author":[{"embeddable":true,"href":"https:\/\/aconteceunovale.com.br\/portal\/index.php?rest_route=\/wp\/v2\/users\/1"}],"replies":[{"embeddable":true,"href":"https:\/\/aconteceunovale.com.br\/portal\/index.php?rest_route=%2Fwp%2Fv2%2Fcomments&post=18384"}],"version-history":[{"count":0,"href":"https:\/\/aconteceunovale.com.br\/portal\/index.php?rest_route=\/wp\/v2\/posts\/18384\/revisions"}],"wp:attachment":[{"href":"https:\/\/aconteceunovale.com.br\/portal\/index.php?rest_route=%2Fwp%2Fv2%2Fmedia&parent=18384"}],"wp:term":[{"taxonomy":"category","embeddable":true,"href":"https:\/\/aconteceunovale.com.br\/portal\/index.php?rest_route=%2Fwp%2Fv2%2Fcategories&post=18384"},{"taxonomy":"post_tag","embeddable":true,"href":"https:\/\/aconteceunovale.com.br\/portal\/index.php?rest_route=%2Fwp%2Fv2%2Ftags&post=18384"}],"curies":[{"name":"wp","href":"https:\/\/api.w.org\/{rel}","templated":true}]}}