{"id":183828,"date":"2021-11-18T07:26:04","date_gmt":"2021-11-18T10:26:04","guid":{"rendered":"https:\/\/aconteceunovale.com.br\/portal\/?p=183828"},"modified":"2021-11-18T07:27:24","modified_gmt":"2021-11-18T10:27:24","slug":"inflacao-sera-principal-problema-economico-em-2022-diz-ministro","status":"publish","type":"post","link":"https:\/\/aconteceunovale.com.br\/portal\/?p=183828","title":{"rendered":"Infla\u00e7\u00e3o ser\u00e1 principal problema econ\u00f4mico em 2022, diz ministro"},"content":{"rendered":"\n<p class=\"wp-block-paragraph\">A resili\u00eancia da infla\u00e7\u00e3o ser\u00e1 o grande problema da economia brasileira em 2022, disse ontem (17\/11\/2021) o ministro da Economia, Paulo Guedes. Segundo ele, as previs\u00f5es de baixo crescimento para o pr\u00f3ximo ano podem n\u00e3o se confirmar, com os mais pessimistas do mercado se surpreendendo com as previs\u00f5es de crescimento entre 0% e 1% do Produto Interno Bruto (PIB).<\/p>\n\n\n\n<figure class=\"wp-block-gallery columns-1 is-cropped wp-block-gallery-1 is-layout-flex wp-block-gallery-is-layout-flex\"><ul class=\"blocks-gallery-grid\"><li class=\"blocks-gallery-item\"><figure><img loading=\"lazy\" decoding=\"async\" width=\"678\" height=\"406\" src=\"https:\/\/aconteceunovale.com.br\/portal\/wp-content\/uploads\/2021\/11\/paulo_guedes.jpg\" alt=\"\" data-id=\"183829\" data-full-url=\"https:\/\/aconteceunovale.com.br\/portal\/wp-content\/uploads\/2021\/11\/paulo_guedes.jpg\" data-link=\"https:\/\/aconteceunovale.com.br\/portal\/?attachment_id=183829\" class=\"wp-image-183829\" srcset=\"https:\/\/aconteceunovale.com.br\/portal\/wp-content\/uploads\/2021\/11\/paulo_guedes.jpg 678w, https:\/\/aconteceunovale.com.br\/portal\/wp-content\/uploads\/2021\/11\/paulo_guedes-300x180.jpg 300w\" sizes=\"auto, (max-width: 678px) 100vw, 678px\" \/><figcaption class=\"blocks-gallery-item__caption\"><em>Ministro Paulo Guedes &#8211; Foto: Fabio Rodrigues-Pozzebom\/Ag\u00eancia Brasil<\/em><\/figcaption><\/figure><\/li><\/ul><\/figure>\n\n\n\n<p class=\"wp-block-paragraph\">\u201cO problema n\u00e3o ser\u00e1 crescimento baixo, o problema ser\u00e1 infla\u00e7\u00e3o resiliente. A infla\u00e7\u00e3o provavelmente ser\u00e1 um pouco acima do que voc\u00eas est\u00e3o prevendo, mas o crescimento tamb\u00e9m ser\u00e1 maior do que voc\u00eas est\u00e3o prevendo, ent\u00e3o vamos ver. Eu n\u00e3o fa\u00e7o previs\u00f5es, eu fa\u00e7o piada de previs\u00f5es, de previs\u00f5es erradas\u201d, declarou o ministro em ingl\u00eas ao participar de evento virtual promovido por um banco brasileiro.<\/p>\n\n\n\n<p class=\"wp-block-paragraph\">Na \u00faltima edi\u00e7\u00e3o do boletim Focus, pesquisa semanal com institui\u00e7\u00f5es financeiras feita pelo Banco Central (BC), os analistas de mercado projetam crescimento de 0,9% para o PIB em 2022 e infla\u00e7\u00e3o oficial pelo \u00cdndice Nacional de Pre\u00e7os ao Consumidor Amplo (IPCA), de 4,8% no pr\u00f3ximo ano.<\/p>\n\n\n\n<h2 class=\"wp-block-heading\">Sem interfer\u00eancias<\/h2>\n\n\n\n<p class=\"wp-block-paragraph\">O ministro disse que a equipe econ\u00f4mica n\u00e3o pretende interferir nos pre\u00e7os por meio de regula\u00e7\u00f5es. Segundo Guedes, a \u00fanica pol\u00edtica em curso para segurar a infla\u00e7\u00e3o \u00e9 o aperto monet\u00e1rio (alta dos juros) conduzido pelo Banco Central.<\/p>\n\n\n\n<p class=\"wp-block-paragraph\">\u201c\u00c9 verdade que juros v\u00e3o subir com a luta do Banco Central para controlar infla\u00e7\u00e3o, mas estamos realmente fazendo a transi\u00e7\u00e3o para crescimento sustent\u00e1vel em todos os setores\u201d, disse.<\/p>\n\n\n\n<p class=\"wp-block-paragraph\">Nos casos em que a infla\u00e7\u00e3o acelerar por choques externos, o ministro defendeu a transfer\u00eancia de renda por meio do Aux\u00edlio Brasil para aliviar o impacto sobre as fam\u00edlias mais pobres. Paralelamente, a alta dos pre\u00e7os do petr\u00f3leo e da energia, na avalia\u00e7\u00e3o de Guedes, dever\u00e1 atrair investidores estrangeiros para o Brasil.<\/p>\n\n\n\n<p class=\"wp-block-paragraph\">\u201cSe pre\u00e7os de petr\u00f3leo e de energia sobem, \u00e9 parte da solu\u00e7\u00e3o porque atrai investimento. A melhor solu\u00e7\u00e3o \u00e9 deixar o mercado agir e, qualquer disfun\u00e7\u00e3o, resolve com transfer\u00eancia de renda\u201d, disse Guedes. Segundo ele, a viagem recente do presidente Jair Bolsonaro e de v\u00e1rios ministros aos Emirados \u00c1rabes Unidos renderam compromissos de investimentos de US$ 10 bilh\u00f5es em dez anos refor\u00e7ando a previs\u00e3o de ingresso de US$ 700 bilh\u00f5es em investimentos estrangeiros no pa\u00eds nas pr\u00f3ximas d\u00e9cadas.<\/p>\n\n\n\n<h2 class=\"wp-block-heading\">PEC dos Precat\u00f3rios<\/h2>\n\n\n\n<p class=\"wp-block-paragraph\">Guedes defendeu a manuten\u00e7\u00e3o da Proposta de Emenda \u00e0 Constitui\u00e7\u00e3o (PEC) dos Precat\u00f3rios, que parcela o pagamento de precat\u00f3rios e muda o c\u00e1lculo do teto de gastos, no formato em que foi aprovada na C\u00e2mara dos Deputados. Ele criticou a sugest\u00e3o apresentada por alguns senadores de excluir o pagamento de precat\u00f3rios do teto e manter a atual f\u00f3rmula de c\u00e1lculo, que atualiza o limite anual pela infla\u00e7\u00e3o acumulada entre julho de dois anos antes e junho do ano anterior.<\/p>\n\n\n\n<p class=\"wp-block-paragraph\">Para o ministro, existir\u00e3o motivos para se preocupar com a economia em 2022, caso o Senado altere o texto aprovado pela C\u00e2mara. \u201cTalvez seja essa a assimetria [entre as estimativas do mercado e do governo para o PIB], porque eu ainda estou esperan\u00e7oso que n\u00f3s vamos aprovar as propostas originais. Mas se n\u00e3o aprovarem, ent\u00e3o estarei muito preocupado com o crescimento\u201d, declarou.<\/p>\n\n\n\n<p class=\"wp-block-paragraph\">O ministro defendeu o desenho da PEC aprovada pela C\u00e2mara como um instrumento que dar\u00e1 previsibilidade e exequibilidade ao Or\u00e7amento p\u00fablico. De um lado, a PEC estabelece um limite ao pagamento anual de precat\u00f3rios e, de outro, modifica a regra do teto de gastos. Com isso, a proposta abre um espa\u00e7o de R$ 91,6 bilh\u00f5es para gastos no ano que vem.<\/p>\n\n\n\n<p class=\"wp-block-paragraph\">Guedes voltou a defender um fundo de combate \u00e0 pobreza com recursos da privatiza\u00e7\u00e3o da Eletrobras, da Petrobras e dos Correios. Na avalia\u00e7\u00e3o de Guedes, esse mecanismo representa a melhor maneira de enfrentar o encarecimento dos combust\u00edveis e dos alimentos. \u201cSe o petr\u00f3leo est\u00e1 subindo ou a taxa de juros est\u00e1 subindo e a\u00ed alimentos est\u00e3o subindo, a primeira melhor op\u00e7\u00e3o, \u00e9 claro, s\u00e3o pol\u00edticas sustent\u00e1veis para a erradica\u00e7\u00e3o da pobreza\u201d, concluiu.<\/p>\n\n\n\n<p class=\"wp-block-paragraph\">&#8212;&#8212;&#8212;&#8212;&#8212;&#8212;<br><em>Quer receber as not\u00edcias do <strong>Aconteceu no Vale<\/strong> em primeira m\u00e3o? Siga-nos no Facebook <a rel=\"noreferrer noopener\" href=\"http:\/\/facebook.com\/aconteceunovale\" target=\"_blank\">@aconteceunovale<\/a>, Twitter <a rel=\"noreferrer noopener\" href=\"https:\/\/twitter.com\/noticiadosvales\" target=\"_blank\">@noticiadosvales<\/a> e Instagram <a rel=\"noreferrer noopener\" href=\"https:\/\/www.instagram.com\/aconteceunovale\" target=\"_blank\">@aconteceunovale<\/a>.<\/em><\/p>\n","protected":false},"excerpt":{"rendered":"<p>A resili\u00eancia da infla\u00e7\u00e3o ser\u00e1 o grande problema da economia brasileira em 2022, disse ontem (17\/11\/2021) o ministro da Economia, Paulo Guedes. Segundo ele, as previs\u00f5es de baixo crescimento para o pr\u00f3ximo ano podem n\u00e3o se confirmar, com os mais pessimistas do mercado se surpreendendo com as previs\u00f5es de crescimento entre 0% e 1% do [&hellip;]<\/p>\n","protected":false},"author":4,"featured_media":183829,"comment_status":"open","ping_status":"closed","sticky":false,"template":"","format":"standard","meta":{"amp_status":"","footnotes":""},"categories":[6,40239,40240],"tags":[22104,4785,1018,254421,121633,254418,254419,106984,13319,194202,17364,71438,127778,254420],"class_list":["post-183828","post","type-post","status-publish","format-standard","has-post-thumbnail","hentry","category-br","category-economia-2","category-politica","tag-banco-central","tag-brasil","tag-destaque","tag-economia-brasileira-em-2022","tag-economia-do-brasil","tag-inflacao-brasileira","tag-inflacao-em-2022","tag-inflacao-no-brasil","tag-ipca","tag-ministro-da-economia","tag-paulo-guedes","tag-pec-dos-precatorios","tag-pib-do-brasil","tag-problema-economico-no-brasil"],"yoast_head":"<!-- This site is optimized with the Yoast SEO plugin v28.3 - https:\/\/yoast.com\/product\/yoast-seo-wordpress\/ -->\n<title>Infla\u00e7\u00e3o ser\u00e1 principal problema econ\u00f4mico em 2022, diz ministro - Aconteceu no Vale<\/title>\n<meta name=\"robots\" content=\"index, follow, max-snippet:-1, max-image-preview:large, max-video-preview:-1\" \/>\n<link rel=\"canonical\" href=\"https:\/\/aconteceunovale.com.br\/portal\/?p=183828\" \/>\n<meta property=\"og:locale\" content=\"pt_BR\" \/>\n<meta property=\"og:type\" content=\"article\" \/>\n<meta property=\"og:title\" content=\"Infla\u00e7\u00e3o ser\u00e1 principal problema econ\u00f4mico em 2022, diz ministro - Aconteceu no Vale\" \/>\n<meta property=\"og:description\" content=\"A resili\u00eancia da infla\u00e7\u00e3o ser\u00e1 o grande problema da economia brasileira em 2022, disse ontem (17\/11\/2021) o ministro da Economia, Paulo Guedes. Segundo ele, as previs\u00f5es de baixo crescimento para o pr\u00f3ximo ano podem n\u00e3o se confirmar, com os mais pessimistas do mercado se surpreendendo com as previs\u00f5es de crescimento entre 0% e 1% do [&hellip;]\" \/>\n<meta property=\"og:url\" content=\"https:\/\/aconteceunovale.com.br\/portal\/?p=183828\" \/>\n<meta property=\"og:site_name\" content=\"Aconteceu no Vale\" \/>\n<meta property=\"article:publisher\" content=\"https:\/\/www.facebook.com\/aconteceunovale\/\" \/>\n<meta property=\"article:published_time\" content=\"2021-11-18T10:26:04+00:00\" \/>\n<meta property=\"article:modified_time\" content=\"2021-11-18T10:27:24+00:00\" \/>\n<meta property=\"og:image\" content=\"https:\/\/aconteceunovale.com.br\/portal\/wp-content\/uploads\/2021\/11\/paulo_guedes.jpg\" \/>\n\t<meta property=\"og:image:width\" content=\"678\" \/>\n\t<meta property=\"og:image:height\" content=\"406\" \/>\n\t<meta property=\"og:image:type\" content=\"image\/jpeg\" \/>\n<meta name=\"author\" content=\"Reda\u00e7\u00e3o Aconteceu no Vale\" \/>\n<meta name=\"twitter:card\" content=\"summary_large_image\" \/>\n<meta name=\"twitter:creator\" content=\"@noticiadosvales\" \/>\n<meta name=\"twitter:site\" content=\"@noticiadosvales\" \/>\n<meta name=\"twitter:label1\" content=\"Escrito por\" \/>\n\t<meta name=\"twitter:data1\" content=\"Reda\u00e7\u00e3o Aconteceu no Vale\" \/>\n\t<meta name=\"twitter:label2\" content=\"Est. tempo de leitura\" \/>\n\t<meta name=\"twitter:data2\" content=\"4 minutos\" \/>\n<script type=\"application\/ld+json\" class=\"yoast-schema-graph\">{\"@context\":\"https:\\\/\\\/schema.org\",\"@graph\":[{\"@type\":\"Article\",\"@id\":\"https:\\\/\\\/aconteceunovale.com.br\\\/portal\\\/?p=183828#article\",\"isPartOf\":{\"@id\":\"https:\\\/\\\/aconteceunovale.com.br\\\/portal\\\/?p=183828\"},\"author\":{\"name\":\"Reda\u00e7\u00e3o Aconteceu no Vale\",\"@id\":\"https:\\\/\\\/aconteceunovale.com.br\\\/portal\\\/#\\\/schema\\\/person\\\/7d2f26d1483f8a63de73da1ee0754d35\"},\"headline\":\"Infla\u00e7\u00e3o ser\u00e1 principal problema econ\u00f4mico em 2022, diz ministro\",\"datePublished\":\"2021-11-18T10:26:04+00:00\",\"dateModified\":\"2021-11-18T10:27:24+00:00\",\"mainEntityOfPage\":{\"@id\":\"https:\\\/\\\/aconteceunovale.com.br\\\/portal\\\/?p=183828\"},\"wordCount\":764,\"commentCount\":0,\"image\":{\"@id\":\"https:\\\/\\\/aconteceunovale.com.br\\\/portal\\\/?p=183828#primaryimage\"},\"thumbnailUrl\":\"https:\\\/\\\/aconteceunovale.com.br\\\/portal\\\/wp-content\\\/uploads\\\/2021\\\/11\\\/paulo_guedes.jpg\",\"keywords\":[\"banco central\",\"brasil\",\"destaque\",\"Economia brasileira em 2022\",\"Economia do Brasil\",\"Infla\u00e7\u00e3o brasileira\",\"Infla\u00e7\u00e3o em 2022\",\"infla\u00e7\u00e3o no brasil\",\"IPCA\",\"ministro da Economia\",\"Paulo Guedes\",\"PEC dos Precat\u00f3rios\",\"PIB do Brasil\",\"Problema econ\u00f4mico no Brasil\"],\"articleSection\":[\"Brasil\",\"Economia\",\"Pol\u00edtica\"],\"inLanguage\":\"pt-BR\",\"potentialAction\":[{\"@type\":\"CommentAction\",\"name\":\"Comment\",\"target\":[\"https:\\\/\\\/aconteceunovale.com.br\\\/portal\\\/?p=183828#respond\"]}]},{\"@type\":\"WebPage\",\"@id\":\"https:\\\/\\\/aconteceunovale.com.br\\\/portal\\\/?p=183828\",\"url\":\"https:\\\/\\\/aconteceunovale.com.br\\\/portal\\\/?p=183828\",\"name\":\"Infla\u00e7\u00e3o ser\u00e1 principal problema econ\u00f4mico em 2022, diz ministro - Aconteceu no Vale\",\"isPartOf\":{\"@id\":\"https:\\\/\\\/aconteceunovale.com.br\\\/portal\\\/#website\"},\"primaryImageOfPage\":{\"@id\":\"https:\\\/\\\/aconteceunovale.com.br\\\/portal\\\/?p=183828#primaryimage\"},\"image\":{\"@id\":\"https:\\\/\\\/aconteceunovale.com.br\\\/portal\\\/?p=183828#primaryimage\"},\"thumbnailUrl\":\"https:\\\/\\\/aconteceunovale.com.br\\\/portal\\\/wp-content\\\/uploads\\\/2021\\\/11\\\/paulo_guedes.jpg\",\"datePublished\":\"2021-11-18T10:26:04+00:00\",\"dateModified\":\"2021-11-18T10:27:24+00:00\",\"author\":{\"@id\":\"https:\\\/\\\/aconteceunovale.com.br\\\/portal\\\/#\\\/schema\\\/person\\\/7d2f26d1483f8a63de73da1ee0754d35\"},\"breadcrumb\":{\"@id\":\"https:\\\/\\\/aconteceunovale.com.br\\\/portal\\\/?p=183828#breadcrumb\"},\"inLanguage\":\"pt-BR\",\"potentialAction\":[{\"@type\":\"ReadAction\",\"target\":[\"https:\\\/\\\/aconteceunovale.com.br\\\/portal\\\/?p=183828\"]}]},{\"@type\":\"ImageObject\",\"inLanguage\":\"pt-BR\",\"@id\":\"https:\\\/\\\/aconteceunovale.com.br\\\/portal\\\/?p=183828#primaryimage\",\"url\":\"https:\\\/\\\/aconteceunovale.com.br\\\/portal\\\/wp-content\\\/uploads\\\/2021\\\/11\\\/paulo_guedes.jpg\",\"contentUrl\":\"https:\\\/\\\/aconteceunovale.com.br\\\/portal\\\/wp-content\\\/uploads\\\/2021\\\/11\\\/paulo_guedes.jpg\",\"width\":678,\"height\":406,\"caption\":\"O ministro da Economia, Paulo Guedes,participa de lan\u00e7amento do Programa de Crescimento Verde do Governo federal\"},{\"@type\":\"BreadcrumbList\",\"@id\":\"https:\\\/\\\/aconteceunovale.com.br\\\/portal\\\/?p=183828#breadcrumb\",\"itemListElement\":[{\"@type\":\"ListItem\",\"position\":1,\"name\":\"In\u00edcio\",\"item\":\"https:\\\/\\\/aconteceunovale.com.br\\\/portal\\\/\"},{\"@type\":\"ListItem\",\"position\":2,\"name\":\"Infla\u00e7\u00e3o ser\u00e1 principal problema econ\u00f4mico em 2022, diz ministro\"}]},{\"@type\":\"WebSite\",\"@id\":\"https:\\\/\\\/aconteceunovale.com.br\\\/portal\\\/#website\",\"url\":\"https:\\\/\\\/aconteceunovale.com.br\\\/portal\\\/\",\"name\":\"Aconteceu no Vale\",\"description\":\"Portal de Not\u00edcias\",\"potentialAction\":[{\"@type\":\"SearchAction\",\"target\":{\"@type\":\"EntryPoint\",\"urlTemplate\":\"https:\\\/\\\/aconteceunovale.com.br\\\/portal\\\/?s={search_term_string}\"},\"query-input\":{\"@type\":\"PropertyValueSpecification\",\"valueRequired\":true,\"valueName\":\"search_term_string\"}}],\"inLanguage\":\"pt-BR\"},{\"@type\":\"Person\",\"@id\":\"https:\\\/\\\/aconteceunovale.com.br\\\/portal\\\/#\\\/schema\\\/person\\\/7d2f26d1483f8a63de73da1ee0754d35\",\"name\":\"Reda\u00e7\u00e3o Aconteceu no Vale\",\"description\":\"Equipe de reportagem do Aconteceu no Vale, portal de not\u00edcias do Vale do Jequitinhonha, em Minas Gerais. Cobrimos as 51 cidades do Vale desde 2013. Sugest\u00f5es de pauta e pedidos de corre\u00e7\u00e3o: contato@aconteceunovale.com.br\",\"url\":\"https:\\\/\\\/aconteceunovale.com.br\\\/portal\\\/?author=4\"}]}<\/script>\n<!-- \/ Yoast SEO plugin. -->","yoast_head_json":{"title":"Infla\u00e7\u00e3o ser\u00e1 principal problema econ\u00f4mico em 2022, diz ministro - Aconteceu no Vale","robots":{"index":"index","follow":"follow","max-snippet":"max-snippet:-1","max-image-preview":"max-image-preview:large","max-video-preview":"max-video-preview:-1"},"canonical":"https:\/\/aconteceunovale.com.br\/portal\/?p=183828","og_locale":"pt_BR","og_type":"article","og_title":"Infla\u00e7\u00e3o ser\u00e1 principal problema econ\u00f4mico em 2022, diz ministro - Aconteceu no Vale","og_description":"A resili\u00eancia da infla\u00e7\u00e3o ser\u00e1 o grande problema da economia brasileira em 2022, disse ontem (17\/11\/2021) o ministro da Economia, Paulo Guedes. Segundo ele, as previs\u00f5es de baixo crescimento para o pr\u00f3ximo ano podem n\u00e3o se confirmar, com os mais pessimistas do mercado se surpreendendo com as previs\u00f5es de crescimento entre 0% e 1% do [&hellip;]","og_url":"https:\/\/aconteceunovale.com.br\/portal\/?p=183828","og_site_name":"Aconteceu no Vale","article_publisher":"https:\/\/www.facebook.com\/aconteceunovale\/","article_published_time":"2021-11-18T10:26:04+00:00","article_modified_time":"2021-11-18T10:27:24+00:00","og_image":[{"width":678,"height":406,"url":"https:\/\/aconteceunovale.com.br\/portal\/wp-content\/uploads\/2021\/11\/paulo_guedes.jpg","type":"image\/jpeg"}],"author":"Reda\u00e7\u00e3o Aconteceu no Vale","twitter_card":"summary_large_image","twitter_creator":"@noticiadosvales","twitter_site":"@noticiadosvales","twitter_misc":{"Escrito por":"Reda\u00e7\u00e3o Aconteceu no Vale","Est. tempo de leitura":"4 minutos"},"schema":{"@context":"https:\/\/schema.org","@graph":[{"@type":"Article","@id":"https:\/\/aconteceunovale.com.br\/portal\/?p=183828#article","isPartOf":{"@id":"https:\/\/aconteceunovale.com.br\/portal\/?p=183828"},"author":{"name":"Reda\u00e7\u00e3o Aconteceu no Vale","@id":"https:\/\/aconteceunovale.com.br\/portal\/#\/schema\/person\/7d2f26d1483f8a63de73da1ee0754d35"},"headline":"Infla\u00e7\u00e3o ser\u00e1 principal problema econ\u00f4mico em 2022, diz ministro","datePublished":"2021-11-18T10:26:04+00:00","dateModified":"2021-11-18T10:27:24+00:00","mainEntityOfPage":{"@id":"https:\/\/aconteceunovale.com.br\/portal\/?p=183828"},"wordCount":764,"commentCount":0,"image":{"@id":"https:\/\/aconteceunovale.com.br\/portal\/?p=183828#primaryimage"},"thumbnailUrl":"https:\/\/aconteceunovale.com.br\/portal\/wp-content\/uploads\/2021\/11\/paulo_guedes.jpg","keywords":["banco central","brasil","destaque","Economia brasileira em 2022","Economia do Brasil","Infla\u00e7\u00e3o brasileira","Infla\u00e7\u00e3o em 2022","infla\u00e7\u00e3o no brasil","IPCA","ministro da Economia","Paulo Guedes","PEC dos Precat\u00f3rios","PIB do Brasil","Problema econ\u00f4mico no Brasil"],"articleSection":["Brasil","Economia","Pol\u00edtica"],"inLanguage":"pt-BR","potentialAction":[{"@type":"CommentAction","name":"Comment","target":["https:\/\/aconteceunovale.com.br\/portal\/?p=183828#respond"]}]},{"@type":"WebPage","@id":"https:\/\/aconteceunovale.com.br\/portal\/?p=183828","url":"https:\/\/aconteceunovale.com.br\/portal\/?p=183828","name":"Infla\u00e7\u00e3o ser\u00e1 principal problema econ\u00f4mico em 2022, diz ministro - Aconteceu no Vale","isPartOf":{"@id":"https:\/\/aconteceunovale.com.br\/portal\/#website"},"primaryImageOfPage":{"@id":"https:\/\/aconteceunovale.com.br\/portal\/?p=183828#primaryimage"},"image":{"@id":"https:\/\/aconteceunovale.com.br\/portal\/?p=183828#primaryimage"},"thumbnailUrl":"https:\/\/aconteceunovale.com.br\/portal\/wp-content\/uploads\/2021\/11\/paulo_guedes.jpg","datePublished":"2021-11-18T10:26:04+00:00","dateModified":"2021-11-18T10:27:24+00:00","author":{"@id":"https:\/\/aconteceunovale.com.br\/portal\/#\/schema\/person\/7d2f26d1483f8a63de73da1ee0754d35"},"breadcrumb":{"@id":"https:\/\/aconteceunovale.com.br\/portal\/?p=183828#breadcrumb"},"inLanguage":"pt-BR","potentialAction":[{"@type":"ReadAction","target":["https:\/\/aconteceunovale.com.br\/portal\/?p=183828"]}]},{"@type":"ImageObject","inLanguage":"pt-BR","@id":"https:\/\/aconteceunovale.com.br\/portal\/?p=183828#primaryimage","url":"https:\/\/aconteceunovale.com.br\/portal\/wp-content\/uploads\/2021\/11\/paulo_guedes.jpg","contentUrl":"https:\/\/aconteceunovale.com.br\/portal\/wp-content\/uploads\/2021\/11\/paulo_guedes.jpg","width":678,"height":406,"caption":"O ministro da Economia, Paulo Guedes,participa de lan\u00e7amento do Programa de Crescimento Verde do Governo federal"},{"@type":"BreadcrumbList","@id":"https:\/\/aconteceunovale.com.br\/portal\/?p=183828#breadcrumb","itemListElement":[{"@type":"ListItem","position":1,"name":"In\u00edcio","item":"https:\/\/aconteceunovale.com.br\/portal\/"},{"@type":"ListItem","position":2,"name":"Infla\u00e7\u00e3o ser\u00e1 principal problema econ\u00f4mico em 2022, diz ministro"}]},{"@type":"WebSite","@id":"https:\/\/aconteceunovale.com.br\/portal\/#website","url":"https:\/\/aconteceunovale.com.br\/portal\/","name":"Aconteceu no Vale","description":"Portal de Not\u00edcias","potentialAction":[{"@type":"SearchAction","target":{"@type":"EntryPoint","urlTemplate":"https:\/\/aconteceunovale.com.br\/portal\/?s={search_term_string}"},"query-input":{"@type":"PropertyValueSpecification","valueRequired":true,"valueName":"search_term_string"}}],"inLanguage":"pt-BR"},{"@type":"Person","@id":"https:\/\/aconteceunovale.com.br\/portal\/#\/schema\/person\/7d2f26d1483f8a63de73da1ee0754d35","name":"Reda\u00e7\u00e3o Aconteceu no Vale","description":"Equipe de reportagem do Aconteceu no Vale, portal de not\u00edcias do Vale do Jequitinhonha, em Minas Gerais. Cobrimos as 51 cidades do Vale desde 2013. Sugest\u00f5es de pauta e pedidos de corre\u00e7\u00e3o: contato@aconteceunovale.com.br","url":"https:\/\/aconteceunovale.com.br\/portal\/?author=4"}]}},"_links":{"self":[{"href":"https:\/\/aconteceunovale.com.br\/portal\/index.php?rest_route=\/wp\/v2\/posts\/183828","targetHints":{"allow":["GET"]}}],"collection":[{"href":"https:\/\/aconteceunovale.com.br\/portal\/index.php?rest_route=\/wp\/v2\/posts"}],"about":[{"href":"https:\/\/aconteceunovale.com.br\/portal\/index.php?rest_route=\/wp\/v2\/types\/post"}],"author":[{"embeddable":true,"href":"https:\/\/aconteceunovale.com.br\/portal\/index.php?rest_route=\/wp\/v2\/users\/4"}],"replies":[{"embeddable":true,"href":"https:\/\/aconteceunovale.com.br\/portal\/index.php?rest_route=%2Fwp%2Fv2%2Fcomments&post=183828"}],"version-history":[{"count":1,"href":"https:\/\/aconteceunovale.com.br\/portal\/index.php?rest_route=\/wp\/v2\/posts\/183828\/revisions"}],"predecessor-version":[{"id":183830,"href":"https:\/\/aconteceunovale.com.br\/portal\/index.php?rest_route=\/wp\/v2\/posts\/183828\/revisions\/183830"}],"wp:featuredmedia":[{"embeddable":true,"href":"https:\/\/aconteceunovale.com.br\/portal\/index.php?rest_route=\/wp\/v2\/media\/183829"}],"wp:attachment":[{"href":"https:\/\/aconteceunovale.com.br\/portal\/index.php?rest_route=%2Fwp%2Fv2%2Fmedia&parent=183828"}],"wp:term":[{"taxonomy":"category","embeddable":true,"href":"https:\/\/aconteceunovale.com.br\/portal\/index.php?rest_route=%2Fwp%2Fv2%2Fcategories&post=183828"},{"taxonomy":"post_tag","embeddable":true,"href":"https:\/\/aconteceunovale.com.br\/portal\/index.php?rest_route=%2Fwp%2Fv2%2Ftags&post=183828"}],"curies":[{"name":"wp","href":"https:\/\/api.w.org\/{rel}","templated":true}]}}