{"id":18379,"date":"2014-01-13T12:35:29","date_gmt":"2014-01-13T14:35:29","guid":{"rendered":"http:\/\/aconteceunovale.com.br\/portal\/?p=18379"},"modified":"2014-01-13T19:28:44","modified_gmt":"2014-01-13T21:28:44","slug":"trem-de-passageiros-da-vale-tera-56-novos-vagoes-em-2014","status":"publish","type":"post","link":"https:\/\/aconteceunovale.com.br\/portal\/?p=18379","title":{"rendered":"Trem de passageiros da Vale ter\u00e1 56 novos vag\u00f5es em 2014"},"content":{"rendered":"<p><em><strong>Investimentos foram de US$ 80,2 milh\u00f5es para renova\u00e7\u00e3o da frota; vag\u00f5es, fabricados na Rom\u00eania, obedecem a padr\u00f5es europeus de qualidade e devem entrar em circula\u00e7\u00e3o no primeiro trimestre de 2014<\/strong><\/em><\/p>\n<p><img decoding=\"async\" src=\"http:\/\/aconteceunovale.com.br\/portal\/wp-content\/uploads\/2014\/01\/novo_trem_da_vale_1.jpg\" alt=\"\" \/><br \/>\n<em>Novos vag\u00f5es do trem de passageiros da Vale foram importados da Rom\u00eania<\/em><\/p>\n<p>O Trem de Passageiros da Estrada de Ferro Vit\u00f3ria a Minas (EFVM), que faz a liga\u00e7\u00e3o entre Esp\u00edrito Santo e Minas Gerais, vai come\u00e7ar 2014 de cara nova. A Vale investiu US$ 80,2 milh\u00f5es para renovar a frota. Fabricados na Rom\u00eania, os vag\u00f5es obedecem a padr\u00f5es europeus de qualidade. Ser\u00e3o, ao todo, 56 novos carros, sendo 10 executivos e 30 econ\u00f4micos, al\u00e9m de vag\u00f5es-restaurante, lanchonete, gerador e cadeirante (destinado a pessoas com dificuldade de locomo\u00e7\u00e3o).<\/p>\n<p><iframe loading=\"lazy\" width=\"640\" height=\"360\" src=\"\/\/www.youtube.com\/embed\/k9oIkVYQOis\" frameborder=\"0\" allowfullscreen><\/iframe><br \/>\n<em>(V\u00eddeo de apresenta\u00e7\u00e3o da Vale)<\/em><\/p>\n<p>Os primeiros carros desembarcaram em Vit\u00f3ria no final de dezembro e, ap\u00f3s serem montados, seguir\u00e3o para testes na ferrovia nos primeiros meses de 2014. A previs\u00e3o \u00e9 de que circulem ainda no primeiro trimestre. Toda a frota nova estar\u00e1 na malha da EFVM at\u00e9 o segundo semestre do ano. A Vale tamb\u00e9m vai renovar a frota do Trem de Passageiros da Estrada de Ferro Caraj\u00e1s (EFC) e os novos vag\u00f5es come\u00e7ar\u00e3o a operar a partir de 2015.<\/p>\n<p>Cada carro executivo tem capacidade para transportar 60 passageiros. J\u00e1 nos econ\u00f4micos haver\u00e1 79 lugares. Em ambas as classes os carros s\u00e3o climatizados e contam com tomadas el\u00e9tricas individuais nas poltronas para possibilitar o carregamento de equipamentos eletr\u00f4nicos, como notebooks e telefones celulares.<\/p>\n<p>Mais modernos, os banheiros receberam novo layout e tecnologias voltadas a priorizar o uso sustent\u00e1vel dos recursos naturais, como a substitui\u00e7\u00e3o do papel toalha por ar quente para a secagem das m\u00e3os. O sistema de descarga \u00e9 a v\u00e1cuo, semelhante ao utilizado na ind\u00fastria da avia\u00e7\u00e3o, o que reduz o consumo de \u00e1gua. Os novos carros tamb\u00e9m s\u00e3o equipados com monitores de v\u00eddeo para oferecer uma op\u00e7\u00e3o de entretenimento aos passageiros durante a viagem. Al\u00e9m disso, toda a composi\u00e7\u00e3o conta com detector de fuma\u00e7a, aumentando a seguran\u00e7a dos usu\u00e1rios.<\/p>\n<p>Os carros da classe executiva contam com sistema de som e ilumina\u00e7\u00e3o individualizados para dar maior conforto e comodidade aos viajantes. Outro diferencial s\u00e3o as poltronas, mais largas, e com inclina\u00e7\u00e3o maior que as da classe econ\u00f4mica. As novidades contemplam tamb\u00e9m os carros-restaurante e cadeirante. O primeiro possui 72 lugares, o que representa um acr\u00e9scimo de 56% em rela\u00e7\u00e3o \u00e0s composi\u00e7\u00f5es que operam atualmente.<\/p>\n<p><strong>SEGURAN\u00c7A E CONFORTO<\/strong><\/p>\n<p><img decoding=\"async\" src=\"http:\/\/aconteceunovale.com.br\/portal\/wp-content\/uploads\/2014\/01\/novo_trem_da_vale_2.jpg\" alt=\"\" \/><br \/>\n<em>Composi\u00e7\u00f5es devem ser totalmente substitu\u00eddas at\u00e9 o segundo sementre de 2014<\/em><\/p>\n<p>O investimento prev\u00ea ainda um novo sistema de abertura e fechamento das portas externas, bem como as localizadas entre um carro e outro, que \u00e9 autom\u00e1tico. A travessia entre os carros tamb\u00e9m mereceu melhorias e ficar\u00e1 ainda mais segura e confort\u00e1vel. Isso porque a conex\u00e3o entre os vag\u00f5es passa a ser vedada por um sistema de pl\u00e1stico emborrachado.<\/p>\n<p>Os novos carros de passageiros contam ainda com displays externos e internos, que exibem informa\u00e7\u00f5es gerais sobre a viagem. Dados como destino e trajeto do trem, n\u00famero dos carros, esta\u00e7\u00f5es e paradas de embarque e de desembarque, entre outros, s\u00e3o algumas das orienta\u00e7\u00f5es voltadas a facilitar ainda mais a viagem.<\/p>\n<p><strong>SOBRE A ESTRADA DE FERRO VIT\u00d3RIA A MINAS<\/strong><\/p>\n<p>&#8211; 664 km de percurso completo<br \/>\n&#8211; 30 pontos de embarque e desembarque<br \/>\n&#8211; 42 munic\u00edpios atendidos<br \/>\n&#8211; 1 milh\u00e3o de passageiros transportados por ano (m\u00e9dia hist\u00f3rica)<br \/>\n&#8211; Pre\u00e7o da passagem (percurso completo): Executiva &#8211; R$ 91 \/ Econ\u00f4mica &#8211; R$ 58<\/p>\n","protected":false},"excerpt":{"rendered":"<p>Investimentos foram de US$ 80,2 milh\u00f5es para renova\u00e7\u00e3o da frota; vag\u00f5es, fabricados na Rom\u00eania, obedecem a padr\u00f5es europeus de qualidade e devem entrar em circula\u00e7\u00e3o no primeiro trimestre de 2014 Novos vag\u00f5es do trem de passageiros da Vale foram importados da Rom\u00eania O Trem de Passageiros da Estrada de Ferro Vit\u00f3ria a Minas (EFVM), que [&hellip;]<\/p>\n","protected":false},"author":1,"featured_media":0,"comment_status":"open","ping_status":"closed","sticky":false,"template":"","format":"standard","meta":{"amp_status":"","footnotes":""},"categories":[123],"tags":[247,2909,2908,2910],"class_list":["post-18379","post","type-post","status-publish","format-standard","hentry","category-gerais","tag-governador-valadares","tag-novo-trem-de-passageiros-da-vale","tag-trem-de-passageiros-da-vale-tera-56-novos-vagoes-em-2014","tag-vale"],"_links":{"self":[{"href":"https:\/\/aconteceunovale.com.br\/portal\/index.php?rest_route=\/wp\/v2\/posts\/18379","targetHints":{"allow":["GET"]}}],"collection":[{"href":"https:\/\/aconteceunovale.com.br\/portal\/index.php?rest_route=\/wp\/v2\/posts"}],"about":[{"href":"https:\/\/aconteceunovale.com.br\/portal\/index.php?rest_route=\/wp\/v2\/types\/post"}],"author":[{"embeddable":true,"href":"https:\/\/aconteceunovale.com.br\/portal\/index.php?rest_route=\/wp\/v2\/users\/1"}],"replies":[{"embeddable":true,"href":"https:\/\/aconteceunovale.com.br\/portal\/index.php?rest_route=%2Fwp%2Fv2%2Fcomments&post=18379"}],"version-history":[{"count":0,"href":"https:\/\/aconteceunovale.com.br\/portal\/index.php?rest_route=\/wp\/v2\/posts\/18379\/revisions"}],"wp:attachment":[{"href":"https:\/\/aconteceunovale.com.br\/portal\/index.php?rest_route=%2Fwp%2Fv2%2Fmedia&parent=18379"}],"wp:term":[{"taxonomy":"category","embeddable":true,"href":"https:\/\/aconteceunovale.com.br\/portal\/index.php?rest_route=%2Fwp%2Fv2%2Fcategories&post=18379"},{"taxonomy":"post_tag","embeddable":true,"href":"https:\/\/aconteceunovale.com.br\/portal\/index.php?rest_route=%2Fwp%2Fv2%2Ftags&post=18379"}],"curies":[{"name":"wp","href":"https:\/\/api.w.org\/{rel}","templated":true}]}}