{"id":183741,"date":"2021-11-10T22:50:09","date_gmt":"2021-11-11T01:50:09","guid":{"rendered":"https:\/\/aconteceunovale.com.br\/portal\/?p=183741"},"modified":"2021-11-10T22:50:43","modified_gmt":"2021-11-11T01:50:43","slug":"brasil-passa-da-marca-de-610-mil-mortes-por-covid-19","status":"publish","type":"post","link":"https:\/\/aconteceunovale.com.br\/portal\/?p=183741","title":{"rendered":"Brasil passa da marca de 610 mil mortes por Covid-19"},"content":{"rendered":"\n<p>Com mais 280 \u00f3bitos em 24 horas, o Brasil superou a marca de 610 mil mortes em decorr\u00eancia de complica\u00e7\u00f5es associadas \u00e0 covid-19. Desde o in\u00edcio da pandemia, 610.036 morreram por causa da doen\u00e7a. Ontem (9), o total de \u00f3bitos estava em 609.756.<\/p>\n\n\n\n<p>Ainda h\u00e1 2.902 mortes em investiga\u00e7\u00e3o. Isso ocorre pelo fato de haver casos em que o paciente faleceu, mas a investiga\u00e7\u00e3o sobre a causa da morte ainda pode demandar exames e procedimentos posteriores.<\/p>\n\n\n\n<p>O total de pessoas infectadas pela covid-19 desde o in\u00edcio da pandemia chegou a 21.909.298. Entre ontem e hoje, as secretarias estaduais de Sa\u00fade confirmaram 12.273 novos diagn\u00f3sticos positivos da doen\u00e7a. Ontem, o painel de dados do Minist\u00e9rio da Sa\u00fade totalizava 21.897.025 casos acumulados.<br><br>Ainda h\u00e1 181.855 casos em acompanhamento, de pessoas que tiveram o quadro de covid-19 confirmado. At\u00e9 esta quarta-feira (10), 21.117.407 pessoas tinham se recuperado da covid-19.<br><br>Os dados est\u00e3o na atualiza\u00e7\u00e3o di\u00e1ria do Minist\u00e9rio da Sa\u00fade divulgada nesta quarta-feira (10). O balan\u00e7o \u00e9 elaborado a partir de informa\u00e7\u00f5es enviadas pelas secretarias estaduais de Sa\u00fade sobre casos e mortes relacionados \u00e0 covid-19.\u00a0<\/p>\n\n\n\n<figure class=\"wp-block-image size-full\"><img loading=\"lazy\" decoding=\"async\" width=\"754\" height=\"423\" src=\"https:\/\/aconteceunovale.com.br\/portal\/wp-content\/uploads\/2021\/11\/corona_br_10novembro.jpeg\" alt=\"\" class=\"wp-image-183742\" srcset=\"https:\/\/aconteceunovale.com.br\/portal\/wp-content\/uploads\/2021\/11\/corona_br_10novembro.jpeg 754w, https:\/\/aconteceunovale.com.br\/portal\/wp-content\/uploads\/2021\/11\/corona_br_10novembro-300x168.jpeg 300w, https:\/\/aconteceunovale.com.br\/portal\/wp-content\/uploads\/2021\/11\/corona_br_10novembro-696x390.jpeg 696w, https:\/\/aconteceunovale.com.br\/portal\/wp-content\/uploads\/2021\/11\/corona_br_10novembro-749x420.jpeg 749w\" sizes=\"auto, (max-width: 754px) 100vw, 754px\" \/><\/figure>\n\n\n\n<h2 class=\"wp-block-heading\">Estados<\/h2>\n\n\n\n<p>Segundo o balan\u00e7o do Minist\u00e9rio da Sa\u00fade, at\u00e9 o momento, o estado que registra mais mortes por covid-19 \u00e9 S\u00e3o Paulo (152.538), seguido por Rio de Janeiro (68.607), Minas Gerais (55.820), Paran\u00e1 (40.674) e Rio Grande do Sul (35.726).<br><br>Os estados com menor n\u00famero de \u00f3bitos pela doen\u00e7a s\u00e3o Acre (1.845), Amap\u00e1 (1.993), Roraima (2.036), Tocantins (3.893) e Sergipe (6.033).<br><br>N\u00e3o houve registro de mortes por covid-19 entre ontem e hoje nos estados do Acre, do Amap\u00e1 e de Roraima. &nbsp;<\/p>\n\n\n\n<h2 class=\"wp-block-heading\">Vacina\u00e7\u00e3o<\/h2>\n\n\n\n<p>At\u00e9 o in\u00edcio da noite desta quarta-feira, o sistema do Minist\u00e9rio da Sa\u00fade registrava a aplica\u00e7\u00e3o de 280,9 milh\u00f5es de doses de vacinas contra a covid-19 no Brasil. Destas, 156,3 milh\u00f5es de aplica\u00e7\u00f5es eram da primeira dose e 124,6 milh\u00f5es, da segunda ou dose \u00fanica. J\u00e1 foram aplicadas 10,1 milh\u00f5es de doses de refor\u00e7o.<br><br>No total, foram distribu\u00eddas 349,9 milh\u00f5es de doses de imunizantes a estados e munic\u00edpios, tendo sido entregues 338,2 milh\u00f5es.<\/p>\n\n\n\n<p>&#8212;&#8212;&#8212;&#8212;&#8212;&#8212;<br><em>Quer receber as not\u00edcias do <strong>Aconteceu no Vale<\/strong> em primeira m\u00e3o? Siga-nos no Facebook <a rel=\"noreferrer noopener\" href=\"http:\/\/facebook.com\/aconteceunovale\" target=\"_blank\">@aconteceunovale<\/a>, Twitter <a rel=\"noreferrer noopener\" href=\"https:\/\/twitter.com\/noticiadosvales\" target=\"_blank\">@noticiadosvales<\/a> e Instagram <a rel=\"noreferrer noopener\" href=\"https:\/\/www.instagram.com\/aconteceunovale\" target=\"_blank\">@aconteceunovale<\/a>.<\/em><\/p>\n","protected":false},"excerpt":{"rendered":"<p>Com mais 280 \u00f3bitos em 24 horas, o Brasil superou a marca de 610 mil mortes em decorr\u00eancia de complica\u00e7\u00f5es associadas \u00e0 covid-19. Desde o in\u00edcio da pandemia, 610.036 morreram por causa da doen\u00e7a. Ontem (9), o total de \u00f3bitos estava em 609.756. Ainda h\u00e1 2.902 mortes em investiga\u00e7\u00e3o. Isso ocorre pelo fato de haver [&hellip;]<\/p>\n","protected":false},"author":4,"featured_media":175403,"comment_status":"open","ping_status":"closed","sticky":false,"template":"","format":"standard","meta":{"amp_status":"","footnotes":""},"categories":[6,40242],"tags":[4785,220477,254345,250329,220660,219520,218049,218205,214884,215394,216498,218043,232361,19326,220349,218044,218045,215653,218206,219105,219104,218876,219519,140166,217692,220478,220479,232360,220944,220945],"class_list":["post-183741","post","type-post","status-publish","format-standard","has-post-thumbnail","hentry","category-br","category-saude-2","tag-brasil","tag-brasil-bate-recorde-de-obitos-e-casos-confirmados-em-um-dia","tag-brasil-passa-da-marca-de-610-mil-mortes-por-covid-19","tag-brasil-supera-580-mil-mortes-por-covid-19","tag-brasil-ultrapassa-marca-de-4-mil-obitos-por-covid-19","tag-casos-confirmados-e-obitos-no-brasil","tag-casos-de-coronavirus-no-brasil","tag-casos-de-covid-19-no-brasil","tag-coronavirus","tag-coronavirus-no-brasil","tag-covid-19","tag-covid-19-no-brasil","tag-covid-19-brasil-passa-dos-180-mil-obitos-desde-o-inicio-da-pandemia","tag-ministerio-da-saude","tag-ministerio-da-saude-atualiza-numeros-do-coronavirus-no-brasil","tag-mortes-por-coronavirus-no-brasil","tag-mortes-por-covid-19-no-brasil","tag-novo-coronavirus","tag-numero-de-casos-de-covid-19-confirmados-no-brasil","tag-numeros-da-covid-19-no-brasil","tag-numeros-do-coronavirus-no-brasil","tag-obitos-por-coronavirus-no-brasil","tag-obitos-por-covid-19-no-brasil","tag-pandemia","tag-pandemia-de-coronavirus","tag-recorde-de-obitos-por-coronavirus-no-brasil","tag-recorde-de-obitos-por-covid-19-no-brasil","tag-situacao-epidemiologica-da-covid-19-no-brasil-em-11-12-2020","tag-virus-vai-atingir-70-da-populacao","tag-virus-vai-atingir-70-da-populacao-diz-jair-bolsonaro"],"_links":{"self":[{"href":"https:\/\/aconteceunovale.com.br\/portal\/index.php?rest_route=\/wp\/v2\/posts\/183741","targetHints":{"allow":["GET"]}}],"collection":[{"href":"https:\/\/aconteceunovale.com.br\/portal\/index.php?rest_route=\/wp\/v2\/posts"}],"about":[{"href":"https:\/\/aconteceunovale.com.br\/portal\/index.php?rest_route=\/wp\/v2\/types\/post"}],"author":[{"embeddable":true,"href":"https:\/\/aconteceunovale.com.br\/portal\/index.php?rest_route=\/wp\/v2\/users\/4"}],"replies":[{"embeddable":true,"href":"https:\/\/aconteceunovale.com.br\/portal\/index.php?rest_route=%2Fwp%2Fv2%2Fcomments&post=183741"}],"version-history":[{"count":1,"href":"https:\/\/aconteceunovale.com.br\/portal\/index.php?rest_route=\/wp\/v2\/posts\/183741\/revisions"}],"predecessor-version":[{"id":183743,"href":"https:\/\/aconteceunovale.com.br\/portal\/index.php?rest_route=\/wp\/v2\/posts\/183741\/revisions\/183743"}],"wp:featuredmedia":[{"embeddable":true,"href":"https:\/\/aconteceunovale.com.br\/portal\/index.php?rest_route=\/wp\/v2\/media\/175403"}],"wp:attachment":[{"href":"https:\/\/aconteceunovale.com.br\/portal\/index.php?rest_route=%2Fwp%2Fv2%2Fmedia&parent=183741"}],"wp:term":[{"taxonomy":"category","embeddable":true,"href":"https:\/\/aconteceunovale.com.br\/portal\/index.php?rest_route=%2Fwp%2Fv2%2Fcategories&post=183741"},{"taxonomy":"post_tag","embeddable":true,"href":"https:\/\/aconteceunovale.com.br\/portal\/index.php?rest_route=%2Fwp%2Fv2%2Ftags&post=183741"}],"curies":[{"name":"wp","href":"https:\/\/api.w.org\/{rel}","templated":true}]}}