{"id":18372,"date":"2014-01-13T12:12:40","date_gmt":"2014-01-13T14:12:40","guid":{"rendered":"http:\/\/aconteceunovale.com.br\/portal\/?p=18372"},"modified":"2014-01-13T12:21:06","modified_gmt":"2014-01-13T14:21:06","slug":"motorista-fica-ferido-apos-carro-cair-em-corrego-de-montes-claros","status":"publish","type":"post","link":"https:\/\/aconteceunovale.com.br\/portal\/?p=18372","title":{"rendered":"Motorista fica ferido ap\u00f3s carro cair em c\u00f3rrego de Montes Claros"},"content":{"rendered":"<p>O motorista Roger Gomes Lima, de 25 anos, ficou ferido ap\u00f3s cair em c\u00f3rrego na Avenida Sidney Chaves, em Montes Claros\/MG. O acidente aconteceu na madrugada desta segunda-feira (13\/01).<\/p>\n<p><img decoding=\"async\" src=\"http:\/\/aconteceunovale.com.br\/portal\/wp-content\/uploads\/2014\/01\/acidente_corrego_montes_claros.jpg\" alt=\"\" \/><br \/>\n<em>(Foto: Corpo de Bombeiros)<\/em><\/p>\n<p>De acordo com informa\u00e7\u00f5es dos militares do Corpo de Bombeiros que atenderam a ocorr\u00eancia, o motorista trafegava em um Honda City quando perdeu o controle da dire\u00e7\u00e3o na avenida e bateu na grade de prote\u00e7\u00e3o. Com o impacto, o carro acabou atravessando a grade e foi parar dentro do c\u00f3rrego.<\/p>\n<p>Ainda segundo o Corpo de Bombeiros, foi preciso utilizar cordas para auxiliar no resgate da v\u00edtima, que teve escoria\u00e7\u00f5es pelo corpo e queixava de dores na coluna. O motorista foi encaminhado ao Hospital de Santa Casa de Miseric\u00f3rdia e passa bem.<\/p>\n<p><strong>FOTOS:<\/strong><br \/>\n<em>(Fotos: Corpo de Bombeiros)<\/em><\/p>\n<p><img decoding=\"async\" src=\"http:\/\/aconteceunovale.com.br\/portal\/wp-content\/uploads\/2014\/01\/acidente_corrego_montes_claros_2.jpg\" alt=\"\" \/><\/p>\n<p><img decoding=\"async\" src=\"http:\/\/aconteceunovale.com.br\/portal\/wp-content\/uploads\/2014\/01\/acidente_corrego_montes_claros_3.jpg\" alt=\"\" \/><\/p>\n","protected":false},"excerpt":{"rendered":"<p>O motorista Roger Gomes Lima, de 25 anos, ficou ferido ap\u00f3s cair em c\u00f3rrego na Avenida Sidney Chaves, em Montes Claros\/MG. O acidente aconteceu na madrugada desta segunda-feira (13\/01). (Foto: Corpo de Bombeiros) De acordo com informa\u00e7\u00f5es dos militares do Corpo de Bombeiros que atenderam a ocorr\u00eancia, o motorista trafegava em um Honda City quando [&hellip;]<\/p>\n","protected":false},"author":1,"featured_media":0,"comment_status":"open","ping_status":"closed","sticky":false,"template":"","format":"standard","meta":{"amp_status":"","footnotes":""},"categories":[1236],"tags":[2905,210,2906,2907],"class_list":["post-18372","post","type-post","status-publish","format-standard","hentry","category-norte_de_minas","tag-homem-fica-ferido-apos-carro-cair-em-corrego-no-norte-de-minas","tag-montes-claros","tag-motorista-fica-ferido-apos-carro-cair-em-corrego-de-montes-claros","tag-roger-gomes-lima"],"_links":{"self":[{"href":"https:\/\/aconteceunovale.com.br\/portal\/index.php?rest_route=\/wp\/v2\/posts\/18372","targetHints":{"allow":["GET"]}}],"collection":[{"href":"https:\/\/aconteceunovale.com.br\/portal\/index.php?rest_route=\/wp\/v2\/posts"}],"about":[{"href":"https:\/\/aconteceunovale.com.br\/portal\/index.php?rest_route=\/wp\/v2\/types\/post"}],"author":[{"embeddable":true,"href":"https:\/\/aconteceunovale.com.br\/portal\/index.php?rest_route=\/wp\/v2\/users\/1"}],"replies":[{"embeddable":true,"href":"https:\/\/aconteceunovale.com.br\/portal\/index.php?rest_route=%2Fwp%2Fv2%2Fcomments&post=18372"}],"version-history":[{"count":0,"href":"https:\/\/aconteceunovale.com.br\/portal\/index.php?rest_route=\/wp\/v2\/posts\/18372\/revisions"}],"wp:attachment":[{"href":"https:\/\/aconteceunovale.com.br\/portal\/index.php?rest_route=%2Fwp%2Fv2%2Fmedia&parent=18372"}],"wp:term":[{"taxonomy":"category","embeddable":true,"href":"https:\/\/aconteceunovale.com.br\/portal\/index.php?rest_route=%2Fwp%2Fv2%2Fcategories&post=18372"},{"taxonomy":"post_tag","embeddable":true,"href":"https:\/\/aconteceunovale.com.br\/portal\/index.php?rest_route=%2Fwp%2Fv2%2Ftags&post=18372"}],"curies":[{"name":"wp","href":"https:\/\/api.w.org\/{rel}","templated":true}]}}