{"id":183717,"date":"2021-11-10T15:24:22","date_gmt":"2021-11-10T18:24:22","guid":{"rendered":"https:\/\/aconteceunovale.com.br\/portal\/?p=183717"},"modified":"2021-11-10T15:26:39","modified_gmt":"2021-11-10T18:26:39","slug":"convocados-pelo-inss-tem-ate-amanha-para-agendar-pericia-medica","status":"publish","type":"post","link":"https:\/\/aconteceunovale.com.br\/portal\/?p=183717","title":{"rendered":"Convocados pelo INSS t\u00eam at\u00e9 amanh\u00e3 para agendar per\u00edcia m\u00e9dica"},"content":{"rendered":"\n<p>Termina amanh\u00e3 (11\/11\/2021) o prazo para agendamento da per\u00edcia m\u00e9dica dos segurados convocados pelo Instituto Nacional do Seguro Social (INSS) no fim\u00a0de setembro. A rela\u00e7\u00e3o completa pode ser consultada no\u00a0<a rel=\"noreferrer noopener\" href=\"https:\/\/www.in.gov.br\/en\/web\/dou\/-\/edital-de-convocacao-347888278\" target=\"_blank\"><em>Di\u00e1rio Oficial da Uni\u00e3o<\/em><\/a>, e o exame pode ser marcado pelo aplicativo Meu INSS, pela Central de Atendimento 135 ou pela\u00a0<a rel=\"noreferrer noopener\" href=\"https:\/\/meu.inss.gov.br\/\/\" target=\"_blank\">p\u00e1gina do instituto<\/a>\u00a0na internet.<img decoding=\"async\" src=\"https:\/\/agenciabrasil.ebc.com.br\/ebc.png?id=1427087&amp;o=node\"><img decoding=\"async\" src=\"https:\/\/agenciabrasil.ebc.com.br\/ebc.gif?id=1427087&amp;o=node\"><\/p>\n\n\n\n<p>S\u00e3o segurados que recebem o benef\u00edcio por incapacidade tempor\u00e1ria (antigo aux\u00edlio-doen\u00e7a) e foram convocados pela opera\u00e7\u00e3o pente-fino do \u00f3rg\u00e3o para fazer&nbsp;per\u00edcia m\u00e9dica, a fim de verificar poss\u00edveis irregularidades. Quem n\u00e3o fizer o agendamento&nbsp;ter\u00e1 o pagamento suspenso. Ap\u00f3s 60 dias da suspens\u00e3o, caso o segurado n\u00e3o compare\u00e7a nesse prazo, o benef\u00edcio poder\u00e1 ser cancelado.<\/p>\n\n\n\n<p>Em\u00a027 de setembro, o INSS convocou 95.588 segurados para agendarem per\u00edcia m\u00e9dica at\u00e9\u00a011 de novembro. Mas, segundo o \u00f3rg\u00e3o, pouco mais de 10 mil marcaram o exame. Desde julho, o instituto est\u00e1 enviando cartas a\u00a0170 mil segurados\u00a0que n\u00e3o realizam per\u00edcia m\u00e9dica h\u00e1 mais de seis meses. Os atendimentos come\u00e7aram em agosto, e a revis\u00e3o segue at\u00e9 dezembro.<\/p>\n\n\n\n<p>Quem recebe a notifica\u00e7\u00e3o tem 30 dias, a contar da data de recebimento informada pelos Correios, para marcar&nbsp;o procedimento. De acordo com o INSS, as pessoas convocadas por meio do&nbsp;<em>Di\u00e1rio Oficial da Uni\u00e3o<\/em>&nbsp;n\u00e3o foram localizadas nos endere\u00e7os da base de dados do \u00f3rg\u00e3o ou receberam a carta de notifica\u00e7\u00e3o, mas n\u00e3o agendaram&nbsp;a per\u00edcia m\u00e9dica.<\/p>\n\n\n\n<p>Na data marcada\u00a0para a realiza\u00e7\u00e3o da per\u00edcia, o benefici\u00e1rio deve levar os seguintes documentos: carteira de identidade, Cadastro de Pessoas F\u00edsicas (CPF), exames m\u00e9dicos recentes que comprovem a incapacidade de trabalhar e laudo com nome do m\u00e9dico, registro no Conselho Regional de Medicina (CRM), descri\u00e7\u00e3o e c\u00f3digo da doen\u00e7a &#8211; CID\u00a0(classifica\u00e7\u00e3o internacional de doen\u00e7as).<\/p>\n\n\n\n<p>&#8212;&#8212;&#8212;&#8212;&#8212;&#8212;<br><em>Quer receber as not\u00edcias do <strong>Aconteceu no Vale<\/strong> em primeira m\u00e3o? Siga-nos no Facebook <a rel=\"noreferrer noopener\" href=\"http:\/\/facebook.com\/aconteceunovale\" target=\"_blank\">@aconteceunovale<\/a>, Twitter <a rel=\"noreferrer noopener\" href=\"https:\/\/twitter.com\/noticiadosvales\" target=\"_blank\">@noticiadosvales<\/a> e Instagram <a rel=\"noreferrer noopener\" href=\"https:\/\/www.instagram.com\/aconteceunovale\" target=\"_blank\">@aconteceunovale<\/a>.<\/em><\/p>\n","protected":false},"excerpt":{"rendered":"<p>Termina amanh\u00e3 (11\/11\/2021) o prazo para agendamento da per\u00edcia m\u00e9dica dos segurados convocados pelo Instituto Nacional do Seguro Social (INSS) no fim\u00a0de setembro. A rela\u00e7\u00e3o completa pode ser consultada no\u00a0Di\u00e1rio Oficial da Uni\u00e3o, e o exame pode ser marcado pelo aplicativo Meu INSS, pela Central de Atendimento 135 ou pela\u00a0p\u00e1gina do instituto\u00a0na internet. S\u00e3o segurados [&hellip;]<\/p>\n","protected":false},"author":4,"featured_media":182896,"comment_status":"open","ping_status":"closed","sticky":false,"template":"","format":"standard","meta":{"amp_status":"","footnotes":""},"categories":[6],"tags":[104042,248528,254277,6528,51098,169010,156777,25200,136400,248525,248527,248526],"class_list":["post-183717","post","type-post","status-publish","format-standard","has-post-thumbnail","hentry","category-br","tag-auxilio-doenca","tag-beneficios-por-incapacidade-temporaria","tag-cerca-de-85-mil-pessoas-podem-ter-beneficio-do-inss-suspenso","tag-inss","tag-instituto-nacional-do-seguro-social","tag-meu-inss","tag-pericia-inss","tag-previdencia-social","tag-revisao-de-beneficios-do-inss","tag-revisao-inss","tag-segurados-da-previdencia-social","tag-segurados-do-inss"],"_links":{"self":[{"href":"https:\/\/aconteceunovale.com.br\/portal\/index.php?rest_route=\/wp\/v2\/posts\/183717","targetHints":{"allow":["GET"]}}],"collection":[{"href":"https:\/\/aconteceunovale.com.br\/portal\/index.php?rest_route=\/wp\/v2\/posts"}],"about":[{"href":"https:\/\/aconteceunovale.com.br\/portal\/index.php?rest_route=\/wp\/v2\/types\/post"}],"author":[{"embeddable":true,"href":"https:\/\/aconteceunovale.com.br\/portal\/index.php?rest_route=\/wp\/v2\/users\/4"}],"replies":[{"embeddable":true,"href":"https:\/\/aconteceunovale.com.br\/portal\/index.php?rest_route=%2Fwp%2Fv2%2Fcomments&post=183717"}],"version-history":[{"count":1,"href":"https:\/\/aconteceunovale.com.br\/portal\/index.php?rest_route=\/wp\/v2\/posts\/183717\/revisions"}],"predecessor-version":[{"id":183718,"href":"https:\/\/aconteceunovale.com.br\/portal\/index.php?rest_route=\/wp\/v2\/posts\/183717\/revisions\/183718"}],"wp:featuredmedia":[{"embeddable":true,"href":"https:\/\/aconteceunovale.com.br\/portal\/index.php?rest_route=\/wp\/v2\/media\/182896"}],"wp:attachment":[{"href":"https:\/\/aconteceunovale.com.br\/portal\/index.php?rest_route=%2Fwp%2Fv2%2Fmedia&parent=183717"}],"wp:term":[{"taxonomy":"category","embeddable":true,"href":"https:\/\/aconteceunovale.com.br\/portal\/index.php?rest_route=%2Fwp%2Fv2%2Fcategories&post=183717"},{"taxonomy":"post_tag","embeddable":true,"href":"https:\/\/aconteceunovale.com.br\/portal\/index.php?rest_route=%2Fwp%2Fv2%2Ftags&post=183717"}],"curies":[{"name":"wp","href":"https:\/\/api.w.org\/{rel}","templated":true}]}}