{"id":183695,"date":"2021-11-09T07:20:15","date_gmt":"2021-11-09T10:20:15","guid":{"rendered":"https:\/\/aconteceunovale.com.br\/portal\/?p=183695"},"modified":"2021-11-09T07:21:12","modified_gmt":"2021-11-09T10:21:12","slug":"vendas-de-veiculos-caem-245-anuncia-a-anfavea","status":"publish","type":"post","link":"https:\/\/aconteceunovale.com.br\/portal\/?p=183695","title":{"rendered":"Vendas de ve\u00edculos caem 24,5%, anuncia a Anfavea"},"content":{"rendered":"\n<p>As vendas de ve\u00edculos novos ca\u00edram 24,5% em outubro na compara\u00e7\u00e3o com o mesmo m\u00eas de 2020. Segundo \u00a0balan\u00e7o divulgado ontem (8\/11\/2021), em S\u00e3o Paulo, pela Associa\u00e7\u00e3o Nacional de Fabricantes de Ve\u00edculos Automotores (Anfavea), foram emplacados 162,3 mil unidades. No acumulado de janeiro a outubro, entretanto, h\u00e1 um crescimento de 9,5% em rela\u00e7\u00e3o ao mesmo per\u00edodo do ano passado, com a comercializa\u00e7\u00e3o de 1,7 milh\u00e3o de ve\u00edculos.<img decoding=\"async\" src=\"https:\/\/agenciabrasil.ebc.com.br\/ebc.png?id=1426880&amp;o=node\"><img decoding=\"async\" src=\"https:\/\/agenciabrasil.ebc.com.br\/ebc.gif?id=1426880&amp;o=node\"><\/p>\n\n\n\n<p>Segundo o presidente da Anfavea, Luiz Carlos Moraes, a retra\u00e7\u00e3o das vendas em outubro \u00e9 um reflexo das dificuldades enfrentadas pela ind\u00fastria, como a falta de componentes, em escassez mundial. A previs\u00e3o \u00e9 que esses problemas continuem a impactar as atividades do setor at\u00e9 o ano que vem. \u201c2022 continuar\u00e1 sendo um ano de grandes desafios na entrega de semicondutores no setor automotivo\u201d, acrescentou.<\/p>\n\n\n\n<h2 class=\"wp-block-heading\">Caminh\u00f5es<\/h2>\n\n\n\n<p>O crescimento das vendas ao longo do ano \u00e9 puxado especialmente pelo setor de caminh\u00f5es, que teve uma expans\u00e3o de 50,4% nos emplacamentos de janeiro a outubro na compara\u00e7\u00e3o com o mesmo per\u00edodo de 2020. Foram comercializadas no per\u00edodo 106,3 mil unidades, sendo 11 mil em outubro \u2013 eleva\u00e7\u00e3o de 39,7% sobre o mesmo m\u00eas de 2020.<\/p>\n\n\n\n<p>As vendas de autom\u00f3veis e ve\u00edculos comerciais leves registram queda de 31,1% em outubro, com 128,7 mil unidades. No acumulado de janeiro a outubro, os emplacamentos abrangeram 1,4 milh\u00e3o de unidades, alta de 6,5% em rela\u00e7\u00e3o aos primeiros dez meses de 2020.<\/p>\n\n\n\n<h2 class=\"wp-block-heading\">Produ\u00e7\u00e3o<\/h2>\n\n\n\n<p>A produ\u00e7\u00e3o de ve\u00edculos tamb\u00e9m acusou queda em outubro de 24,8% em compara\u00e7\u00e3o com o mesmo m\u00eas do ano passado, com a fabrica\u00e7\u00e3o de 177,9 mil unidades. Entre janeiro e outubro deste ano, foram produzidos 1,8 milh\u00e3o de ve\u00edculos, um crescimento de 16,7% em rela\u00e7\u00e3o ao mesmo per\u00edodo de 2020.<\/p>\n\n\n\n<p>No acumulado de janeiro a outubro, a fabrica\u00e7\u00e3o de caminh\u00f5es registra alta de 91,2%, com a produ\u00e7\u00e3o de 131, 9 mil unidades. Em outubro, o crescimento ficou em 24,6%, com a montagem de 13,6 mil caminh\u00f5es.<\/p>\n\n\n\n<p>A produ\u00e7\u00e3o de autom\u00f3veis e ve\u00edculos comerciais leves teve queda de 27,2% em outubro, com a fabrica\u00e7\u00e3o de 162,9 mil unidades. De janeiro a outubro a produ\u00e7\u00e3o de ve\u00edculos alcan\u00e7ou 1,6 milh\u00e3o de autom\u00f3veis e comerciais leves, uma eleva\u00e7\u00e3o de 13,4% em rela\u00e7\u00e3o aos dez primeiros meses de 2020.<\/p>\n\n\n\n<h2 class=\"wp-block-heading\">Exporta\u00e7\u00f5es<\/h2>\n\n\n\n<p>As exporta\u00e7\u00f5es de ve\u00edculos tiveram queda de 14,6% em outubro na compara\u00e7\u00e3o com o mesmo m\u00eas do ano passado, com a venda de 29,8 mil ve\u00edculos. Nos primeiros dez meses do ano, a comercializa\u00e7\u00e3o de ve\u00edculos para o exterior tem alta de 26,8%, com a venda de 306,8 mil ve\u00edculos.<\/p>\n\n\n\n<p>O n\u00edvel de emprego na ind\u00fastria ficou praticamente est\u00e1vel em 102,5 mil trabalhadores em outubro, 0,4% menos do que em setembro e 0,2% mais do que o mesmo m\u00eas do ano passado.<\/p>\n\n\n\n<p>Segundo Moraes, as previs\u00f5es da Anfavea se mant\u00eam para um crescimento do setor de 6% no pior cen\u00e1rio e de 10% em uma possibilidade mais otimista.<\/p>\n\n\n\n<p>&#8212;&#8212;&#8212;&#8212;&#8212;&#8212;<br><em>Quer receber as not\u00edcias do <strong>Aconteceu no Vale<\/strong> em primeira m\u00e3o? Siga-nos no Facebook <a rel=\"noreferrer noopener\" href=\"http:\/\/facebook.com\/aconteceunovale\" target=\"_blank\">@aconteceunovale<\/a>, Twitter <a rel=\"noreferrer noopener\" href=\"https:\/\/twitter.com\/noticiadosvales\" target=\"_blank\">@noticiadosvales<\/a> e Instagram <a rel=\"noreferrer noopener\" href=\"https:\/\/www.instagram.com\/aconteceunovale\" target=\"_blank\">@aconteceunovale<\/a>.<\/em><\/p>\n","protected":false},"excerpt":{"rendered":"<p>As vendas de ve\u00edculos novos ca\u00edram 24,5% em outubro na compara\u00e7\u00e3o com o mesmo m\u00eas de 2020. Segundo \u00a0balan\u00e7o divulgado ontem (8\/11\/2021), em S\u00e3o Paulo, pela Associa\u00e7\u00e3o Nacional de Fabricantes de Ve\u00edculos Automotores (Anfavea), foram emplacados 162,3 mil unidades. No acumulado de janeiro a outubro, entretanto, h\u00e1 um crescimento de 9,5% em rela\u00e7\u00e3o ao mesmo [&hellip;]<\/p>\n","protected":false},"author":4,"featured_media":183696,"comment_status":"open","ping_status":"closed","sticky":false,"template":"","format":"standard","meta":{"amp_status":"","footnotes":""},"categories":[6,40239],"tags":[36459,254283,1018,242208,242205,254282,254278,254280,254279,254281],"class_list":["post-183695","post","type-post","status-publish","format-standard","has-post-thumbnail","hentry","category-br","category-economia-2","tag-anfavea","tag-associacao-nacional-de-fabricantes-de-veiculos-automotores","tag-destaque","tag-luiz-carlos-moraes","tag-producao-de-veiculos-no-brasil","tag-veiculos-novos-no-brasil","tag-vendas-de-veiculos","tag-vendas-de-veiculos-no-brasil","tag-vendas-de-veiculos-novos","tag-vendas-de-veiculos-novos-no-brasil"],"_links":{"self":[{"href":"https:\/\/aconteceunovale.com.br\/portal\/index.php?rest_route=\/wp\/v2\/posts\/183695","targetHints":{"allow":["GET"]}}],"collection":[{"href":"https:\/\/aconteceunovale.com.br\/portal\/index.php?rest_route=\/wp\/v2\/posts"}],"about":[{"href":"https:\/\/aconteceunovale.com.br\/portal\/index.php?rest_route=\/wp\/v2\/types\/post"}],"author":[{"embeddable":true,"href":"https:\/\/aconteceunovale.com.br\/portal\/index.php?rest_route=\/wp\/v2\/users\/4"}],"replies":[{"embeddable":true,"href":"https:\/\/aconteceunovale.com.br\/portal\/index.php?rest_route=%2Fwp%2Fv2%2Fcomments&post=183695"}],"version-history":[{"count":1,"href":"https:\/\/aconteceunovale.com.br\/portal\/index.php?rest_route=\/wp\/v2\/posts\/183695\/revisions"}],"predecessor-version":[{"id":183697,"href":"https:\/\/aconteceunovale.com.br\/portal\/index.php?rest_route=\/wp\/v2\/posts\/183695\/revisions\/183697"}],"wp:featuredmedia":[{"embeddable":true,"href":"https:\/\/aconteceunovale.com.br\/portal\/index.php?rest_route=\/wp\/v2\/media\/183696"}],"wp:attachment":[{"href":"https:\/\/aconteceunovale.com.br\/portal\/index.php?rest_route=%2Fwp%2Fv2%2Fmedia&parent=183695"}],"wp:term":[{"taxonomy":"category","embeddable":true,"href":"https:\/\/aconteceunovale.com.br\/portal\/index.php?rest_route=%2Fwp%2Fv2%2Fcategories&post=183695"},{"taxonomy":"post_tag","embeddable":true,"href":"https:\/\/aconteceunovale.com.br\/portal\/index.php?rest_route=%2Fwp%2Fv2%2Ftags&post=183695"}],"curies":[{"name":"wp","href":"https:\/\/api.w.org\/{rel}","templated":true}]}}