{"id":183692,"date":"2021-11-08T21:13:15","date_gmt":"2021-11-09T00:13:15","guid":{"rendered":"https:\/\/aconteceunovale.com.br\/portal\/?p=183692"},"modified":"2021-11-09T07:13:44","modified_gmt":"2021-11-09T10:13:44","slug":"motores-e-fuselagem-do-aviao-que-caiu-com-marilia-mendonca-sao-resgatados","status":"publish","type":"post","link":"https:\/\/aconteceunovale.com.br\/portal\/?p=183692","title":{"rendered":"Motores e fuselagem do avi\u00e3o que caiu com Mar\u00edlia Mendon\u00e7a s\u00e3o resgatados"},"content":{"rendered":"\n<p>A PEC T\u00e1xi A\u00e9reo, propriet\u00e1ria do avi\u00e3o Beechcraft King Air C90A que\u00a0caiu na serra de Caratinga (MG), na sexta-feira (5), com a cantora Mar\u00edlia Mendon\u00e7a, resgatou ontem (8\/11\/2021) os dois motores da aeronave.<img decoding=\"async\" src=\"https:\/\/agenciabrasil.ebc.com.br\/ebc.png?id=1426904&amp;o=node\"><img decoding=\"async\" src=\"https:\/\/agenciabrasil.ebc.com.br\/ebc.gif?id=1426904&amp;o=node\"><\/p>\n\n\n\n<figure class=\"wp-block-gallery columns-1 is-cropped wp-block-gallery-1 is-layout-flex wp-block-gallery-is-layout-flex\"><ul class=\"blocks-gallery-grid\"><li class=\"blocks-gallery-item\"><figure><img loading=\"lazy\" decoding=\"async\" width=\"678\" height=\"313\" src=\"https:\/\/aconteceunovale.com.br\/portal\/wp-content\/uploads\/2021\/11\/aviao_resgatado.jpg\" alt=\"\" data-id=\"183693\" data-full-url=\"https:\/\/aconteceunovale.com.br\/portal\/wp-content\/uploads\/2021\/11\/aviao_resgatado.jpg\" data-link=\"https:\/\/aconteceunovale.com.br\/portal\/?attachment_id=183693\" class=\"wp-image-183693\" srcset=\"https:\/\/aconteceunovale.com.br\/portal\/wp-content\/uploads\/2021\/11\/aviao_resgatado.jpg 678w, https:\/\/aconteceunovale.com.br\/portal\/wp-content\/uploads\/2021\/11\/aviao_resgatado-300x138.jpg 300w\" sizes=\"auto, (max-width: 678px) 100vw, 678px\" \/><figcaption class=\"blocks-gallery-item__caption\"><em>Foto: Miguel Br\u00e1z \/ TV SISTEC<\/em><\/figcaption><\/figure><\/li><\/ul><\/figure>\n\n\n\n<p>A remo\u00e7\u00e3o foi acompanhada por t\u00e9cnicos do\u00a0Centro de Investiga\u00e7\u00e3o e Preven\u00e7\u00e3o de Acidentes Aeron\u00e1uticos (Cenipa), \u00f3rg\u00e3o militar subordinado ao Comando da Aeron\u00e1utica, respons\u00e1vel por investigar as causas de acidentes aeron\u00e1uticos.<\/p>\n\n\n\n<p>Na queda do avi\u00e3o morreram a cantora e compositora Mar\u00edlia Mendon\u00e7a, de 26 anos; o tio e assessor da artista, Abiceli Silveira Dias Filho; o produtor Henrique Bonfim Ribeiro; o piloto Geraldo Martins de Medeiros e o co-piloto Luiz Eduardo David Guimar\u00e3es.<\/p>\n\n\n\n<p>Embora as causas do acidente ainda estejam sendo apuradas, a Companhia Energ\u00e9tica de Minas Gerais (Cemig) revelou que a aeronave atingiu um cabo da rede el\u00e9trica quando se aproximava do aer\u00f3dromo de Ubaporanga.<\/p>\n\n\n\n<p>Ainda de acordo com a Cemig, a linha de distribui\u00e7\u00e3o de energia el\u00e9trica atingida pelo avi\u00e3o fica fora da zona de prote\u00e7\u00e3o do aer\u00f3dromo, tendo sido\u00a0instalada segundo todas as normas t\u00e9cnicas e regulamentos em vigor.<\/p>\n\n\n\n<p>Ap\u00f3s atingir o cabo, o bimotor caiu sobre as pedras de uma cachoeira localizada em uma \u00e1rea de dif\u00edcil acesso, entre as cidades de Piedade de Caratinga e Caratinga, o que dificultou n\u00e3o s\u00f3 o resgate das v\u00edtimas, como tamb\u00e9m a remo\u00e7\u00e3o da fuselagem &#8211; que teve que ser cortada em partes e exigiu que parte da vegeta\u00e7\u00e3o em volta fosse suprimida &#8211; e a recupera\u00e7\u00e3o dos motores da aeronave, cuja per\u00edcia ser\u00e1 fundamental para o esclarecimento do acidente.<\/p>\n\n\n\n<p>De Caratinga, os destro\u00e7os da aeronave ser\u00e3o transportados para o Rio de Janeiro, onde ser\u00e3o periciados.<\/p>\n\n\n\n<p>A Ag\u00eancia Nacional de Avia\u00e7\u00e3o Civil (Anac) informou que o Beechcraft, matr\u00edcula PT-ONJ, com capacidade para transportar at\u00e9 seis passageiros e mais dois pilotos, estava com toda a documenta\u00e7\u00e3o em dia e a empresa propriet\u00e1ria tinha autoriza\u00e7\u00e3o para operar t\u00e1xi-a\u00e9reo.<\/p>\n\n\n\n<p>&#8212;&#8212;&#8212;&#8212;&#8212;&#8212;<br><em>Quer receber as not\u00edcias do <strong>Aconteceu no Vale<\/strong> em primeira m\u00e3o? Siga-nos no Facebook <a rel=\"noreferrer noopener\" href=\"http:\/\/facebook.com\/aconteceunovale\" target=\"_blank\">@aconteceunovale<\/a>, Twitter <a rel=\"noreferrer noopener\" href=\"https:\/\/twitter.com\/noticiadosvales\" target=\"_blank\">@noticiadosvales<\/a> e Instagram <a rel=\"noreferrer noopener\" href=\"https:\/\/www.instagram.com\/aconteceunovale\" target=\"_blank\">@aconteceunovale<\/a>.<\/em><\/p>\n","protected":false},"excerpt":{"rendered":"<p>A PEC T\u00e1xi A\u00e9reo, propriet\u00e1ria do avi\u00e3o Beechcraft King Air C90A que\u00a0caiu na serra de Caratinga (MG), na sexta-feira (5), com a cantora Mar\u00edlia Mendon\u00e7a, resgatou ontem (8\/11\/2021) os dois motores da aeronave. A remo\u00e7\u00e3o foi acompanhada por t\u00e9cnicos do\u00a0Centro de Investiga\u00e7\u00e3o e Preven\u00e7\u00e3o de Acidentes Aeron\u00e1uticos (Cenipa), \u00f3rg\u00e3o militar subordinado ao Comando da Aeron\u00e1utica, [&hellip;]<\/p>\n","protected":false},"author":4,"featured_media":183693,"comment_status":"open","ping_status":"closed","sticky":false,"template":"","format":"standard","meta":{"amp_status":"","footnotes":""},"categories":[6,121],"tags":[254203,254194,254184,254189,254191,254193,254188,254205,254183,2581,254185,254181,254182,254180,237,254195,1018,254217,254202,116471,254199,254204,254200,254198,254201,254197,254196,254186,254190,254192,254187],"class_list":["post-183692","post","type-post","status-publish","format-standard","has-post-thumbnail","hentry","category-br","category-leste","tag-abicieli-silveira-dias-filho","tag-acidente-com-aviao-beech-aircraft","tag-acidente-com-aviao-da-marilia-mendonca","tag-acidente-com-aviao-em-caratinga","tag-acidente-com-aviao-na-serra-de-caratinga","tag-acidente-com-aviao-pt-onj","tag-acidente-com-marilia-mendonca","tag-aeronautica-investigara-causas-do-acidente-com-aviao-que-transportava-a-cantora-marilia-mendonca","tag-aeronave-marilia-mendonca","tag-anac","tag-aviao-cai-com-marilia-mendonca","tag-aviao-da-cantora-marilia-mendonca","tag-aviao-marilia-mendonca","tag-aviao-que-transportava-a-cantora-marilia-mendonca-cai-em-cachoeira-no-leste-de-minas","tag-caratinga","tag-corpo-de-bombeiros-e-policia-civil-confirmam-morte-da-cantora-marilia-mendonca","tag-destaque","tag-fas-desolados-se-despedem-de-marilia-mendonca","tag-henrique-ribeiro","tag-marilia-mendonca","tag-marilia-mendonca-em-piedade-de-caratinga","tag-marilia-mendonca-inovou-no-sertanejo","tag-marilia-mendonca-morre-em-acidente-de-aviao","tag-marilia-mendonca-morre-em-minas","tag-marilia-mendonca-morre-em-queda-de-aviao","tag-morre-marilia-mendonca","tag-morte-da-cantora-marilia-mendonca","tag-queda-de-aviao-da-cantora-marilia-mendonca","tag-queda-de-aviao-em-caratinga","tag-queda-de-aviao-na-serra-de-caratinga","tag-queda-de-aviao-que-transportava-marilia-mendonca"],"_links":{"self":[{"href":"https:\/\/aconteceunovale.com.br\/portal\/index.php?rest_route=\/wp\/v2\/posts\/183692","targetHints":{"allow":["GET"]}}],"collection":[{"href":"https:\/\/aconteceunovale.com.br\/portal\/index.php?rest_route=\/wp\/v2\/posts"}],"about":[{"href":"https:\/\/aconteceunovale.com.br\/portal\/index.php?rest_route=\/wp\/v2\/types\/post"}],"author":[{"embeddable":true,"href":"https:\/\/aconteceunovale.com.br\/portal\/index.php?rest_route=\/wp\/v2\/users\/4"}],"replies":[{"embeddable":true,"href":"https:\/\/aconteceunovale.com.br\/portal\/index.php?rest_route=%2Fwp%2Fv2%2Fcomments&post=183692"}],"version-history":[{"count":1,"href":"https:\/\/aconteceunovale.com.br\/portal\/index.php?rest_route=\/wp\/v2\/posts\/183692\/revisions"}],"predecessor-version":[{"id":183694,"href":"https:\/\/aconteceunovale.com.br\/portal\/index.php?rest_route=\/wp\/v2\/posts\/183692\/revisions\/183694"}],"wp:featuredmedia":[{"embeddable":true,"href":"https:\/\/aconteceunovale.com.br\/portal\/index.php?rest_route=\/wp\/v2\/media\/183693"}],"wp:attachment":[{"href":"https:\/\/aconteceunovale.com.br\/portal\/index.php?rest_route=%2Fwp%2Fv2%2Fmedia&parent=183692"}],"wp:term":[{"taxonomy":"category","embeddable":true,"href":"https:\/\/aconteceunovale.com.br\/portal\/index.php?rest_route=%2Fwp%2Fv2%2Fcategories&post=183692"},{"taxonomy":"post_tag","embeddable":true,"href":"https:\/\/aconteceunovale.com.br\/portal\/index.php?rest_route=%2Fwp%2Fv2%2Ftags&post=183692"}],"curies":[{"name":"wp","href":"https:\/\/api.w.org\/{rel}","templated":true}]}}