{"id":183631,"date":"2021-11-05T21:43:35","date_gmt":"2021-11-06T00:43:35","guid":{"rendered":"https:\/\/aconteceunovale.com.br\/portal\/?p=183631"},"modified":"2021-11-05T21:45:24","modified_gmt":"2021-11-06T00:45:24","slug":"marilia-mendonca-inovou-no-sertanejo","status":"publish","type":"post","link":"https:\/\/aconteceunovale.com.br\/portal\/?p=183631","title":{"rendered":"Mar\u00edlia Mendon\u00e7a inovou no sertanejo"},"content":{"rendered":"\n<p class=\"wp-block-paragraph\">A cantora e compositora Mar\u00edlia Mendon\u00e7a, nascida na cidade de Cristian\u00f3polis (GO) e criada em Goi\u00e2nia,&nbsp;morreu hoje (5\/11\/2021), durante a tarde, quando se deslocava de avi\u00e3o para a cidade de Caratinga (MG), onde faria um show&nbsp;\u00e0 noite.&nbsp;<a rel=\"noreferrer noopener\" href=\"https:\/\/aconteceunovale.com.br\/portal\/?p=183611\" target=\"_blank\" data-type=\"post\" data-id=\"183611\">Todas as outras quatro pessoas<\/a>&nbsp;que estavam na aeronave com a artista tamb\u00e9m morreram no local do acidente.<img decoding=\"async\" src=\"https:\/\/agenciabrasil.ebc.com.br\/ebc.png?id=1426754&amp;o=node\"><img decoding=\"async\" src=\"https:\/\/agenciabrasil.ebc.com.br\/ebc.gif?id=1426754&amp;o=node\"><\/p>\n\n\n\n<figure class=\"wp-block-gallery columns-1 is-cropped wp-block-gallery-1 is-layout-flex wp-block-gallery-is-layout-flex\"><ul class=\"blocks-gallery-grid\"><li class=\"blocks-gallery-item\"><figure><img loading=\"lazy\" decoding=\"async\" width=\"678\" height=\"373\" src=\"https:\/\/aconteceunovale.com.br\/portal\/wp-content\/uploads\/2021\/11\/marilia_cantora_1.jpg\" alt=\"\" data-id=\"183632\" data-full-url=\"https:\/\/aconteceunovale.com.br\/portal\/wp-content\/uploads\/2021\/11\/marilia_cantora_1.jpg\" data-link=\"https:\/\/aconteceunovale.com.br\/portal\/?attachment_id=183632\" class=\"wp-image-183632\" srcset=\"https:\/\/aconteceunovale.com.br\/portal\/wp-content\/uploads\/2021\/11\/marilia_cantora_1.jpg 678w, https:\/\/aconteceunovale.com.br\/portal\/wp-content\/uploads\/2021\/11\/marilia_cantora_1-300x165.jpg 300w\" sizes=\"auto, (max-width: 678px) 100vw, 678px\" \/><figcaption class=\"blocks-gallery-item__caption\"><em>Mar\u00edlia Mendon\u00e7a durante show em Espera Feliz (MG) no dia 31\/10\/2021 (Foto: P\u00e1gina oficial da cantora no Facebook \/ Divulga\u00e7\u00e3o)<\/em><\/figcaption><\/figure><\/li><\/ul><\/figure>\n\n\n\n<p class=\"wp-block-paragraph\">Mar\u00edlia Mendon\u00e7a teve seu primeiro contato com a m\u00fasica por meio da igreja e come\u00e7ou a compor aos 12 anos, passando a compor can\u00e7\u00f5es para v\u00e1rios cantores. Se tornou procurada pelo meio,&nbsp;com v\u00e1rias composi\u00e7\u00f5es para os principais destaques da m\u00fasica sertaneja, como&nbsp;<em>Minha Heran\u00e7a<\/em>&nbsp;(gravada por Jo\u00e3o Neto &amp; Frederico),&nbsp;<em>Muito Gelo, Pouco Whisky<\/em>&nbsp;(Wesley Safad\u00e3o),&nbsp;<em>At\u00e9 Voc\u00ea Voltar<\/em>,&nbsp;<em>Cuida Bem Dela<\/em>,&nbsp;<em>Flor e Beija-Flor&nbsp;<\/em>(Henrique &amp; Juliano),&nbsp;<em>Ser Humano ou um Anjo&nbsp;<\/em>(Matheus &amp; Kauan),&nbsp;<em>Calma<\/em>&nbsp;(Jorge &amp; Mateus) e&nbsp;<em>\u00c9 Com Ela Que Eu Estou<\/em>&nbsp;(Cristiano Ara\u00fajo). Outros artistas tamb\u00e9m gravaram suas can\u00e7\u00f5es, como Luccas Luco, Maiara &amp; Mara\u00edsa e C\u00e9sar Menotti &amp; Fabiano.<\/p>\n\n\n\n<p class=\"wp-block-paragraph\">Foi s\u00f3 em 2015, aos 20 anos, que Mar\u00edlia decidiu seguir a carreira de cantora. Ela come\u00e7ou participando das m\u00fasicas&nbsp;<em>A Flor e o Beija-Flor&nbsp;<\/em>e&nbsp;<em>Impasse<\/em>, ambas da dupla sertaneja Henrique e Juliano. J\u00e1 no ano seguinte, lan\u00e7ou&nbsp;seu primeiro \u00e1lbum:&nbsp;<em>Mar\u00edlia Mendon\u00e7a: Ao Vivo<\/em>. N\u00e3o demorou muito para que algumas m\u00fasicas figurassem entre as mais tocadas do pa\u00eds, como&nbsp;<em>Sentimento Louco<\/em>&nbsp;e&nbsp;<em>Infiel<\/em>.<\/p>\n\n\n\n<p class=\"wp-block-paragraph\">Naquele ano, a m\u00fasica&nbsp;<em>Infiel<\/em>&nbsp;se tornou a quinta can\u00e7\u00e3o mais executada nas r\u00e1dios brasileiras. Com o reconhecimento nacional, Mar\u00edlia lan\u00e7ou um novo \u00e1lbum ac\u00fastico, intitulado&nbsp;<em>Agora \u00c9 Que S\u00e3o Elas<\/em>, com faixas antigas e o single in\u00e9dito&nbsp;<em>Eu Sei de Cor<\/em>.<\/p>\n\n\n\n<p class=\"wp-block-paragraph\">O&nbsp;sucesso&nbsp;foi mete\u00f3rico, principalmente por cantar m\u00fasicas que falam de amor, trai\u00e7\u00e3o&nbsp;e dor de cotovelo. N\u00e3o demorou muito para a cantora ser coroada a \u201cRainha da Sofr\u00eancia\u201d, refer\u00eancia direta ao tom dram\u00e1tico de suas m\u00fasicas. A artista logo se tornou uma das mais requisitadas para shows e festas em todo o Brasil.<\/p>\n\n\n\n<p class=\"wp-block-paragraph\">De acordo com o&nbsp;Escrit\u00f3rio Central de Arrecada\u00e7\u00e3o e Distribui\u00e7\u00e3o (Ecad), a m\u00fasica&nbsp;<em>At\u00e9 Voc\u00ea Voltar<\/em>, em parceria com Juliano Tchula, foi a can\u00e7\u00e3o de autoria de Mar\u00edlia mais tocada nos \u00faltimos 10 anos nos principais segmentos de execu\u00e7\u00e3o p\u00fablica de m\u00fasica.<\/p>\n\n\n\n<p class=\"wp-block-paragraph\">No banco de dados do \u00f3rg\u00e3o, h\u00e1, ao todo,&nbsp;324 m\u00fasicas e 391 grava\u00e7\u00f5es suas e de parceiros cadastradas. &#8220;Com sua percep\u00e7\u00e3o agu\u00e7ada e letras que mostravam o sentimento de muitos brasileiros, Mar\u00edlia foi uma artista essencial para o sertanejo e far\u00e1 muita falta na m\u00fasica brasileira&#8221;, destacou o Ecad.<\/p>\n\n\n\n<p class=\"wp-block-paragraph\">Com a abertura para shows ap\u00f3s mais de um ano da pandemia de&nbsp;covid-19, a artista retomou a turn\u00ea em mar\u00e7o e estava com a agenda repleta at\u00e9 o final do ano.<\/p>\n\n\n\n<p class=\"wp-block-paragraph\">Em maio de 2019, a cantora confirmou que estava se relacionando h\u00e1 cinco meses com o tamb\u00e9m cantor sertanejo&nbsp;Murilo Huff. Meses depois, ela anunciou que estava gr\u00e1vida do primeiro filho com o cantor. L\u00e9o nasceu no dia 16 de dezembro de 2019.<\/p>\n\n\n\n<p class=\"wp-block-paragraph\">&#8212;&#8212;&#8212;&#8212;&#8212;&#8212;<br><em>Quer receber as not\u00edcias do <strong>Aconteceu no Vale<\/strong> em primeira m\u00e3o? Siga-nos no Facebook <a rel=\"noreferrer noopener\" href=\"http:\/\/facebook.com\/aconteceunovale\" target=\"_blank\">@aconteceunovale<\/a>, Twitter <a rel=\"noreferrer noopener\" href=\"https:\/\/twitter.com\/noticiadosvales\" target=\"_blank\">@noticiadosvales<\/a> e Instagram <a rel=\"noreferrer noopener\" href=\"https:\/\/www.instagram.com\/aconteceunovale\" target=\"_blank\">@aconteceunovale<\/a>.<\/em><\/p>\n","protected":false},"excerpt":{"rendered":"<p>A cantora e compositora Mar\u00edlia Mendon\u00e7a, nascida na cidade de Cristian\u00f3polis (GO) e criada em Goi\u00e2nia,&nbsp;morreu hoje (5\/11\/2021), durante a tarde, quando se deslocava de avi\u00e3o para a cidade de Caratinga (MG), onde faria um show&nbsp;\u00e0 noite.&nbsp;Todas as outras quatro pessoas&nbsp;que estavam na aeronave com a artista tamb\u00e9m morreram no local do acidente. Mar\u00edlia Mendon\u00e7a [&hellip;]<\/p>\n","protected":false},"author":4,"featured_media":183632,"comment_status":"open","ping_status":"closed","sticky":false,"template":"","format":"standard","meta":{"amp_status":"","footnotes":""},"categories":[6,125],"tags":[254203,254194,254184,254189,254191,254193,254188,254183,2581,254185,254181,254182,254180,237,254195,1018,254202,116471,254199,254204,254200,254198,254201,254197,254196,254186,254190,254192,254187],"class_list":["post-183631","post","type-post","status-publish","format-standard","has-post-thumbnail","hentry","category-br","category-noticias","tag-abicieli-silveira-dias-filho","tag-acidente-com-aviao-beech-aircraft","tag-acidente-com-aviao-da-marilia-mendonca","tag-acidente-com-aviao-em-caratinga","tag-acidente-com-aviao-na-serra-de-caratinga","tag-acidente-com-aviao-pt-onj","tag-acidente-com-marilia-mendonca","tag-aeronave-marilia-mendonca","tag-anac","tag-aviao-cai-com-marilia-mendonca","tag-aviao-da-cantora-marilia-mendonca","tag-aviao-marilia-mendonca","tag-aviao-que-transportava-a-cantora-marilia-mendonca-cai-em-cachoeira-no-leste-de-minas","tag-caratinga","tag-corpo-de-bombeiros-e-policia-civil-confirmam-morte-da-cantora-marilia-mendonca","tag-destaque","tag-henrique-ribeiro","tag-marilia-mendonca","tag-marilia-mendonca-em-piedade-de-caratinga","tag-marilia-mendonca-inovou-no-sertanejo","tag-marilia-mendonca-morre-em-acidente-de-aviao","tag-marilia-mendonca-morre-em-minas","tag-marilia-mendonca-morre-em-queda-de-aviao","tag-morre-marilia-mendonca","tag-morte-da-cantora-marilia-mendonca","tag-queda-de-aviao-da-cantora-marilia-mendonca","tag-queda-de-aviao-em-caratinga","tag-queda-de-aviao-na-serra-de-caratinga","tag-queda-de-aviao-que-transportava-marilia-mendonca"],"yoast_head":"<!-- This site is optimized with the Yoast SEO plugin v28.3 - https:\/\/yoast.com\/product\/yoast-seo-wordpress\/ -->\n<title>Mar\u00edlia Mendon\u00e7a inovou no sertanejo - Aconteceu no Vale<\/title>\n<meta name=\"robots\" content=\"index, follow, max-snippet:-1, max-image-preview:large, max-video-preview:-1\" \/>\n<link rel=\"canonical\" href=\"https:\/\/aconteceunovale.com.br\/portal\/?p=183631\" \/>\n<meta property=\"og:locale\" content=\"pt_BR\" \/>\n<meta property=\"og:type\" content=\"article\" \/>\n<meta property=\"og:title\" content=\"Mar\u00edlia Mendon\u00e7a inovou no sertanejo - Aconteceu no Vale\" \/>\n<meta property=\"og:description\" content=\"A cantora e compositora Mar\u00edlia Mendon\u00e7a, nascida na cidade de Cristian\u00f3polis (GO) e criada em Goi\u00e2nia,&nbsp;morreu hoje (5\/11\/2021), durante a tarde, quando se deslocava de avi\u00e3o para a cidade de Caratinga (MG), onde faria um show&nbsp;\u00e0 noite.&nbsp;Todas as outras quatro pessoas&nbsp;que estavam na aeronave com a artista tamb\u00e9m morreram no local do acidente. Mar\u00edlia Mendon\u00e7a [&hellip;]\" \/>\n<meta property=\"og:url\" content=\"https:\/\/aconteceunovale.com.br\/portal\/?p=183631\" \/>\n<meta property=\"og:site_name\" content=\"Aconteceu no Vale\" \/>\n<meta property=\"article:publisher\" content=\"https:\/\/www.facebook.com\/aconteceunovale\/\" \/>\n<meta property=\"article:published_time\" content=\"2021-11-06T00:43:35+00:00\" \/>\n<meta property=\"article:modified_time\" content=\"2021-11-06T00:45:24+00:00\" \/>\n<meta property=\"og:image\" content=\"https:\/\/aconteceunovale.com.br\/portal\/wp-content\/uploads\/2021\/11\/marilia_cantora_1.jpg\" \/>\n\t<meta property=\"og:image:width\" content=\"678\" \/>\n\t<meta property=\"og:image:height\" content=\"373\" \/>\n\t<meta property=\"og:image:type\" content=\"image\/jpeg\" \/>\n<meta name=\"author\" content=\"Reda\u00e7\u00e3o Aconteceu no Vale\" \/>\n<meta name=\"twitter:card\" content=\"summary_large_image\" \/>\n<meta name=\"twitter:creator\" content=\"@noticiadosvales\" \/>\n<meta name=\"twitter:site\" content=\"@noticiadosvales\" \/>\n<meta name=\"twitter:label1\" content=\"Escrito por\" \/>\n\t<meta name=\"twitter:data1\" content=\"Reda\u00e7\u00e3o Aconteceu no Vale\" \/>\n\t<meta name=\"twitter:label2\" content=\"Est. tempo de leitura\" \/>\n\t<meta name=\"twitter:data2\" content=\"3 minutos\" \/>\n<script type=\"application\/ld+json\" class=\"yoast-schema-graph\">{\"@context\":\"https:\\\/\\\/schema.org\",\"@graph\":[{\"@type\":\"Article\",\"@id\":\"https:\\\/\\\/aconteceunovale.com.br\\\/portal\\\/?p=183631#article\",\"isPartOf\":{\"@id\":\"https:\\\/\\\/aconteceunovale.com.br\\\/portal\\\/?p=183631\"},\"author\":{\"name\":\"Reda\u00e7\u00e3o Aconteceu no Vale\",\"@id\":\"https:\\\/\\\/aconteceunovale.com.br\\\/portal\\\/#\\\/schema\\\/person\\\/7d2f26d1483f8a63de73da1ee0754d35\"},\"headline\":\"Mar\u00edlia Mendon\u00e7a inovou no sertanejo\",\"datePublished\":\"2021-11-06T00:43:35+00:00\",\"dateModified\":\"2021-11-06T00:45:24+00:00\",\"mainEntityOfPage\":{\"@id\":\"https:\\\/\\\/aconteceunovale.com.br\\\/portal\\\/?p=183631\"},\"wordCount\":639,\"commentCount\":0,\"image\":{\"@id\":\"https:\\\/\\\/aconteceunovale.com.br\\\/portal\\\/?p=183631#primaryimage\"},\"thumbnailUrl\":\"https:\\\/\\\/aconteceunovale.com.br\\\/portal\\\/wp-content\\\/uploads\\\/2021\\\/11\\\/marilia_cantora_1.jpg\",\"keywords\":[\"Abicieli Silveira Dias Filho\",\"Acidente com avi\u00e3o Beech Aircraft\",\"Acidente com avi\u00e3o da Mar\u00edlia Mendon\u00e7a\",\"Acidente com avi\u00e3o em Caratinga\",\"Acidente com avi\u00e3o na Serra de Caratinga\",\"Acidente com avi\u00e3o PT-ONJ\",\"Acidente com Mar\u00edlia Mendon\u00e7a\",\"Aeronave Mar\u00edlia Mendon\u00e7a\",\"Anac\",\"Avi\u00e3o cai com Mar\u00edlia Mendon\u00e7a\",\"Avi\u00e3o da cantora Mar\u00edlia Mendon\u00e7a\",\"Avi\u00e3o Mar\u00edlia Mendon\u00e7a\",\"Avi\u00e3o que transportava a cantora Mar\u00edlia Mendon\u00e7a cai em cachoeira no Leste de Minas\",\"Caratinga\",\"Corpo de Bombeiros e Pol\u00edcia Civil confirmam morte da cantora Mar\u00edlia Mendon\u00e7a\",\"destaque\",\"Henrique Ribeiro\",\"Mar\u00edlia Mendon\u00e7a\",\"Mar\u00edlia Mendon\u00e7a em Piedade de Caratinga\",\"Mar\u00edlia Mendon\u00e7a inovou no sertanejo\",\"Mar\u00edlia Mendon\u00e7a morre em acidente de avi\u00e3o\",\"Mar\u00edlia Mendon\u00e7a morre em Minas\",\"Mar\u00edlia Mendon\u00e7a morre em queda de avi\u00e3o\",\"Morre Mar\u00edlia Mendon\u00e7a\",\"Morte da cantora Mar\u00edlia Mendon\u00e7a\",\"Queda de avi\u00e3o da cantora Mar\u00edlia Mendon\u00e7a\",\"Queda de avi\u00e3o em Caratinga\",\"Queda de avi\u00e3o na Serra de Caratinga\",\"Queda de avi\u00e3o que transportava Mar\u00edlia Mendon\u00e7a\"],\"articleSection\":[\"Brasil\",\"Eventos\"],\"inLanguage\":\"pt-BR\",\"potentialAction\":[{\"@type\":\"CommentAction\",\"name\":\"Comment\",\"target\":[\"https:\\\/\\\/aconteceunovale.com.br\\\/portal\\\/?p=183631#respond\"]}]},{\"@type\":\"WebPage\",\"@id\":\"https:\\\/\\\/aconteceunovale.com.br\\\/portal\\\/?p=183631\",\"url\":\"https:\\\/\\\/aconteceunovale.com.br\\\/portal\\\/?p=183631\",\"name\":\"Mar\u00edlia Mendon\u00e7a inovou no sertanejo - Aconteceu no Vale\",\"isPartOf\":{\"@id\":\"https:\\\/\\\/aconteceunovale.com.br\\\/portal\\\/#website\"},\"primaryImageOfPage\":{\"@id\":\"https:\\\/\\\/aconteceunovale.com.br\\\/portal\\\/?p=183631#primaryimage\"},\"image\":{\"@id\":\"https:\\\/\\\/aconteceunovale.com.br\\\/portal\\\/?p=183631#primaryimage\"},\"thumbnailUrl\":\"https:\\\/\\\/aconteceunovale.com.br\\\/portal\\\/wp-content\\\/uploads\\\/2021\\\/11\\\/marilia_cantora_1.jpg\",\"datePublished\":\"2021-11-06T00:43:35+00:00\",\"dateModified\":\"2021-11-06T00:45:24+00:00\",\"author\":{\"@id\":\"https:\\\/\\\/aconteceunovale.com.br\\\/portal\\\/#\\\/schema\\\/person\\\/7d2f26d1483f8a63de73da1ee0754d35\"},\"breadcrumb\":{\"@id\":\"https:\\\/\\\/aconteceunovale.com.br\\\/portal\\\/?p=183631#breadcrumb\"},\"inLanguage\":\"pt-BR\",\"potentialAction\":[{\"@type\":\"ReadAction\",\"target\":[\"https:\\\/\\\/aconteceunovale.com.br\\\/portal\\\/?p=183631\"]}]},{\"@type\":\"ImageObject\",\"inLanguage\":\"pt-BR\",\"@id\":\"https:\\\/\\\/aconteceunovale.com.br\\\/portal\\\/?p=183631#primaryimage\",\"url\":\"https:\\\/\\\/aconteceunovale.com.br\\\/portal\\\/wp-content\\\/uploads\\\/2021\\\/11\\\/marilia_cantora_1.jpg\",\"contentUrl\":\"https:\\\/\\\/aconteceunovale.com.br\\\/portal\\\/wp-content\\\/uploads\\\/2021\\\/11\\\/marilia_cantora_1.jpg\",\"width\":678,\"height\":373},{\"@type\":\"BreadcrumbList\",\"@id\":\"https:\\\/\\\/aconteceunovale.com.br\\\/portal\\\/?p=183631#breadcrumb\",\"itemListElement\":[{\"@type\":\"ListItem\",\"position\":1,\"name\":\"In\u00edcio\",\"item\":\"https:\\\/\\\/aconteceunovale.com.br\\\/portal\\\/\"},{\"@type\":\"ListItem\",\"position\":2,\"name\":\"Mar\u00edlia Mendon\u00e7a inovou no sertanejo\"}]},{\"@type\":\"WebSite\",\"@id\":\"https:\\\/\\\/aconteceunovale.com.br\\\/portal\\\/#website\",\"url\":\"https:\\\/\\\/aconteceunovale.com.br\\\/portal\\\/\",\"name\":\"Aconteceu no Vale\",\"description\":\"Portal de Not\u00edcias\",\"potentialAction\":[{\"@type\":\"SearchAction\",\"target\":{\"@type\":\"EntryPoint\",\"urlTemplate\":\"https:\\\/\\\/aconteceunovale.com.br\\\/portal\\\/?s={search_term_string}\"},\"query-input\":{\"@type\":\"PropertyValueSpecification\",\"valueRequired\":true,\"valueName\":\"search_term_string\"}}],\"inLanguage\":\"pt-BR\"},{\"@type\":\"Person\",\"@id\":\"https:\\\/\\\/aconteceunovale.com.br\\\/portal\\\/#\\\/schema\\\/person\\\/7d2f26d1483f8a63de73da1ee0754d35\",\"name\":\"Reda\u00e7\u00e3o Aconteceu no Vale\",\"description\":\"Equipe de reportagem do Aconteceu no Vale, portal de not\u00edcias do Vale do Jequitinhonha, em Minas Gerais. Cobrimos as 51 cidades do Vale desde 2013. Sugest\u00f5es de pauta e pedidos de corre\u00e7\u00e3o: contato@aconteceunovale.com.br\",\"url\":\"https:\\\/\\\/aconteceunovale.com.br\\\/portal\\\/?author=4\"}]}<\/script>\n<!-- \/ Yoast SEO plugin. -->","yoast_head_json":{"title":"Mar\u00edlia Mendon\u00e7a inovou no sertanejo - Aconteceu no Vale","robots":{"index":"index","follow":"follow","max-snippet":"max-snippet:-1","max-image-preview":"max-image-preview:large","max-video-preview":"max-video-preview:-1"},"canonical":"https:\/\/aconteceunovale.com.br\/portal\/?p=183631","og_locale":"pt_BR","og_type":"article","og_title":"Mar\u00edlia Mendon\u00e7a inovou no sertanejo - Aconteceu no Vale","og_description":"A cantora e compositora Mar\u00edlia Mendon\u00e7a, nascida na cidade de Cristian\u00f3polis (GO) e criada em Goi\u00e2nia,&nbsp;morreu hoje (5\/11\/2021), durante a tarde, quando se deslocava de avi\u00e3o para a cidade de Caratinga (MG), onde faria um show&nbsp;\u00e0 noite.&nbsp;Todas as outras quatro pessoas&nbsp;que estavam na aeronave com a artista tamb\u00e9m morreram no local do acidente. Mar\u00edlia Mendon\u00e7a [&hellip;]","og_url":"https:\/\/aconteceunovale.com.br\/portal\/?p=183631","og_site_name":"Aconteceu no Vale","article_publisher":"https:\/\/www.facebook.com\/aconteceunovale\/","article_published_time":"2021-11-06T00:43:35+00:00","article_modified_time":"2021-11-06T00:45:24+00:00","og_image":[{"width":678,"height":373,"url":"https:\/\/aconteceunovale.com.br\/portal\/wp-content\/uploads\/2021\/11\/marilia_cantora_1.jpg","type":"image\/jpeg"}],"author":"Reda\u00e7\u00e3o Aconteceu no Vale","twitter_card":"summary_large_image","twitter_creator":"@noticiadosvales","twitter_site":"@noticiadosvales","twitter_misc":{"Escrito por":"Reda\u00e7\u00e3o Aconteceu no Vale","Est. tempo de leitura":"3 minutos"},"schema":{"@context":"https:\/\/schema.org","@graph":[{"@type":"Article","@id":"https:\/\/aconteceunovale.com.br\/portal\/?p=183631#article","isPartOf":{"@id":"https:\/\/aconteceunovale.com.br\/portal\/?p=183631"},"author":{"name":"Reda\u00e7\u00e3o Aconteceu no Vale","@id":"https:\/\/aconteceunovale.com.br\/portal\/#\/schema\/person\/7d2f26d1483f8a63de73da1ee0754d35"},"headline":"Mar\u00edlia Mendon\u00e7a inovou no sertanejo","datePublished":"2021-11-06T00:43:35+00:00","dateModified":"2021-11-06T00:45:24+00:00","mainEntityOfPage":{"@id":"https:\/\/aconteceunovale.com.br\/portal\/?p=183631"},"wordCount":639,"commentCount":0,"image":{"@id":"https:\/\/aconteceunovale.com.br\/portal\/?p=183631#primaryimage"},"thumbnailUrl":"https:\/\/aconteceunovale.com.br\/portal\/wp-content\/uploads\/2021\/11\/marilia_cantora_1.jpg","keywords":["Abicieli Silveira Dias Filho","Acidente com avi\u00e3o Beech Aircraft","Acidente com avi\u00e3o da Mar\u00edlia Mendon\u00e7a","Acidente com avi\u00e3o em Caratinga","Acidente com avi\u00e3o na Serra de Caratinga","Acidente com avi\u00e3o PT-ONJ","Acidente com Mar\u00edlia Mendon\u00e7a","Aeronave Mar\u00edlia Mendon\u00e7a","Anac","Avi\u00e3o cai com Mar\u00edlia Mendon\u00e7a","Avi\u00e3o da cantora Mar\u00edlia Mendon\u00e7a","Avi\u00e3o Mar\u00edlia Mendon\u00e7a","Avi\u00e3o que transportava a cantora Mar\u00edlia Mendon\u00e7a cai em cachoeira no Leste de Minas","Caratinga","Corpo de Bombeiros e Pol\u00edcia Civil confirmam morte da cantora Mar\u00edlia Mendon\u00e7a","destaque","Henrique Ribeiro","Mar\u00edlia Mendon\u00e7a","Mar\u00edlia Mendon\u00e7a em Piedade de Caratinga","Mar\u00edlia Mendon\u00e7a inovou no sertanejo","Mar\u00edlia Mendon\u00e7a morre em acidente de avi\u00e3o","Mar\u00edlia Mendon\u00e7a morre em Minas","Mar\u00edlia Mendon\u00e7a morre em queda de avi\u00e3o","Morre Mar\u00edlia Mendon\u00e7a","Morte da cantora Mar\u00edlia Mendon\u00e7a","Queda de avi\u00e3o da cantora Mar\u00edlia Mendon\u00e7a","Queda de avi\u00e3o em Caratinga","Queda de avi\u00e3o na Serra de Caratinga","Queda de avi\u00e3o que transportava Mar\u00edlia Mendon\u00e7a"],"articleSection":["Brasil","Eventos"],"inLanguage":"pt-BR","potentialAction":[{"@type":"CommentAction","name":"Comment","target":["https:\/\/aconteceunovale.com.br\/portal\/?p=183631#respond"]}]},{"@type":"WebPage","@id":"https:\/\/aconteceunovale.com.br\/portal\/?p=183631","url":"https:\/\/aconteceunovale.com.br\/portal\/?p=183631","name":"Mar\u00edlia Mendon\u00e7a inovou no sertanejo - Aconteceu no Vale","isPartOf":{"@id":"https:\/\/aconteceunovale.com.br\/portal\/#website"},"primaryImageOfPage":{"@id":"https:\/\/aconteceunovale.com.br\/portal\/?p=183631#primaryimage"},"image":{"@id":"https:\/\/aconteceunovale.com.br\/portal\/?p=183631#primaryimage"},"thumbnailUrl":"https:\/\/aconteceunovale.com.br\/portal\/wp-content\/uploads\/2021\/11\/marilia_cantora_1.jpg","datePublished":"2021-11-06T00:43:35+00:00","dateModified":"2021-11-06T00:45:24+00:00","author":{"@id":"https:\/\/aconteceunovale.com.br\/portal\/#\/schema\/person\/7d2f26d1483f8a63de73da1ee0754d35"},"breadcrumb":{"@id":"https:\/\/aconteceunovale.com.br\/portal\/?p=183631#breadcrumb"},"inLanguage":"pt-BR","potentialAction":[{"@type":"ReadAction","target":["https:\/\/aconteceunovale.com.br\/portal\/?p=183631"]}]},{"@type":"ImageObject","inLanguage":"pt-BR","@id":"https:\/\/aconteceunovale.com.br\/portal\/?p=183631#primaryimage","url":"https:\/\/aconteceunovale.com.br\/portal\/wp-content\/uploads\/2021\/11\/marilia_cantora_1.jpg","contentUrl":"https:\/\/aconteceunovale.com.br\/portal\/wp-content\/uploads\/2021\/11\/marilia_cantora_1.jpg","width":678,"height":373},{"@type":"BreadcrumbList","@id":"https:\/\/aconteceunovale.com.br\/portal\/?p=183631#breadcrumb","itemListElement":[{"@type":"ListItem","position":1,"name":"In\u00edcio","item":"https:\/\/aconteceunovale.com.br\/portal\/"},{"@type":"ListItem","position":2,"name":"Mar\u00edlia Mendon\u00e7a inovou no sertanejo"}]},{"@type":"WebSite","@id":"https:\/\/aconteceunovale.com.br\/portal\/#website","url":"https:\/\/aconteceunovale.com.br\/portal\/","name":"Aconteceu no Vale","description":"Portal de Not\u00edcias","potentialAction":[{"@type":"SearchAction","target":{"@type":"EntryPoint","urlTemplate":"https:\/\/aconteceunovale.com.br\/portal\/?s={search_term_string}"},"query-input":{"@type":"PropertyValueSpecification","valueRequired":true,"valueName":"search_term_string"}}],"inLanguage":"pt-BR"},{"@type":"Person","@id":"https:\/\/aconteceunovale.com.br\/portal\/#\/schema\/person\/7d2f26d1483f8a63de73da1ee0754d35","name":"Reda\u00e7\u00e3o Aconteceu no Vale","description":"Equipe de reportagem do Aconteceu no Vale, portal de not\u00edcias do Vale do Jequitinhonha, em Minas Gerais. Cobrimos as 51 cidades do Vale desde 2013. Sugest\u00f5es de pauta e pedidos de corre\u00e7\u00e3o: contato@aconteceunovale.com.br","url":"https:\/\/aconteceunovale.com.br\/portal\/?author=4"}]}},"_links":{"self":[{"href":"https:\/\/aconteceunovale.com.br\/portal\/index.php?rest_route=\/wp\/v2\/posts\/183631","targetHints":{"allow":["GET"]}}],"collection":[{"href":"https:\/\/aconteceunovale.com.br\/portal\/index.php?rest_route=\/wp\/v2\/posts"}],"about":[{"href":"https:\/\/aconteceunovale.com.br\/portal\/index.php?rest_route=\/wp\/v2\/types\/post"}],"author":[{"embeddable":true,"href":"https:\/\/aconteceunovale.com.br\/portal\/index.php?rest_route=\/wp\/v2\/users\/4"}],"replies":[{"embeddable":true,"href":"https:\/\/aconteceunovale.com.br\/portal\/index.php?rest_route=%2Fwp%2Fv2%2Fcomments&post=183631"}],"version-history":[{"count":2,"href":"https:\/\/aconteceunovale.com.br\/portal\/index.php?rest_route=\/wp\/v2\/posts\/183631\/revisions"}],"predecessor-version":[{"id":183634,"href":"https:\/\/aconteceunovale.com.br\/portal\/index.php?rest_route=\/wp\/v2\/posts\/183631\/revisions\/183634"}],"wp:featuredmedia":[{"embeddable":true,"href":"https:\/\/aconteceunovale.com.br\/portal\/index.php?rest_route=\/wp\/v2\/media\/183632"}],"wp:attachment":[{"href":"https:\/\/aconteceunovale.com.br\/portal\/index.php?rest_route=%2Fwp%2Fv2%2Fmedia&parent=183631"}],"wp:term":[{"taxonomy":"category","embeddable":true,"href":"https:\/\/aconteceunovale.com.br\/portal\/index.php?rest_route=%2Fwp%2Fv2%2Fcategories&post=183631"},{"taxonomy":"post_tag","embeddable":true,"href":"https:\/\/aconteceunovale.com.br\/portal\/index.php?rest_route=%2Fwp%2Fv2%2Ftags&post=183631"}],"curies":[{"name":"wp","href":"https:\/\/api.w.org\/{rel}","templated":true}]}}