{"id":183611,"date":"2021-11-05T18:06:56","date_gmt":"2021-11-05T21:06:56","guid":{"rendered":"https:\/\/aconteceunovale.com.br\/portal\/?p=183611"},"modified":"2021-11-05T21:27:17","modified_gmt":"2021-11-06T00:27:17","slug":"corpo-de-bombeiros-e-policia-civil-confirmam-morte-da-cantora-marilia-mendonca","status":"publish","type":"post","link":"https:\/\/aconteceunovale.com.br\/portal\/?p=183611","title":{"rendered":"Cantora Mar\u00edlia Mendon\u00e7a e mais quatro pessoas morrem em queda de avi\u00e3o no Leste de Minas"},"content":{"rendered":"\n<p class=\"wp-block-paragraph\">O Corpo de Bombeiros Militar (CBMMG) e a Pol\u00edcia Civil de Minas Gerais (PCMG) confirmaram no final da tarde de hoje (5\/11\/2021) que a cantora Mar\u00edlia Dias Mendon\u00e7a, de 26 anos, est\u00e1 entre os mortos no acidente com um avi\u00e3o no Leste do Estado. O turbo\u00e9lice Beechcraft\u00a0<em>King Air C90A<\/em>, da empresa PEC T\u00e1xi A\u00e9reo, matr\u00edcula\/prefixo PT-ONJ, caiu em uma cachoeira localizada em uma \u00e1rea de dif\u00edcil acesso entre os munic\u00edpios de Piedade de Caratinga e Caratinga.<\/p>\n\n\n\n<figure class=\"wp-block-gallery columns-1 is-cropped wp-block-gallery-1 is-layout-flex wp-block-gallery-is-layout-flex\"><ul class=\"blocks-gallery-grid\"><li class=\"blocks-gallery-item\"><figure><img loading=\"lazy\" decoding=\"async\" width=\"678\" height=\"429\" src=\"https:\/\/aconteceunovale.com.br\/portal\/wp-content\/uploads\/2021\/11\/aviao_marilia_mendonca_3.jpg\" alt=\"\" data-id=\"183612\" data-full-url=\"https:\/\/aconteceunovale.com.br\/portal\/wp-content\/uploads\/2021\/11\/aviao_marilia_mendonca_3.jpg\" data-link=\"https:\/\/aconteceunovale.com.br\/portal\/?attachment_id=183612\" class=\"wp-image-183612\" srcset=\"https:\/\/aconteceunovale.com.br\/portal\/wp-content\/uploads\/2021\/11\/aviao_marilia_mendonca_3.jpg 678w, https:\/\/aconteceunovale.com.br\/portal\/wp-content\/uploads\/2021\/11\/aviao_marilia_mendonca_3-300x190.jpg 300w, https:\/\/aconteceunovale.com.br\/portal\/wp-content\/uploads\/2021\/11\/aviao_marilia_mendonca_3-664x420.jpg 664w\" sizes=\"auto, (max-width: 678px) 100vw, 678px\" \/><figcaption class=\"blocks-gallery-item__caption\"><em>Foto: Divulga\u00e7\u00e3o \/ Pol\u00edcia Civil<\/em><\/figcaption><\/figure><\/li><\/ul><\/figure>\n\n\n\n<p class=\"wp-block-paragraph\"><em>\u201cO Corpo de Bombeiros Militar de Minas Gerais informa que nesta sexta (5)&nbsp;ocorreu a queda de uma aeronave de pequeno porte, modelo Beech Aircraft, na zona rural de Piedade de Caratinga. O CBMMG confirma que a aeronave transportava a cantora Mar\u00edlia Mendon\u00e7a e que ela est\u00e1 entre as v\u00edtimas fatais\u201d,<\/em> diz nota divulgada pela corpora\u00e7\u00e3o.<\/p>\n\n\n\n<p class=\"wp-block-paragraph\">Em nota, a assessoria da cantora informou que tamb\u00e9m morreram no acidente o&nbsp;produtor Henrique Ribeiro, o&nbsp;tio e assessor de Mar\u00edlia Mendon\u00e7a,&nbsp;Abicieli Silveira Dias Filho, o piloto e o copiloto da aeronave. <em>&#8220;O avi\u00e3o decolou de Goi\u00e2nia com destino a Caratinga\/MG, onde Mar\u00edlia teria uma apresenta\u00e7\u00e3o esta noite&#8221;, <\/em>informou a equipe da artista, que colecionava v\u00e1rios sucessos musicais e era conhecida como&nbsp;Rainha da Sofr\u00eancia.<\/p>\n\n\n\n<p class=\"wp-block-paragraph\">De acordo com o porta-voz do Corpo de Bombeiros Militar de Minas Gerais, tenente Pedro Aihara, a corpora\u00e7\u00e3o foi acionada \u00e0s 15h30 para atender \u00e0 ocorr\u00eancia. Segundo ele, a aeronave e caiu em uma regi\u00e3o com cursos d&#8217;\u00e1gua, nas proximidades da BR-474.<\/p>\n\n\n\n<p class=\"wp-block-paragraph\"><em>&#8220;Assim que as equipes chegaram iniciaram os trabalhos de desencarceramento e de acesso for\u00e7ado [\u00e0 aeronave]. Quando adentraram no interior, verificaram a exist\u00eancia de \u00f3bitos, incluindo da cantora Mar\u00edlia Mendon\u00e7a&#8221;,<\/em> disse.<\/p>\n\n\n\n<figure class=\"wp-block-gallery columns-1 is-cropped wp-block-gallery-2 is-layout-flex wp-block-gallery-is-layout-flex\"><ul class=\"blocks-gallery-grid\"><li class=\"blocks-gallery-item\"><figure><img loading=\"lazy\" decoding=\"async\" width=\"678\" height=\"400\" src=\"https:\/\/aconteceunovale.com.br\/portal\/wp-content\/uploads\/2021\/11\/aviao_marilia_mendonca_1.jpg\" alt=\"\" data-id=\"183604\" data-full-url=\"https:\/\/aconteceunovale.com.br\/portal\/wp-content\/uploads\/2021\/11\/aviao_marilia_mendonca_1.jpg\" data-link=\"https:\/\/aconteceunovale.com.br\/portal\/?attachment_id=183604\" class=\"wp-image-183604\" srcset=\"https:\/\/aconteceunovale.com.br\/portal\/wp-content\/uploads\/2021\/11\/aviao_marilia_mendonca_1.jpg 678w, https:\/\/aconteceunovale.com.br\/portal\/wp-content\/uploads\/2021\/11\/aviao_marilia_mendonca_1-300x177.jpg 300w\" sizes=\"auto, (max-width: 678px) 100vw, 678px\" \/><figcaption class=\"blocks-gallery-item__caption\"> <em>Foto: Reprodu\u00e7\u00e3o \/ WhatsApp<\/em> <\/figcaption><\/figure><\/li><li class=\"blocks-gallery-item\"><figure><img loading=\"lazy\" decoding=\"async\" width=\"678\" height=\"403\" src=\"https:\/\/aconteceunovale.com.br\/portal\/wp-content\/uploads\/2021\/11\/aviao_marilia_mendonca_2.jpg\" alt=\"\" data-id=\"183605\" data-full-url=\"https:\/\/aconteceunovale.com.br\/portal\/wp-content\/uploads\/2021\/11\/aviao_marilia_mendonca_2.jpg\" data-link=\"https:\/\/aconteceunovale.com.br\/portal\/?attachment_id=183605\" class=\"wp-image-183605\" srcset=\"https:\/\/aconteceunovale.com.br\/portal\/wp-content\/uploads\/2021\/11\/aviao_marilia_mendonca_2.jpg 678w, https:\/\/aconteceunovale.com.br\/portal\/wp-content\/uploads\/2021\/11\/aviao_marilia_mendonca_2-300x178.jpg 300w\" sizes=\"auto, (max-width: 678px) 100vw, 678px\" \/><figcaption class=\"blocks-gallery-item__caption\"> <em>Foto: Reprodu\u00e7\u00e3o \/ WhatsApp<\/em> <\/figcaption><\/figure><\/li><\/ul><\/figure>\n\n\n\n<h1 class=\"wp-block-heading\">Cemig<\/h1>\n\n\n\n<p class=\"wp-block-paragraph\">Agora h\u00e1 pouco a\u00a0Companhia\u00a0Energ\u00e9tica de Minas Gerais (Cemig) informou, por meio de nota, que o\u00a0bimotor\u00a0atingiu um cabo de uma torre de distribui\u00e7\u00e3o da Companhia no munic\u00edpio de Caratinga. <em>&#8220;A Cemig manifesta seu pesar pelas v\u00edtimas do acidente e presta solidariedade a familiares e amigos&#8221;, <\/em>diz o comunicado.<\/p>\n\n\n\n<p class=\"wp-block-paragraph\">&#8212;&#8212;&#8212;&#8212;&#8212;&#8212;<br><em>Quer receber as not\u00edcias do <strong>Aconteceu no Vale<\/strong> em primeira m\u00e3o? Siga-nos no Facebook <a rel=\"noreferrer noopener\" href=\"http:\/\/facebook.com\/aconteceunovale\" target=\"_blank\">@aconteceunovale<\/a>, Twitter <a rel=\"noreferrer noopener\" href=\"https:\/\/twitter.com\/noticiadosvales\" target=\"_blank\">@noticiadosvales<\/a> e Instagram <a rel=\"noreferrer noopener\" href=\"https:\/\/www.instagram.com\/aconteceunovale\" target=\"_blank\">@aconteceunovale<\/a>.<\/em><\/p>\n","protected":false},"excerpt":{"rendered":"<p>O Corpo de Bombeiros Militar (CBMMG) e a Pol\u00edcia Civil de Minas Gerais (PCMG) confirmaram no final da tarde de hoje (5\/11\/2021) que a cantora Mar\u00edlia Dias Mendon\u00e7a, de 26 anos, est\u00e1 entre os mortos no acidente com um avi\u00e3o no Leste do Estado. O turbo\u00e9lice Beechcraft\u00a0King Air C90A, da empresa PEC T\u00e1xi A\u00e9reo, matr\u00edcula\/prefixo [&hellip;]<\/p>\n","protected":false},"author":4,"featured_media":183612,"comment_status":"open","ping_status":"closed","sticky":false,"template":"","format":"standard","meta":{"amp_status":"","footnotes":""},"categories":[121],"tags":[254203,254194,254184,254189,254191,254193,254188,254183,2581,254185,254181,254182,254180,237,254195,1018,254202,116471,254199,254200,254198,254201,254197,254196,254186,254190,254192,254187],"class_list":["post-183611","post","type-post","status-publish","format-standard","has-post-thumbnail","hentry","category-leste","tag-abicieli-silveira-dias-filho","tag-acidente-com-aviao-beech-aircraft","tag-acidente-com-aviao-da-marilia-mendonca","tag-acidente-com-aviao-em-caratinga","tag-acidente-com-aviao-na-serra-de-caratinga","tag-acidente-com-aviao-pt-onj","tag-acidente-com-marilia-mendonca","tag-aeronave-marilia-mendonca","tag-anac","tag-aviao-cai-com-marilia-mendonca","tag-aviao-da-cantora-marilia-mendonca","tag-aviao-marilia-mendonca","tag-aviao-que-transportava-a-cantora-marilia-mendonca-cai-em-cachoeira-no-leste-de-minas","tag-caratinga","tag-corpo-de-bombeiros-e-policia-civil-confirmam-morte-da-cantora-marilia-mendonca","tag-destaque","tag-henrique-ribeiro","tag-marilia-mendonca","tag-marilia-mendonca-em-piedade-de-caratinga","tag-marilia-mendonca-morre-em-acidente-de-aviao","tag-marilia-mendonca-morre-em-minas","tag-marilia-mendonca-morre-em-queda-de-aviao","tag-morre-marilia-mendonca","tag-morte-da-cantora-marilia-mendonca","tag-queda-de-aviao-da-cantora-marilia-mendonca","tag-queda-de-aviao-em-caratinga","tag-queda-de-aviao-na-serra-de-caratinga","tag-queda-de-aviao-que-transportava-marilia-mendonca"],"yoast_head":"<!-- This site is optimized with the Yoast SEO plugin v28.3 - https:\/\/yoast.com\/product\/yoast-seo-wordpress\/ -->\n<title>Cantora Mar\u00edlia Mendon\u00e7a e mais quatro pessoas morrem em queda de avi\u00e3o no Leste de Minas - Aconteceu no Vale<\/title>\n<meta name=\"robots\" content=\"index, follow, max-snippet:-1, max-image-preview:large, max-video-preview:-1\" \/>\n<link rel=\"canonical\" href=\"https:\/\/aconteceunovale.com.br\/portal\/?p=183611\" \/>\n<meta property=\"og:locale\" content=\"pt_BR\" \/>\n<meta property=\"og:type\" content=\"article\" \/>\n<meta property=\"og:title\" content=\"Cantora Mar\u00edlia Mendon\u00e7a e mais quatro pessoas morrem em queda de avi\u00e3o no Leste de Minas - Aconteceu no Vale\" \/>\n<meta property=\"og:description\" content=\"O Corpo de Bombeiros Militar (CBMMG) e a Pol\u00edcia Civil de Minas Gerais (PCMG) confirmaram no final da tarde de hoje (5\/11\/2021) que a cantora Mar\u00edlia Dias Mendon\u00e7a, de 26 anos, est\u00e1 entre os mortos no acidente com um avi\u00e3o no Leste do Estado. O turbo\u00e9lice Beechcraft\u00a0King Air C90A, da empresa PEC T\u00e1xi A\u00e9reo, matr\u00edcula\/prefixo [&hellip;]\" \/>\n<meta property=\"og:url\" content=\"https:\/\/aconteceunovale.com.br\/portal\/?p=183611\" \/>\n<meta property=\"og:site_name\" content=\"Aconteceu no Vale\" \/>\n<meta property=\"article:publisher\" content=\"https:\/\/www.facebook.com\/aconteceunovale\/\" \/>\n<meta property=\"article:published_time\" content=\"2021-11-05T21:06:56+00:00\" \/>\n<meta property=\"article:modified_time\" content=\"2021-11-06T00:27:17+00:00\" \/>\n<meta property=\"og:image\" content=\"https:\/\/aconteceunovale.com.br\/portal\/wp-content\/uploads\/2021\/11\/aviao_marilia_mendonca_3.jpg\" \/>\n\t<meta property=\"og:image:width\" content=\"678\" \/>\n\t<meta property=\"og:image:height\" content=\"429\" \/>\n\t<meta property=\"og:image:type\" content=\"image\/jpeg\" \/>\n<meta name=\"author\" content=\"Reda\u00e7\u00e3o Aconteceu no Vale\" \/>\n<meta name=\"twitter:card\" content=\"summary_large_image\" \/>\n<meta name=\"twitter:creator\" content=\"@noticiadosvales\" \/>\n<meta name=\"twitter:site\" content=\"@noticiadosvales\" \/>\n<meta name=\"twitter:label1\" content=\"Escrito por\" \/>\n\t<meta name=\"twitter:data1\" content=\"Reda\u00e7\u00e3o Aconteceu no Vale\" \/>\n\t<meta name=\"twitter:label2\" content=\"Est. tempo de leitura\" \/>\n\t<meta name=\"twitter:data2\" content=\"2 minutos\" \/>\n<script type=\"application\/ld+json\" class=\"yoast-schema-graph\">{\"@context\":\"https:\\\/\\\/schema.org\",\"@graph\":[{\"@type\":\"Article\",\"@id\":\"https:\\\/\\\/aconteceunovale.com.br\\\/portal\\\/?p=183611#article\",\"isPartOf\":{\"@id\":\"https:\\\/\\\/aconteceunovale.com.br\\\/portal\\\/?p=183611\"},\"author\":{\"name\":\"Reda\u00e7\u00e3o Aconteceu no Vale\",\"@id\":\"https:\\\/\\\/aconteceunovale.com.br\\\/portal\\\/#\\\/schema\\\/person\\\/7d2f26d1483f8a63de73da1ee0754d35\"},\"headline\":\"Cantora Mar\u00edlia Mendon\u00e7a e mais quatro pessoas morrem em queda de avi\u00e3o no Leste de Minas\",\"datePublished\":\"2021-11-05T21:06:56+00:00\",\"dateModified\":\"2021-11-06T00:27:17+00:00\",\"mainEntityOfPage\":{\"@id\":\"https:\\\/\\\/aconteceunovale.com.br\\\/portal\\\/?p=183611\"},\"wordCount\":419,\"commentCount\":0,\"image\":{\"@id\":\"https:\\\/\\\/aconteceunovale.com.br\\\/portal\\\/?p=183611#primaryimage\"},\"thumbnailUrl\":\"https:\\\/\\\/aconteceunovale.com.br\\\/portal\\\/wp-content\\\/uploads\\\/2021\\\/11\\\/aviao_marilia_mendonca_3.jpg\",\"keywords\":[\"Abicieli Silveira Dias Filho\",\"Acidente com avi\u00e3o Beech Aircraft\",\"Acidente com avi\u00e3o da Mar\u00edlia Mendon\u00e7a\",\"Acidente com avi\u00e3o em Caratinga\",\"Acidente com avi\u00e3o na Serra de Caratinga\",\"Acidente com avi\u00e3o PT-ONJ\",\"Acidente com Mar\u00edlia Mendon\u00e7a\",\"Aeronave Mar\u00edlia Mendon\u00e7a\",\"Anac\",\"Avi\u00e3o cai com Mar\u00edlia Mendon\u00e7a\",\"Avi\u00e3o da cantora Mar\u00edlia Mendon\u00e7a\",\"Avi\u00e3o Mar\u00edlia Mendon\u00e7a\",\"Avi\u00e3o que transportava a cantora Mar\u00edlia Mendon\u00e7a cai em cachoeira no Leste de Minas\",\"Caratinga\",\"Corpo de Bombeiros e Pol\u00edcia Civil confirmam morte da cantora Mar\u00edlia Mendon\u00e7a\",\"destaque\",\"Henrique Ribeiro\",\"Mar\u00edlia Mendon\u00e7a\",\"Mar\u00edlia Mendon\u00e7a em Piedade de Caratinga\",\"Mar\u00edlia Mendon\u00e7a morre em acidente de avi\u00e3o\",\"Mar\u00edlia Mendon\u00e7a morre em Minas\",\"Mar\u00edlia Mendon\u00e7a morre em queda de avi\u00e3o\",\"Morre Mar\u00edlia Mendon\u00e7a\",\"Morte da cantora Mar\u00edlia Mendon\u00e7a\",\"Queda de avi\u00e3o da cantora Mar\u00edlia Mendon\u00e7a\",\"Queda de avi\u00e3o em Caratinga\",\"Queda de avi\u00e3o na Serra de Caratinga\",\"Queda de avi\u00e3o que transportava Mar\u00edlia Mendon\u00e7a\"],\"articleSection\":[\"Leste de Minas\"],\"inLanguage\":\"pt-BR\",\"potentialAction\":[{\"@type\":\"CommentAction\",\"name\":\"Comment\",\"target\":[\"https:\\\/\\\/aconteceunovale.com.br\\\/portal\\\/?p=183611#respond\"]}]},{\"@type\":\"WebPage\",\"@id\":\"https:\\\/\\\/aconteceunovale.com.br\\\/portal\\\/?p=183611\",\"url\":\"https:\\\/\\\/aconteceunovale.com.br\\\/portal\\\/?p=183611\",\"name\":\"Cantora Mar\u00edlia Mendon\u00e7a e mais quatro pessoas morrem em queda de avi\u00e3o no Leste de Minas - Aconteceu no Vale\",\"isPartOf\":{\"@id\":\"https:\\\/\\\/aconteceunovale.com.br\\\/portal\\\/#website\"},\"primaryImageOfPage\":{\"@id\":\"https:\\\/\\\/aconteceunovale.com.br\\\/portal\\\/?p=183611#primaryimage\"},\"image\":{\"@id\":\"https:\\\/\\\/aconteceunovale.com.br\\\/portal\\\/?p=183611#primaryimage\"},\"thumbnailUrl\":\"https:\\\/\\\/aconteceunovale.com.br\\\/portal\\\/wp-content\\\/uploads\\\/2021\\\/11\\\/aviao_marilia_mendonca_3.jpg\",\"datePublished\":\"2021-11-05T21:06:56+00:00\",\"dateModified\":\"2021-11-06T00:27:17+00:00\",\"author\":{\"@id\":\"https:\\\/\\\/aconteceunovale.com.br\\\/portal\\\/#\\\/schema\\\/person\\\/7d2f26d1483f8a63de73da1ee0754d35\"},\"breadcrumb\":{\"@id\":\"https:\\\/\\\/aconteceunovale.com.br\\\/portal\\\/?p=183611#breadcrumb\"},\"inLanguage\":\"pt-BR\",\"potentialAction\":[{\"@type\":\"ReadAction\",\"target\":[\"https:\\\/\\\/aconteceunovale.com.br\\\/portal\\\/?p=183611\"]}]},{\"@type\":\"ImageObject\",\"inLanguage\":\"pt-BR\",\"@id\":\"https:\\\/\\\/aconteceunovale.com.br\\\/portal\\\/?p=183611#primaryimage\",\"url\":\"https:\\\/\\\/aconteceunovale.com.br\\\/portal\\\/wp-content\\\/uploads\\\/2021\\\/11\\\/aviao_marilia_mendonca_3.jpg\",\"contentUrl\":\"https:\\\/\\\/aconteceunovale.com.br\\\/portal\\\/wp-content\\\/uploads\\\/2021\\\/11\\\/aviao_marilia_mendonca_3.jpg\",\"width\":678,\"height\":429},{\"@type\":\"BreadcrumbList\",\"@id\":\"https:\\\/\\\/aconteceunovale.com.br\\\/portal\\\/?p=183611#breadcrumb\",\"itemListElement\":[{\"@type\":\"ListItem\",\"position\":1,\"name\":\"In\u00edcio\",\"item\":\"https:\\\/\\\/aconteceunovale.com.br\\\/portal\\\/\"},{\"@type\":\"ListItem\",\"position\":2,\"name\":\"Cantora Mar\u00edlia Mendon\u00e7a e mais quatro pessoas morrem em queda de avi\u00e3o no Leste de Minas\"}]},{\"@type\":\"WebSite\",\"@id\":\"https:\\\/\\\/aconteceunovale.com.br\\\/portal\\\/#website\",\"url\":\"https:\\\/\\\/aconteceunovale.com.br\\\/portal\\\/\",\"name\":\"Aconteceu no Vale\",\"description\":\"Portal de Not\u00edcias\",\"potentialAction\":[{\"@type\":\"SearchAction\",\"target\":{\"@type\":\"EntryPoint\",\"urlTemplate\":\"https:\\\/\\\/aconteceunovale.com.br\\\/portal\\\/?s={search_term_string}\"},\"query-input\":{\"@type\":\"PropertyValueSpecification\",\"valueRequired\":true,\"valueName\":\"search_term_string\"}}],\"inLanguage\":\"pt-BR\"},{\"@type\":\"Person\",\"@id\":\"https:\\\/\\\/aconteceunovale.com.br\\\/portal\\\/#\\\/schema\\\/person\\\/7d2f26d1483f8a63de73da1ee0754d35\",\"name\":\"Reda\u00e7\u00e3o Aconteceu no Vale\",\"description\":\"Equipe de reportagem do Aconteceu no Vale, portal de not\u00edcias do Vale do Jequitinhonha, em Minas Gerais. Cobrimos as 51 cidades do Vale desde 2013. Sugest\u00f5es de pauta e pedidos de corre\u00e7\u00e3o: contato@aconteceunovale.com.br\",\"url\":\"https:\\\/\\\/aconteceunovale.com.br\\\/portal\\\/?author=4\"}]}<\/script>\n<!-- \/ Yoast SEO plugin. -->","yoast_head_json":{"title":"Cantora Mar\u00edlia Mendon\u00e7a e mais quatro pessoas morrem em queda de avi\u00e3o no Leste de Minas - Aconteceu no Vale","robots":{"index":"index","follow":"follow","max-snippet":"max-snippet:-1","max-image-preview":"max-image-preview:large","max-video-preview":"max-video-preview:-1"},"canonical":"https:\/\/aconteceunovale.com.br\/portal\/?p=183611","og_locale":"pt_BR","og_type":"article","og_title":"Cantora Mar\u00edlia Mendon\u00e7a e mais quatro pessoas morrem em queda de avi\u00e3o no Leste de Minas - Aconteceu no Vale","og_description":"O Corpo de Bombeiros Militar (CBMMG) e a Pol\u00edcia Civil de Minas Gerais (PCMG) confirmaram no final da tarde de hoje (5\/11\/2021) que a cantora Mar\u00edlia Dias Mendon\u00e7a, de 26 anos, est\u00e1 entre os mortos no acidente com um avi\u00e3o no Leste do Estado. O turbo\u00e9lice Beechcraft\u00a0King Air C90A, da empresa PEC T\u00e1xi A\u00e9reo, matr\u00edcula\/prefixo [&hellip;]","og_url":"https:\/\/aconteceunovale.com.br\/portal\/?p=183611","og_site_name":"Aconteceu no Vale","article_publisher":"https:\/\/www.facebook.com\/aconteceunovale\/","article_published_time":"2021-11-05T21:06:56+00:00","article_modified_time":"2021-11-06T00:27:17+00:00","og_image":[{"width":678,"height":429,"url":"https:\/\/aconteceunovale.com.br\/portal\/wp-content\/uploads\/2021\/11\/aviao_marilia_mendonca_3.jpg","type":"image\/jpeg"}],"author":"Reda\u00e7\u00e3o Aconteceu no Vale","twitter_card":"summary_large_image","twitter_creator":"@noticiadosvales","twitter_site":"@noticiadosvales","twitter_misc":{"Escrito por":"Reda\u00e7\u00e3o Aconteceu no Vale","Est. tempo de leitura":"2 minutos"},"schema":{"@context":"https:\/\/schema.org","@graph":[{"@type":"Article","@id":"https:\/\/aconteceunovale.com.br\/portal\/?p=183611#article","isPartOf":{"@id":"https:\/\/aconteceunovale.com.br\/portal\/?p=183611"},"author":{"name":"Reda\u00e7\u00e3o Aconteceu no Vale","@id":"https:\/\/aconteceunovale.com.br\/portal\/#\/schema\/person\/7d2f26d1483f8a63de73da1ee0754d35"},"headline":"Cantora Mar\u00edlia Mendon\u00e7a e mais quatro pessoas morrem em queda de avi\u00e3o no Leste de Minas","datePublished":"2021-11-05T21:06:56+00:00","dateModified":"2021-11-06T00:27:17+00:00","mainEntityOfPage":{"@id":"https:\/\/aconteceunovale.com.br\/portal\/?p=183611"},"wordCount":419,"commentCount":0,"image":{"@id":"https:\/\/aconteceunovale.com.br\/portal\/?p=183611#primaryimage"},"thumbnailUrl":"https:\/\/aconteceunovale.com.br\/portal\/wp-content\/uploads\/2021\/11\/aviao_marilia_mendonca_3.jpg","keywords":["Abicieli Silveira Dias Filho","Acidente com avi\u00e3o Beech Aircraft","Acidente com avi\u00e3o da Mar\u00edlia Mendon\u00e7a","Acidente com avi\u00e3o em Caratinga","Acidente com avi\u00e3o na Serra de Caratinga","Acidente com avi\u00e3o PT-ONJ","Acidente com Mar\u00edlia Mendon\u00e7a","Aeronave Mar\u00edlia Mendon\u00e7a","Anac","Avi\u00e3o cai com Mar\u00edlia Mendon\u00e7a","Avi\u00e3o da cantora Mar\u00edlia Mendon\u00e7a","Avi\u00e3o Mar\u00edlia Mendon\u00e7a","Avi\u00e3o que transportava a cantora Mar\u00edlia Mendon\u00e7a cai em cachoeira no Leste de Minas","Caratinga","Corpo de Bombeiros e Pol\u00edcia Civil confirmam morte da cantora Mar\u00edlia Mendon\u00e7a","destaque","Henrique Ribeiro","Mar\u00edlia Mendon\u00e7a","Mar\u00edlia Mendon\u00e7a em Piedade de Caratinga","Mar\u00edlia Mendon\u00e7a morre em acidente de avi\u00e3o","Mar\u00edlia Mendon\u00e7a morre em Minas","Mar\u00edlia Mendon\u00e7a morre em queda de avi\u00e3o","Morre Mar\u00edlia Mendon\u00e7a","Morte da cantora Mar\u00edlia Mendon\u00e7a","Queda de avi\u00e3o da cantora Mar\u00edlia Mendon\u00e7a","Queda de avi\u00e3o em Caratinga","Queda de avi\u00e3o na Serra de Caratinga","Queda de avi\u00e3o que transportava Mar\u00edlia Mendon\u00e7a"],"articleSection":["Leste de Minas"],"inLanguage":"pt-BR","potentialAction":[{"@type":"CommentAction","name":"Comment","target":["https:\/\/aconteceunovale.com.br\/portal\/?p=183611#respond"]}]},{"@type":"WebPage","@id":"https:\/\/aconteceunovale.com.br\/portal\/?p=183611","url":"https:\/\/aconteceunovale.com.br\/portal\/?p=183611","name":"Cantora Mar\u00edlia Mendon\u00e7a e mais quatro pessoas morrem em queda de avi\u00e3o no Leste de Minas - Aconteceu no Vale","isPartOf":{"@id":"https:\/\/aconteceunovale.com.br\/portal\/#website"},"primaryImageOfPage":{"@id":"https:\/\/aconteceunovale.com.br\/portal\/?p=183611#primaryimage"},"image":{"@id":"https:\/\/aconteceunovale.com.br\/portal\/?p=183611#primaryimage"},"thumbnailUrl":"https:\/\/aconteceunovale.com.br\/portal\/wp-content\/uploads\/2021\/11\/aviao_marilia_mendonca_3.jpg","datePublished":"2021-11-05T21:06:56+00:00","dateModified":"2021-11-06T00:27:17+00:00","author":{"@id":"https:\/\/aconteceunovale.com.br\/portal\/#\/schema\/person\/7d2f26d1483f8a63de73da1ee0754d35"},"breadcrumb":{"@id":"https:\/\/aconteceunovale.com.br\/portal\/?p=183611#breadcrumb"},"inLanguage":"pt-BR","potentialAction":[{"@type":"ReadAction","target":["https:\/\/aconteceunovale.com.br\/portal\/?p=183611"]}]},{"@type":"ImageObject","inLanguage":"pt-BR","@id":"https:\/\/aconteceunovale.com.br\/portal\/?p=183611#primaryimage","url":"https:\/\/aconteceunovale.com.br\/portal\/wp-content\/uploads\/2021\/11\/aviao_marilia_mendonca_3.jpg","contentUrl":"https:\/\/aconteceunovale.com.br\/portal\/wp-content\/uploads\/2021\/11\/aviao_marilia_mendonca_3.jpg","width":678,"height":429},{"@type":"BreadcrumbList","@id":"https:\/\/aconteceunovale.com.br\/portal\/?p=183611#breadcrumb","itemListElement":[{"@type":"ListItem","position":1,"name":"In\u00edcio","item":"https:\/\/aconteceunovale.com.br\/portal\/"},{"@type":"ListItem","position":2,"name":"Cantora Mar\u00edlia Mendon\u00e7a e mais quatro pessoas morrem em queda de avi\u00e3o no Leste de Minas"}]},{"@type":"WebSite","@id":"https:\/\/aconteceunovale.com.br\/portal\/#website","url":"https:\/\/aconteceunovale.com.br\/portal\/","name":"Aconteceu no Vale","description":"Portal de Not\u00edcias","potentialAction":[{"@type":"SearchAction","target":{"@type":"EntryPoint","urlTemplate":"https:\/\/aconteceunovale.com.br\/portal\/?s={search_term_string}"},"query-input":{"@type":"PropertyValueSpecification","valueRequired":true,"valueName":"search_term_string"}}],"inLanguage":"pt-BR"},{"@type":"Person","@id":"https:\/\/aconteceunovale.com.br\/portal\/#\/schema\/person\/7d2f26d1483f8a63de73da1ee0754d35","name":"Reda\u00e7\u00e3o Aconteceu no Vale","description":"Equipe de reportagem do Aconteceu no Vale, portal de not\u00edcias do Vale do Jequitinhonha, em Minas Gerais. Cobrimos as 51 cidades do Vale desde 2013. Sugest\u00f5es de pauta e pedidos de corre\u00e7\u00e3o: contato@aconteceunovale.com.br","url":"https:\/\/aconteceunovale.com.br\/portal\/?author=4"}]}},"_links":{"self":[{"href":"https:\/\/aconteceunovale.com.br\/portal\/index.php?rest_route=\/wp\/v2\/posts\/183611","targetHints":{"allow":["GET"]}}],"collection":[{"href":"https:\/\/aconteceunovale.com.br\/portal\/index.php?rest_route=\/wp\/v2\/posts"}],"about":[{"href":"https:\/\/aconteceunovale.com.br\/portal\/index.php?rest_route=\/wp\/v2\/types\/post"}],"author":[{"embeddable":true,"href":"https:\/\/aconteceunovale.com.br\/portal\/index.php?rest_route=\/wp\/v2\/users\/4"}],"replies":[{"embeddable":true,"href":"https:\/\/aconteceunovale.com.br\/portal\/index.php?rest_route=%2Fwp%2Fv2%2Fcomments&post=183611"}],"version-history":[{"count":7,"href":"https:\/\/aconteceunovale.com.br\/portal\/index.php?rest_route=\/wp\/v2\/posts\/183611\/revisions"}],"predecessor-version":[{"id":183630,"href":"https:\/\/aconteceunovale.com.br\/portal\/index.php?rest_route=\/wp\/v2\/posts\/183611\/revisions\/183630"}],"wp:featuredmedia":[{"embeddable":true,"href":"https:\/\/aconteceunovale.com.br\/portal\/index.php?rest_route=\/wp\/v2\/media\/183612"}],"wp:attachment":[{"href":"https:\/\/aconteceunovale.com.br\/portal\/index.php?rest_route=%2Fwp%2Fv2%2Fmedia&parent=183611"}],"wp:term":[{"taxonomy":"category","embeddable":true,"href":"https:\/\/aconteceunovale.com.br\/portal\/index.php?rest_route=%2Fwp%2Fv2%2Fcategories&post=183611"},{"taxonomy":"post_tag","embeddable":true,"href":"https:\/\/aconteceunovale.com.br\/portal\/index.php?rest_route=%2Fwp%2Fv2%2Ftags&post=183611"}],"curies":[{"name":"wp","href":"https:\/\/api.w.org\/{rel}","templated":true}]}}