{"id":183597,"date":"2021-11-05T10:44:25","date_gmt":"2021-11-05T13:44:25","guid":{"rendered":"https:\/\/aconteceunovale.com.br\/portal\/?p=183597"},"modified":"2021-11-05T10:44:38","modified_gmt":"2021-11-05T13:44:38","slug":"presidente-de-portugal-dissolve-parlamento-e-antecipa-eleicoes","status":"publish","type":"post","link":"https:\/\/aconteceunovale.com.br\/portal\/?p=183597","title":{"rendered":"Presidente de Portugal dissolve Parlamento e antecipa elei\u00e7\u00f5es"},"content":{"rendered":"\n<p class=\"wp-block-paragraph\">O presidente de Portugal, Marcelo Rebelo de Sousa, aprovou a dissolu\u00e7\u00e3o do Parlamento e agendou as elei\u00e7\u00f5es legislativas antecipadas para 30 de janeiro de 2022.<img decoding=\"async\" src=\"https:\/\/agenciabrasil.ebc.com.br\/ebc.png?id=1426660&amp;o=node\"><img decoding=\"async\" src=\"https:\/\/agenciabrasil.ebc.com.br\/ebc.gif?id=1426660&amp;o=node\"><\/p>\n\n\n\n<figure class=\"wp-block-gallery columns-1 is-cropped wp-block-gallery-1 is-layout-flex wp-block-gallery-is-layout-flex\"><ul class=\"blocks-gallery-grid\"><li class=\"blocks-gallery-item\"><figure><img loading=\"lazy\" decoding=\"async\" width=\"678\" height=\"406\" src=\"https:\/\/aconteceunovale.com.br\/portal\/wp-content\/uploads\/2021\/11\/presidente_portugal.jpg\" alt=\"\" data-id=\"183598\" data-full-url=\"https:\/\/aconteceunovale.com.br\/portal\/wp-content\/uploads\/2021\/11\/presidente_portugal.jpg\" data-link=\"https:\/\/aconteceunovale.com.br\/portal\/?attachment_id=183598\" class=\"wp-image-183598\" srcset=\"https:\/\/aconteceunovale.com.br\/portal\/wp-content\/uploads\/2021\/11\/presidente_portugal.jpg 678w, https:\/\/aconteceunovale.com.br\/portal\/wp-content\/uploads\/2021\/11\/presidente_portugal-300x180.jpg 300w\" sizes=\"auto, (max-width: 678px) 100vw, 678px\" \/><figcaption class=\"blocks-gallery-item__caption\"><em>Marcelo Rebelo de Sousa &#8211; Foto: Tiago Petinga \/ Ag\u00eancia Lusa<\/em><\/figcaption><\/figure><\/li><\/ul><\/figure>\n\n\n\n<p class=\"wp-block-paragraph\">&#8220;Uma semana e um dia depois da rejei\u00e7\u00e3o do Or\u00e7amento para 2022, comunico que decidi dissolver a Assembleia da Rep\u00fablica e convocar elei\u00e7\u00f5es para o dia 30 de janeiro de 2022&#8221;, afirmou o presidente,&nbsp;em pronunciamento ao pa\u00eds,&nbsp;no Pal\u00e1cio de Bel\u00e9m, em Lisboa.<\/p>\n\n\n\n<p class=\"wp-block-paragraph\">De acordo com a Constitui\u00e7\u00e3o, as elei\u00e7\u00f5es legislativas antecipadas t\u00eam de ser realizadas&nbsp;nos 60 dias seguintes \u00e0 dissolu\u00e7\u00e3o do Parlamento &#8211; que s\u00f3 poder\u00e1 ser decretada, portanto, a partir de 1\u00ba de dezembro. &nbsp;O chefe de Estado defendeu que &#8220;em momentos como este existe sempre uma solu\u00e7\u00e3o em democracia, sem dramatiza\u00e7\u00f5es nem temores, faz parte da vida pr\u00f3pria da democracia: devolver a palavra ao povo&#8221;.<\/p>\n\n\n\n<p class=\"wp-block-paragraph\">Sobre a escolha da data das elei\u00e7\u00f5es, Marcelo Rebelo de Sousa argumentou que campanha eleitoral, bem como os debates audiovisuais que a devem anteceder&#8221; no Natal ou no Ano Novo s\u00e3o&nbsp;indesej\u00e1veis&nbsp;e podem ser meio caminho para um aumento da absten\u00e7\u00e3o.<\/p>\n\n\n\n<p class=\"wp-block-paragraph\">&#8220;O sensato \u00e9 apontar para debates e campanha, a come\u00e7ar em 2022, mas n\u00e3o em cima do&nbsp;Ano Novo, e ainda assim termos elei\u00e7\u00f5es em janeiro &#8211; como eu disse desde o primeiro momento -, compatibilizando&nbsp;rapidez com a devida aten\u00e7\u00e3o a um per\u00edodo sens\u00edvel na vida das pessoas&#8221;, acrescentou.<\/p>\n\n\n\n<p class=\"wp-block-paragraph\">O presidente afirmou&nbsp;que, nos termos da Constitui\u00e7\u00e3o, ouviu os partidos com representa\u00e7\u00e3o parlamentar, o Conselho de Estado, que deu parecer favor\u00e1vel, por maioria, \u00e0 dissolu\u00e7\u00e3o do Parlamento, e analisou a situa\u00e7\u00e3o econ\u00f4mica, social e financeira antes de fazer a&nbsp;comunica\u00e7\u00e3o ao pa\u00eds.<\/p>\n\n\n\n<p class=\"wp-block-paragraph\">Ao final da mensagem, disse aos portugueses&nbsp; que confia em seu esp\u00edrito democr\u00e1tico e bom senso para escolher&nbsp;aqueles que ir\u00e3o votar rapidamente o Or\u00e7amento.<\/p>\n\n\n\n<p class=\"wp-block-paragraph\">O Or\u00e7amento do Estado para 2022 foi derrubado\u00a0na vota\u00e7\u00e3o\u00a0em 27 de outubro.\u00a0O projeto teve votos a favor apenas da bancada do PS e absten\u00e7\u00f5es do PAN e das deputadas n\u00e3o inscritas Joacine Katar Moreira e Cristina Rodrigues.<\/p>\n\n\n\n<p class=\"wp-block-paragraph\">&#8212;&#8212;&#8212;&#8212;&#8212;&#8212;<br><em>Quer receber as not\u00edcias do <strong>Aconteceu no Vale<\/strong> em primeira m\u00e3o? Siga-nos no Facebook <a rel=\"noreferrer noopener\" href=\"http:\/\/facebook.com\/aconteceunovale\" target=\"_blank\">@aconteceunovale<\/a>, Twitter <a rel=\"noreferrer noopener\" href=\"https:\/\/twitter.com\/noticiadosvales\" target=\"_blank\">@noticiadosvales<\/a> e Instagram <a rel=\"noreferrer noopener\" href=\"https:\/\/www.instagram.com\/aconteceunovale\" target=\"_blank\">@aconteceunovale<\/a>.<\/em><\/p>\n","protected":false},"excerpt":{"rendered":"<p>O presidente de Portugal, Marcelo Rebelo de Sousa, aprovou a dissolu\u00e7\u00e3o do Parlamento e agendou as elei\u00e7\u00f5es legislativas antecipadas para 30 de janeiro de 2022. &#8220;Uma semana e um dia depois da rejei\u00e7\u00e3o do Or\u00e7amento para 2022, comunico que decidi dissolver a Assembleia da Rep\u00fablica e convocar elei\u00e7\u00f5es para o dia 30 de janeiro de [&hellip;]<\/p>\n","protected":false},"author":4,"featured_media":183598,"comment_status":"open","ping_status":"closed","sticky":false,"template":"","format":"standard","meta":{"amp_status":"","footnotes":""},"categories":[28848,40240],"tags":[254172,25559,109657,18919,254170,254171,254169,254174,254173],"class_list":["post-183597","post","type-post","status-publish","format-standard","has-post-thumbnail","hentry","category-mundo","category-politica","tag-eleicoes-legislativas-em-portugal","tag-lisboa","tag-marcelo-rebelo-de-sousa","tag-portugal","tag-presidente-de-portugal-antecipa-eleicoes","tag-presidente-de-portugal-antecipa-eleicoes-legislativas","tag-presidente-de-portugal-dissolve-parlamento","tag-presidente-de-portugal-dissolve-parlamento-apos-reprovacao-do-orcamento-para-2022","tag-reprovacao-do-orcamento-de-portugal-para-2022"],"yoast_head":"<!-- This site is optimized with the Yoast SEO plugin v28.3 - https:\/\/yoast.com\/product\/yoast-seo-wordpress\/ -->\n<title>Presidente de Portugal dissolve Parlamento e antecipa elei\u00e7\u00f5es - Aconteceu no Vale<\/title>\n<meta name=\"robots\" content=\"index, follow, max-snippet:-1, max-image-preview:large, max-video-preview:-1\" \/>\n<link rel=\"canonical\" href=\"https:\/\/aconteceunovale.com.br\/portal\/?p=183597\" \/>\n<meta property=\"og:locale\" content=\"pt_BR\" \/>\n<meta property=\"og:type\" content=\"article\" \/>\n<meta property=\"og:title\" content=\"Presidente de Portugal dissolve Parlamento e antecipa elei\u00e7\u00f5es - Aconteceu no Vale\" \/>\n<meta property=\"og:description\" content=\"O presidente de Portugal, Marcelo Rebelo de Sousa, aprovou a dissolu\u00e7\u00e3o do Parlamento e agendou as elei\u00e7\u00f5es legislativas antecipadas para 30 de janeiro de 2022. &#8220;Uma semana e um dia depois da rejei\u00e7\u00e3o do Or\u00e7amento para 2022, comunico que decidi dissolver a Assembleia da Rep\u00fablica e convocar elei\u00e7\u00f5es para o dia 30 de janeiro de [&hellip;]\" \/>\n<meta property=\"og:url\" content=\"https:\/\/aconteceunovale.com.br\/portal\/?p=183597\" \/>\n<meta property=\"og:site_name\" content=\"Aconteceu no Vale\" \/>\n<meta property=\"article:publisher\" content=\"https:\/\/www.facebook.com\/aconteceunovale\/\" \/>\n<meta property=\"article:published_time\" content=\"2021-11-05T13:44:25+00:00\" \/>\n<meta property=\"article:modified_time\" content=\"2021-11-05T13:44:38+00:00\" \/>\n<meta property=\"og:image\" content=\"https:\/\/aconteceunovale.com.br\/portal\/wp-content\/uploads\/2021\/11\/presidente_portugal.jpg\" \/>\n\t<meta property=\"og:image:width\" content=\"678\" \/>\n\t<meta property=\"og:image:height\" content=\"406\" \/>\n\t<meta property=\"og:image:type\" content=\"image\/jpeg\" \/>\n<meta name=\"author\" content=\"Reda\u00e7\u00e3o Aconteceu no Vale\" \/>\n<meta name=\"twitter:card\" content=\"summary_large_image\" \/>\n<meta name=\"twitter:creator\" content=\"@noticiadosvales\" \/>\n<meta name=\"twitter:site\" content=\"@noticiadosvales\" \/>\n<meta name=\"twitter:label1\" content=\"Escrito por\" \/>\n\t<meta name=\"twitter:data1\" content=\"Reda\u00e7\u00e3o Aconteceu no Vale\" \/>\n\t<meta name=\"twitter:label2\" content=\"Est. tempo de leitura\" \/>\n\t<meta name=\"twitter:data2\" content=\"2 minutos\" \/>\n<script type=\"application\/ld+json\" class=\"yoast-schema-graph\">{\"@context\":\"https:\\\/\\\/schema.org\",\"@graph\":[{\"@type\":\"Article\",\"@id\":\"https:\\\/\\\/aconteceunovale.com.br\\\/portal\\\/?p=183597#article\",\"isPartOf\":{\"@id\":\"https:\\\/\\\/aconteceunovale.com.br\\\/portal\\\/?p=183597\"},\"author\":{\"name\":\"Reda\u00e7\u00e3o Aconteceu no Vale\",\"@id\":\"https:\\\/\\\/aconteceunovale.com.br\\\/portal\\\/#\\\/schema\\\/person\\\/7d2f26d1483f8a63de73da1ee0754d35\"},\"headline\":\"Presidente de Portugal dissolve Parlamento e antecipa elei\u00e7\u00f5es\",\"datePublished\":\"2021-11-05T13:44:25+00:00\",\"dateModified\":\"2021-11-05T13:44:38+00:00\",\"mainEntityOfPage\":{\"@id\":\"https:\\\/\\\/aconteceunovale.com.br\\\/portal\\\/?p=183597\"},\"wordCount\":419,\"commentCount\":0,\"image\":{\"@id\":\"https:\\\/\\\/aconteceunovale.com.br\\\/portal\\\/?p=183597#primaryimage\"},\"thumbnailUrl\":\"https:\\\/\\\/aconteceunovale.com.br\\\/portal\\\/wp-content\\\/uploads\\\/2021\\\/11\\\/presidente_portugal.jpg\",\"keywords\":[\"Elei\u00e7\u00f5es legislativas em Portugal\",\"Lisboa\",\"Marcelo Rebelo de Sousa\",\"Portugal\",\"Presidente de Portugal antecipa elei\u00e7\u00f5es\",\"Presidente de Portugal antecipa elei\u00e7\u00f5es legislativas\",\"Presidente de Portugal dissolve Parlamento\",\"Presidente de Portugal dissolve parlamento ap\u00f3s reprova\u00e7\u00e3o do or\u00e7amento para 2022\",\"Reprova\u00e7\u00e3o do or\u00e7amento de Portugal para 2022\"],\"articleSection\":[\"Mundo\",\"Pol\u00edtica\"],\"inLanguage\":\"pt-BR\",\"potentialAction\":[{\"@type\":\"CommentAction\",\"name\":\"Comment\",\"target\":[\"https:\\\/\\\/aconteceunovale.com.br\\\/portal\\\/?p=183597#respond\"]}]},{\"@type\":\"WebPage\",\"@id\":\"https:\\\/\\\/aconteceunovale.com.br\\\/portal\\\/?p=183597\",\"url\":\"https:\\\/\\\/aconteceunovale.com.br\\\/portal\\\/?p=183597\",\"name\":\"Presidente de Portugal dissolve Parlamento e antecipa elei\u00e7\u00f5es - Aconteceu no Vale\",\"isPartOf\":{\"@id\":\"https:\\\/\\\/aconteceunovale.com.br\\\/portal\\\/#website\"},\"primaryImageOfPage\":{\"@id\":\"https:\\\/\\\/aconteceunovale.com.br\\\/portal\\\/?p=183597#primaryimage\"},\"image\":{\"@id\":\"https:\\\/\\\/aconteceunovale.com.br\\\/portal\\\/?p=183597#primaryimage\"},\"thumbnailUrl\":\"https:\\\/\\\/aconteceunovale.com.br\\\/portal\\\/wp-content\\\/uploads\\\/2021\\\/11\\\/presidente_portugal.jpg\",\"datePublished\":\"2021-11-05T13:44:25+00:00\",\"dateModified\":\"2021-11-05T13:44:38+00:00\",\"author\":{\"@id\":\"https:\\\/\\\/aconteceunovale.com.br\\\/portal\\\/#\\\/schema\\\/person\\\/7d2f26d1483f8a63de73da1ee0754d35\"},\"breadcrumb\":{\"@id\":\"https:\\\/\\\/aconteceunovale.com.br\\\/portal\\\/?p=183597#breadcrumb\"},\"inLanguage\":\"pt-BR\",\"potentialAction\":[{\"@type\":\"ReadAction\",\"target\":[\"https:\\\/\\\/aconteceunovale.com.br\\\/portal\\\/?p=183597\"]}]},{\"@type\":\"ImageObject\",\"inLanguage\":\"pt-BR\",\"@id\":\"https:\\\/\\\/aconteceunovale.com.br\\\/portal\\\/?p=183597#primaryimage\",\"url\":\"https:\\\/\\\/aconteceunovale.com.br\\\/portal\\\/wp-content\\\/uploads\\\/2021\\\/11\\\/presidente_portugal.jpg\",\"contentUrl\":\"https:\\\/\\\/aconteceunovale.com.br\\\/portal\\\/wp-content\\\/uploads\\\/2021\\\/11\\\/presidente_portugal.jpg\",\"width\":678,\"height\":406,\"caption\":\"O Presidente da Rep\u00fablica, Marcelo Rebelo de Sousa, discursa durante a sess\u00e3o solene de comemora\u00e7\u00e3o do 20.\u00ba Anivers\u00e1rio da Comunidade dos Pa\u00edses de L\u00edngua Portuguesa (CPLP)\u201d realizada na sede da CPLP, Lisboa, 18 de julho de 2016. TIAGO PETINGA\\\/LUSA\"},{\"@type\":\"BreadcrumbList\",\"@id\":\"https:\\\/\\\/aconteceunovale.com.br\\\/portal\\\/?p=183597#breadcrumb\",\"itemListElement\":[{\"@type\":\"ListItem\",\"position\":1,\"name\":\"In\u00edcio\",\"item\":\"https:\\\/\\\/aconteceunovale.com.br\\\/portal\\\/\"},{\"@type\":\"ListItem\",\"position\":2,\"name\":\"Presidente de Portugal dissolve Parlamento e antecipa elei\u00e7\u00f5es\"}]},{\"@type\":\"WebSite\",\"@id\":\"https:\\\/\\\/aconteceunovale.com.br\\\/portal\\\/#website\",\"url\":\"https:\\\/\\\/aconteceunovale.com.br\\\/portal\\\/\",\"name\":\"Aconteceu no Vale\",\"description\":\"Portal de Not\u00edcias\",\"potentialAction\":[{\"@type\":\"SearchAction\",\"target\":{\"@type\":\"EntryPoint\",\"urlTemplate\":\"https:\\\/\\\/aconteceunovale.com.br\\\/portal\\\/?s={search_term_string}\"},\"query-input\":{\"@type\":\"PropertyValueSpecification\",\"valueRequired\":true,\"valueName\":\"search_term_string\"}}],\"inLanguage\":\"pt-BR\"},{\"@type\":\"Person\",\"@id\":\"https:\\\/\\\/aconteceunovale.com.br\\\/portal\\\/#\\\/schema\\\/person\\\/7d2f26d1483f8a63de73da1ee0754d35\",\"name\":\"Reda\u00e7\u00e3o Aconteceu no Vale\",\"description\":\"Equipe de reportagem do Aconteceu no Vale, portal de not\u00edcias do Vale do Jequitinhonha, em Minas Gerais. Cobrimos as 51 cidades do Vale desde 2013. Sugest\u00f5es de pauta e pedidos de corre\u00e7\u00e3o: contato@aconteceunovale.com.br\",\"url\":\"https:\\\/\\\/aconteceunovale.com.br\\\/portal\\\/?author=4\"}]}<\/script>\n<!-- \/ Yoast SEO plugin. -->","yoast_head_json":{"title":"Presidente de Portugal dissolve Parlamento e antecipa elei\u00e7\u00f5es - Aconteceu no Vale","robots":{"index":"index","follow":"follow","max-snippet":"max-snippet:-1","max-image-preview":"max-image-preview:large","max-video-preview":"max-video-preview:-1"},"canonical":"https:\/\/aconteceunovale.com.br\/portal\/?p=183597","og_locale":"pt_BR","og_type":"article","og_title":"Presidente de Portugal dissolve Parlamento e antecipa elei\u00e7\u00f5es - Aconteceu no Vale","og_description":"O presidente de Portugal, Marcelo Rebelo de Sousa, aprovou a dissolu\u00e7\u00e3o do Parlamento e agendou as elei\u00e7\u00f5es legislativas antecipadas para 30 de janeiro de 2022. &#8220;Uma semana e um dia depois da rejei\u00e7\u00e3o do Or\u00e7amento para 2022, comunico que decidi dissolver a Assembleia da Rep\u00fablica e convocar elei\u00e7\u00f5es para o dia 30 de janeiro de [&hellip;]","og_url":"https:\/\/aconteceunovale.com.br\/portal\/?p=183597","og_site_name":"Aconteceu no Vale","article_publisher":"https:\/\/www.facebook.com\/aconteceunovale\/","article_published_time":"2021-11-05T13:44:25+00:00","article_modified_time":"2021-11-05T13:44:38+00:00","og_image":[{"width":678,"height":406,"url":"https:\/\/aconteceunovale.com.br\/portal\/wp-content\/uploads\/2021\/11\/presidente_portugal.jpg","type":"image\/jpeg"}],"author":"Reda\u00e7\u00e3o Aconteceu no Vale","twitter_card":"summary_large_image","twitter_creator":"@noticiadosvales","twitter_site":"@noticiadosvales","twitter_misc":{"Escrito por":"Reda\u00e7\u00e3o Aconteceu no Vale","Est. tempo de leitura":"2 minutos"},"schema":{"@context":"https:\/\/schema.org","@graph":[{"@type":"Article","@id":"https:\/\/aconteceunovale.com.br\/portal\/?p=183597#article","isPartOf":{"@id":"https:\/\/aconteceunovale.com.br\/portal\/?p=183597"},"author":{"name":"Reda\u00e7\u00e3o Aconteceu no Vale","@id":"https:\/\/aconteceunovale.com.br\/portal\/#\/schema\/person\/7d2f26d1483f8a63de73da1ee0754d35"},"headline":"Presidente de Portugal dissolve Parlamento e antecipa elei\u00e7\u00f5es","datePublished":"2021-11-05T13:44:25+00:00","dateModified":"2021-11-05T13:44:38+00:00","mainEntityOfPage":{"@id":"https:\/\/aconteceunovale.com.br\/portal\/?p=183597"},"wordCount":419,"commentCount":0,"image":{"@id":"https:\/\/aconteceunovale.com.br\/portal\/?p=183597#primaryimage"},"thumbnailUrl":"https:\/\/aconteceunovale.com.br\/portal\/wp-content\/uploads\/2021\/11\/presidente_portugal.jpg","keywords":["Elei\u00e7\u00f5es legislativas em Portugal","Lisboa","Marcelo Rebelo de Sousa","Portugal","Presidente de Portugal antecipa elei\u00e7\u00f5es","Presidente de Portugal antecipa elei\u00e7\u00f5es legislativas","Presidente de Portugal dissolve Parlamento","Presidente de Portugal dissolve parlamento ap\u00f3s reprova\u00e7\u00e3o do or\u00e7amento para 2022","Reprova\u00e7\u00e3o do or\u00e7amento de Portugal para 2022"],"articleSection":["Mundo","Pol\u00edtica"],"inLanguage":"pt-BR","potentialAction":[{"@type":"CommentAction","name":"Comment","target":["https:\/\/aconteceunovale.com.br\/portal\/?p=183597#respond"]}]},{"@type":"WebPage","@id":"https:\/\/aconteceunovale.com.br\/portal\/?p=183597","url":"https:\/\/aconteceunovale.com.br\/portal\/?p=183597","name":"Presidente de Portugal dissolve Parlamento e antecipa elei\u00e7\u00f5es - Aconteceu no Vale","isPartOf":{"@id":"https:\/\/aconteceunovale.com.br\/portal\/#website"},"primaryImageOfPage":{"@id":"https:\/\/aconteceunovale.com.br\/portal\/?p=183597#primaryimage"},"image":{"@id":"https:\/\/aconteceunovale.com.br\/portal\/?p=183597#primaryimage"},"thumbnailUrl":"https:\/\/aconteceunovale.com.br\/portal\/wp-content\/uploads\/2021\/11\/presidente_portugal.jpg","datePublished":"2021-11-05T13:44:25+00:00","dateModified":"2021-11-05T13:44:38+00:00","author":{"@id":"https:\/\/aconteceunovale.com.br\/portal\/#\/schema\/person\/7d2f26d1483f8a63de73da1ee0754d35"},"breadcrumb":{"@id":"https:\/\/aconteceunovale.com.br\/portal\/?p=183597#breadcrumb"},"inLanguage":"pt-BR","potentialAction":[{"@type":"ReadAction","target":["https:\/\/aconteceunovale.com.br\/portal\/?p=183597"]}]},{"@type":"ImageObject","inLanguage":"pt-BR","@id":"https:\/\/aconteceunovale.com.br\/portal\/?p=183597#primaryimage","url":"https:\/\/aconteceunovale.com.br\/portal\/wp-content\/uploads\/2021\/11\/presidente_portugal.jpg","contentUrl":"https:\/\/aconteceunovale.com.br\/portal\/wp-content\/uploads\/2021\/11\/presidente_portugal.jpg","width":678,"height":406,"caption":"O Presidente da Rep\u00fablica, Marcelo Rebelo de Sousa, discursa durante a sess\u00e3o solene de comemora\u00e7\u00e3o do 20.\u00ba Anivers\u00e1rio da Comunidade dos Pa\u00edses de L\u00edngua Portuguesa (CPLP)\u201d realizada na sede da CPLP, Lisboa, 18 de julho de 2016. TIAGO PETINGA\/LUSA"},{"@type":"BreadcrumbList","@id":"https:\/\/aconteceunovale.com.br\/portal\/?p=183597#breadcrumb","itemListElement":[{"@type":"ListItem","position":1,"name":"In\u00edcio","item":"https:\/\/aconteceunovale.com.br\/portal\/"},{"@type":"ListItem","position":2,"name":"Presidente de Portugal dissolve Parlamento e antecipa elei\u00e7\u00f5es"}]},{"@type":"WebSite","@id":"https:\/\/aconteceunovale.com.br\/portal\/#website","url":"https:\/\/aconteceunovale.com.br\/portal\/","name":"Aconteceu no Vale","description":"Portal de Not\u00edcias","potentialAction":[{"@type":"SearchAction","target":{"@type":"EntryPoint","urlTemplate":"https:\/\/aconteceunovale.com.br\/portal\/?s={search_term_string}"},"query-input":{"@type":"PropertyValueSpecification","valueRequired":true,"valueName":"search_term_string"}}],"inLanguage":"pt-BR"},{"@type":"Person","@id":"https:\/\/aconteceunovale.com.br\/portal\/#\/schema\/person\/7d2f26d1483f8a63de73da1ee0754d35","name":"Reda\u00e7\u00e3o Aconteceu no Vale","description":"Equipe de reportagem do Aconteceu no Vale, portal de not\u00edcias do Vale do Jequitinhonha, em Minas Gerais. Cobrimos as 51 cidades do Vale desde 2013. Sugest\u00f5es de pauta e pedidos de corre\u00e7\u00e3o: contato@aconteceunovale.com.br","url":"https:\/\/aconteceunovale.com.br\/portal\/?author=4"}]}},"_links":{"self":[{"href":"https:\/\/aconteceunovale.com.br\/portal\/index.php?rest_route=\/wp\/v2\/posts\/183597","targetHints":{"allow":["GET"]}}],"collection":[{"href":"https:\/\/aconteceunovale.com.br\/portal\/index.php?rest_route=\/wp\/v2\/posts"}],"about":[{"href":"https:\/\/aconteceunovale.com.br\/portal\/index.php?rest_route=\/wp\/v2\/types\/post"}],"author":[{"embeddable":true,"href":"https:\/\/aconteceunovale.com.br\/portal\/index.php?rest_route=\/wp\/v2\/users\/4"}],"replies":[{"embeddable":true,"href":"https:\/\/aconteceunovale.com.br\/portal\/index.php?rest_route=%2Fwp%2Fv2%2Fcomments&post=183597"}],"version-history":[{"count":1,"href":"https:\/\/aconteceunovale.com.br\/portal\/index.php?rest_route=\/wp\/v2\/posts\/183597\/revisions"}],"predecessor-version":[{"id":183599,"href":"https:\/\/aconteceunovale.com.br\/portal\/index.php?rest_route=\/wp\/v2\/posts\/183597\/revisions\/183599"}],"wp:featuredmedia":[{"embeddable":true,"href":"https:\/\/aconteceunovale.com.br\/portal\/index.php?rest_route=\/wp\/v2\/media\/183598"}],"wp:attachment":[{"href":"https:\/\/aconteceunovale.com.br\/portal\/index.php?rest_route=%2Fwp%2Fv2%2Fmedia&parent=183597"}],"wp:term":[{"taxonomy":"category","embeddable":true,"href":"https:\/\/aconteceunovale.com.br\/portal\/index.php?rest_route=%2Fwp%2Fv2%2Fcategories&post=183597"},{"taxonomy":"post_tag","embeddable":true,"href":"https:\/\/aconteceunovale.com.br\/portal\/index.php?rest_route=%2Fwp%2Fv2%2Ftags&post=183597"}],"curies":[{"name":"wp","href":"https:\/\/api.w.org\/{rel}","templated":true}]}}