{"id":183590,"date":"2021-11-04T22:44:10","date_gmt":"2021-11-05T01:44:10","guid":{"rendered":"https:\/\/aconteceunovale.com.br\/portal\/?p=183590"},"modified":"2021-11-04T22:46:45","modified_gmt":"2021-11-05T01:46:45","slug":"arena-da-baixada-sera-palco-da-decisao-do-titulo-da-copa-do-brasil","status":"publish","type":"post","link":"https:\/\/aconteceunovale.com.br\/portal\/?p=183590","title":{"rendered":"Arena da Baixada ser\u00e1 palco da decis\u00e3o do t\u00edtulo da Copa do Brasil"},"content":{"rendered":"\n<p class=\"wp-block-paragraph\">O Athletico-PR vai decidir na Arena da Baixada, em Curitiba, o t\u00edtulo da Copa do Brasil contra o Atl\u00e9tico-MG, no dia 15 de dezembro. A defini\u00e7\u00e3o dos mandos de campo ocorreu nesta quinta-feira (4\/11\/2021), ap\u00f3s sorteio na sede da CBF, \u00a0no Rio de Janeiro. O primeiro jogo da final ocorrer\u00e1 tr\u00eas dias antes, um domingo, no Mineir\u00e3o, em Belo Horizonte.<\/p>\n\n\n\n<figure class=\"wp-block-gallery columns-1 is-cropped wp-block-gallery-1 is-layout-flex wp-block-gallery-is-layout-flex\"><ul class=\"blocks-gallery-grid\"><li class=\"blocks-gallery-item\"><figure><img loading=\"lazy\" decoding=\"async\" width=\"675\" height=\"450\" src=\"https:\/\/aconteceunovale.com.br\/portal\/wp-content\/uploads\/2021\/11\/sorteio_final_copa_do_brasil_1.jpg\" alt=\"\" data-id=\"183591\" data-full-url=\"https:\/\/aconteceunovale.com.br\/portal\/wp-content\/uploads\/2021\/11\/sorteio_final_copa_do_brasil_1.jpg\" data-link=\"https:\/\/aconteceunovale.com.br\/portal\/?attachment_id=183591\" class=\"wp-image-183591\" srcset=\"https:\/\/aconteceunovale.com.br\/portal\/wp-content\/uploads\/2021\/11\/sorteio_final_copa_do_brasil_1.jpg 675w, https:\/\/aconteceunovale.com.br\/portal\/wp-content\/uploads\/2021\/11\/sorteio_final_copa_do_brasil_1-300x200.jpg 300w, https:\/\/aconteceunovale.com.br\/portal\/wp-content\/uploads\/2021\/11\/sorteio_final_copa_do_brasil_1-630x420.jpg 630w\" sizes=\"auto, (max-width: 675px) 100vw, 675px\" \/><figcaption class=\"blocks-gallery-item__caption\"><em>Foto: Lucas Figueiredo \/ CBF<\/em><\/figcaption><\/figure><\/li><\/ul><\/figure>\n\n\n\n<p class=\"wp-block-paragraph\">O sorteio contou com a participa\u00e7\u00e3o dos t\u00e9cnicos finalistas Alberto Valentim (Furac\u00e3o) e Cuca (Galo). Ambos buscam conquistar o bicampeonato para seus respectivos clubes. O campe\u00e3o ter\u00e1 direito \u00e0 premia\u00e7\u00e3o de R$ 56 milh\u00f5es, concedida pela CBF, e o vice ser\u00e1 contemplado com R$ 23 milh\u00f5es.<\/p>\n\n\n\n<p class=\"wp-block-paragraph\">H\u00e1 dois anos o Athletico-PR levantou a ta\u00e7a da Copa do Brasil pela primeira vez. &nbsp;Nesta edi\u00e7\u00e3o, o time est\u00e1 invicto: s\u00e3o cinco vit\u00f3rias e tr\u00eas empates.<\/p>\n\n\n\n<p class=\"wp-block-paragraph\">\u201cN\u00e3o h\u00e1 regra para ser campe\u00e3o. Mas sinceramente gostar\u00edamos de definir em casa. Decidir em casa, acredito que possa ser sim [valioso]. Vai depender muito do primeiro jogo, s\u00e3o duas finais, 180 minutos de entrega total\u201d, destacou Valentim em depoimento \u00e0 CBF, ap\u00f3s o sorteio.<\/p>\n\n\n\n<p class=\"wp-block-paragraph\">Do outro lado do campo estar\u00e1 o Galo, cujo primeiro e \u00faltimo t\u00edtulo foi conquistado h\u00e1 sete anos. &nbsp;A equipe mineira, que far\u00e1 a primeira partida da final em casa, ganhou sete jogos na competi\u00e7\u00e3o e foi superado apenas uma vez, pelo Bahia (2 a 1), nas oitavas.<\/p>\n\n\n\n<p class=\"wp-block-paragraph\">\u201cN\u00f3s j\u00e1 jogamos com o Fortaleza definindo fora e contra o Fluminense definindo em casa. Mas se eu pudesse escolher, sem d\u00favida nenhuma, queria definir em casa. Que sejam duas grandes finais. As duas equipes est\u00e3o de parab\u00e9ns por terem chegado \u00e0 final, e que ven\u00e7a a melhor\u201d, afirmou Cuca.<\/p>\n\n\n\n<figure class=\"wp-block-gallery columns-1 is-cropped wp-block-gallery-2 is-layout-flex wp-block-gallery-is-layout-flex\"><ul class=\"blocks-gallery-grid\"><li class=\"blocks-gallery-item\"><figure><img loading=\"lazy\" decoding=\"async\" width=\"675\" height=\"450\" src=\"https:\/\/aconteceunovale.com.br\/portal\/wp-content\/uploads\/2021\/11\/sorteio_final_copa_do_brasil_2.jpg\" alt=\"\" data-id=\"183592\" data-full-url=\"https:\/\/aconteceunovale.com.br\/portal\/wp-content\/uploads\/2021\/11\/sorteio_final_copa_do_brasil_2.jpg\" data-link=\"https:\/\/aconteceunovale.com.br\/portal\/?attachment_id=183592\" class=\"wp-image-183592\" srcset=\"https:\/\/aconteceunovale.com.br\/portal\/wp-content\/uploads\/2021\/11\/sorteio_final_copa_do_brasil_2.jpg 675w, https:\/\/aconteceunovale.com.br\/portal\/wp-content\/uploads\/2021\/11\/sorteio_final_copa_do_brasil_2-300x200.jpg 300w, https:\/\/aconteceunovale.com.br\/portal\/wp-content\/uploads\/2021\/11\/sorteio_final_copa_do_brasil_2-630x420.jpg 630w\" sizes=\"auto, (max-width: 675px) 100vw, 675px\" \/><figcaption class=\"blocks-gallery-item__caption\"> <em>Foto: Lucas Figueiredo \/ CBF<\/em> <\/figcaption><\/figure><\/li><\/ul><\/figure>\n\n\n\n<p class=\"wp-block-paragraph\">&#8212;&#8212;&#8212;&#8212;&#8212;&#8212;<br><em>Quer receber as not\u00edcias do <strong>Aconteceu no Vale<\/strong> em primeira m\u00e3o? Siga-nos no Facebook <a rel=\"noreferrer noopener\" href=\"http:\/\/facebook.com\/aconteceunovale\" target=\"_blank\">@aconteceunovale<\/a>, Twitter <a rel=\"noreferrer noopener\" href=\"https:\/\/twitter.com\/noticiadosvales\" target=\"_blank\">@noticiadosvales<\/a> e Instagram <a rel=\"noreferrer noopener\" href=\"https:\/\/www.instagram.com\/aconteceunovale\" target=\"_blank\">@aconteceunovale<\/a>.<\/em><\/p>\n","protected":false},"excerpt":{"rendered":"<p>O Athletico-PR vai decidir na Arena da Baixada, em Curitiba, o t\u00edtulo da Copa do Brasil contra o Atl\u00e9tico-MG, no dia 15 de dezembro. A defini\u00e7\u00e3o dos mandos de campo ocorreu nesta quinta-feira (4\/11\/2021), ap\u00f3s sorteio na sede da CBF, \u00a0no Rio de Janeiro. O primeiro jogo da final ocorrer\u00e1 tr\u00eas dias antes, um domingo, [&hellip;]<\/p>\n","protected":false},"author":4,"featured_media":183591,"comment_status":"open","ping_status":"closed","sticky":false,"template":"","format":"standard","meta":{"amp_status":"","footnotes":""},"categories":[6,59],"tags":[254165,46496,232467,230820,254161,227153,12311,2741,40575,194,1017,35902,14674,243169,239227,4608,254159,1018,22040,21553,254162,12312,40917,131,16500,254160,18373,20968,254164,254163],"class_list":["post-183590","post","type-post","status-publish","format-standard","has-post-thumbnail","hentry","category-br","category-esportes","tag-alberto-valentin","tag-arena-da-baixada","tag-athletico","tag-athletico-paranaense","tag-athletico-x-atletico-mg","tag-athletico-pr","tag-atletico","tag-atletico-mineiro","tag-atletico-mg","tag-belo-horizonte","tag-bh","tag-cbf","tag-copa-do-brasil","tag-copa-do-brasil-2021","tag-cuca","tag-curitiba","tag-decisao-do-titulo-da-copa-do-brasil","tag-destaque","tag-final-da-copa-do-brasil","tag-furacao","tag-furacao-x-galo","tag-galo","tag-mg","tag-minas-gerais","tag-mineirao","tag-palco-da-final-da-copa-do-brasil","tag-parana","tag-pr","tag-sorteio-copa-do-brasil","tag-sorteio-das-finais-da-copa-do-brasil"],"yoast_head":"<!-- This site is optimized with the Yoast SEO plugin v28.3 - https:\/\/yoast.com\/product\/yoast-seo-wordpress\/ -->\n<title>Arena da Baixada ser\u00e1 palco da decis\u00e3o do t\u00edtulo da Copa do Brasil - Aconteceu no Vale<\/title>\n<meta name=\"robots\" content=\"index, follow, max-snippet:-1, max-image-preview:large, max-video-preview:-1\" \/>\n<link rel=\"canonical\" href=\"https:\/\/aconteceunovale.com.br\/portal\/?p=183590\" \/>\n<meta property=\"og:locale\" content=\"pt_BR\" \/>\n<meta property=\"og:type\" content=\"article\" \/>\n<meta property=\"og:title\" content=\"Arena da Baixada ser\u00e1 palco da decis\u00e3o do t\u00edtulo da Copa do Brasil - Aconteceu no Vale\" \/>\n<meta property=\"og:description\" content=\"O Athletico-PR vai decidir na Arena da Baixada, em Curitiba, o t\u00edtulo da Copa do Brasil contra o Atl\u00e9tico-MG, no dia 15 de dezembro. A defini\u00e7\u00e3o dos mandos de campo ocorreu nesta quinta-feira (4\/11\/2021), ap\u00f3s sorteio na sede da CBF, \u00a0no Rio de Janeiro. O primeiro jogo da final ocorrer\u00e1 tr\u00eas dias antes, um domingo, [&hellip;]\" \/>\n<meta property=\"og:url\" content=\"https:\/\/aconteceunovale.com.br\/portal\/?p=183590\" \/>\n<meta property=\"og:site_name\" content=\"Aconteceu no Vale\" \/>\n<meta property=\"article:publisher\" content=\"https:\/\/www.facebook.com\/aconteceunovale\/\" \/>\n<meta property=\"article:published_time\" content=\"2021-11-05T01:44:10+00:00\" \/>\n<meta property=\"article:modified_time\" content=\"2021-11-05T01:46:45+00:00\" \/>\n<meta property=\"og:image\" content=\"https:\/\/aconteceunovale.com.br\/portal\/wp-content\/uploads\/2021\/11\/sorteio_final_copa_do_brasil_1.jpg\" \/>\n\t<meta property=\"og:image:width\" content=\"675\" \/>\n\t<meta property=\"og:image:height\" content=\"450\" \/>\n\t<meta property=\"og:image:type\" content=\"image\/jpeg\" \/>\n<meta name=\"author\" content=\"Reda\u00e7\u00e3o Aconteceu no Vale\" \/>\n<meta name=\"twitter:card\" content=\"summary_large_image\" \/>\n<meta name=\"twitter:creator\" content=\"@noticiadosvales\" \/>\n<meta name=\"twitter:site\" content=\"@noticiadosvales\" \/>\n<meta name=\"twitter:label1\" content=\"Escrito por\" \/>\n\t<meta name=\"twitter:data1\" content=\"Reda\u00e7\u00e3o Aconteceu no Vale\" \/>\n\t<meta name=\"twitter:label2\" content=\"Est. tempo de leitura\" \/>\n\t<meta name=\"twitter:data2\" content=\"2 minutos\" \/>\n<script type=\"application\/ld+json\" class=\"yoast-schema-graph\">{\"@context\":\"https:\\\/\\\/schema.org\",\"@graph\":[{\"@type\":\"Article\",\"@id\":\"https:\\\/\\\/aconteceunovale.com.br\\\/portal\\\/?p=183590#article\",\"isPartOf\":{\"@id\":\"https:\\\/\\\/aconteceunovale.com.br\\\/portal\\\/?p=183590\"},\"author\":{\"name\":\"Reda\u00e7\u00e3o Aconteceu no Vale\",\"@id\":\"https:\\\/\\\/aconteceunovale.com.br\\\/portal\\\/#\\\/schema\\\/person\\\/7d2f26d1483f8a63de73da1ee0754d35\"},\"headline\":\"Arena da Baixada ser\u00e1 palco da decis\u00e3o do t\u00edtulo da Copa do Brasil\",\"datePublished\":\"2021-11-05T01:44:10+00:00\",\"dateModified\":\"2021-11-05T01:46:45+00:00\",\"mainEntityOfPage\":{\"@id\":\"https:\\\/\\\/aconteceunovale.com.br\\\/portal\\\/?p=183590\"},\"wordCount\":344,\"commentCount\":0,\"image\":{\"@id\":\"https:\\\/\\\/aconteceunovale.com.br\\\/portal\\\/?p=183590#primaryimage\"},\"thumbnailUrl\":\"https:\\\/\\\/aconteceunovale.com.br\\\/portal\\\/wp-content\\\/uploads\\\/2021\\\/11\\\/sorteio_final_copa_do_brasil_1.jpg\",\"keywords\":[\"Alberto Valentin\",\"Arena da Baixada\",\"Athletico\",\"Athletico Paranaense\",\"Athletico x Atl\u00e9tico-MG\",\"Athletico-PR\",\"Atl\u00e9tico\",\"Atl\u00e9tico Mineiro\",\"Atl\u00e9tico-MG\",\"Belo Horizonte\",\"bh\",\"CBF\",\"Copa do Brasil\",\"Copa do Brasil 2021\",\"Cuca\",\"Curitiba\",\"Decis\u00e3o do t\u00edtulo da Copa do Brasil\",\"destaque\",\"final da copa do brasil\",\"furac\u00e3o\",\"Furac\u00e3o x Galo\",\"galo\",\"MG\",\"Minas Gerais\",\"Mineir\u00e3o\",\"Palco da final da Copa do Brasil\",\"Paran\u00e1\",\"PR\",\"Sorteio Copa do Brasil\",\"Sorteio das finais da Copa do Brasil\"],\"articleSection\":[\"Brasil\",\"Esportes\"],\"inLanguage\":\"pt-BR\",\"potentialAction\":[{\"@type\":\"CommentAction\",\"name\":\"Comment\",\"target\":[\"https:\\\/\\\/aconteceunovale.com.br\\\/portal\\\/?p=183590#respond\"]}]},{\"@type\":\"WebPage\",\"@id\":\"https:\\\/\\\/aconteceunovale.com.br\\\/portal\\\/?p=183590\",\"url\":\"https:\\\/\\\/aconteceunovale.com.br\\\/portal\\\/?p=183590\",\"name\":\"Arena da Baixada ser\u00e1 palco da decis\u00e3o do t\u00edtulo da Copa do Brasil - Aconteceu no Vale\",\"isPartOf\":{\"@id\":\"https:\\\/\\\/aconteceunovale.com.br\\\/portal\\\/#website\"},\"primaryImageOfPage\":{\"@id\":\"https:\\\/\\\/aconteceunovale.com.br\\\/portal\\\/?p=183590#primaryimage\"},\"image\":{\"@id\":\"https:\\\/\\\/aconteceunovale.com.br\\\/portal\\\/?p=183590#primaryimage\"},\"thumbnailUrl\":\"https:\\\/\\\/aconteceunovale.com.br\\\/portal\\\/wp-content\\\/uploads\\\/2021\\\/11\\\/sorteio_final_copa_do_brasil_1.jpg\",\"datePublished\":\"2021-11-05T01:44:10+00:00\",\"dateModified\":\"2021-11-05T01:46:45+00:00\",\"author\":{\"@id\":\"https:\\\/\\\/aconteceunovale.com.br\\\/portal\\\/#\\\/schema\\\/person\\\/7d2f26d1483f8a63de73da1ee0754d35\"},\"breadcrumb\":{\"@id\":\"https:\\\/\\\/aconteceunovale.com.br\\\/portal\\\/?p=183590#breadcrumb\"},\"inLanguage\":\"pt-BR\",\"potentialAction\":[{\"@type\":\"ReadAction\",\"target\":[\"https:\\\/\\\/aconteceunovale.com.br\\\/portal\\\/?p=183590\"]}]},{\"@type\":\"ImageObject\",\"inLanguage\":\"pt-BR\",\"@id\":\"https:\\\/\\\/aconteceunovale.com.br\\\/portal\\\/?p=183590#primaryimage\",\"url\":\"https:\\\/\\\/aconteceunovale.com.br\\\/portal\\\/wp-content\\\/uploads\\\/2021\\\/11\\\/sorteio_final_copa_do_brasil_1.jpg\",\"contentUrl\":\"https:\\\/\\\/aconteceunovale.com.br\\\/portal\\\/wp-content\\\/uploads\\\/2021\\\/11\\\/sorteio_final_copa_do_brasil_1.jpg\",\"width\":675,\"height\":450},{\"@type\":\"BreadcrumbList\",\"@id\":\"https:\\\/\\\/aconteceunovale.com.br\\\/portal\\\/?p=183590#breadcrumb\",\"itemListElement\":[{\"@type\":\"ListItem\",\"position\":1,\"name\":\"In\u00edcio\",\"item\":\"https:\\\/\\\/aconteceunovale.com.br\\\/portal\\\/\"},{\"@type\":\"ListItem\",\"position\":2,\"name\":\"Arena da Baixada ser\u00e1 palco da decis\u00e3o do t\u00edtulo da Copa do Brasil\"}]},{\"@type\":\"WebSite\",\"@id\":\"https:\\\/\\\/aconteceunovale.com.br\\\/portal\\\/#website\",\"url\":\"https:\\\/\\\/aconteceunovale.com.br\\\/portal\\\/\",\"name\":\"Aconteceu no Vale\",\"description\":\"Portal de Not\u00edcias\",\"potentialAction\":[{\"@type\":\"SearchAction\",\"target\":{\"@type\":\"EntryPoint\",\"urlTemplate\":\"https:\\\/\\\/aconteceunovale.com.br\\\/portal\\\/?s={search_term_string}\"},\"query-input\":{\"@type\":\"PropertyValueSpecification\",\"valueRequired\":true,\"valueName\":\"search_term_string\"}}],\"inLanguage\":\"pt-BR\"},{\"@type\":\"Person\",\"@id\":\"https:\\\/\\\/aconteceunovale.com.br\\\/portal\\\/#\\\/schema\\\/person\\\/7d2f26d1483f8a63de73da1ee0754d35\",\"name\":\"Reda\u00e7\u00e3o Aconteceu no Vale\",\"description\":\"Equipe de reportagem do Aconteceu no Vale, portal de not\u00edcias do Vale do Jequitinhonha, em Minas Gerais. Cobrimos as 51 cidades do Vale desde 2013. Sugest\u00f5es de pauta e pedidos de corre\u00e7\u00e3o: contato@aconteceunovale.com.br\",\"url\":\"https:\\\/\\\/aconteceunovale.com.br\\\/portal\\\/?author=4\"}]}<\/script>\n<!-- \/ Yoast SEO plugin. -->","yoast_head_json":{"title":"Arena da Baixada ser\u00e1 palco da decis\u00e3o do t\u00edtulo da Copa do Brasil - Aconteceu no Vale","robots":{"index":"index","follow":"follow","max-snippet":"max-snippet:-1","max-image-preview":"max-image-preview:large","max-video-preview":"max-video-preview:-1"},"canonical":"https:\/\/aconteceunovale.com.br\/portal\/?p=183590","og_locale":"pt_BR","og_type":"article","og_title":"Arena da Baixada ser\u00e1 palco da decis\u00e3o do t\u00edtulo da Copa do Brasil - Aconteceu no Vale","og_description":"O Athletico-PR vai decidir na Arena da Baixada, em Curitiba, o t\u00edtulo da Copa do Brasil contra o Atl\u00e9tico-MG, no dia 15 de dezembro. A defini\u00e7\u00e3o dos mandos de campo ocorreu nesta quinta-feira (4\/11\/2021), ap\u00f3s sorteio na sede da CBF, \u00a0no Rio de Janeiro. O primeiro jogo da final ocorrer\u00e1 tr\u00eas dias antes, um domingo, [&hellip;]","og_url":"https:\/\/aconteceunovale.com.br\/portal\/?p=183590","og_site_name":"Aconteceu no Vale","article_publisher":"https:\/\/www.facebook.com\/aconteceunovale\/","article_published_time":"2021-11-05T01:44:10+00:00","article_modified_time":"2021-11-05T01:46:45+00:00","og_image":[{"width":675,"height":450,"url":"https:\/\/aconteceunovale.com.br\/portal\/wp-content\/uploads\/2021\/11\/sorteio_final_copa_do_brasil_1.jpg","type":"image\/jpeg"}],"author":"Reda\u00e7\u00e3o Aconteceu no Vale","twitter_card":"summary_large_image","twitter_creator":"@noticiadosvales","twitter_site":"@noticiadosvales","twitter_misc":{"Escrito por":"Reda\u00e7\u00e3o Aconteceu no Vale","Est. tempo de leitura":"2 minutos"},"schema":{"@context":"https:\/\/schema.org","@graph":[{"@type":"Article","@id":"https:\/\/aconteceunovale.com.br\/portal\/?p=183590#article","isPartOf":{"@id":"https:\/\/aconteceunovale.com.br\/portal\/?p=183590"},"author":{"name":"Reda\u00e7\u00e3o Aconteceu no Vale","@id":"https:\/\/aconteceunovale.com.br\/portal\/#\/schema\/person\/7d2f26d1483f8a63de73da1ee0754d35"},"headline":"Arena da Baixada ser\u00e1 palco da decis\u00e3o do t\u00edtulo da Copa do Brasil","datePublished":"2021-11-05T01:44:10+00:00","dateModified":"2021-11-05T01:46:45+00:00","mainEntityOfPage":{"@id":"https:\/\/aconteceunovale.com.br\/portal\/?p=183590"},"wordCount":344,"commentCount":0,"image":{"@id":"https:\/\/aconteceunovale.com.br\/portal\/?p=183590#primaryimage"},"thumbnailUrl":"https:\/\/aconteceunovale.com.br\/portal\/wp-content\/uploads\/2021\/11\/sorteio_final_copa_do_brasil_1.jpg","keywords":["Alberto Valentin","Arena da Baixada","Athletico","Athletico Paranaense","Athletico x Atl\u00e9tico-MG","Athletico-PR","Atl\u00e9tico","Atl\u00e9tico Mineiro","Atl\u00e9tico-MG","Belo Horizonte","bh","CBF","Copa do Brasil","Copa do Brasil 2021","Cuca","Curitiba","Decis\u00e3o do t\u00edtulo da Copa do Brasil","destaque","final da copa do brasil","furac\u00e3o","Furac\u00e3o x Galo","galo","MG","Minas Gerais","Mineir\u00e3o","Palco da final da Copa do Brasil","Paran\u00e1","PR","Sorteio Copa do Brasil","Sorteio das finais da Copa do Brasil"],"articleSection":["Brasil","Esportes"],"inLanguage":"pt-BR","potentialAction":[{"@type":"CommentAction","name":"Comment","target":["https:\/\/aconteceunovale.com.br\/portal\/?p=183590#respond"]}]},{"@type":"WebPage","@id":"https:\/\/aconteceunovale.com.br\/portal\/?p=183590","url":"https:\/\/aconteceunovale.com.br\/portal\/?p=183590","name":"Arena da Baixada ser\u00e1 palco da decis\u00e3o do t\u00edtulo da Copa do Brasil - Aconteceu no Vale","isPartOf":{"@id":"https:\/\/aconteceunovale.com.br\/portal\/#website"},"primaryImageOfPage":{"@id":"https:\/\/aconteceunovale.com.br\/portal\/?p=183590#primaryimage"},"image":{"@id":"https:\/\/aconteceunovale.com.br\/portal\/?p=183590#primaryimage"},"thumbnailUrl":"https:\/\/aconteceunovale.com.br\/portal\/wp-content\/uploads\/2021\/11\/sorteio_final_copa_do_brasil_1.jpg","datePublished":"2021-11-05T01:44:10+00:00","dateModified":"2021-11-05T01:46:45+00:00","author":{"@id":"https:\/\/aconteceunovale.com.br\/portal\/#\/schema\/person\/7d2f26d1483f8a63de73da1ee0754d35"},"breadcrumb":{"@id":"https:\/\/aconteceunovale.com.br\/portal\/?p=183590#breadcrumb"},"inLanguage":"pt-BR","potentialAction":[{"@type":"ReadAction","target":["https:\/\/aconteceunovale.com.br\/portal\/?p=183590"]}]},{"@type":"ImageObject","inLanguage":"pt-BR","@id":"https:\/\/aconteceunovale.com.br\/portal\/?p=183590#primaryimage","url":"https:\/\/aconteceunovale.com.br\/portal\/wp-content\/uploads\/2021\/11\/sorteio_final_copa_do_brasil_1.jpg","contentUrl":"https:\/\/aconteceunovale.com.br\/portal\/wp-content\/uploads\/2021\/11\/sorteio_final_copa_do_brasil_1.jpg","width":675,"height":450},{"@type":"BreadcrumbList","@id":"https:\/\/aconteceunovale.com.br\/portal\/?p=183590#breadcrumb","itemListElement":[{"@type":"ListItem","position":1,"name":"In\u00edcio","item":"https:\/\/aconteceunovale.com.br\/portal\/"},{"@type":"ListItem","position":2,"name":"Arena da Baixada ser\u00e1 palco da decis\u00e3o do t\u00edtulo da Copa do Brasil"}]},{"@type":"WebSite","@id":"https:\/\/aconteceunovale.com.br\/portal\/#website","url":"https:\/\/aconteceunovale.com.br\/portal\/","name":"Aconteceu no Vale","description":"Portal de Not\u00edcias","potentialAction":[{"@type":"SearchAction","target":{"@type":"EntryPoint","urlTemplate":"https:\/\/aconteceunovale.com.br\/portal\/?s={search_term_string}"},"query-input":{"@type":"PropertyValueSpecification","valueRequired":true,"valueName":"search_term_string"}}],"inLanguage":"pt-BR"},{"@type":"Person","@id":"https:\/\/aconteceunovale.com.br\/portal\/#\/schema\/person\/7d2f26d1483f8a63de73da1ee0754d35","name":"Reda\u00e7\u00e3o Aconteceu no Vale","description":"Equipe de reportagem do Aconteceu no Vale, portal de not\u00edcias do Vale do Jequitinhonha, em Minas Gerais. Cobrimos as 51 cidades do Vale desde 2013. Sugest\u00f5es de pauta e pedidos de corre\u00e7\u00e3o: contato@aconteceunovale.com.br","url":"https:\/\/aconteceunovale.com.br\/portal\/?author=4"}]}},"_links":{"self":[{"href":"https:\/\/aconteceunovale.com.br\/portal\/index.php?rest_route=\/wp\/v2\/posts\/183590","targetHints":{"allow":["GET"]}}],"collection":[{"href":"https:\/\/aconteceunovale.com.br\/portal\/index.php?rest_route=\/wp\/v2\/posts"}],"about":[{"href":"https:\/\/aconteceunovale.com.br\/portal\/index.php?rest_route=\/wp\/v2\/types\/post"}],"author":[{"embeddable":true,"href":"https:\/\/aconteceunovale.com.br\/portal\/index.php?rest_route=\/wp\/v2\/users\/4"}],"replies":[{"embeddable":true,"href":"https:\/\/aconteceunovale.com.br\/portal\/index.php?rest_route=%2Fwp%2Fv2%2Fcomments&post=183590"}],"version-history":[{"count":1,"href":"https:\/\/aconteceunovale.com.br\/portal\/index.php?rest_route=\/wp\/v2\/posts\/183590\/revisions"}],"predecessor-version":[{"id":183593,"href":"https:\/\/aconteceunovale.com.br\/portal\/index.php?rest_route=\/wp\/v2\/posts\/183590\/revisions\/183593"}],"wp:featuredmedia":[{"embeddable":true,"href":"https:\/\/aconteceunovale.com.br\/portal\/index.php?rest_route=\/wp\/v2\/media\/183591"}],"wp:attachment":[{"href":"https:\/\/aconteceunovale.com.br\/portal\/index.php?rest_route=%2Fwp%2Fv2%2Fmedia&parent=183590"}],"wp:term":[{"taxonomy":"category","embeddable":true,"href":"https:\/\/aconteceunovale.com.br\/portal\/index.php?rest_route=%2Fwp%2Fv2%2Fcategories&post=183590"},{"taxonomy":"post_tag","embeddable":true,"href":"https:\/\/aconteceunovale.com.br\/portal\/index.php?rest_route=%2Fwp%2Fv2%2Ftags&post=183590"}],"curies":[{"name":"wp","href":"https:\/\/api.w.org\/{rel}","templated":true}]}}