{"id":183581,"date":"2021-11-04T17:09:17","date_gmt":"2021-11-04T20:09:17","guid":{"rendered":"https:\/\/aconteceunovale.com.br\/portal\/?p=183581"},"modified":"2021-11-04T17:11:14","modified_gmt":"2021-11-04T20:11:14","slug":"covid-19-minas-atinge-88-da-populacao-acima-de-12-anos-vacinada-com-a-1a-dose","status":"publish","type":"post","link":"https:\/\/aconteceunovale.com.br\/portal\/?p=183581","title":{"rendered":"Covid-19: Minas atinge 88% da popula\u00e7\u00e3o acima de 12 anos vacinada com a 1\u00aa dose"},"content":{"rendered":"\n<p class=\"wp-block-paragraph\">Minas Gerais atingiu 88% da popula\u00e7\u00e3o acima de 12 anos vacinada com a primeira dose. J\u00e1 64,14% das pessoas nesta faixa et\u00e1ria completaram o esquema vacinal \u2013 duas doses ou dose \u00fanica. Em todo o estado, foram aplicadas at\u00e9 o momento quase 28,5 milh\u00f5es de imunizantes contra a covid-19. \u00a0<\/p>\n\n\n\n<figure class=\"wp-block-gallery columns-1 is-cropped wp-block-gallery-1 is-layout-flex wp-block-gallery-is-layout-flex\"><ul class=\"blocks-gallery-grid\"><li class=\"blocks-gallery-item\"><figure><img loading=\"lazy\" decoding=\"async\" width=\"678\" height=\"406\" src=\"https:\/\/aconteceunovale.com.br\/portal\/wp-content\/uploads\/2021\/07\/vacina_100_milhoes.jpg\" alt=\"\" data-id=\"180504\" data-full-url=\"https:\/\/aconteceunovale.com.br\/portal\/wp-content\/uploads\/2021\/07\/vacina_100_milhoes.jpg\" data-link=\"https:\/\/aconteceunovale.com.br\/portal\/?attachment_id=180504\" class=\"wp-image-180504\" srcset=\"https:\/\/aconteceunovale.com.br\/portal\/wp-content\/uploads\/2021\/07\/vacina_100_milhoes.jpg 678w, https:\/\/aconteceunovale.com.br\/portal\/wp-content\/uploads\/2021\/07\/vacina_100_milhoes-300x180.jpg 300w\" sizes=\"auto, (max-width: 678px) 100vw, 678px\" \/><figcaption class=\"blocks-gallery-item__caption\"><em>Foto: Walterson Rosa\/MS<\/em><\/figcaption><\/figure><\/li><\/ul><\/figure>\n\n\n\n<p class=\"wp-block-paragraph\">O secret\u00e1rio de&nbsp;Sa\u00fade, o m\u00e9dico F\u00e1bio Baccheretti, comentou os \u00edndices de imuniza\u00e7\u00e3o e enalteceu a ades\u00e3o dos mineiros e mineiras \u00e0 campanha.<\/p>\n\n\n\n<p class=\"wp-block-paragraph\"><em>\u201cAtingimos esse percentual de vacina\u00e7\u00e3o contra a covid no estado gra\u00e7as \u00e0 popula\u00e7\u00e3o que n\u00e3o hesitou em procurar os postos para se proteger. Mas a pandemia ainda n\u00e3o acabou e \u00e9 preciso continuar a luta. Ent\u00e3o, quem n\u00e3o tomou a vacina&nbsp;procure um centro de sa\u00fade e v\u00e1 se imunizar. S\u00f3 assim a gente conseguir\u00e1 diminuir, ainda mais, a circula\u00e7\u00e3o do v\u00edrus, as mortes e interna\u00e7\u00f5es\u2019\u2019, <\/em>enfatizou, durante reuni\u00e3o do Comit\u00ea Extraordin\u00e1rio Covid-19, grupo de trabalho e acompanhamento da pandemia.<\/p>\n\n\n\n<h2 class=\"wp-block-heading\"><strong>N\u00fameros<\/strong><\/h2>\n\n\n\n<p class=\"wp-block-paragraph\">A pandemia em Minas Gerais segue em desacelera\u00e7\u00e3o. A incid\u00eancia nos \u00faltimos 14 dias caiu 36%. No recorte por macrorregi\u00e3o, na Oeste a queda foi ainda maior, chegando a 74%. J\u00e1 na Nordeste o percentual de incid\u00eancia do coronav\u00edrus diminuiu 68%. As interna\u00e7\u00f5es, no geral, tiveram redu\u00e7\u00e3o 15,6%. A ocupa\u00e7\u00e3o de leitos UTI SUS Covid est\u00e1 em 20% e enfermaria na casa dos 5%.<\/p>\n\n\n\n<p class=\"wp-block-paragraph\"><em>\u201cA covid-19 n\u00e3o \u00e9 o que mais causa interna\u00e7\u00e3o por SRAG, s\u00edndrome respirat\u00f3ria aguda grave. Uma \u00f3tima not\u00edcia que reflete o momento de melhoria da doen\u00e7a em Minas\u201d,<\/em> destacou o secret\u00e1rio de sa\u00fade.<\/p>\n\n\n\n<h2 class=\"wp-block-heading\"><strong>Minas Consciente<\/strong><\/h2>\n\n\n\n<figure class=\"wp-block-gallery columns-1 is-cropped wp-block-gallery-2 is-layout-flex wp-block-gallery-is-layout-flex\"><ul class=\"blocks-gallery-grid\"><li class=\"blocks-gallery-item\"><figure><img loading=\"lazy\" decoding=\"async\" width=\"678\" height=\"280\" src=\"https:\/\/aconteceunovale.com.br\/portal\/wp-content\/uploads\/2021\/09\/minas_consciente_23set_2.png\" alt=\"\" data-id=\"182140\" data-full-url=\"https:\/\/aconteceunovale.com.br\/portal\/wp-content\/uploads\/2021\/09\/minas_consciente_23set_2.png\" data-link=\"https:\/\/aconteceunovale.com.br\/portal\/?attachment_id=182140\" class=\"wp-image-182140\" srcset=\"https:\/\/aconteceunovale.com.br\/portal\/wp-content\/uploads\/2021\/09\/minas_consciente_23set_2.png 678w, https:\/\/aconteceunovale.com.br\/portal\/wp-content\/uploads\/2021\/09\/minas_consciente_23set_2-300x124.png 300w\" sizes=\"auto, (max-width: 678px) 100vw, 678px\" \/><\/figure><\/li><\/ul><\/figure>\n\n\n\n<p class=\"wp-block-paragraph\">Ainda durante o encontro do Comit\u00ea Covid foi aprovada a continuidade da onda verde em todo o estado. O grau de risco, medi\u00e7\u00e3o que leva em conta v\u00e1rios indicadores, est\u00e1 baixo em todas as 14 macrorregi\u00f5es. Por isso ser\u00e1 poss\u00edvel a manuten\u00e7\u00e3o na fase mais flex\u00edvel do&nbsp;<a rel=\"noreferrer noopener\" href=\"http:\/\/www.mg.gov.br\/minasconsciente\" target=\"_blank\">Minas Consciente<\/a>, plano criado para a retomada das atividades em todo territ\u00f3rio mineiro de forma gradual e segura.<\/p>\n\n\n\n<p class=\"wp-block-paragraph\">&#8212;&#8212;&#8212;&#8212;&#8212;&#8212;<br><em>Quer receber as not\u00edcias do <strong>Aconteceu no Vale<\/strong> em primeira m\u00e3o? Siga-nos no Facebook <a rel=\"noreferrer noopener\" href=\"http:\/\/facebook.com\/aconteceunovale\" target=\"_blank\">@aconteceunovale<\/a>, Twitter <a rel=\"noreferrer noopener\" href=\"https:\/\/twitter.com\/noticiadosvales\" target=\"_blank\">@noticiadosvales<\/a> e Instagram <a rel=\"noreferrer noopener\" href=\"https:\/\/www.instagram.com\/aconteceunovale\" target=\"_blank\">@aconteceunovale<\/a>.<\/em><\/p>\n","protected":false},"excerpt":{"rendered":"<p>Minas Gerais atingiu 88% da popula\u00e7\u00e3o acima de 12 anos vacinada com a primeira dose. J\u00e1 64,14% das pessoas nesta faixa et\u00e1ria completaram o esquema vacinal \u2013 duas doses ou dose \u00fanica. Em todo o estado, foram aplicadas at\u00e9 o momento quase 28,5 milh\u00f5es de imunizantes contra a covid-19. \u00a0 O secret\u00e1rio de&nbsp;Sa\u00fade, o m\u00e9dico [&hellip;]<\/p>\n","protected":false},"author":4,"featured_media":180504,"comment_status":"open","ping_status":"closed","sticky":false,"template":"","format":"standard","meta":{"amp_status":"","footnotes":""},"categories":[123,40242],"tags":[226899,227899,227901,239840,1768,1615,752,1725,1769,1504,226639,1770,1342,238964,645,1799,1714,195,1535,1703,1616,1506,1429,236418,30518,3678,217799,219851,1800,219853,238963,238962,2801,1613,24845,3055,1607,225459,1801,214884,216498,254145,1715,221718,1702,1617,1018,234208,142710,1728,1691,226771,226773,1278,236417,235795,238965,239760,1692,1395,1554,1034,200,239841,239793,239794,4531,1693,238953,239759,239790,184213,239313,239314,239315,240513,240514,240518,225458,226298,241246,1153,1771,1694,41184,1695,1704,1803,239839,239838,3557,1696,1705,95132,1555,1058,204,205,3058,15524,3724,243195,1043,2247,1697,1706,1698,2941,1611,223979,1796,1707,245530,233652,228272,3673,1356,1708,1195,232016,226455,251257,249861,239792,240515,250190,1699,3056,1709,1277,210,1009,219855,238961,226300,226452,226453,226451,1804,238958,238954,1805,226299,226772,215653,226301,4532,226535,221717,219854,238960,219852,207263,240516,240517,238955,250852,1772,877,3059,217692,1700,3723,1608,3692,1773,1710,1618,254,222637,227897,30481,217,1711,1194,19967,236419,218482,243194,230864,13983,227898,227900,221719,226454,245795,238959,245793,245794,238957,1807,1556,1774,421,178207,852,1505,242304,190,927,1775,1809,1609,1776,3352,1522,1614,963,3725,2448,1810,1701,1403,1729,1777,1811,220285,220287,1730,1720,2671,220286,419,7237,238956,1712,220,242171,1612,15513,1813,3046,1340,1713,239795,1814,1619,181383],"class_list":["post-183581","post","type-post","status-publish","format-standard","has-post-thumbnail","hentry","category-gerais","category-saude-2","tag-362-cidades-de-pequeno-porte-passarao-automaticamente-para-a-onda-amarela-do-minas-consciente","tag-abertura-das-academias-de-ginastica","tag-abertura-das-agencias-de-turismo","tag-abertura-de-igrejas-onda-roxa","tag-acaiaca","tag-agua-comprida","tag-almg","tag-alvinopolis","tag-amparo-do-serra","tag-araxa","tag-atividades-economicas-terao-protocolo-unico-na-nova-fase-do-plano-minas-consciente","tag-barra-longa","tag-berizal","tag-bloqueio-total-em-minas-gerais","tag-bocaiuva","tag-bonito-de-minas","tag-botumirim","tag-brasilia-de-minas","tag-buritizeiro","tag-campo-azul","tag-campo-florido","tag-campos-altos","tag-capitao-eneas","tag-carnaval-2021-em-minas-gerais","tag-carnaval-em-minas-gerais","tag-carneirinho","tag-casos-de-coronavirus-em-minas-gerais","tag-casos-de-covid-19-em-minas-gerais","tag-catuti","tag-cidades-com-casos-de-coronavirus-em-minas-gerais","tag-cidades-de-minas-gerais-na-onda-roxa","tag-cidades-na-onda-roxa","tag-claro-dos-pocoes","tag-comendador-gomes","tag-conceicao-das-alagoas","tag-conego-marinho","tag-conquista","tag-consulta-publica-minas-consciente","tag-coracao-de-jesus","tag-coronavirus","tag-covid-19","tag-covid-19-minas-atinge-88-da-populacao-acima-de-12-anos-vacinada-com-a-1a-dose","tag-cristalia","tag-curados-do-coronavirus-em-minas-gerais","tag-curral-de-dentro","tag-delta","tag-destaque","tag-dez-regioes-estao-na-fase-mais-restritiva-do-programa-minas-consciente","tag-diogo-de-vasconcelos","tag-dom-silverio","tag-engenheiro-navarro","tag-entenda-a-divisao-por-ondas-nas-novas-regras-do-plano-minas-consciente","tag-entenda-as-ondas-do-minas-consciente","tag-espinosa","tag-estado-atualiza-situacao-das-macrorregioes-no-minas-consciente-e-recomenda-a-proibicao-de-festas-de-carnaval","tag-estado-lanca-terceira-fase-do-minas-consciente","tag-fase-critica-em-minas-gerais","tag-fechamento-de-minas-gerais","tag-francisco-dumont","tag-francisco-sa","tag-fronteira","tag-fruta-de-leite","tag-frutal","tag-funcionamento-de-igrejas-onda-roxa","tag-futebol-em-minas-gerais-durante-a-onda-roxa","tag-futebol-em-minas-gerais-durante-o-lockdown","tag-gameleiras","tag-glaucilandia","tag-governador-anuncia-onda-roxa-e-toque-de-recolher-em-duas-regioes-de-minas-gerais","tag-governador-decide-colocar-todos-os-municipios-de-minas-gerais-em-quarentena","tag-governador-faz-apelo-para-que-populacao-mude-o-comportamento-e-adote-medidas-contra-o-coronavirus","tag-governador-romeu-zema","tag-governo-coloca-mais-21-cidades-de-minas-gerais-na-onda-roxa-do-minas-consciente","tag-governo-coloca-mais-21-municipios-de-minas-gerais-em-quarentena","tag-governo-de-minas-coloca-mais-21-municipios-em-quarentena","tag-governo-de-minas-gerais-prorroga-onda-roxa-ate-4-de-abril","tag-governo-de-minas-gerais-prorroga-quarentena-ate-4-de-abril","tag-governo-de-minas-prorroga-onda-roxa-em-todos-as-macrorregioes-ate-4-de-abril","tag-governo-lanca-consulta-publica-sobre-o-plano-minas-consciente","tag-governo-lanca-novas-regras-para-o-plano-minas-consciente","tag-governo-mantem-onda-roxa-ate-11-de-abril-em-quase-todas-as-macrorregioes-de-minas","tag-grao-mogol","tag-guaraciaba","tag-guaraciama","tag-ibia","tag-ibiai","tag-ibiracatu","tag-icarai-de-minas","tag-igrejas-onda-roxa","tag-igrejas-podem-funcionar-na-onda-roxa-do-minas-consciente","tag-indaiabira","tag-itacambira","tag-itacarambi","tag-itapagipe","tag-iturama","tag-jaiba","tag-janauba","tag-januaria","tag-japonvar","tag-jequeri","tag-jequitai","tag-jequitinhonha-e-norte-de-minas-avancam-para-a-onda-vermelha-do-minas-consciente","tag-joaquim-felicio","tag-josenopolis","tag-juramento","tag-juvenilia","tag-lagoa-dos-patos","tag-lassance","tag-limeira-do-oeste","tag-lockdown-em-minas-gerais","tag-lontra","tag-luislandia","tag-macro-jequitinhonha-apresenta-piora-nos-indicadores-e-regride-para-onda-vermelha-do-minas-consciente","tag-mais-duas-regioes-regridem-para-a-onda-vermelha-do-minas-consciente","tag-mais-quatro-regioes-poderao-avancar-para-a-onda-amarela-do-plano-minas-consciente","tag-mamonas","tag-manga","tag-matias-cardoso","tag-mato-verde","tag-metade-do-estado-regride-para-fases-mais-restritivas-do-plano-minas-consciente","tag-microrregioes-minas-consciente","tag-minas-gerais-chega-a-mais-de-86-da-populacao-adulta-vacinada-com-pelo-menos-a-primeira-dose","tag-minas-gerais-nao-tem-nenhuma-macrorregiao-na-onda-vermelha","tag-minas-gerais-nao-tera-jogos-de-outros-estados-durante-lockdown-de-15-dias","tag-minas-gerais-permanecera-na-onda-roxa-ate-o-fim-da-semana-santa","tag-minas-gerais-tem-13-macrorregioes-na-onda-verde","tag-mirabela","tag-miravania","tag-montalvania","tag-monte-azul","tag-montes-claros","tag-montezuma","tag-mortes-por-coronavirus-em-minas-gerais","tag-mudancas-com-a-onda-roxa","tag-mudancas-no-minas-consciente","tag-municipios-pequenos","tag-municipios-pequenos-minas-consciente","tag-municipios-receberao-tratamento-individualizado-na-nova-fase-do-minas-consciente","tag-ninheira","tag-nova-fase-do-minas-consciente","tag-nova-onda-do-minas-consciente","tag-nova-porteirinha","tag-novas-regras-do-minas-consciente","tag-novas-regras-do-plano-minas-consciente","tag-novo-coronavirus","tag-novo-minas-consciente","tag-novorizonte","tag-novos-indicadores-do-plano-minas-consciente-vao-simplificar-tomada-de-decisao-de-prefeitos","tag-numero-de-curados-do-coronavirus-em-minas-gerais","tag-numeros-do-coronavirus-em-minas-gerais","tag-o-que-muda-com-a-onda-roxa","tag-obitos-por-coronavirus-em-minas-gerias","tag-olhos-dagua-2","tag-onda-roxa-ate-4-de-abril","tag-onda-roxa-ate-o-fim-da-semana-santa","tag-onda-roxa-minas-consciente","tag-onda-verde-chega-a-todas-as-macrorregioes-de-minas-gerais","tag-oratorios","tag-padre-carvalho","tag-pai-pedro","tag-pandemia-de-coronavirus","tag-patis","tag-pedras-de-maria-da-cruz","tag-pedrinopolis","tag-perdizes","tag-piedade-de-ponte-nova","tag-pintopolis","tag-pirajuba","tag-pirapora","tag-plano-minas-consciente","tag-plano-minas-consciente-tera-protocolo-para-academias-de-ginastica-e-agencias-de-turismo-na-onda-amarela","tag-planura","tag-ponte-nova","tag-ponto-chique","tag-porteirinha","tag-pratinha","tag-proibicao-do-carnaval-em-minas-gerais","tag-quarentena-em-minas-gerais","tag-quatro-macrorregioes-e-seis-microrregioes-avancam-para-a-onda-vermelha-do-minas-consciente","tag-quatro-macrorregioes-regridem-para-fases-mais-restritivas-do-plano-minas-consciente","tag-raul-soares","tag-reabertura-das-academias-de-ginastica","tag-reabertura-das-agencia-de-turismo","tag-recuperados-do-coronavirus-em-minas-gerais","tag-regioes-minas-consciente","tag-regioes-na-onda-amarela","tag-regioes-na-onda-roxa","tag-regioes-na-onda-verde","tag-regioes-na-onda-vermelha","tag-restricoes-em-minas-gerais","tag-riacho-dos-machados","tag-rio-casca","tag-rio-doce","tag-rio-pardo-de-minas","tag-romeu-zema","tag-rubelita","tag-sacramento","tag-saiba-quais-sao-os-775-municipios-de-minas-gerais-que-seguem-na-onda-roxa-do-minas-consciente","tag-salinas","tag-santa-cruz-de-salinas","tag-santa-cruz-do-escalvado","tag-santa-fe-de-minas","tag-santa-juliana","tag-santo-antonio-do-grama","tag-santo-antonio-do-retiro","tag-sao-francisco","tag-sao-francisco-de-sales","tag-sao-gotardo","tag-sao-joao-da-lagoa","tag-sao-joao-da-ponte","tag-sao-joao-das-missoes","tag-sao-joao-do-pacui","tag-sao-joao-do-paraiso","tag-sao-jose-do-goiabal","tag-sao-pedro-dos-ferros","tag-sao-romao","tag-secretaria-de-saude-atualiza-numeros-do-coronavirus-em-minas-gerais","tag-secretaria-de-saude-de-minas-gerais-atualiza-numeros-do-coronavirus","tag-sem-peixe","tag-sericita","tag-serranopolis-de-minas","tag-ses-mg-atualiza-numeros-do-coronavirus","tag-taiobeiras","tag-tapira","tag-toque-de-recolher-em-minas-gerais","tag-ubai","tag-uberaba","tag-uma-macrorregiao-e-tres-microrregioes-poderao-avancar-para-a-onda-vermelha-do-minas-consciente-no-dia-12-de-abril","tag-uniao-de-minas","tag-urucania","tag-urucuia","tag-vargem-grande-do-rio-pardo","tag-varzea-da-palma","tag-varzelandia","tag-veja-quais-atividades-podem-funcionar-na-onda-roxa-em-minas-gerais","tag-verdelandia","tag-verissimo","tag-zema"],"yoast_head":"<!-- This site is optimized with the Yoast SEO plugin v28.3 - https:\/\/yoast.com\/product\/yoast-seo-wordpress\/ -->\n<title>Covid-19: Minas atinge 88% da popula\u00e7\u00e3o acima de 12 anos vacinada com a 1\u00aa dose - Aconteceu no Vale<\/title>\n<meta name=\"robots\" content=\"index, follow, max-snippet:-1, max-image-preview:large, max-video-preview:-1\" \/>\n<link rel=\"canonical\" href=\"https:\/\/aconteceunovale.com.br\/portal\/?p=183581\" \/>\n<meta property=\"og:locale\" content=\"pt_BR\" \/>\n<meta property=\"og:type\" content=\"article\" \/>\n<meta property=\"og:title\" content=\"Covid-19: Minas atinge 88% da popula\u00e7\u00e3o acima de 12 anos vacinada com a 1\u00aa dose - Aconteceu no Vale\" \/>\n<meta property=\"og:description\" content=\"Minas Gerais atingiu 88% da popula\u00e7\u00e3o acima de 12 anos vacinada com a primeira dose. J\u00e1 64,14% das pessoas nesta faixa et\u00e1ria completaram o esquema vacinal \u2013 duas doses ou dose \u00fanica. Em todo o estado, foram aplicadas at\u00e9 o momento quase 28,5 milh\u00f5es de imunizantes contra a covid-19. \u00a0 O secret\u00e1rio de&nbsp;Sa\u00fade, o m\u00e9dico [&hellip;]\" \/>\n<meta property=\"og:url\" content=\"https:\/\/aconteceunovale.com.br\/portal\/?p=183581\" \/>\n<meta property=\"og:site_name\" content=\"Aconteceu no Vale\" \/>\n<meta property=\"article:publisher\" content=\"https:\/\/www.facebook.com\/aconteceunovale\/\" \/>\n<meta property=\"article:published_time\" content=\"2021-11-04T20:09:17+00:00\" \/>\n<meta property=\"article:modified_time\" content=\"2021-11-04T20:11:14+00:00\" \/>\n<meta property=\"og:image\" content=\"https:\/\/aconteceunovale.com.br\/portal\/wp-content\/uploads\/2021\/07\/vacina_100_milhoes.jpg\" \/>\n\t<meta property=\"og:image:width\" content=\"678\" \/>\n\t<meta property=\"og:image:height\" content=\"406\" \/>\n\t<meta property=\"og:image:type\" content=\"image\/jpeg\" \/>\n<meta name=\"author\" content=\"Reda\u00e7\u00e3o Aconteceu no Vale\" \/>\n<meta name=\"twitter:card\" content=\"summary_large_image\" \/>\n<meta name=\"twitter:creator\" content=\"@noticiadosvales\" \/>\n<meta name=\"twitter:site\" content=\"@noticiadosvales\" \/>\n<meta name=\"twitter:label1\" content=\"Escrito por\" \/>\n\t<meta name=\"twitter:data1\" content=\"Reda\u00e7\u00e3o Aconteceu no Vale\" \/>\n\t<meta name=\"twitter:label2\" content=\"Est. tempo de leitura\" \/>\n\t<meta name=\"twitter:data2\" content=\"2 minutos\" \/>\n<script type=\"application\/ld+json\" class=\"yoast-schema-graph\">{\"@context\":\"https:\\\/\\\/schema.org\",\"@graph\":[{\"@type\":\"Article\",\"@id\":\"https:\\\/\\\/aconteceunovale.com.br\\\/portal\\\/?p=183581#article\",\"isPartOf\":{\"@id\":\"https:\\\/\\\/aconteceunovale.com.br\\\/portal\\\/?p=183581\"},\"author\":{\"name\":\"Reda\u00e7\u00e3o Aconteceu no Vale\",\"@id\":\"https:\\\/\\\/aconteceunovale.com.br\\\/portal\\\/#\\\/schema\\\/person\\\/7d2f26d1483f8a63de73da1ee0754d35\"},\"headline\":\"Covid-19: Minas atinge 88% da popula\u00e7\u00e3o acima de 12 anos vacinada com a 1\u00aa dose\",\"datePublished\":\"2021-11-04T20:09:17+00:00\",\"dateModified\":\"2021-11-04T20:11:14+00:00\",\"mainEntityOfPage\":{\"@id\":\"https:\\\/\\\/aconteceunovale.com.br\\\/portal\\\/?p=183581\"},\"wordCount\":389,\"commentCount\":0,\"image\":{\"@id\":\"https:\\\/\\\/aconteceunovale.com.br\\\/portal\\\/?p=183581#primaryimage\"},\"thumbnailUrl\":\"https:\\\/\\\/aconteceunovale.com.br\\\/portal\\\/wp-content\\\/uploads\\\/2021\\\/07\\\/vacina_100_milhoes.jpg\",\"keywords\":[\"362 cidades de pequeno porte passar\u00e3o automaticamente para a onda amarela do Minas Consciente\",\"Abertura das academias de gin\u00e1stica\",\"Abertura das ag\u00eancias de turismo\",\"Abertura de igrejas onda roxa\",\"Acaiaca\",\"\u00c1gua Comprida\",\"ALMG\",\"Alvin\u00f3polis\",\"Amparo do Serra\",\"Arax\u00e1\",\"Atividades econ\u00f4micas ter\u00e3o protocolo \u00fanico na nova fase do plano Minas Consciente\",\"Barra Longa\",\"berizal\",\"Bloqueio total em Minas Gerais\",\"Bocai\u00fava\",\"Bonito de Minas\",\"Botumirim\",\"Bras\u00edlia de Minas\",\"Buritizeiro\",\"Campo Azul\",\"Campo Florido\",\"Campos Altos\",\"capitao eneas\",\"Carnaval 2021 em Minas Gerais\",\"carnaval em Minas Gerais\",\"Carneirinho\",\"Casos de coronav\u00edrus em Minas Gerais\",\"Casos de covid-19 em Minas Gerais\",\"Catuti\",\"Cidades com casos de coronav\u00edrus em Minas Gerais\",\"Cidades de Minas Gerais na onda roxa\",\"Cidades na onda roxa\",\"Claro dos Po\u00e7\u00f5es\",\"Comendador Gomes\",\"Concei\u00e7\u00e3o das Alagoas\",\"C\u00f4nego Marinho\",\"Conquista\",\"Consulta p\u00fablica Minas Consciente\",\"Cora\u00e7\u00e3o de Jesus\",\"Coronav\u00edrus\",\"COVID-19\",\"Covid-19: Minas atinge 88% da popula\u00e7\u00e3o acima de 12 anos vacinada com a 1\u00aa dose\",\"Crist\u00e1lia\",\"Curados do coronav\u00edrus em Minas Gerais\",\"Curral de Dentro\",\"Delta\",\"destaque\",\"Dez regi\u00f5es est\u00e3o na fase mais restritiva do programa Minas Consciente\",\"Diogo de Vasconcelos\",\"Dom Silv\u00e9rio\",\"Engenheiro Navarro\",\"Entenda a divis\u00e3o por ondas nas novas regras do plano Minas Consciente\",\"Entenda as ondas do Minas Consciente\",\"espinosa\",\"Estado atualiza situa\u00e7\u00e3o das macrorregi\u00f5es no Minas Consciente e recomenda a proibi\u00e7\u00e3o de festas de Carnaval\",\"Estado lan\u00e7a terceira fase do Minas Consciente\",\"Fase cr\u00edtica em Minas Gerais\",\"Fechamento de Minas Gerais\",\"Francisco Dumont\",\"francisco s\u00e1\",\"Fronteira\",\"fruta de leite\",\"Frutal\",\"Funcionamento de igrejas onda roxa\",\"Futebol em Minas Gerais durante a onda roxa\",\"Futebol em Minas Gerais durante o lockdown\",\"Gameleiras\",\"Glaucil\u00e2ndia\",\"Governador anuncia onda roxa e toque de recolher em duas regi\u00f5es de Minas Gerais\",\"Governador decide colocar todos os munic\u00edpios de Minas Gerais em quarentena\",\"Governador faz apelo para que popula\u00e7\u00e3o mude o comportamento e adote medidas contra o coronav\u00edrus\",\"Governador Romeu Zema\",\"Governo coloca mais 21 cidades de Minas Gerais na onda roxa do Minas Consciente\",\"Governo coloca mais 21 munic\u00edpios de Minas Gerais em quarentena\",\"Governo de Minas coloca mais 21 munic\u00edpios em quarentena\",\"Governo de Minas Gerais prorroga onda roxa at\u00e9 4 de abril\",\"Governo de Minas Gerais prorroga quarentena at\u00e9 4 de abril\",\"Governo de Minas prorroga onda roxa em todos as macrorregi\u00f5es at\u00e9 4 de abril\",\"Governo lan\u00e7a consulta p\u00fablica sobre o plano Minas Consciente\",\"Governo lan\u00e7a novas regras para o plano Minas Consciente\",\"Governo mant\u00e9m onda roxa at\u00e9 11 de abril em quase todas as macrorregi\u00f5es de Minas\",\"gr\u00e3o mogol\",\"Guaraciaba\",\"Guaraciama\",\"Ibi\u00e1\",\"Ibia\u00ed\",\"Ibiracatu\",\"Icara\u00ed de Minas\",\"Igrejas onda roxa\",\"Igrejas podem funcionar na onda roxa do Minas Consciente\",\"Indaiabira\",\"Itacambira\",\"Itacarambi\",\"Itapagipe\",\"Iturama\",\"ja\u00edba\",\"Jana\u00faba\",\"Janu\u00e1ria\",\"Japonvar\",\"Jequeri\",\"Jequita\u00ed\",\"Jequitinhonha e Norte de Minas avan\u00e7am para a onda vermelha do Minas Consciente\",\"Joaquim Fel\u00edcio\",\"Josen\u00f3polis\",\"Juramento\",\"Juven\u00edlia\",\"Lagoa dos Patos\",\"Lassance\",\"Limeira do Oeste\",\"Lockdown em Minas Gerais\",\"Lontra\",\"Luisl\u00e2ndia\",\"Macro Jequitinhonha apresenta piora nos indicadores e regride para onda vermelha do Minas Consciente\",\"Mais duas regi\u00f5es regridem para a onda vermelha do Minas Consciente\",\"Mais quatro regi\u00f5es poder\u00e3o avan\u00e7ar para a Onda Amarela do plano Minas Consciente\",\"Mamonas\",\"manga\",\"Matias Cardoso\",\"mato verde\",\"Metade do Estado regride para fases mais restritivas do plano Minas Consciente\",\"Microrregi\u00f5es Minas Consciente\",\"Minas Gerais chega a mais de 86% da popula\u00e7\u00e3o adulta vacinada com pelo menos a primeira dose\",\"Minas Gerais n\u00e3o tem nenhuma macrorregi\u00e3o na onda vermelha\",\"Minas Gerais n\u00e3o ter\u00e1 jogos de outros estados durante lockdown de 15 dias\",\"Minas Gerais permanecer\u00e1 na onda roxa at\u00e9 o fim da Semana Santa\",\"Minas Gerais tem 13 macrorregi\u00f5es na onda verde\",\"Mirabela\",\"Mirav\u00e2nia\",\"Montalv\u00e2nia\",\"monte azul\",\"Montes Claros\",\"montezuma\",\"Mortes por coronav\u00edrus em Minas Gerais\",\"Mudan\u00e7as com a onda roxa\",\"Mudan\u00e7as no Minas Consciente\",\"Munic\u00edpios pequenos\",\"Munic\u00edpios pequenos Minas Consciente\",\"Munic\u00edpios receber\u00e3o tratamento individualizado na nova fase do Minas Consciente\",\"Ninheira\",\"Nova fase do Minas Consciente\",\"Nova onda do Minas Consciente\",\"Nova Porteirinha\",\"Novas regras do Minas Consciente\",\"Novas regras do plano Minas Consciente\",\"Novo coronav\u00edrus\",\"Novo Minas Consciente\",\"Novorizonte\",\"Novos indicadores do plano Minas Consciente v\u00e3o simplificar tomada de decis\u00e3o de prefeitos\",\"N\u00famero de curados do coronav\u00edrus em Minas Gerais\",\"N\u00fameros do coronav\u00edrus em Minas Gerais\",\"O que muda com a onda roxa\",\"\u00d3bitos por coronav\u00edrus em Minas Gerias\",\"Olhos D\u2019agua\",\"Onda roxa at\u00e9 4 de abril\",\"Onda roxa at\u00e9 o fim da Semana Santa\",\"Onda roxa Minas Consciente\",\"Onda verde chega a todas as macrorregi\u00f5es de Minas Gerais\",\"Orat\u00f3rios\",\"padre carvalho\",\"Pai Pedro\",\"Pandemia de coronav\u00edrus\",\"Patis\",\"Pedras de Maria da Cruz\",\"Pedrin\u00f3polis\",\"Perdizes\",\"Piedade de Ponte Nova\",\"Pint\u00f3polis\",\"Pirajuba\",\"Pirapora\",\"Plano Minas Consciente\",\"Plano Minas Consciente ter\u00e1 protocolo para academias de gin\u00e1stica e ag\u00eancias de turismo na Onda Amarela\",\"Planura\",\"Ponte Nova\",\"Ponto Chique\",\"porteirinha\",\"Pratinha\",\"Proibi\u00e7\u00e3o do carnaval em Minas Gerais\",\"Quarentena em Minas Gerais\",\"Quatro macrorregi\u00f5es e seis microrregi\u00f5es avan\u00e7am para a onda vermelha do Minas Consciente\",\"Quatro macrorregi\u00f5es regridem para fases mais restritivas do plano Minas Consciente\",\"Raul Soares\",\"Reabertura das academias de gin\u00e1stica\",\"Reabertura das ag\u00eancia de turismo\",\"Recuperados do coronav\u00edrus em Minas Gerais\",\"Regi\u00f5es Minas Consciente\",\"Regi\u00f5es na onda amarela\",\"Regi\u00f5es na onda roxa\",\"Regi\u00f5es na onda verde\",\"Regi\u00f5es na onda vermelha\",\"Restri\u00e7\u00f5es em Minas Gerais\",\"Riacho dos Machados\",\"Rio Casca.\",\"Rio Doce\",\"Rio Pardo de Minas\",\"Romeu Zema\",\"rubelita\",\"Sacramento\",\"Saiba quais s\u00e3o os 775 munic\u00edpios de Minas Gerais que seguem na Onda Roxa do Minas Consciente\",\"Salinas\",\"Santa Cruz de Salinas\",\"Santa Cruz do Escalvado\",\"Santa F\u00e9 de Minas\",\"Santa Juliana\",\"Santo Ant\u00f4nio do Grama\",\"Santo Ant\u00f4nio do Retiro\",\"S\u00e3o Francisco\",\"S\u00e3o Francisco de Sales\",\"S\u00e3o Gotardo\",\"S\u00e3o Jo\u00e3o da Lagoa\",\"S\u00e3o Jo\u00e3o da Ponte\",\"S\u00e3o Jo\u00e3o das Miss\u00f5es\",\"S\u00e3o Jo\u00e3o do Pacu\u00ed\",\"S\u00e3o Jo\u00e3o do Para\u00edso\",\"S\u00e3o Jos\u00e9 do Goiabal\",\"S\u00e3o Pedro dos Ferros.\",\"S\u00e3o Rom\u00e3o\",\"Secretaria de Sa\u00fade atualiza n\u00fameros do coronav\u00edrus em Minas Gerais\",\"Secretaria de Sa\u00fade de Minas Gerais atualiza n\u00fameros do coronav\u00edrus\",\"Sem-Peixe\",\"Sericita\",\"Serran\u00f3polis de Minas\",\"SES-MG atualiza n\u00fameros do coronav\u00edrus\",\"Taiobeiras\",\"Tapira\",\"Toque de recolher em Minas Gerais\",\"Uba\u00ed\",\"Uberaba\",\"Uma macrorregi\u00e3o e tr\u00eas microrregi\u00f5es poder\u00e3o avan\u00e7ar para a onda vermelha do Minas Consciente no dia 12 de abril\",\"Uni\u00e3o de Minas\",\"Uruc\u00e2nia\",\"Urucuia\",\"Vargem Grande do Rio Pardo\",\"v\u00e1rzea da palma\",\"Varzel\u00e2ndia\",\"Veja quais atividades podem funcionar na onda roxa em Minas Gerais\",\"Verdel\u00e2ndia\",\"Ver\u00edssimo\",\"Zema\"],\"articleSection\":[\"Minas Gerais\",\"Sa\u00fade\"],\"inLanguage\":\"pt-BR\",\"potentialAction\":[{\"@type\":\"CommentAction\",\"name\":\"Comment\",\"target\":[\"https:\\\/\\\/aconteceunovale.com.br\\\/portal\\\/?p=183581#respond\"]}]},{\"@type\":\"WebPage\",\"@id\":\"https:\\\/\\\/aconteceunovale.com.br\\\/portal\\\/?p=183581\",\"url\":\"https:\\\/\\\/aconteceunovale.com.br\\\/portal\\\/?p=183581\",\"name\":\"Covid-19: Minas atinge 88% da popula\u00e7\u00e3o acima de 12 anos vacinada com a 1\u00aa dose - Aconteceu no Vale\",\"isPartOf\":{\"@id\":\"https:\\\/\\\/aconteceunovale.com.br\\\/portal\\\/#website\"},\"primaryImageOfPage\":{\"@id\":\"https:\\\/\\\/aconteceunovale.com.br\\\/portal\\\/?p=183581#primaryimage\"},\"image\":{\"@id\":\"https:\\\/\\\/aconteceunovale.com.br\\\/portal\\\/?p=183581#primaryimage\"},\"thumbnailUrl\":\"https:\\\/\\\/aconteceunovale.com.br\\\/portal\\\/wp-content\\\/uploads\\\/2021\\\/07\\\/vacina_100_milhoes.jpg\",\"datePublished\":\"2021-11-04T20:09:17+00:00\",\"dateModified\":\"2021-11-04T20:11:14+00:00\",\"author\":{\"@id\":\"https:\\\/\\\/aconteceunovale.com.br\\\/portal\\\/#\\\/schema\\\/person\\\/7d2f26d1483f8a63de73da1ee0754d35\"},\"breadcrumb\":{\"@id\":\"https:\\\/\\\/aconteceunovale.com.br\\\/portal\\\/?p=183581#breadcrumb\"},\"inLanguage\":\"pt-BR\",\"potentialAction\":[{\"@type\":\"ReadAction\",\"target\":[\"https:\\\/\\\/aconteceunovale.com.br\\\/portal\\\/?p=183581\"]}]},{\"@type\":\"ImageObject\",\"inLanguage\":\"pt-BR\",\"@id\":\"https:\\\/\\\/aconteceunovale.com.br\\\/portal\\\/?p=183581#primaryimage\",\"url\":\"https:\\\/\\\/aconteceunovale.com.br\\\/portal\\\/wp-content\\\/uploads\\\/2021\\\/07\\\/vacina_100_milhoes.jpg\",\"contentUrl\":\"https:\\\/\\\/aconteceunovale.com.br\\\/portal\\\/wp-content\\\/uploads\\\/2021\\\/07\\\/vacina_100_milhoes.jpg\",\"width\":678,\"height\":406,\"caption\":\"Vacina\u00e7\u00e3o Covid ubs asa sul Bras\u00edlia-DF, 11\\\/06\\\/2021 Foto: Walterson Rosa\\\/MS\"},{\"@type\":\"BreadcrumbList\",\"@id\":\"https:\\\/\\\/aconteceunovale.com.br\\\/portal\\\/?p=183581#breadcrumb\",\"itemListElement\":[{\"@type\":\"ListItem\",\"position\":1,\"name\":\"In\u00edcio\",\"item\":\"https:\\\/\\\/aconteceunovale.com.br\\\/portal\\\/\"},{\"@type\":\"ListItem\",\"position\":2,\"name\":\"Covid-19: Minas atinge 88% da popula\u00e7\u00e3o acima de 12 anos vacinada com a 1\u00aa dose\"}]},{\"@type\":\"WebSite\",\"@id\":\"https:\\\/\\\/aconteceunovale.com.br\\\/portal\\\/#website\",\"url\":\"https:\\\/\\\/aconteceunovale.com.br\\\/portal\\\/\",\"name\":\"Aconteceu no Vale\",\"description\":\"Portal de Not\u00edcias\",\"potentialAction\":[{\"@type\":\"SearchAction\",\"target\":{\"@type\":\"EntryPoint\",\"urlTemplate\":\"https:\\\/\\\/aconteceunovale.com.br\\\/portal\\\/?s={search_term_string}\"},\"query-input\":{\"@type\":\"PropertyValueSpecification\",\"valueRequired\":true,\"valueName\":\"search_term_string\"}}],\"inLanguage\":\"pt-BR\"},{\"@type\":\"Person\",\"@id\":\"https:\\\/\\\/aconteceunovale.com.br\\\/portal\\\/#\\\/schema\\\/person\\\/7d2f26d1483f8a63de73da1ee0754d35\",\"name\":\"Reda\u00e7\u00e3o Aconteceu no Vale\",\"description\":\"Equipe de reportagem do Aconteceu no Vale, portal de not\u00edcias do Vale do Jequitinhonha, em Minas Gerais. Cobrimos as 51 cidades do Vale desde 2013. Sugest\u00f5es de pauta e pedidos de corre\u00e7\u00e3o: contato@aconteceunovale.com.br\",\"url\":\"https:\\\/\\\/aconteceunovale.com.br\\\/portal\\\/?author=4\"}]}<\/script>\n<!-- \/ Yoast SEO plugin. -->","yoast_head_json":{"title":"Covid-19: Minas atinge 88% da popula\u00e7\u00e3o acima de 12 anos vacinada com a 1\u00aa dose - Aconteceu no Vale","robots":{"index":"index","follow":"follow","max-snippet":"max-snippet:-1","max-image-preview":"max-image-preview:large","max-video-preview":"max-video-preview:-1"},"canonical":"https:\/\/aconteceunovale.com.br\/portal\/?p=183581","og_locale":"pt_BR","og_type":"article","og_title":"Covid-19: Minas atinge 88% da popula\u00e7\u00e3o acima de 12 anos vacinada com a 1\u00aa dose - Aconteceu no Vale","og_description":"Minas Gerais atingiu 88% da popula\u00e7\u00e3o acima de 12 anos vacinada com a primeira dose. J\u00e1 64,14% das pessoas nesta faixa et\u00e1ria completaram o esquema vacinal \u2013 duas doses ou dose \u00fanica. Em todo o estado, foram aplicadas at\u00e9 o momento quase 28,5 milh\u00f5es de imunizantes contra a covid-19. \u00a0 O secret\u00e1rio de&nbsp;Sa\u00fade, o m\u00e9dico [&hellip;]","og_url":"https:\/\/aconteceunovale.com.br\/portal\/?p=183581","og_site_name":"Aconteceu no Vale","article_publisher":"https:\/\/www.facebook.com\/aconteceunovale\/","article_published_time":"2021-11-04T20:09:17+00:00","article_modified_time":"2021-11-04T20:11:14+00:00","og_image":[{"width":678,"height":406,"url":"https:\/\/aconteceunovale.com.br\/portal\/wp-content\/uploads\/2021\/07\/vacina_100_milhoes.jpg","type":"image\/jpeg"}],"author":"Reda\u00e7\u00e3o Aconteceu no Vale","twitter_card":"summary_large_image","twitter_creator":"@noticiadosvales","twitter_site":"@noticiadosvales","twitter_misc":{"Escrito por":"Reda\u00e7\u00e3o Aconteceu no Vale","Est. tempo de leitura":"2 minutos"},"schema":{"@context":"https:\/\/schema.org","@graph":[{"@type":"Article","@id":"https:\/\/aconteceunovale.com.br\/portal\/?p=183581#article","isPartOf":{"@id":"https:\/\/aconteceunovale.com.br\/portal\/?p=183581"},"author":{"name":"Reda\u00e7\u00e3o Aconteceu no Vale","@id":"https:\/\/aconteceunovale.com.br\/portal\/#\/schema\/person\/7d2f26d1483f8a63de73da1ee0754d35"},"headline":"Covid-19: Minas atinge 88% da popula\u00e7\u00e3o acima de 12 anos vacinada com a 1\u00aa dose","datePublished":"2021-11-04T20:09:17+00:00","dateModified":"2021-11-04T20:11:14+00:00","mainEntityOfPage":{"@id":"https:\/\/aconteceunovale.com.br\/portal\/?p=183581"},"wordCount":389,"commentCount":0,"image":{"@id":"https:\/\/aconteceunovale.com.br\/portal\/?p=183581#primaryimage"},"thumbnailUrl":"https:\/\/aconteceunovale.com.br\/portal\/wp-content\/uploads\/2021\/07\/vacina_100_milhoes.jpg","keywords":["362 cidades de pequeno porte passar\u00e3o automaticamente para a onda amarela do Minas Consciente","Abertura das academias de gin\u00e1stica","Abertura das ag\u00eancias de turismo","Abertura de igrejas onda roxa","Acaiaca","\u00c1gua Comprida","ALMG","Alvin\u00f3polis","Amparo do Serra","Arax\u00e1","Atividades econ\u00f4micas ter\u00e3o protocolo \u00fanico na nova fase do plano Minas Consciente","Barra Longa","berizal","Bloqueio total em Minas Gerais","Bocai\u00fava","Bonito de Minas","Botumirim","Bras\u00edlia de Minas","Buritizeiro","Campo Azul","Campo Florido","Campos Altos","capitao eneas","Carnaval 2021 em Minas Gerais","carnaval em Minas Gerais","Carneirinho","Casos de coronav\u00edrus em Minas Gerais","Casos de covid-19 em Minas Gerais","Catuti","Cidades com casos de coronav\u00edrus em Minas Gerais","Cidades de Minas Gerais na onda roxa","Cidades na onda roxa","Claro dos Po\u00e7\u00f5es","Comendador Gomes","Concei\u00e7\u00e3o das Alagoas","C\u00f4nego Marinho","Conquista","Consulta p\u00fablica Minas Consciente","Cora\u00e7\u00e3o de Jesus","Coronav\u00edrus","COVID-19","Covid-19: Minas atinge 88% da popula\u00e7\u00e3o acima de 12 anos vacinada com a 1\u00aa dose","Crist\u00e1lia","Curados do coronav\u00edrus em Minas Gerais","Curral de Dentro","Delta","destaque","Dez regi\u00f5es est\u00e3o na fase mais restritiva do programa Minas Consciente","Diogo de Vasconcelos","Dom Silv\u00e9rio","Engenheiro Navarro","Entenda a divis\u00e3o por ondas nas novas regras do plano Minas Consciente","Entenda as ondas do Minas Consciente","espinosa","Estado atualiza situa\u00e7\u00e3o das macrorregi\u00f5es no Minas Consciente e recomenda a proibi\u00e7\u00e3o de festas de Carnaval","Estado lan\u00e7a terceira fase do Minas Consciente","Fase cr\u00edtica em Minas Gerais","Fechamento de Minas Gerais","Francisco Dumont","francisco s\u00e1","Fronteira","fruta de leite","Frutal","Funcionamento de igrejas onda roxa","Futebol em Minas Gerais durante a onda roxa","Futebol em Minas Gerais durante o lockdown","Gameleiras","Glaucil\u00e2ndia","Governador anuncia onda roxa e toque de recolher em duas regi\u00f5es de Minas Gerais","Governador decide colocar todos os munic\u00edpios de Minas Gerais em quarentena","Governador faz apelo para que popula\u00e7\u00e3o mude o comportamento e adote medidas contra o coronav\u00edrus","Governador Romeu Zema","Governo coloca mais 21 cidades de Minas Gerais na onda roxa do Minas Consciente","Governo coloca mais 21 munic\u00edpios de Minas Gerais em quarentena","Governo de Minas coloca mais 21 munic\u00edpios em quarentena","Governo de Minas Gerais prorroga onda roxa at\u00e9 4 de abril","Governo de Minas Gerais prorroga quarentena at\u00e9 4 de abril","Governo de Minas prorroga onda roxa em todos as macrorregi\u00f5es at\u00e9 4 de abril","Governo lan\u00e7a consulta p\u00fablica sobre o plano Minas Consciente","Governo lan\u00e7a novas regras para o plano Minas Consciente","Governo mant\u00e9m onda roxa at\u00e9 11 de abril em quase todas as macrorregi\u00f5es de Minas","gr\u00e3o mogol","Guaraciaba","Guaraciama","Ibi\u00e1","Ibia\u00ed","Ibiracatu","Icara\u00ed de Minas","Igrejas onda roxa","Igrejas podem funcionar na onda roxa do Minas Consciente","Indaiabira","Itacambira","Itacarambi","Itapagipe","Iturama","ja\u00edba","Jana\u00faba","Janu\u00e1ria","Japonvar","Jequeri","Jequita\u00ed","Jequitinhonha e Norte de Minas avan\u00e7am para a onda vermelha do Minas Consciente","Joaquim Fel\u00edcio","Josen\u00f3polis","Juramento","Juven\u00edlia","Lagoa dos Patos","Lassance","Limeira do Oeste","Lockdown em Minas Gerais","Lontra","Luisl\u00e2ndia","Macro Jequitinhonha apresenta piora nos indicadores e regride para onda vermelha do Minas Consciente","Mais duas regi\u00f5es regridem para a onda vermelha do Minas Consciente","Mais quatro regi\u00f5es poder\u00e3o avan\u00e7ar para a Onda Amarela do plano Minas Consciente","Mamonas","manga","Matias Cardoso","mato verde","Metade do Estado regride para fases mais restritivas do plano Minas Consciente","Microrregi\u00f5es Minas Consciente","Minas Gerais chega a mais de 86% da popula\u00e7\u00e3o adulta vacinada com pelo menos a primeira dose","Minas Gerais n\u00e3o tem nenhuma macrorregi\u00e3o na onda vermelha","Minas Gerais n\u00e3o ter\u00e1 jogos de outros estados durante lockdown de 15 dias","Minas Gerais permanecer\u00e1 na onda roxa at\u00e9 o fim da Semana Santa","Minas Gerais tem 13 macrorregi\u00f5es na onda verde","Mirabela","Mirav\u00e2nia","Montalv\u00e2nia","monte azul","Montes Claros","montezuma","Mortes por coronav\u00edrus em Minas Gerais","Mudan\u00e7as com a onda roxa","Mudan\u00e7as no Minas Consciente","Munic\u00edpios pequenos","Munic\u00edpios pequenos Minas Consciente","Munic\u00edpios receber\u00e3o tratamento individualizado na nova fase do Minas Consciente","Ninheira","Nova fase do Minas Consciente","Nova onda do Minas Consciente","Nova Porteirinha","Novas regras do Minas Consciente","Novas regras do plano Minas Consciente","Novo coronav\u00edrus","Novo Minas Consciente","Novorizonte","Novos indicadores do plano Minas Consciente v\u00e3o simplificar tomada de decis\u00e3o de prefeitos","N\u00famero de curados do coronav\u00edrus em Minas Gerais","N\u00fameros do coronav\u00edrus em Minas Gerais","O que muda com a onda roxa","\u00d3bitos por coronav\u00edrus em Minas Gerias","Olhos D\u2019agua","Onda roxa at\u00e9 4 de abril","Onda roxa at\u00e9 o fim da Semana Santa","Onda roxa Minas Consciente","Onda verde chega a todas as macrorregi\u00f5es de Minas Gerais","Orat\u00f3rios","padre carvalho","Pai Pedro","Pandemia de coronav\u00edrus","Patis","Pedras de Maria da Cruz","Pedrin\u00f3polis","Perdizes","Piedade de Ponte Nova","Pint\u00f3polis","Pirajuba","Pirapora","Plano Minas Consciente","Plano Minas Consciente ter\u00e1 protocolo para academias de gin\u00e1stica e ag\u00eancias de turismo na Onda Amarela","Planura","Ponte Nova","Ponto Chique","porteirinha","Pratinha","Proibi\u00e7\u00e3o do carnaval em Minas Gerais","Quarentena em Minas Gerais","Quatro macrorregi\u00f5es e seis microrregi\u00f5es avan\u00e7am para a onda vermelha do Minas Consciente","Quatro macrorregi\u00f5es regridem para fases mais restritivas do plano Minas Consciente","Raul Soares","Reabertura das academias de gin\u00e1stica","Reabertura das ag\u00eancia de turismo","Recuperados do coronav\u00edrus em Minas Gerais","Regi\u00f5es Minas Consciente","Regi\u00f5es na onda amarela","Regi\u00f5es na onda roxa","Regi\u00f5es na onda verde","Regi\u00f5es na onda vermelha","Restri\u00e7\u00f5es em Minas Gerais","Riacho dos Machados","Rio Casca.","Rio Doce","Rio Pardo de Minas","Romeu Zema","rubelita","Sacramento","Saiba quais s\u00e3o os 775 munic\u00edpios de Minas Gerais que seguem na Onda Roxa do Minas Consciente","Salinas","Santa Cruz de Salinas","Santa Cruz do Escalvado","Santa F\u00e9 de Minas","Santa Juliana","Santo Ant\u00f4nio do Grama","Santo Ant\u00f4nio do Retiro","S\u00e3o Francisco","S\u00e3o Francisco de Sales","S\u00e3o Gotardo","S\u00e3o Jo\u00e3o da Lagoa","S\u00e3o Jo\u00e3o da Ponte","S\u00e3o Jo\u00e3o das Miss\u00f5es","S\u00e3o Jo\u00e3o do Pacu\u00ed","S\u00e3o Jo\u00e3o do Para\u00edso","S\u00e3o Jos\u00e9 do Goiabal","S\u00e3o Pedro dos Ferros.","S\u00e3o Rom\u00e3o","Secretaria de Sa\u00fade atualiza n\u00fameros do coronav\u00edrus em Minas Gerais","Secretaria de Sa\u00fade de Minas Gerais atualiza n\u00fameros do coronav\u00edrus","Sem-Peixe","Sericita","Serran\u00f3polis de Minas","SES-MG atualiza n\u00fameros do coronav\u00edrus","Taiobeiras","Tapira","Toque de recolher em Minas Gerais","Uba\u00ed","Uberaba","Uma macrorregi\u00e3o e tr\u00eas microrregi\u00f5es poder\u00e3o avan\u00e7ar para a onda vermelha do Minas Consciente no dia 12 de abril","Uni\u00e3o de Minas","Uruc\u00e2nia","Urucuia","Vargem Grande do Rio Pardo","v\u00e1rzea da palma","Varzel\u00e2ndia","Veja quais atividades podem funcionar na onda roxa em Minas Gerais","Verdel\u00e2ndia","Ver\u00edssimo","Zema"],"articleSection":["Minas Gerais","Sa\u00fade"],"inLanguage":"pt-BR","potentialAction":[{"@type":"CommentAction","name":"Comment","target":["https:\/\/aconteceunovale.com.br\/portal\/?p=183581#respond"]}]},{"@type":"WebPage","@id":"https:\/\/aconteceunovale.com.br\/portal\/?p=183581","url":"https:\/\/aconteceunovale.com.br\/portal\/?p=183581","name":"Covid-19: Minas atinge 88% da popula\u00e7\u00e3o acima de 12 anos vacinada com a 1\u00aa dose - Aconteceu no Vale","isPartOf":{"@id":"https:\/\/aconteceunovale.com.br\/portal\/#website"},"primaryImageOfPage":{"@id":"https:\/\/aconteceunovale.com.br\/portal\/?p=183581#primaryimage"},"image":{"@id":"https:\/\/aconteceunovale.com.br\/portal\/?p=183581#primaryimage"},"thumbnailUrl":"https:\/\/aconteceunovale.com.br\/portal\/wp-content\/uploads\/2021\/07\/vacina_100_milhoes.jpg","datePublished":"2021-11-04T20:09:17+00:00","dateModified":"2021-11-04T20:11:14+00:00","author":{"@id":"https:\/\/aconteceunovale.com.br\/portal\/#\/schema\/person\/7d2f26d1483f8a63de73da1ee0754d35"},"breadcrumb":{"@id":"https:\/\/aconteceunovale.com.br\/portal\/?p=183581#breadcrumb"},"inLanguage":"pt-BR","potentialAction":[{"@type":"ReadAction","target":["https:\/\/aconteceunovale.com.br\/portal\/?p=183581"]}]},{"@type":"ImageObject","inLanguage":"pt-BR","@id":"https:\/\/aconteceunovale.com.br\/portal\/?p=183581#primaryimage","url":"https:\/\/aconteceunovale.com.br\/portal\/wp-content\/uploads\/2021\/07\/vacina_100_milhoes.jpg","contentUrl":"https:\/\/aconteceunovale.com.br\/portal\/wp-content\/uploads\/2021\/07\/vacina_100_milhoes.jpg","width":678,"height":406,"caption":"Vacina\u00e7\u00e3o Covid ubs asa sul Bras\u00edlia-DF, 11\/06\/2021 Foto: Walterson Rosa\/MS"},{"@type":"BreadcrumbList","@id":"https:\/\/aconteceunovale.com.br\/portal\/?p=183581#breadcrumb","itemListElement":[{"@type":"ListItem","position":1,"name":"In\u00edcio","item":"https:\/\/aconteceunovale.com.br\/portal\/"},{"@type":"ListItem","position":2,"name":"Covid-19: Minas atinge 88% da popula\u00e7\u00e3o acima de 12 anos vacinada com a 1\u00aa dose"}]},{"@type":"WebSite","@id":"https:\/\/aconteceunovale.com.br\/portal\/#website","url":"https:\/\/aconteceunovale.com.br\/portal\/","name":"Aconteceu no Vale","description":"Portal de Not\u00edcias","potentialAction":[{"@type":"SearchAction","target":{"@type":"EntryPoint","urlTemplate":"https:\/\/aconteceunovale.com.br\/portal\/?s={search_term_string}"},"query-input":{"@type":"PropertyValueSpecification","valueRequired":true,"valueName":"search_term_string"}}],"inLanguage":"pt-BR"},{"@type":"Person","@id":"https:\/\/aconteceunovale.com.br\/portal\/#\/schema\/person\/7d2f26d1483f8a63de73da1ee0754d35","name":"Reda\u00e7\u00e3o Aconteceu no Vale","description":"Equipe de reportagem do Aconteceu no Vale, portal de not\u00edcias do Vale do Jequitinhonha, em Minas Gerais. Cobrimos as 51 cidades do Vale desde 2013. Sugest\u00f5es de pauta e pedidos de corre\u00e7\u00e3o: contato@aconteceunovale.com.br","url":"https:\/\/aconteceunovale.com.br\/portal\/?author=4"}]}},"_links":{"self":[{"href":"https:\/\/aconteceunovale.com.br\/portal\/index.php?rest_route=\/wp\/v2\/posts\/183581","targetHints":{"allow":["GET"]}}],"collection":[{"href":"https:\/\/aconteceunovale.com.br\/portal\/index.php?rest_route=\/wp\/v2\/posts"}],"about":[{"href":"https:\/\/aconteceunovale.com.br\/portal\/index.php?rest_route=\/wp\/v2\/types\/post"}],"author":[{"embeddable":true,"href":"https:\/\/aconteceunovale.com.br\/portal\/index.php?rest_route=\/wp\/v2\/users\/4"}],"replies":[{"embeddable":true,"href":"https:\/\/aconteceunovale.com.br\/portal\/index.php?rest_route=%2Fwp%2Fv2%2Fcomments&post=183581"}],"version-history":[{"count":2,"href":"https:\/\/aconteceunovale.com.br\/portal\/index.php?rest_route=\/wp\/v2\/posts\/183581\/revisions"}],"predecessor-version":[{"id":183583,"href":"https:\/\/aconteceunovale.com.br\/portal\/index.php?rest_route=\/wp\/v2\/posts\/183581\/revisions\/183583"}],"wp:featuredmedia":[{"embeddable":true,"href":"https:\/\/aconteceunovale.com.br\/portal\/index.php?rest_route=\/wp\/v2\/media\/180504"}],"wp:attachment":[{"href":"https:\/\/aconteceunovale.com.br\/portal\/index.php?rest_route=%2Fwp%2Fv2%2Fmedia&parent=183581"}],"wp:term":[{"taxonomy":"category","embeddable":true,"href":"https:\/\/aconteceunovale.com.br\/portal\/index.php?rest_route=%2Fwp%2Fv2%2Fcategories&post=183581"},{"taxonomy":"post_tag","embeddable":true,"href":"https:\/\/aconteceunovale.com.br\/portal\/index.php?rest_route=%2Fwp%2Fv2%2Ftags&post=183581"}],"curies":[{"name":"wp","href":"https:\/\/api.w.org\/{rel}","templated":true}]}}