{"id":183578,"date":"2021-11-04T17:00:29","date_gmt":"2021-11-04T20:00:29","guid":{"rendered":"https:\/\/aconteceunovale.com.br\/portal\/?p=183578"},"modified":"2021-11-04T17:02:20","modified_gmt":"2021-11-04T20:02:20","slug":"censo-2022-tera-26-perguntas-no-questionario-basico","status":"publish","type":"post","link":"https:\/\/aconteceunovale.com.br\/portal\/?p=183578","title":{"rendered":"Censo 2022 ter\u00e1 26 perguntas no question\u00e1rio b\u00e1sico"},"content":{"rendered":"\n<p class=\"wp-block-paragraph\">A coleta do Censo Demogr\u00e1fico 2022 ser\u00e1 realizada de junho a agosto de 2022, quando os recenseadores do Instituto Brasileiro de Geografia e Estat\u00edstica (IBGE) visitar\u00e3o cerca de 78 milh\u00f5es de domic\u00edlios no pa\u00eds. Ser\u00e3o utilizados dois tipos de question\u00e1rio: o\u00a0<a rel=\"noreferrer noopener\" href=\"https:\/\/censo2022.ibge.gov.br\/np_download\/censo2022\/questionario_basico_completo_CD2022_4prova.pdf\" target=\"_blank\">b\u00e1sico<\/a>\u00a0e o da\u00a0<a rel=\"noreferrer noopener\" href=\"https:\/\/censo2022.ibge.gov.br\/np_download\/censo2022\/questionario_amostra_completo_CD2022_4prova.pdf\" target=\"_blank\">amostra<\/a>.<\/p>\n\n\n\n<figure class=\"wp-block-gallery columns-1 is-cropped wp-block-gallery-1 is-layout-flex wp-block-gallery-is-layout-flex\"><ul class=\"blocks-gallery-grid\"><li class=\"blocks-gallery-item\"><figure><img loading=\"lazy\" decoding=\"async\" width=\"678\" height=\"406\" src=\"https:\/\/aconteceunovale.com.br\/portal\/wp-content\/uploads\/2021\/11\/censo_2022.jpg\" alt=\"\" data-id=\"183579\" data-full-url=\"https:\/\/aconteceunovale.com.br\/portal\/wp-content\/uploads\/2021\/11\/censo_2022.jpg\" data-link=\"https:\/\/aconteceunovale.com.br\/portal\/?attachment_id=183579\" class=\"wp-image-183579\" srcset=\"https:\/\/aconteceunovale.com.br\/portal\/wp-content\/uploads\/2021\/11\/censo_2022.jpg 678w, https:\/\/aconteceunovale.com.br\/portal\/wp-content\/uploads\/2021\/11\/censo_2022-300x180.jpg 300w\" sizes=\"auto, (max-width: 678px) 100vw, 678px\" \/><figcaption class=\"blocks-gallery-item__caption\"><em>Foto: T\u00e2nia R\u00eago\/Ag\u00eancia Brasil<\/em><\/figcaption><\/figure><\/li><\/ul><\/figure>\n\n\n\n<p class=\"wp-block-paragraph\">O question\u00e1rio b\u00e1sico da pesquisa conta com 26 quest\u00f5es e investiga as principais caracter\u00edsticas do domic\u00edlio e dos moradores. Al\u00e9m disso, uma parcela dos domic\u00edlios \u00e9 selecionada para responder ao question\u00e1rio da amostra, que tem 77 perguntas. Esse question\u00e1rio ser\u00e1 aplicado em aproximadamente 11% dos lares, ou seja, cerca de 8,5 milh\u00f5es de domic\u00edlios.<\/p>\n\n\n\n<p class=\"wp-block-paragraph\">Segundo o IBGE, a investiga\u00e7\u00e3o nos domic\u00edlios selecionados, efetuada por meio do question\u00e1rio da amostra, inclui, al\u00e9m dos quesitos presentes no question\u00e1rio b\u00e1sico, outros mais detalhados, bem como perguntas sobre temas espec\u00edficos: caracter\u00edsticas dos domic\u00edlios, identifica\u00e7\u00e3o \u00e9tnico-racial, nupcialidade, n\u00facleo familiar, fecundidade, religi\u00e3o ou culto, defici\u00eancia, migra\u00e7\u00e3o interna ou internacional, educa\u00e7\u00e3o, deslocamento para estudo, trabalho e rendimento, deslocamento para trabalho, mortalidade e autismo.<img decoding=\"async\" src=\"https:\/\/agenciabrasil.ebc.com.br\/ebc.png?id=1426553&amp;o=node\"><img decoding=\"async\" src=\"https:\/\/agenciabrasil.ebc.com.br\/ebc.gif?id=1426553&amp;o=node\"><\/p>\n\n\n\n<p class=\"wp-block-paragraph\">Entre as perguntas, est\u00e1 a que trata da presen\u00e7a de pessoas com autismo no domic\u00edlio, tema inclu\u00eddo no question\u00e1rio do censo, conforme a\u00a0<a rel=\"noreferrer noopener\" href=\"http:\/\/www.planalto.gov.br\/ccivil_03\/_ato2019-2022\/2019\/lei\/L13861.htm\" target=\"_blank\">Lei 13.861\/2019<\/a>.<\/p>\n\n\n\n<p class=\"wp-block-paragraph\">De acordo com o instituto, em rela\u00e7\u00e3o ao Censo de 2010, o n\u00famero de perguntas dos question\u00e1rios da pesquisa do pr\u00f3ximo ano foi reduzido de 34 para 26 no b\u00e1sico, e de 102 para 77 no question\u00e1rio da amostra.<\/p>\n\n\n\n<p class=\"wp-block-paragraph\">O IBGE informou que nenhuma pergunta foi retirada \u201csem que haja uma estrat\u00e9gia para seu levantamento por fontes alternativas ou uma justificativa t\u00e9cnica robusta, de modo que o censo seja preservado em suas s\u00e9ries hist\u00f3ricas e tem\u00e1ticas essenciais\u201d.<\/p>\n\n\n\n<p class=\"wp-block-paragraph\">\u201cDados sobre emigra\u00e7\u00e3o internacional, por exemplo, que foi o \u00fanico tema integralmente retirado da opera\u00e7\u00e3o, ser\u00e3o obtidos a partir de registros administrativos dispon\u00edveis no Minist\u00e9rio da Justi\u00e7a e Seguran\u00e7a P\u00fablica\u201d, disse o IBGE.<\/p>\n\n\n\n<p class=\"wp-block-paragraph\">Ainda segundo o instituto, informa\u00e7\u00f5es detalhadas sobre caracter\u00edsticas do domic\u00edlio, trabalho e rendimento ser\u00e3o levantadas por meio das pesquisas domiciliares amostrais regulares do IBGE, como a Pesquisa Nacional por Amostra de Domic\u00edlios (Pnad) Cont\u00ednua.<\/p>\n\n\n\n<p class=\"wp-block-paragraph\">\u201cO mesmo se aplica a quesitos sobre deslocamento, que, al\u00e9m de serem investigados por pesquisas tradicionais, poder\u00e3o ser objeto de estudos baseados em Big Data e minera\u00e7\u00e3o de dados, como j\u00e1 apontam algumas experi\u00eancias internacionais bem-sucedidas\u201d, completou o IBGE.<\/p>\n\n\n\n<h2 class=\"wp-block-heading\">Inova\u00e7\u00f5es tecnol\u00f3gicas<\/h2>\n\n\n\n<p class=\"wp-block-paragraph\">Os testes v\u00e3o avaliar, em campo, toda a infraestrutura tecnol\u00f3gica preparada para a opera\u00e7\u00e3o, como os dispositivos m\u00f3veis de coleta (DMC), semelhantes a um\u00a0<em>smartphone<\/em>, na cor azul, e os sistemas de capta\u00e7\u00e3o, transmiss\u00e3o e acompanhamento das informa\u00e7\u00f5es coletadas.<\/p>\n\n\n\n<p class=\"wp-block-paragraph\">Diferentemente do Censo 2010, os DMCs atuais t\u00eam\u00a0<em>chips<\/em>\u00a0com acesso \u00e0 internet que permitem a transmiss\u00e3o das informa\u00e7\u00f5es para o banco de dados do IBGE ao fim da coleta. Podem tamb\u00e9m fazer e receber chamadas dos moradores para realiza\u00e7\u00e3o das entrevistas.<\/p>\n\n\n\n<p class=\"wp-block-paragraph\">Os recenseadores podem, ainda, usar o equipamento para se comunicar com seus supervisores por aplicativos de mensagens, o que agiliza o esclarecimento de d\u00favidas. O pr\u00f3ximo censo far\u00e1 uso da tecnologia de armazenamento na nuvem para carregamento r\u00e1pido de insumos, como mapas e coordenadas, nos DMCs.<\/p>\n\n\n\n<p class=\"wp-block-paragraph\">De acordo com o IBGE, os\u00a0<em>data centers<\/em>\u00a0do instituto, localizados no Rio de Janeiro e em S\u00e3o Paulo, t\u00eam estrutura muito mais moderna e robusta para recebimento de grandes quantidades de informa\u00e7\u00f5es, com performance de alto desempenho e capacidade de processar dados com mais velocidade, agilizando o manuseio das informa\u00e7\u00f5es e a divulga\u00e7\u00e3o para a sociedade.<\/p>\n\n\n\n<p class=\"wp-block-paragraph\">\u201cMais de 200 mil pessoas estar\u00e3o envolvidas na coleta dos dados em todos os cantos do pa\u00eds, enviando uma grande quantidade de informa\u00e7\u00f5es para o IBGE. Com essas tecnologias, vamos fazer o acompanhamento e controle da coleta nos setores censit\u00e1rios de forma online e em tempo real. Para isso, todos esses equipamentos, sistemas de coleta, de gest\u00e3o de pessoal e de acompanhamento gerencial, e os question\u00e1rios precisam ser testados em campo\u201d, disse, em nota, o coordenador dos Servi\u00e7os de Inform\u00e1tica do IBGE, Jos\u00e9 Luiz Thomaselli Nogueira.<\/p>\n\n\n\n<h2 class=\"wp-block-heading\">Teste nacional at\u00e9 dezembro<\/h2>\n\n\n\n<p class=\"wp-block-paragraph\">O IBGE realizar\u00e1, de hoje (4) at\u00e9 meados\u00a0de dezembro, o primeiro teste nacional do Censo 2022. Foram escolhidos munic\u00edpios, bairros, distritos ou comunidades nas 27 unidades da federa\u00e7\u00e3o, que ser\u00e3o percorridos por cerca de 250 recenseadores.<\/p>\n\n\n\n<p class=\"wp-block-paragraph\">Os testes incluem todas as etapas do censo, desde os sistemas e equipamentos de coleta at\u00e9 o treinamento dos recenseadores, al\u00e9m da pesquisa sobre as caracter\u00edsticas do entorno dos domic\u00edlios e o modelo misto de entrevistas (presencial, pela\u00a0internet ou por telefone).<\/p>\n\n\n\n<p class=\"wp-block-paragraph\">O recenseamento de casa em casa, na maioria das localidades, vai at\u00e9 o fim de novembro. Ap\u00f3s o recenseamento, vem a fase de supervis\u00e3o e, depois, a pesquisa de p\u00f3s-enumera\u00e7\u00e3o, que avalia a cobertura e a qualidade da coleta de dados do estudo censit\u00e1rio.<\/p>\n\n\n\n<p class=\"wp-block-paragraph\">Para garantir a seguran\u00e7a dos recenseadores e dos moradores durante os testes, as equipes do IBGE v\u00e3o trabalhar seguindo protocolos sanit\u00e1rios de seguran\u00e7a contra a covid-19, com o uso de m\u00e1scara, higieniza\u00e7\u00e3o das m\u00e3os e equipamentos com \u00e1lcool em gel, al\u00e9m do distanciamento social.<\/p>\n\n\n\n<p class=\"wp-block-paragraph\">Os testes utilizar\u00e3o o novo modelo misto de coleta em que, al\u00e9m da entrevista presencial, os moradores poder\u00e3o optar pelo preenchimento do question\u00e1rio pela internet ou responder por telefone. A Central de Apoio \u00e0 Coleta dar\u00e1 suporte aos informantes que optarem pelo preenchimento dos question\u00e1rios pela internet nos casos de d\u00favidas ou alguma dificuldade de acesso ao question\u00e1rio.<\/p>\n\n\n\n<p class=\"wp-block-paragraph\">Os recenseadores v\u00e3o trabalhar uniformizados, com bon\u00e9, colete e bolsa azuis com a logomarca do IBGE. No colete, h\u00e1 tamb\u00e9m o crach\u00e1 de identifica\u00e7\u00e3o, com a foto e os n\u00fameros de matr\u00edcula e identidade do entrevistador. Os recenseadores usar\u00e3o um dispositivo m\u00f3vel de coleta de cor azul, semelhante a um\u00a0<em>smartphone<\/em>.<\/p>\n\n\n\n<p class=\"wp-block-paragraph\">Os moradores podem verificar a identidade de todos os entrevistadores do IBGE por meio do<em>\u00a0site<\/em>\u00a0respondendo.ibge.gov.br\u00a0ou do telefone\u00a00800 721 8181.<\/p>\n\n\n\n<p class=\"wp-block-paragraph\">&#8212;&#8212;&#8212;&#8212;&#8212;&#8212;<br><em>Quer receber as not\u00edcias do <strong>Aconteceu no Vale<\/strong> em primeira m\u00e3o? Siga-nos no Facebook <a rel=\"noreferrer noopener\" href=\"http:\/\/facebook.com\/aconteceunovale\" target=\"_blank\">@aconteceunovale<\/a>, Twitter <a rel=\"noreferrer noopener\" href=\"https:\/\/twitter.com\/noticiadosvales\" target=\"_blank\">@noticiadosvales<\/a> e Instagram <a rel=\"noreferrer noopener\" href=\"https:\/\/www.instagram.com\/aconteceunovale\" target=\"_blank\">@aconteceunovale<\/a>.<\/em><\/p>\n","protected":false},"excerpt":{"rendered":"<p>A coleta do Censo Demogr\u00e1fico 2022 ser\u00e1 realizada de junho a agosto de 2022, quando os recenseadores do Instituto Brasileiro de Geografia e Estat\u00edstica (IBGE) visitar\u00e3o cerca de 78 milh\u00f5es de domic\u00edlios no pa\u00eds. Ser\u00e3o utilizados dois tipos de question\u00e1rio: o\u00a0b\u00e1sico\u00a0e o da\u00a0amostra. O question\u00e1rio b\u00e1sico da pesquisa conta com 26 quest\u00f5es e investiga as [&hellip;]<\/p>\n","protected":false},"author":4,"featured_media":183579,"comment_status":"open","ping_status":"closed","sticky":false,"template":"","format":"standard","meta":{"amp_status":"","footnotes":""},"categories":[6],"tags":[254128,254129,254130,254131,1018,254132,254140,1062,254133,254144,254134,254138,254137,254141,254142,254135,254136,254139,254143],"class_list":["post-183578","post","type-post","status-publish","format-standard","has-post-thumbnail","hentry","category-br","tag-censo-2022","tag-censo-demografico-2022","tag-concurso-do-censo-demografico-2022","tag-concurso-publico-para-o-censo-2022","tag-destaque","tag-edital-concurso-censo-2022","tag-formularios-censo-2022","tag-ibge","tag-ibge-anuncia-concurso-para-o-censo-2022","tag-inovacoes-no-censo-2022","tag-ministro-do-supremo-determina-realizacao-do-censo-2022","tag-mudancas-no-censo-2022","tag-novidades-no-censo-2022","tag-perguntas-censo-2022","tag-pesquisa-do-censo-2022","tag-provas-do-censo-2022","tag-suspensao-de-provas-do-censo-2022","tag-teste-censo-2022","tag-teste-nacional-do-censo-2022"],"yoast_head":"<!-- This site is optimized with the Yoast SEO plugin v28.3 - https:\/\/yoast.com\/product\/yoast-seo-wordpress\/ -->\n<title>Censo 2022 ter\u00e1 26 perguntas no question\u00e1rio b\u00e1sico - Aconteceu no Vale<\/title>\n<meta name=\"robots\" content=\"index, follow, max-snippet:-1, max-image-preview:large, max-video-preview:-1\" \/>\n<link rel=\"canonical\" href=\"https:\/\/aconteceunovale.com.br\/portal\/?p=183578\" \/>\n<meta property=\"og:locale\" content=\"pt_BR\" \/>\n<meta property=\"og:type\" content=\"article\" \/>\n<meta property=\"og:title\" content=\"Censo 2022 ter\u00e1 26 perguntas no question\u00e1rio b\u00e1sico - Aconteceu no Vale\" \/>\n<meta property=\"og:description\" content=\"A coleta do Censo Demogr\u00e1fico 2022 ser\u00e1 realizada de junho a agosto de 2022, quando os recenseadores do Instituto Brasileiro de Geografia e Estat\u00edstica (IBGE) visitar\u00e3o cerca de 78 milh\u00f5es de domic\u00edlios no pa\u00eds. Ser\u00e3o utilizados dois tipos de question\u00e1rio: o\u00a0b\u00e1sico\u00a0e o da\u00a0amostra. O question\u00e1rio b\u00e1sico da pesquisa conta com 26 quest\u00f5es e investiga as [&hellip;]\" \/>\n<meta property=\"og:url\" content=\"https:\/\/aconteceunovale.com.br\/portal\/?p=183578\" \/>\n<meta property=\"og:site_name\" content=\"Aconteceu no Vale\" \/>\n<meta property=\"article:publisher\" content=\"https:\/\/www.facebook.com\/aconteceunovale\/\" \/>\n<meta property=\"article:published_time\" content=\"2021-11-04T20:00:29+00:00\" \/>\n<meta property=\"article:modified_time\" content=\"2021-11-04T20:02:20+00:00\" \/>\n<meta property=\"og:image\" content=\"https:\/\/aconteceunovale.com.br\/portal\/wp-content\/uploads\/2021\/11\/censo_2022.jpg\" \/>\n\t<meta property=\"og:image:width\" content=\"678\" \/>\n\t<meta property=\"og:image:height\" content=\"406\" \/>\n\t<meta property=\"og:image:type\" content=\"image\/jpeg\" \/>\n<meta name=\"author\" content=\"Reda\u00e7\u00e3o Aconteceu no Vale\" \/>\n<meta name=\"twitter:card\" content=\"summary_large_image\" \/>\n<meta name=\"twitter:creator\" content=\"@noticiadosvales\" \/>\n<meta name=\"twitter:site\" content=\"@noticiadosvales\" \/>\n<meta name=\"twitter:label1\" content=\"Escrito por\" \/>\n\t<meta name=\"twitter:data1\" content=\"Reda\u00e7\u00e3o Aconteceu no Vale\" \/>\n\t<meta name=\"twitter:label2\" content=\"Est. tempo de leitura\" \/>\n\t<meta name=\"twitter:data2\" content=\"5 minutos\" \/>\n<script type=\"application\/ld+json\" class=\"yoast-schema-graph\">{\"@context\":\"https:\\\/\\\/schema.org\",\"@graph\":[{\"@type\":\"Article\",\"@id\":\"https:\\\/\\\/aconteceunovale.com.br\\\/portal\\\/?p=183578#article\",\"isPartOf\":{\"@id\":\"https:\\\/\\\/aconteceunovale.com.br\\\/portal\\\/?p=183578\"},\"author\":{\"name\":\"Reda\u00e7\u00e3o Aconteceu no Vale\",\"@id\":\"https:\\\/\\\/aconteceunovale.com.br\\\/portal\\\/#\\\/schema\\\/person\\\/7d2f26d1483f8a63de73da1ee0754d35\"},\"headline\":\"Censo 2022 ter\u00e1 26 perguntas no question\u00e1rio b\u00e1sico\",\"datePublished\":\"2021-11-04T20:00:29+00:00\",\"dateModified\":\"2021-11-04T20:02:20+00:00\",\"mainEntityOfPage\":{\"@id\":\"https:\\\/\\\/aconteceunovale.com.br\\\/portal\\\/?p=183578\"},\"wordCount\":1093,\"commentCount\":0,\"image\":{\"@id\":\"https:\\\/\\\/aconteceunovale.com.br\\\/portal\\\/?p=183578#primaryimage\"},\"thumbnailUrl\":\"https:\\\/\\\/aconteceunovale.com.br\\\/portal\\\/wp-content\\\/uploads\\\/2021\\\/11\\\/censo_2022.jpg\",\"keywords\":[\"Censo 2022\",\"Censo Demogr\u00e1fico 2022\",\"Concurso do Censo Demogr\u00e1fico 2022\",\"Concurso p\u00fablico para o Censo 2022\",\"destaque\",\"Edital concurso Censo 2022\",\"Formul\u00e1rios Censo 2022\",\"ibge\",\"IBGE anuncia concurso para o Censo 2022\",\"Inova\u00e7\u00f5es no Censo 2022\",\"Ministro do Supremo determina realiza\u00e7\u00e3o do Censo 2022\",\"Mudan\u00e7as no Censo 2022\",\"Novidades no Censo 2022\",\"Perguntas Censo 2022\",\"Pesquisa do Censo 2022\",\"Provas do Censo 2022\",\"Suspens\u00e3o de provas do Censo 2022\",\"Teste Censo 2022\",\"Teste nacional do Censo 2022\"],\"articleSection\":[\"Brasil\"],\"inLanguage\":\"pt-BR\",\"potentialAction\":[{\"@type\":\"CommentAction\",\"name\":\"Comment\",\"target\":[\"https:\\\/\\\/aconteceunovale.com.br\\\/portal\\\/?p=183578#respond\"]}]},{\"@type\":\"WebPage\",\"@id\":\"https:\\\/\\\/aconteceunovale.com.br\\\/portal\\\/?p=183578\",\"url\":\"https:\\\/\\\/aconteceunovale.com.br\\\/portal\\\/?p=183578\",\"name\":\"Censo 2022 ter\u00e1 26 perguntas no question\u00e1rio b\u00e1sico - Aconteceu no Vale\",\"isPartOf\":{\"@id\":\"https:\\\/\\\/aconteceunovale.com.br\\\/portal\\\/#website\"},\"primaryImageOfPage\":{\"@id\":\"https:\\\/\\\/aconteceunovale.com.br\\\/portal\\\/?p=183578#primaryimage\"},\"image\":{\"@id\":\"https:\\\/\\\/aconteceunovale.com.br\\\/portal\\\/?p=183578#primaryimage\"},\"thumbnailUrl\":\"https:\\\/\\\/aconteceunovale.com.br\\\/portal\\\/wp-content\\\/uploads\\\/2021\\\/11\\\/censo_2022.jpg\",\"datePublished\":\"2021-11-04T20:00:29+00:00\",\"dateModified\":\"2021-11-04T20:02:20+00:00\",\"author\":{\"@id\":\"https:\\\/\\\/aconteceunovale.com.br\\\/portal\\\/#\\\/schema\\\/person\\\/7d2f26d1483f8a63de73da1ee0754d35\"},\"breadcrumb\":{\"@id\":\"https:\\\/\\\/aconteceunovale.com.br\\\/portal\\\/?p=183578#breadcrumb\"},\"inLanguage\":\"pt-BR\",\"potentialAction\":[{\"@type\":\"ReadAction\",\"target\":[\"https:\\\/\\\/aconteceunovale.com.br\\\/portal\\\/?p=183578\"]}]},{\"@type\":\"ImageObject\",\"inLanguage\":\"pt-BR\",\"@id\":\"https:\\\/\\\/aconteceunovale.com.br\\\/portal\\\/?p=183578#primaryimage\",\"url\":\"https:\\\/\\\/aconteceunovale.com.br\\\/portal\\\/wp-content\\\/uploads\\\/2021\\\/11\\\/censo_2022.jpg\",\"contentUrl\":\"https:\\\/\\\/aconteceunovale.com.br\\\/portal\\\/wp-content\\\/uploads\\\/2021\\\/11\\\/censo_2022.jpg\",\"width\":678,\"height\":406,\"caption\":\"O IBGE (Instituto Brasileiro de Geografia e Estat\u00edstica) faz primeiro teste preparat\u00f3rio do Censo Demogr\u00e1fico 2022, na Ilha de Paquet\u00e1, no Rio de Janeiro.\"},{\"@type\":\"BreadcrumbList\",\"@id\":\"https:\\\/\\\/aconteceunovale.com.br\\\/portal\\\/?p=183578#breadcrumb\",\"itemListElement\":[{\"@type\":\"ListItem\",\"position\":1,\"name\":\"In\u00edcio\",\"item\":\"https:\\\/\\\/aconteceunovale.com.br\\\/portal\\\/\"},{\"@type\":\"ListItem\",\"position\":2,\"name\":\"Censo 2022 ter\u00e1 26 perguntas no question\u00e1rio b\u00e1sico\"}]},{\"@type\":\"WebSite\",\"@id\":\"https:\\\/\\\/aconteceunovale.com.br\\\/portal\\\/#website\",\"url\":\"https:\\\/\\\/aconteceunovale.com.br\\\/portal\\\/\",\"name\":\"Aconteceu no Vale\",\"description\":\"Portal de Not\u00edcias\",\"potentialAction\":[{\"@type\":\"SearchAction\",\"target\":{\"@type\":\"EntryPoint\",\"urlTemplate\":\"https:\\\/\\\/aconteceunovale.com.br\\\/portal\\\/?s={search_term_string}\"},\"query-input\":{\"@type\":\"PropertyValueSpecification\",\"valueRequired\":true,\"valueName\":\"search_term_string\"}}],\"inLanguage\":\"pt-BR\"},{\"@type\":\"Person\",\"@id\":\"https:\\\/\\\/aconteceunovale.com.br\\\/portal\\\/#\\\/schema\\\/person\\\/7d2f26d1483f8a63de73da1ee0754d35\",\"name\":\"Reda\u00e7\u00e3o Aconteceu no Vale\",\"description\":\"Equipe de reportagem do Aconteceu no Vale, portal de not\u00edcias do Vale do Jequitinhonha, em Minas Gerais. Cobrimos as 51 cidades do Vale desde 2013. Sugest\u00f5es de pauta e pedidos de corre\u00e7\u00e3o: contato@aconteceunovale.com.br\",\"url\":\"https:\\\/\\\/aconteceunovale.com.br\\\/portal\\\/?author=4\"}]}<\/script>\n<!-- \/ Yoast SEO plugin. -->","yoast_head_json":{"title":"Censo 2022 ter\u00e1 26 perguntas no question\u00e1rio b\u00e1sico - Aconteceu no Vale","robots":{"index":"index","follow":"follow","max-snippet":"max-snippet:-1","max-image-preview":"max-image-preview:large","max-video-preview":"max-video-preview:-1"},"canonical":"https:\/\/aconteceunovale.com.br\/portal\/?p=183578","og_locale":"pt_BR","og_type":"article","og_title":"Censo 2022 ter\u00e1 26 perguntas no question\u00e1rio b\u00e1sico - Aconteceu no Vale","og_description":"A coleta do Censo Demogr\u00e1fico 2022 ser\u00e1 realizada de junho a agosto de 2022, quando os recenseadores do Instituto Brasileiro de Geografia e Estat\u00edstica (IBGE) visitar\u00e3o cerca de 78 milh\u00f5es de domic\u00edlios no pa\u00eds. Ser\u00e3o utilizados dois tipos de question\u00e1rio: o\u00a0b\u00e1sico\u00a0e o da\u00a0amostra. O question\u00e1rio b\u00e1sico da pesquisa conta com 26 quest\u00f5es e investiga as [&hellip;]","og_url":"https:\/\/aconteceunovale.com.br\/portal\/?p=183578","og_site_name":"Aconteceu no Vale","article_publisher":"https:\/\/www.facebook.com\/aconteceunovale\/","article_published_time":"2021-11-04T20:00:29+00:00","article_modified_time":"2021-11-04T20:02:20+00:00","og_image":[{"width":678,"height":406,"url":"https:\/\/aconteceunovale.com.br\/portal\/wp-content\/uploads\/2021\/11\/censo_2022.jpg","type":"image\/jpeg"}],"author":"Reda\u00e7\u00e3o Aconteceu no Vale","twitter_card":"summary_large_image","twitter_creator":"@noticiadosvales","twitter_site":"@noticiadosvales","twitter_misc":{"Escrito por":"Reda\u00e7\u00e3o Aconteceu no Vale","Est. tempo de leitura":"5 minutos"},"schema":{"@context":"https:\/\/schema.org","@graph":[{"@type":"Article","@id":"https:\/\/aconteceunovale.com.br\/portal\/?p=183578#article","isPartOf":{"@id":"https:\/\/aconteceunovale.com.br\/portal\/?p=183578"},"author":{"name":"Reda\u00e7\u00e3o Aconteceu no Vale","@id":"https:\/\/aconteceunovale.com.br\/portal\/#\/schema\/person\/7d2f26d1483f8a63de73da1ee0754d35"},"headline":"Censo 2022 ter\u00e1 26 perguntas no question\u00e1rio b\u00e1sico","datePublished":"2021-11-04T20:00:29+00:00","dateModified":"2021-11-04T20:02:20+00:00","mainEntityOfPage":{"@id":"https:\/\/aconteceunovale.com.br\/portal\/?p=183578"},"wordCount":1093,"commentCount":0,"image":{"@id":"https:\/\/aconteceunovale.com.br\/portal\/?p=183578#primaryimage"},"thumbnailUrl":"https:\/\/aconteceunovale.com.br\/portal\/wp-content\/uploads\/2021\/11\/censo_2022.jpg","keywords":["Censo 2022","Censo Demogr\u00e1fico 2022","Concurso do Censo Demogr\u00e1fico 2022","Concurso p\u00fablico para o Censo 2022","destaque","Edital concurso Censo 2022","Formul\u00e1rios Censo 2022","ibge","IBGE anuncia concurso para o Censo 2022","Inova\u00e7\u00f5es no Censo 2022","Ministro do Supremo determina realiza\u00e7\u00e3o do Censo 2022","Mudan\u00e7as no Censo 2022","Novidades no Censo 2022","Perguntas Censo 2022","Pesquisa do Censo 2022","Provas do Censo 2022","Suspens\u00e3o de provas do Censo 2022","Teste Censo 2022","Teste nacional do Censo 2022"],"articleSection":["Brasil"],"inLanguage":"pt-BR","potentialAction":[{"@type":"CommentAction","name":"Comment","target":["https:\/\/aconteceunovale.com.br\/portal\/?p=183578#respond"]}]},{"@type":"WebPage","@id":"https:\/\/aconteceunovale.com.br\/portal\/?p=183578","url":"https:\/\/aconteceunovale.com.br\/portal\/?p=183578","name":"Censo 2022 ter\u00e1 26 perguntas no question\u00e1rio b\u00e1sico - Aconteceu no Vale","isPartOf":{"@id":"https:\/\/aconteceunovale.com.br\/portal\/#website"},"primaryImageOfPage":{"@id":"https:\/\/aconteceunovale.com.br\/portal\/?p=183578#primaryimage"},"image":{"@id":"https:\/\/aconteceunovale.com.br\/portal\/?p=183578#primaryimage"},"thumbnailUrl":"https:\/\/aconteceunovale.com.br\/portal\/wp-content\/uploads\/2021\/11\/censo_2022.jpg","datePublished":"2021-11-04T20:00:29+00:00","dateModified":"2021-11-04T20:02:20+00:00","author":{"@id":"https:\/\/aconteceunovale.com.br\/portal\/#\/schema\/person\/7d2f26d1483f8a63de73da1ee0754d35"},"breadcrumb":{"@id":"https:\/\/aconteceunovale.com.br\/portal\/?p=183578#breadcrumb"},"inLanguage":"pt-BR","potentialAction":[{"@type":"ReadAction","target":["https:\/\/aconteceunovale.com.br\/portal\/?p=183578"]}]},{"@type":"ImageObject","inLanguage":"pt-BR","@id":"https:\/\/aconteceunovale.com.br\/portal\/?p=183578#primaryimage","url":"https:\/\/aconteceunovale.com.br\/portal\/wp-content\/uploads\/2021\/11\/censo_2022.jpg","contentUrl":"https:\/\/aconteceunovale.com.br\/portal\/wp-content\/uploads\/2021\/11\/censo_2022.jpg","width":678,"height":406,"caption":"O IBGE (Instituto Brasileiro de Geografia e Estat\u00edstica) faz primeiro teste preparat\u00f3rio do Censo Demogr\u00e1fico 2022, na Ilha de Paquet\u00e1, no Rio de Janeiro."},{"@type":"BreadcrumbList","@id":"https:\/\/aconteceunovale.com.br\/portal\/?p=183578#breadcrumb","itemListElement":[{"@type":"ListItem","position":1,"name":"In\u00edcio","item":"https:\/\/aconteceunovale.com.br\/portal\/"},{"@type":"ListItem","position":2,"name":"Censo 2022 ter\u00e1 26 perguntas no question\u00e1rio b\u00e1sico"}]},{"@type":"WebSite","@id":"https:\/\/aconteceunovale.com.br\/portal\/#website","url":"https:\/\/aconteceunovale.com.br\/portal\/","name":"Aconteceu no Vale","description":"Portal de Not\u00edcias","potentialAction":[{"@type":"SearchAction","target":{"@type":"EntryPoint","urlTemplate":"https:\/\/aconteceunovale.com.br\/portal\/?s={search_term_string}"},"query-input":{"@type":"PropertyValueSpecification","valueRequired":true,"valueName":"search_term_string"}}],"inLanguage":"pt-BR"},{"@type":"Person","@id":"https:\/\/aconteceunovale.com.br\/portal\/#\/schema\/person\/7d2f26d1483f8a63de73da1ee0754d35","name":"Reda\u00e7\u00e3o Aconteceu no Vale","description":"Equipe de reportagem do Aconteceu no Vale, portal de not\u00edcias do Vale do Jequitinhonha, em Minas Gerais. Cobrimos as 51 cidades do Vale desde 2013. Sugest\u00f5es de pauta e pedidos de corre\u00e7\u00e3o: contato@aconteceunovale.com.br","url":"https:\/\/aconteceunovale.com.br\/portal\/?author=4"}]}},"_links":{"self":[{"href":"https:\/\/aconteceunovale.com.br\/portal\/index.php?rest_route=\/wp\/v2\/posts\/183578","targetHints":{"allow":["GET"]}}],"collection":[{"href":"https:\/\/aconteceunovale.com.br\/portal\/index.php?rest_route=\/wp\/v2\/posts"}],"about":[{"href":"https:\/\/aconteceunovale.com.br\/portal\/index.php?rest_route=\/wp\/v2\/types\/post"}],"author":[{"embeddable":true,"href":"https:\/\/aconteceunovale.com.br\/portal\/index.php?rest_route=\/wp\/v2\/users\/4"}],"replies":[{"embeddable":true,"href":"https:\/\/aconteceunovale.com.br\/portal\/index.php?rest_route=%2Fwp%2Fv2%2Fcomments&post=183578"}],"version-history":[{"count":1,"href":"https:\/\/aconteceunovale.com.br\/portal\/index.php?rest_route=\/wp\/v2\/posts\/183578\/revisions"}],"predecessor-version":[{"id":183580,"href":"https:\/\/aconteceunovale.com.br\/portal\/index.php?rest_route=\/wp\/v2\/posts\/183578\/revisions\/183580"}],"wp:featuredmedia":[{"embeddable":true,"href":"https:\/\/aconteceunovale.com.br\/portal\/index.php?rest_route=\/wp\/v2\/media\/183579"}],"wp:attachment":[{"href":"https:\/\/aconteceunovale.com.br\/portal\/index.php?rest_route=%2Fwp%2Fv2%2Fmedia&parent=183578"}],"wp:term":[{"taxonomy":"category","embeddable":true,"href":"https:\/\/aconteceunovale.com.br\/portal\/index.php?rest_route=%2Fwp%2Fv2%2Fcategories&post=183578"},{"taxonomy":"post_tag","embeddable":true,"href":"https:\/\/aconteceunovale.com.br\/portal\/index.php?rest_route=%2Fwp%2Fv2%2Ftags&post=183578"}],"curies":[{"name":"wp","href":"https:\/\/api.w.org\/{rel}","templated":true}]}}