{"id":183575,"date":"2021-11-04T16:50:57","date_gmt":"2021-11-04T19:50:57","guid":{"rendered":"https:\/\/aconteceunovale.com.br\/portal\/?p=183575"},"modified":"2021-11-04T16:52:17","modified_gmt":"2021-11-04T19:52:17","slug":"claro-tim-e-vivo-arrematam-lotes-na-faixa-de-35-ghz-do-leilao-da-tecnologia-5g","status":"publish","type":"post","link":"https:\/\/aconteceunovale.com.br\/portal\/?p=183575","title":{"rendered":"Claro, Tim e Vivo arrematam lotes na faixa de 3,5 GHz do leil\u00e3o da tecnologia 5G"},"content":{"rendered":"\n<p class=\"wp-block-paragraph\">As operadoras Claro, Vivo e TIM arremataram tr\u00eas lotes na faixa de 3,5 GHz, o principal do leil\u00e3o da tecnologia m\u00f3vel 5G, realizado hoje (4\/11\/2021) pela Ag\u00eancia Nacional de Telecomunica\u00e7\u00f5es (Anatel). A Winity II Telecom levou a frequ\u00eancia de 700 MHz, e como \u00e9 uma empresa ainda n\u00e3o detentora de faixa de radiofrequ\u00eancia, o Brasil ter\u00e1 uma nova operadora m\u00f3vel com abrang\u00eancia nacional.<img decoding=\"async\" src=\"https:\/\/agenciabrasil.ebc.com.br\/ebc.png?id=1426559&amp;o=node\"><img decoding=\"async\" src=\"https:\/\/agenciabrasil.ebc.com.br\/ebc.gif?id=1426559&amp;o=node\"><\/p>\n\n\n\n<figure class=\"wp-block-gallery columns-1 is-cropped wp-block-gallery-1 is-layout-flex wp-block-gallery-is-layout-flex\"><ul class=\"blocks-gallery-grid\"><li class=\"blocks-gallery-item\"><figure><img loading=\"lazy\" decoding=\"async\" width=\"678\" height=\"406\" src=\"https:\/\/aconteceunovale.com.br\/portal\/wp-content\/uploads\/2021\/11\/leilao_5g_1.jpg\" alt=\"\" data-id=\"183576\" data-full-url=\"https:\/\/aconteceunovale.com.br\/portal\/wp-content\/uploads\/2021\/11\/leilao_5g_1.jpg\" data-link=\"https:\/\/aconteceunovale.com.br\/portal\/?attachment_id=183576\" class=\"wp-image-183576\" srcset=\"https:\/\/aconteceunovale.com.br\/portal\/wp-content\/uploads\/2021\/11\/leilao_5g_1.jpg 678w, https:\/\/aconteceunovale.com.br\/portal\/wp-content\/uploads\/2021\/11\/leilao_5g_1-300x180.jpg 300w\" sizes=\"auto, (max-width: 678px) 100vw, 678px\" \/><figcaption class=\"blocks-gallery-item__caption\"><em>Foto: Jos\u00e9 Cruz\/Ag\u00eancia Brasil<\/em><\/figcaption><\/figure><\/li><\/ul><\/figure>\n\n\n\n<p class=\"wp-block-paragraph\">O leil\u00e3o come\u00e7ou nesta quinta-feira e deve terminar s\u00f3 amanh\u00e3 (5). Ainda ser\u00e3o analisadas as propostas para as faixas de 2,3 GHz e de 26 GHz.<\/p>\n\n\n\n<p class=\"wp-block-paragraph\">As frequ\u00eancias t\u00eam finalidades espec\u00edficas e em cada faixa as empresas d\u00e3o os lances em lotes diferentes. Os lances vencedores na faixa de 3,5 GHz foram: R$ 338 milh\u00f5es (\u00e1gio de 5,18%, valor acima do m\u00ednimo previsto no edital) da operadora Claro para o lote B1; R$ 420 milh\u00f5es (\u00e1gio de 30,69%) da Vivo para o lote B2; e R$ 351 milh\u00f5es (\u00e1gio de 9,22%) da TIM para o lote B3.<\/p>\n\n\n\n<p class=\"wp-block-paragraph\">O edital previa ainda um quarto lote na faixa de 3,5 GHz, com abrang\u00eancia nacional, mas n\u00e3o houve lance. O direito de explora\u00e7\u00e3o das faixas ser\u00e1 de at\u00e9 20 anos.<\/p>\n\n\n\n<p class=\"wp-block-paragraph\">As empresas vencedoras t\u00eam compromissos de investimento definidos pelo Minist\u00e9rio das Comunica\u00e7\u00f5es e aprovadas pelo Tribunal de Contas da Uni\u00e3o (TCU) e pela Anatel. O objetivo das contrapartidas \u00e9 sanar as defici\u00eancias de infraestrutura, modernizar as tecnologias de redes e massificar o acesso a servi\u00e7os de telecomunica\u00e7\u00f5es do pa\u00eds.<\/p>\n\n\n\n<p class=\"wp-block-paragraph\">Entre os compromissos est\u00e3o migrar o sinal da TV parab\u00f3lica para liberar a faixa de 3,5GHz para o 5G, arcando com os custos; construir uma rede privativa de comunica\u00e7\u00e3o para a administra\u00e7\u00e3o federal; instalar rede de fibra \u00f3ptica, via fluvial, na Regi\u00e3o Amaz\u00f4nica; levar fibra \u00f3ptica para o interior do pa\u00eds; e disponibilizar o 5G em todos as capitais at\u00e9 julho de 2022.<\/p>\n\n\n\n<h2 class=\"wp-block-heading\">Faixa de 700 MHz<\/h2>\n\n\n\n<p class=\"wp-block-paragraph\">A Winity II Telecom ofereceu o maior lance, R$ 1,427 bilh\u00e3o na primeira faixa a ser leiloada, de 700 MHz, de abrang\u00eancia nacional. O valor pago \u00e9 805% superior ao m\u00ednimo exigido.<\/p>\n\n\n\n<p class=\"wp-block-paragraph\">A operadora tem direito \u00e0 explora\u00e7\u00e3o do servi\u00e7o por 20 anos, que pode ser prorrogado, e prev\u00ea o cumprimento da obriga\u00e7\u00e3o de construir infraestrutura de cobertura 4G em 625 localidades do pa\u00eds que n\u00e3o t\u00eam acesso \u00e0 internet e em 31 mil quil\u00f4metros de rodovias federais.<\/p>\n\n\n\n<p class=\"wp-block-paragraph\">O 5G \u00e9 uma nova tecnologia que amplia a velocidade da conex\u00e3o m\u00f3vel e reduz a lat\u00eancia, permitindo novos servi\u00e7os com conex\u00e3o com seguran\u00e7a e estabilidade, que abrem espa\u00e7o para o uso de novos servi\u00e7os em diversas \u00e1reas, como ind\u00fastria, sa\u00fade, agricultura e na produ\u00e7\u00e3o e difus\u00e3o de conte\u00fados.<\/p>\n\n\n\n<p class=\"wp-block-paragraph\">O leil\u00e3o tem valor de arrecada\u00e7\u00e3o total previsto de cerca de R$ 50 bilh\u00f5es, caso todos os lotes sejam arrematados. Desse total, R$ 10 bilh\u00f5es ser\u00e3o em outorgas para o governo e os outros R$ 40 bilh\u00f5es ser\u00e3o utilizados pelas empresas nas obriga\u00e7\u00f5es estabelecidas.<\/p>\n\n\n\n<p class=\"wp-block-paragraph\">&#8212;&#8212;&#8212;&#8212;&#8212;&#8212;<br><em>Quer receber as not\u00edcias do <strong>Aconteceu no Vale<\/strong> em primeira m\u00e3o? Siga-nos no Facebook <a rel=\"noreferrer noopener\" href=\"http:\/\/facebook.com\/aconteceunovale\" target=\"_blank\">@aconteceunovale<\/a>, Twitter <a rel=\"noreferrer noopener\" href=\"https:\/\/twitter.com\/noticiadosvales\" target=\"_blank\">@noticiadosvales<\/a> e Instagram <a rel=\"noreferrer noopener\" href=\"https:\/\/www.instagram.com\/aconteceunovale\" target=\"_blank\">@aconteceunovale<\/a>.<\/em><\/p>\n","protected":false},"excerpt":{"rendered":"<p>As operadoras Claro, Vivo e TIM arremataram tr\u00eas lotes na faixa de 3,5 GHz, o principal do leil\u00e3o da tecnologia m\u00f3vel 5G, realizado hoje (4\/11\/2021) pela Ag\u00eancia Nacional de Telecomunica\u00e7\u00f5es (Anatel). A Winity II Telecom levou a frequ\u00eancia de 700 MHz, e como \u00e9 uma empresa ainda n\u00e3o detentora de faixa de radiofrequ\u00eancia, o Brasil [&hellip;]<\/p>\n","protected":false},"author":4,"featured_media":182164,"comment_status":"open","ping_status":"closed","sticky":false,"template":"","format":"standard","meta":{"amp_status":"","footnotes":""},"categories":[6],"tags":[142703,250029,19797,251800,251803,4785,23612,251802,251801,251081,26159,19693,254127,254126],"class_list":["post-183575","post","type-post","status-publish","format-standard","has-post-thumbnail","hentry","category-br","tag-5g","tag-5g-no-brasil","tag-anatel","tag-anatel-aprova-leilao-da-tecnologia-5g","tag-aprovacao-do-edital-do-5g","tag-brasil","tag-claro","tag-data-do-leilao-do-5g","tag-leilao-da-tecnologia-5g","tag-leilao-do-5g","tag-tim","tag-vivo","tag-winity","tag-winity-ii-telecom"],"yoast_head":"<!-- This site is optimized with the Yoast SEO plugin v28.3 - https:\/\/yoast.com\/product\/yoast-seo-wordpress\/ -->\n<title>Claro, Tim e Vivo arrematam lotes na faixa de 3,5 GHz do leil\u00e3o da tecnologia 5G - Aconteceu no Vale<\/title>\n<meta name=\"robots\" content=\"index, follow, max-snippet:-1, max-image-preview:large, max-video-preview:-1\" \/>\n<link rel=\"canonical\" href=\"https:\/\/aconteceunovale.com.br\/portal\/?p=183575\" \/>\n<meta property=\"og:locale\" content=\"pt_BR\" \/>\n<meta property=\"og:type\" content=\"article\" \/>\n<meta property=\"og:title\" content=\"Claro, Tim e Vivo arrematam lotes na faixa de 3,5 GHz do leil\u00e3o da tecnologia 5G - Aconteceu no Vale\" \/>\n<meta property=\"og:description\" content=\"As operadoras Claro, Vivo e TIM arremataram tr\u00eas lotes na faixa de 3,5 GHz, o principal do leil\u00e3o da tecnologia m\u00f3vel 5G, realizado hoje (4\/11\/2021) pela Ag\u00eancia Nacional de Telecomunica\u00e7\u00f5es (Anatel). A Winity II Telecom levou a frequ\u00eancia de 700 MHz, e como \u00e9 uma empresa ainda n\u00e3o detentora de faixa de radiofrequ\u00eancia, o Brasil [&hellip;]\" \/>\n<meta property=\"og:url\" content=\"https:\/\/aconteceunovale.com.br\/portal\/?p=183575\" \/>\n<meta property=\"og:site_name\" content=\"Aconteceu no Vale\" \/>\n<meta property=\"article:publisher\" content=\"https:\/\/www.facebook.com\/aconteceunovale\/\" \/>\n<meta property=\"article:published_time\" content=\"2021-11-04T19:50:57+00:00\" \/>\n<meta property=\"article:modified_time\" content=\"2021-11-04T19:52:17+00:00\" \/>\n<meta property=\"og:image\" content=\"https:\/\/aconteceunovale.com.br\/portal\/wp-content\/uploads\/2021\/09\/5g_leilao.jpeg\" \/>\n\t<meta property=\"og:image:width\" content=\"678\" \/>\n\t<meta property=\"og:image:height\" content=\"331\" \/>\n\t<meta property=\"og:image:type\" content=\"image\/jpeg\" \/>\n<meta name=\"author\" content=\"Reda\u00e7\u00e3o Aconteceu no Vale\" \/>\n<meta name=\"twitter:card\" content=\"summary_large_image\" \/>\n<meta name=\"twitter:creator\" content=\"@noticiadosvales\" \/>\n<meta name=\"twitter:site\" content=\"@noticiadosvales\" \/>\n<meta name=\"twitter:label1\" content=\"Escrito por\" \/>\n\t<meta name=\"twitter:data1\" content=\"Reda\u00e7\u00e3o Aconteceu no Vale\" \/>\n\t<meta name=\"twitter:label2\" content=\"Est. tempo de leitura\" \/>\n\t<meta name=\"twitter:data2\" content=\"3 minutos\" \/>\n<script type=\"application\/ld+json\" class=\"yoast-schema-graph\">{\"@context\":\"https:\\\/\\\/schema.org\",\"@graph\":[{\"@type\":\"Article\",\"@id\":\"https:\\\/\\\/aconteceunovale.com.br\\\/portal\\\/?p=183575#article\",\"isPartOf\":{\"@id\":\"https:\\\/\\\/aconteceunovale.com.br\\\/portal\\\/?p=183575\"},\"author\":{\"name\":\"Reda\u00e7\u00e3o Aconteceu no Vale\",\"@id\":\"https:\\\/\\\/aconteceunovale.com.br\\\/portal\\\/#\\\/schema\\\/person\\\/7d2f26d1483f8a63de73da1ee0754d35\"},\"headline\":\"Claro, Tim e Vivo arrematam lotes na faixa de 3,5 GHz do leil\u00e3o da tecnologia 5G\",\"datePublished\":\"2021-11-04T19:50:57+00:00\",\"dateModified\":\"2021-11-04T19:52:17+00:00\",\"mainEntityOfPage\":{\"@id\":\"https:\\\/\\\/aconteceunovale.com.br\\\/portal\\\/?p=183575\"},\"wordCount\":560,\"commentCount\":0,\"image\":{\"@id\":\"https:\\\/\\\/aconteceunovale.com.br\\\/portal\\\/?p=183575#primaryimage\"},\"thumbnailUrl\":\"https:\\\/\\\/aconteceunovale.com.br\\\/portal\\\/wp-content\\\/uploads\\\/2021\\\/09\\\/5g_leilao.jpeg\",\"keywords\":[\"5G\",\"5G no Brasil\",\"Anatel\",\"Anatel aprova leil\u00e3o da tecnologia 5G\",\"Aprova\u00e7\u00e3o do edital do 5G\",\"brasil\",\"Claro\",\"Data do leil\u00e3o do 5G\",\"Leil\u00e3o da tecnologia 5G\",\"Leil\u00e3o do 5G\",\"TIM\",\"Vivo\",\"Winity\",\"Winity II Telecom\"],\"articleSection\":[\"Brasil\"],\"inLanguage\":\"pt-BR\",\"potentialAction\":[{\"@type\":\"CommentAction\",\"name\":\"Comment\",\"target\":[\"https:\\\/\\\/aconteceunovale.com.br\\\/portal\\\/?p=183575#respond\"]}]},{\"@type\":\"WebPage\",\"@id\":\"https:\\\/\\\/aconteceunovale.com.br\\\/portal\\\/?p=183575\",\"url\":\"https:\\\/\\\/aconteceunovale.com.br\\\/portal\\\/?p=183575\",\"name\":\"Claro, Tim e Vivo arrematam lotes na faixa de 3,5 GHz do leil\u00e3o da tecnologia 5G - Aconteceu no Vale\",\"isPartOf\":{\"@id\":\"https:\\\/\\\/aconteceunovale.com.br\\\/portal\\\/#website\"},\"primaryImageOfPage\":{\"@id\":\"https:\\\/\\\/aconteceunovale.com.br\\\/portal\\\/?p=183575#primaryimage\"},\"image\":{\"@id\":\"https:\\\/\\\/aconteceunovale.com.br\\\/portal\\\/?p=183575#primaryimage\"},\"thumbnailUrl\":\"https:\\\/\\\/aconteceunovale.com.br\\\/portal\\\/wp-content\\\/uploads\\\/2021\\\/09\\\/5g_leilao.jpeg\",\"datePublished\":\"2021-11-04T19:50:57+00:00\",\"dateModified\":\"2021-11-04T19:52:17+00:00\",\"author\":{\"@id\":\"https:\\\/\\\/aconteceunovale.com.br\\\/portal\\\/#\\\/schema\\\/person\\\/7d2f26d1483f8a63de73da1ee0754d35\"},\"breadcrumb\":{\"@id\":\"https:\\\/\\\/aconteceunovale.com.br\\\/portal\\\/?p=183575#breadcrumb\"},\"inLanguage\":\"pt-BR\",\"potentialAction\":[{\"@type\":\"ReadAction\",\"target\":[\"https:\\\/\\\/aconteceunovale.com.br\\\/portal\\\/?p=183575\"]}]},{\"@type\":\"ImageObject\",\"inLanguage\":\"pt-BR\",\"@id\":\"https:\\\/\\\/aconteceunovale.com.br\\\/portal\\\/?p=183575#primaryimage\",\"url\":\"https:\\\/\\\/aconteceunovale.com.br\\\/portal\\\/wp-content\\\/uploads\\\/2021\\\/09\\\/5g_leilao.jpeg\",\"contentUrl\":\"https:\\\/\\\/aconteceunovale.com.br\\\/portal\\\/wp-content\\\/uploads\\\/2021\\\/09\\\/5g_leilao.jpeg\",\"width\":678,\"height\":331},{\"@type\":\"BreadcrumbList\",\"@id\":\"https:\\\/\\\/aconteceunovale.com.br\\\/portal\\\/?p=183575#breadcrumb\",\"itemListElement\":[{\"@type\":\"ListItem\",\"position\":1,\"name\":\"In\u00edcio\",\"item\":\"https:\\\/\\\/aconteceunovale.com.br\\\/portal\\\/\"},{\"@type\":\"ListItem\",\"position\":2,\"name\":\"Claro, Tim e Vivo arrematam lotes na faixa de 3,5 GHz do leil\u00e3o da tecnologia 5G\"}]},{\"@type\":\"WebSite\",\"@id\":\"https:\\\/\\\/aconteceunovale.com.br\\\/portal\\\/#website\",\"url\":\"https:\\\/\\\/aconteceunovale.com.br\\\/portal\\\/\",\"name\":\"Aconteceu no Vale\",\"description\":\"Portal de Not\u00edcias\",\"potentialAction\":[{\"@type\":\"SearchAction\",\"target\":{\"@type\":\"EntryPoint\",\"urlTemplate\":\"https:\\\/\\\/aconteceunovale.com.br\\\/portal\\\/?s={search_term_string}\"},\"query-input\":{\"@type\":\"PropertyValueSpecification\",\"valueRequired\":true,\"valueName\":\"search_term_string\"}}],\"inLanguage\":\"pt-BR\"},{\"@type\":\"Person\",\"@id\":\"https:\\\/\\\/aconteceunovale.com.br\\\/portal\\\/#\\\/schema\\\/person\\\/7d2f26d1483f8a63de73da1ee0754d35\",\"name\":\"Reda\u00e7\u00e3o Aconteceu no Vale\",\"description\":\"Equipe de reportagem do Aconteceu no Vale, portal de not\u00edcias do Vale do Jequitinhonha, em Minas Gerais. Cobrimos as 51 cidades do Vale desde 2013. Sugest\u00f5es de pauta e pedidos de corre\u00e7\u00e3o: contato@aconteceunovale.com.br\",\"url\":\"https:\\\/\\\/aconteceunovale.com.br\\\/portal\\\/?author=4\"}]}<\/script>\n<!-- \/ Yoast SEO plugin. -->","yoast_head_json":{"title":"Claro, Tim e Vivo arrematam lotes na faixa de 3,5 GHz do leil\u00e3o da tecnologia 5G - Aconteceu no Vale","robots":{"index":"index","follow":"follow","max-snippet":"max-snippet:-1","max-image-preview":"max-image-preview:large","max-video-preview":"max-video-preview:-1"},"canonical":"https:\/\/aconteceunovale.com.br\/portal\/?p=183575","og_locale":"pt_BR","og_type":"article","og_title":"Claro, Tim e Vivo arrematam lotes na faixa de 3,5 GHz do leil\u00e3o da tecnologia 5G - Aconteceu no Vale","og_description":"As operadoras Claro, Vivo e TIM arremataram tr\u00eas lotes na faixa de 3,5 GHz, o principal do leil\u00e3o da tecnologia m\u00f3vel 5G, realizado hoje (4\/11\/2021) pela Ag\u00eancia Nacional de Telecomunica\u00e7\u00f5es (Anatel). A Winity II Telecom levou a frequ\u00eancia de 700 MHz, e como \u00e9 uma empresa ainda n\u00e3o detentora de faixa de radiofrequ\u00eancia, o Brasil [&hellip;]","og_url":"https:\/\/aconteceunovale.com.br\/portal\/?p=183575","og_site_name":"Aconteceu no Vale","article_publisher":"https:\/\/www.facebook.com\/aconteceunovale\/","article_published_time":"2021-11-04T19:50:57+00:00","article_modified_time":"2021-11-04T19:52:17+00:00","og_image":[{"width":678,"height":331,"url":"https:\/\/aconteceunovale.com.br\/portal\/wp-content\/uploads\/2021\/09\/5g_leilao.jpeg","type":"image\/jpeg"}],"author":"Reda\u00e7\u00e3o Aconteceu no Vale","twitter_card":"summary_large_image","twitter_creator":"@noticiadosvales","twitter_site":"@noticiadosvales","twitter_misc":{"Escrito por":"Reda\u00e7\u00e3o Aconteceu no Vale","Est. tempo de leitura":"3 minutos"},"schema":{"@context":"https:\/\/schema.org","@graph":[{"@type":"Article","@id":"https:\/\/aconteceunovale.com.br\/portal\/?p=183575#article","isPartOf":{"@id":"https:\/\/aconteceunovale.com.br\/portal\/?p=183575"},"author":{"name":"Reda\u00e7\u00e3o Aconteceu no Vale","@id":"https:\/\/aconteceunovale.com.br\/portal\/#\/schema\/person\/7d2f26d1483f8a63de73da1ee0754d35"},"headline":"Claro, Tim e Vivo arrematam lotes na faixa de 3,5 GHz do leil\u00e3o da tecnologia 5G","datePublished":"2021-11-04T19:50:57+00:00","dateModified":"2021-11-04T19:52:17+00:00","mainEntityOfPage":{"@id":"https:\/\/aconteceunovale.com.br\/portal\/?p=183575"},"wordCount":560,"commentCount":0,"image":{"@id":"https:\/\/aconteceunovale.com.br\/portal\/?p=183575#primaryimage"},"thumbnailUrl":"https:\/\/aconteceunovale.com.br\/portal\/wp-content\/uploads\/2021\/09\/5g_leilao.jpeg","keywords":["5G","5G no Brasil","Anatel","Anatel aprova leil\u00e3o da tecnologia 5G","Aprova\u00e7\u00e3o do edital do 5G","brasil","Claro","Data do leil\u00e3o do 5G","Leil\u00e3o da tecnologia 5G","Leil\u00e3o do 5G","TIM","Vivo","Winity","Winity II Telecom"],"articleSection":["Brasil"],"inLanguage":"pt-BR","potentialAction":[{"@type":"CommentAction","name":"Comment","target":["https:\/\/aconteceunovale.com.br\/portal\/?p=183575#respond"]}]},{"@type":"WebPage","@id":"https:\/\/aconteceunovale.com.br\/portal\/?p=183575","url":"https:\/\/aconteceunovale.com.br\/portal\/?p=183575","name":"Claro, Tim e Vivo arrematam lotes na faixa de 3,5 GHz do leil\u00e3o da tecnologia 5G - Aconteceu no Vale","isPartOf":{"@id":"https:\/\/aconteceunovale.com.br\/portal\/#website"},"primaryImageOfPage":{"@id":"https:\/\/aconteceunovale.com.br\/portal\/?p=183575#primaryimage"},"image":{"@id":"https:\/\/aconteceunovale.com.br\/portal\/?p=183575#primaryimage"},"thumbnailUrl":"https:\/\/aconteceunovale.com.br\/portal\/wp-content\/uploads\/2021\/09\/5g_leilao.jpeg","datePublished":"2021-11-04T19:50:57+00:00","dateModified":"2021-11-04T19:52:17+00:00","author":{"@id":"https:\/\/aconteceunovale.com.br\/portal\/#\/schema\/person\/7d2f26d1483f8a63de73da1ee0754d35"},"breadcrumb":{"@id":"https:\/\/aconteceunovale.com.br\/portal\/?p=183575#breadcrumb"},"inLanguage":"pt-BR","potentialAction":[{"@type":"ReadAction","target":["https:\/\/aconteceunovale.com.br\/portal\/?p=183575"]}]},{"@type":"ImageObject","inLanguage":"pt-BR","@id":"https:\/\/aconteceunovale.com.br\/portal\/?p=183575#primaryimage","url":"https:\/\/aconteceunovale.com.br\/portal\/wp-content\/uploads\/2021\/09\/5g_leilao.jpeg","contentUrl":"https:\/\/aconteceunovale.com.br\/portal\/wp-content\/uploads\/2021\/09\/5g_leilao.jpeg","width":678,"height":331},{"@type":"BreadcrumbList","@id":"https:\/\/aconteceunovale.com.br\/portal\/?p=183575#breadcrumb","itemListElement":[{"@type":"ListItem","position":1,"name":"In\u00edcio","item":"https:\/\/aconteceunovale.com.br\/portal\/"},{"@type":"ListItem","position":2,"name":"Claro, Tim e Vivo arrematam lotes na faixa de 3,5 GHz do leil\u00e3o da tecnologia 5G"}]},{"@type":"WebSite","@id":"https:\/\/aconteceunovale.com.br\/portal\/#website","url":"https:\/\/aconteceunovale.com.br\/portal\/","name":"Aconteceu no Vale","description":"Portal de Not\u00edcias","potentialAction":[{"@type":"SearchAction","target":{"@type":"EntryPoint","urlTemplate":"https:\/\/aconteceunovale.com.br\/portal\/?s={search_term_string}"},"query-input":{"@type":"PropertyValueSpecification","valueRequired":true,"valueName":"search_term_string"}}],"inLanguage":"pt-BR"},{"@type":"Person","@id":"https:\/\/aconteceunovale.com.br\/portal\/#\/schema\/person\/7d2f26d1483f8a63de73da1ee0754d35","name":"Reda\u00e7\u00e3o Aconteceu no Vale","description":"Equipe de reportagem do Aconteceu no Vale, portal de not\u00edcias do Vale do Jequitinhonha, em Minas Gerais. Cobrimos as 51 cidades do Vale desde 2013. Sugest\u00f5es de pauta e pedidos de corre\u00e7\u00e3o: contato@aconteceunovale.com.br","url":"https:\/\/aconteceunovale.com.br\/portal\/?author=4"}]}},"_links":{"self":[{"href":"https:\/\/aconteceunovale.com.br\/portal\/index.php?rest_route=\/wp\/v2\/posts\/183575","targetHints":{"allow":["GET"]}}],"collection":[{"href":"https:\/\/aconteceunovale.com.br\/portal\/index.php?rest_route=\/wp\/v2\/posts"}],"about":[{"href":"https:\/\/aconteceunovale.com.br\/portal\/index.php?rest_route=\/wp\/v2\/types\/post"}],"author":[{"embeddable":true,"href":"https:\/\/aconteceunovale.com.br\/portal\/index.php?rest_route=\/wp\/v2\/users\/4"}],"replies":[{"embeddable":true,"href":"https:\/\/aconteceunovale.com.br\/portal\/index.php?rest_route=%2Fwp%2Fv2%2Fcomments&post=183575"}],"version-history":[{"count":1,"href":"https:\/\/aconteceunovale.com.br\/portal\/index.php?rest_route=\/wp\/v2\/posts\/183575\/revisions"}],"predecessor-version":[{"id":183577,"href":"https:\/\/aconteceunovale.com.br\/portal\/index.php?rest_route=\/wp\/v2\/posts\/183575\/revisions\/183577"}],"wp:featuredmedia":[{"embeddable":true,"href":"https:\/\/aconteceunovale.com.br\/portal\/index.php?rest_route=\/wp\/v2\/media\/182164"}],"wp:attachment":[{"href":"https:\/\/aconteceunovale.com.br\/portal\/index.php?rest_route=%2Fwp%2Fv2%2Fmedia&parent=183575"}],"wp:term":[{"taxonomy":"category","embeddable":true,"href":"https:\/\/aconteceunovale.com.br\/portal\/index.php?rest_route=%2Fwp%2Fv2%2Fcategories&post=183575"},{"taxonomy":"post_tag","embeddable":true,"href":"https:\/\/aconteceunovale.com.br\/portal\/index.php?rest_route=%2Fwp%2Fv2%2Ftags&post=183575"}],"curies":[{"name":"wp","href":"https:\/\/api.w.org\/{rel}","templated":true}]}}