{"id":183572,"date":"2021-11-04T11:48:07","date_gmt":"2021-11-04T14:48:07","guid":{"rendered":"https:\/\/aconteceunovale.com.br\/portal\/?p=183572"},"modified":"2026-09-02T12:47:20","modified_gmt":"2026-09-02T15:47:20","slug":"jovem-e-preso-com-13-quilos-de-maconha-em-diamantina","status":"publish","type":"post","link":"https:\/\/aconteceunovale.com.br\/portal\/?p=183572","title":{"rendered":"Jovem \u00e9 preso com 13 quilos de maconha em Diamantina"},"content":{"rendered":"\n<p class=\"wp-block-paragraph\">Um jovem de 18 anos foi preso em Diamantina, no Vale do Jequitinhonha, nessa quarta-feira (3\/11\/2021). Segundo informa\u00e7\u00f5es da Pol\u00edcia Civil de Minas Gerais (PCMG), ele foi abordado na rodovia BR-367, na sa\u00edda para Gouveia, e flagrado com 13 quilos de maconha prensada em uma mala.<\/p>\n\n\n\n<figure class=\"wp-block-gallery columns-1 is-cropped wp-block-gallery-1 is-layout-flex wp-block-gallery-is-layout-flex\"><ul class=\"blocks-gallery-grid\"><li class=\"blocks-gallery-item\"><figure><img loading=\"lazy\" decoding=\"async\" width=\"678\" height=\"426\" src=\"https:\/\/aconteceunovale.com.br\/portal\/wp-content\/uploads\/2021\/11\/droga_diamantina2.jpg\" alt=\"\" data-id=\"183573\" data-full-url=\"https:\/\/aconteceunovale.com.br\/portal\/wp-content\/uploads\/2021\/11\/droga_diamantina2.jpg\" data-link=\"https:\/\/aconteceunovale.com.br\/portal\/?attachment_id=183573\" class=\"wp-image-183573\" srcset=\"https:\/\/aconteceunovale.com.br\/portal\/wp-content\/uploads\/2021\/11\/droga_diamantina2.jpg 678w, https:\/\/aconteceunovale.com.br\/portal\/wp-content\/uploads\/2021\/11\/droga_diamantina2-300x188.jpg 300w, https:\/\/aconteceunovale.com.br\/portal\/wp-content\/uploads\/2021\/11\/droga_diamantina2-668x420.jpg 668w\" sizes=\"auto, (max-width: 678px) 100vw, 678px\" \/><figcaption class=\"blocks-gallery-item__caption\"><em>Foto: Divulga\u00e7\u00e3o \/ PCMG<\/em><\/figcaption><\/figure><\/li><\/ul><\/figure>\n\n\n\n<p class=\"wp-block-paragraph\">De acordo com as investiga\u00e7\u00f5es, a droga seria distribu\u00edda em Diamantina pelo suspeito J.H.S.A, que adquiria o material em Belo Horizonte e utilizava servi\u00e7o de t\u00e1xi para chegar a Diamantina. O carregamento foi interceptado pela equipe de Repress\u00e3o a Crimes de T\u00f3xicos e Entorpecentes, da Delegacia Regional, ap\u00f3s dois meses de monitoramento do investigado.<\/p>\n\n\n\n<p class=\"wp-block-paragraph\">Ainda segundo a PCMG, essa foi a maior apreens\u00e3o de drogas do ano em Diamantina. O preso foi autuado por tr\u00e1fico de entorpecentes e encaminhado ao Sistema Prisional.<\/p>\n\n\n\n<p class=\"wp-block-paragraph\">&#8212;&#8212;&#8212;&#8212;&#8212;&#8212;<br><em>Quer receber as not\u00edcias do <strong>Aconteceu no Vale<\/strong> em primeira m\u00e3o? Siga-nos no Facebook <a rel=\"noreferrer noopener\" href=\"http:\/\/facebook.com\/aconteceunovale\" target=\"_blank\">@aconteceunovale<\/a>, Twitter <a rel=\"noreferrer noopener\" href=\"https:\/\/twitter.com\/noticiadosvales\" target=\"_blank\">@noticiadosvales<\/a> e Instagram <a rel=\"noreferrer noopener\" href=\"https:\/\/www.instagram.com\/aconteceunovale\" target=\"_blank\">@aconteceunovale<\/a>.<\/em><\/p>\n","protected":false},"excerpt":{"rendered":"<p>Um jovem de 18 anos foi preso em Diamantina, no Vale do Jequitinhonha, nessa quarta-feira (3\/11\/2021). Segundo informa\u00e7\u00f5es da Pol\u00edcia Civil de Minas Gerais (PCMG), ele foi abordado na rodovia BR-367, na sa\u00edda para Gouveia, e flagrado com 13 quilos de maconha prensada em uma mala. De acordo com as investiga\u00e7\u00f5es, a droga seria distribu\u00edda [&hellip;]<\/p>\n","protected":false},"author":4,"featured_media":183573,"comment_status":"open","ping_status":"closed","sticky":false,"template":"","format":"standard","meta":{"amp_status":"","footnotes":""},"categories":[272543,120],"tags":[161728,194,1017,2016,198,2998,254124,226145,254123,254125,237604,237603],"class_list":["post-183572","post","type-post","status-publish","format-standard","has-post-thumbnail","hentry","category-diamantina","category-jequi","tag-apreensao-de-maconha-em-diamantina","tag-belo-horizonte","tag-bh","tag-br-367","tag-diamantina","tag-gouveia","tag-jovem-e-preso-com-13-kg-de-maconha-em-diamantina","tag-maconha-apreendida-em-diamantina","tag-policia-civil-apreende-13-kg-de-maconha-em-diamantina","tag-preso-com-maconha-em-diamantina","tag-prisao-de-traficante-em-diamantina","tag-traficante-preso-em-diamantina"],"yoast_head":"<!-- This site is optimized with the Yoast SEO plugin v28.3 - https:\/\/yoast.com\/product\/yoast-seo-wordpress\/ -->\n<title>Jovem \u00e9 preso com 13 quilos de maconha em Diamantina - Aconteceu no Vale<\/title>\n<meta name=\"robots\" content=\"index, follow, max-snippet:-1, max-image-preview:large, max-video-preview:-1\" \/>\n<link rel=\"canonical\" href=\"https:\/\/aconteceunovale.com.br\/portal\/?p=183572\" \/>\n<meta property=\"og:locale\" content=\"pt_BR\" \/>\n<meta property=\"og:type\" content=\"article\" \/>\n<meta property=\"og:title\" content=\"Jovem \u00e9 preso com 13 quilos de maconha em Diamantina - Aconteceu no Vale\" \/>\n<meta property=\"og:description\" content=\"Um jovem de 18 anos foi preso em Diamantina, no Vale do Jequitinhonha, nessa quarta-feira (3\/11\/2021). Segundo informa\u00e7\u00f5es da Pol\u00edcia Civil de Minas Gerais (PCMG), ele foi abordado na rodovia BR-367, na sa\u00edda para Gouveia, e flagrado com 13 quilos de maconha prensada em uma mala. De acordo com as investiga\u00e7\u00f5es, a droga seria distribu\u00edda [&hellip;]\" \/>\n<meta property=\"og:url\" content=\"https:\/\/aconteceunovale.com.br\/portal\/?p=183572\" \/>\n<meta property=\"og:site_name\" content=\"Aconteceu no Vale\" \/>\n<meta property=\"article:publisher\" content=\"https:\/\/www.facebook.com\/aconteceunovale\/\" \/>\n<meta property=\"article:published_time\" content=\"2021-11-04T14:48:07+00:00\" \/>\n<meta property=\"article:modified_time\" content=\"2026-09-02T15:47:20+00:00\" \/>\n<meta property=\"og:image\" content=\"https:\/\/aconteceunovale.com.br\/portal\/wp-content\/uploads\/2021\/11\/droga_diamantina2.jpg\" \/>\n\t<meta property=\"og:image:width\" content=\"678\" \/>\n\t<meta property=\"og:image:height\" content=\"426\" \/>\n\t<meta property=\"og:image:type\" content=\"image\/jpeg\" \/>\n<meta name=\"author\" content=\"Reda\u00e7\u00e3o Aconteceu no Vale\" \/>\n<meta name=\"twitter:card\" content=\"summary_large_image\" \/>\n<meta name=\"twitter:creator\" content=\"@noticiadosvales\" \/>\n<meta name=\"twitter:site\" content=\"@noticiadosvales\" \/>\n<meta name=\"twitter:label1\" content=\"Escrito por\" \/>\n\t<meta name=\"twitter:data1\" content=\"Reda\u00e7\u00e3o Aconteceu no Vale\" \/>\n\t<meta name=\"twitter:label2\" content=\"Est. tempo de leitura\" \/>\n\t<meta name=\"twitter:data2\" content=\"1 minuto\" \/>\n<script type=\"application\/ld+json\" class=\"yoast-schema-graph\">{\"@context\":\"https:\\\/\\\/schema.org\",\"@graph\":[{\"@type\":\"Article\",\"@id\":\"https:\\\/\\\/aconteceunovale.com.br\\\/portal\\\/?p=183572#article\",\"isPartOf\":{\"@id\":\"https:\\\/\\\/aconteceunovale.com.br\\\/portal\\\/?p=183572\"},\"author\":{\"name\":\"Reda\u00e7\u00e3o Aconteceu no Vale\",\"@id\":\"https:\\\/\\\/aconteceunovale.com.br\\\/portal\\\/#\\\/schema\\\/person\\\/7d2f26d1483f8a63de73da1ee0754d35\"},\"headline\":\"Jovem \u00e9 preso com 13 quilos de maconha em Diamantina\",\"datePublished\":\"2021-11-04T14:48:07+00:00\",\"dateModified\":\"2026-09-02T15:47:20+00:00\",\"mainEntityOfPage\":{\"@id\":\"https:\\\/\\\/aconteceunovale.com.br\\\/portal\\\/?p=183572\"},\"wordCount\":175,\"commentCount\":0,\"image\":{\"@id\":\"https:\\\/\\\/aconteceunovale.com.br\\\/portal\\\/?p=183572#primaryimage\"},\"thumbnailUrl\":\"https:\\\/\\\/aconteceunovale.com.br\\\/portal\\\/wp-content\\\/uploads\\\/2021\\\/11\\\/droga_diamantina2.jpg\",\"keywords\":[\"Apreens\u00e3o de maconha em Diamantina\",\"Belo Horizonte\",\"bh\",\"br-367\",\"Diamantina\",\"Gouveia\",\"Jovem \u00e9 preso com 13 kg de maconha em Diamantina\",\"Maconha apreendida em Diamantina\",\"Pol\u00edcia Civil apreende 13 kg de maconha em Diamantina\",\"Preso com maconha em Diamantina\",\"Pris\u00e3o de traficante em Diamantina\",\"Traficante preso em Diamantina\"],\"articleSection\":[\"Diamantina\",\"Vale do Jequitinhonha\"],\"inLanguage\":\"pt-BR\",\"potentialAction\":[{\"@type\":\"CommentAction\",\"name\":\"Comment\",\"target\":[\"https:\\\/\\\/aconteceunovale.com.br\\\/portal\\\/?p=183572#respond\"]}]},{\"@type\":\"WebPage\",\"@id\":\"https:\\\/\\\/aconteceunovale.com.br\\\/portal\\\/?p=183572\",\"url\":\"https:\\\/\\\/aconteceunovale.com.br\\\/portal\\\/?p=183572\",\"name\":\"Jovem \u00e9 preso com 13 quilos de maconha em Diamantina - Aconteceu no Vale\",\"isPartOf\":{\"@id\":\"https:\\\/\\\/aconteceunovale.com.br\\\/portal\\\/#website\"},\"primaryImageOfPage\":{\"@id\":\"https:\\\/\\\/aconteceunovale.com.br\\\/portal\\\/?p=183572#primaryimage\"},\"image\":{\"@id\":\"https:\\\/\\\/aconteceunovale.com.br\\\/portal\\\/?p=183572#primaryimage\"},\"thumbnailUrl\":\"https:\\\/\\\/aconteceunovale.com.br\\\/portal\\\/wp-content\\\/uploads\\\/2021\\\/11\\\/droga_diamantina2.jpg\",\"datePublished\":\"2021-11-04T14:48:07+00:00\",\"dateModified\":\"2026-09-02T15:47:20+00:00\",\"author\":{\"@id\":\"https:\\\/\\\/aconteceunovale.com.br\\\/portal\\\/#\\\/schema\\\/person\\\/7d2f26d1483f8a63de73da1ee0754d35\"},\"breadcrumb\":{\"@id\":\"https:\\\/\\\/aconteceunovale.com.br\\\/portal\\\/?p=183572#breadcrumb\"},\"inLanguage\":\"pt-BR\",\"potentialAction\":[{\"@type\":\"ReadAction\",\"target\":[\"https:\\\/\\\/aconteceunovale.com.br\\\/portal\\\/?p=183572\"]}]},{\"@type\":\"ImageObject\",\"inLanguage\":\"pt-BR\",\"@id\":\"https:\\\/\\\/aconteceunovale.com.br\\\/portal\\\/?p=183572#primaryimage\",\"url\":\"https:\\\/\\\/aconteceunovale.com.br\\\/portal\\\/wp-content\\\/uploads\\\/2021\\\/11\\\/droga_diamantina2.jpg\",\"contentUrl\":\"https:\\\/\\\/aconteceunovale.com.br\\\/portal\\\/wp-content\\\/uploads\\\/2021\\\/11\\\/droga_diamantina2.jpg\",\"width\":678,\"height\":426},{\"@type\":\"BreadcrumbList\",\"@id\":\"https:\\\/\\\/aconteceunovale.com.br\\\/portal\\\/?p=183572#breadcrumb\",\"itemListElement\":[{\"@type\":\"ListItem\",\"position\":1,\"name\":\"In\u00edcio\",\"item\":\"https:\\\/\\\/aconteceunovale.com.br\\\/portal\\\/\"},{\"@type\":\"ListItem\",\"position\":2,\"name\":\"Jovem \u00e9 preso com 13 quilos de maconha em Diamantina\"}]},{\"@type\":\"WebSite\",\"@id\":\"https:\\\/\\\/aconteceunovale.com.br\\\/portal\\\/#website\",\"url\":\"https:\\\/\\\/aconteceunovale.com.br\\\/portal\\\/\",\"name\":\"Aconteceu no Vale\",\"description\":\"Portal de Not\u00edcias\",\"potentialAction\":[{\"@type\":\"SearchAction\",\"target\":{\"@type\":\"EntryPoint\",\"urlTemplate\":\"https:\\\/\\\/aconteceunovale.com.br\\\/portal\\\/?s={search_term_string}\"},\"query-input\":{\"@type\":\"PropertyValueSpecification\",\"valueRequired\":true,\"valueName\":\"search_term_string\"}}],\"inLanguage\":\"pt-BR\"},{\"@type\":\"Person\",\"@id\":\"https:\\\/\\\/aconteceunovale.com.br\\\/portal\\\/#\\\/schema\\\/person\\\/7d2f26d1483f8a63de73da1ee0754d35\",\"name\":\"Reda\u00e7\u00e3o Aconteceu no Vale\",\"description\":\"Equipe de reportagem do Aconteceu no Vale, portal de not\u00edcias do Vale do Jequitinhonha, em Minas Gerais. Cobrimos as 51 cidades do Vale desde 2013. Sugest\u00f5es de pauta e pedidos de corre\u00e7\u00e3o: contato@aconteceunovale.com.br\",\"url\":\"https:\\\/\\\/aconteceunovale.com.br\\\/portal\\\/?author=4\"}]}<\/script>\n<!-- \/ Yoast SEO plugin. -->","yoast_head_json":{"title":"Jovem \u00e9 preso com 13 quilos de maconha em Diamantina - Aconteceu no Vale","robots":{"index":"index","follow":"follow","max-snippet":"max-snippet:-1","max-image-preview":"max-image-preview:large","max-video-preview":"max-video-preview:-1"},"canonical":"https:\/\/aconteceunovale.com.br\/portal\/?p=183572","og_locale":"pt_BR","og_type":"article","og_title":"Jovem \u00e9 preso com 13 quilos de maconha em Diamantina - Aconteceu no Vale","og_description":"Um jovem de 18 anos foi preso em Diamantina, no Vale do Jequitinhonha, nessa quarta-feira (3\/11\/2021). Segundo informa\u00e7\u00f5es da Pol\u00edcia Civil de Minas Gerais (PCMG), ele foi abordado na rodovia BR-367, na sa\u00edda para Gouveia, e flagrado com 13 quilos de maconha prensada em uma mala. De acordo com as investiga\u00e7\u00f5es, a droga seria distribu\u00edda [&hellip;]","og_url":"https:\/\/aconteceunovale.com.br\/portal\/?p=183572","og_site_name":"Aconteceu no Vale","article_publisher":"https:\/\/www.facebook.com\/aconteceunovale\/","article_published_time":"2021-11-04T14:48:07+00:00","article_modified_time":"2026-09-02T15:47:20+00:00","og_image":[{"width":678,"height":426,"url":"https:\/\/aconteceunovale.com.br\/portal\/wp-content\/uploads\/2021\/11\/droga_diamantina2.jpg","type":"image\/jpeg"}],"author":"Reda\u00e7\u00e3o Aconteceu no Vale","twitter_card":"summary_large_image","twitter_creator":"@noticiadosvales","twitter_site":"@noticiadosvales","twitter_misc":{"Escrito por":"Reda\u00e7\u00e3o Aconteceu no Vale","Est. tempo de leitura":"1 minuto"},"schema":{"@context":"https:\/\/schema.org","@graph":[{"@type":"Article","@id":"https:\/\/aconteceunovale.com.br\/portal\/?p=183572#article","isPartOf":{"@id":"https:\/\/aconteceunovale.com.br\/portal\/?p=183572"},"author":{"name":"Reda\u00e7\u00e3o Aconteceu no Vale","@id":"https:\/\/aconteceunovale.com.br\/portal\/#\/schema\/person\/7d2f26d1483f8a63de73da1ee0754d35"},"headline":"Jovem \u00e9 preso com 13 quilos de maconha em Diamantina","datePublished":"2021-11-04T14:48:07+00:00","dateModified":"2026-09-02T15:47:20+00:00","mainEntityOfPage":{"@id":"https:\/\/aconteceunovale.com.br\/portal\/?p=183572"},"wordCount":175,"commentCount":0,"image":{"@id":"https:\/\/aconteceunovale.com.br\/portal\/?p=183572#primaryimage"},"thumbnailUrl":"https:\/\/aconteceunovale.com.br\/portal\/wp-content\/uploads\/2021\/11\/droga_diamantina2.jpg","keywords":["Apreens\u00e3o de maconha em Diamantina","Belo Horizonte","bh","br-367","Diamantina","Gouveia","Jovem \u00e9 preso com 13 kg de maconha em Diamantina","Maconha apreendida em Diamantina","Pol\u00edcia Civil apreende 13 kg de maconha em Diamantina","Preso com maconha em Diamantina","Pris\u00e3o de traficante em Diamantina","Traficante preso em Diamantina"],"articleSection":["Diamantina","Vale do Jequitinhonha"],"inLanguage":"pt-BR","potentialAction":[{"@type":"CommentAction","name":"Comment","target":["https:\/\/aconteceunovale.com.br\/portal\/?p=183572#respond"]}]},{"@type":"WebPage","@id":"https:\/\/aconteceunovale.com.br\/portal\/?p=183572","url":"https:\/\/aconteceunovale.com.br\/portal\/?p=183572","name":"Jovem \u00e9 preso com 13 quilos de maconha em Diamantina - Aconteceu no Vale","isPartOf":{"@id":"https:\/\/aconteceunovale.com.br\/portal\/#website"},"primaryImageOfPage":{"@id":"https:\/\/aconteceunovale.com.br\/portal\/?p=183572#primaryimage"},"image":{"@id":"https:\/\/aconteceunovale.com.br\/portal\/?p=183572#primaryimage"},"thumbnailUrl":"https:\/\/aconteceunovale.com.br\/portal\/wp-content\/uploads\/2021\/11\/droga_diamantina2.jpg","datePublished":"2021-11-04T14:48:07+00:00","dateModified":"2026-09-02T15:47:20+00:00","author":{"@id":"https:\/\/aconteceunovale.com.br\/portal\/#\/schema\/person\/7d2f26d1483f8a63de73da1ee0754d35"},"breadcrumb":{"@id":"https:\/\/aconteceunovale.com.br\/portal\/?p=183572#breadcrumb"},"inLanguage":"pt-BR","potentialAction":[{"@type":"ReadAction","target":["https:\/\/aconteceunovale.com.br\/portal\/?p=183572"]}]},{"@type":"ImageObject","inLanguage":"pt-BR","@id":"https:\/\/aconteceunovale.com.br\/portal\/?p=183572#primaryimage","url":"https:\/\/aconteceunovale.com.br\/portal\/wp-content\/uploads\/2021\/11\/droga_diamantina2.jpg","contentUrl":"https:\/\/aconteceunovale.com.br\/portal\/wp-content\/uploads\/2021\/11\/droga_diamantina2.jpg","width":678,"height":426},{"@type":"BreadcrumbList","@id":"https:\/\/aconteceunovale.com.br\/portal\/?p=183572#breadcrumb","itemListElement":[{"@type":"ListItem","position":1,"name":"In\u00edcio","item":"https:\/\/aconteceunovale.com.br\/portal\/"},{"@type":"ListItem","position":2,"name":"Jovem \u00e9 preso com 13 quilos de maconha em Diamantina"}]},{"@type":"WebSite","@id":"https:\/\/aconteceunovale.com.br\/portal\/#website","url":"https:\/\/aconteceunovale.com.br\/portal\/","name":"Aconteceu no Vale","description":"Portal de Not\u00edcias","potentialAction":[{"@type":"SearchAction","target":{"@type":"EntryPoint","urlTemplate":"https:\/\/aconteceunovale.com.br\/portal\/?s={search_term_string}"},"query-input":{"@type":"PropertyValueSpecification","valueRequired":true,"valueName":"search_term_string"}}],"inLanguage":"pt-BR"},{"@type":"Person","@id":"https:\/\/aconteceunovale.com.br\/portal\/#\/schema\/person\/7d2f26d1483f8a63de73da1ee0754d35","name":"Reda\u00e7\u00e3o Aconteceu no Vale","description":"Equipe de reportagem do Aconteceu no Vale, portal de not\u00edcias do Vale do Jequitinhonha, em Minas Gerais. Cobrimos as 51 cidades do Vale desde 2013. Sugest\u00f5es de pauta e pedidos de corre\u00e7\u00e3o: contato@aconteceunovale.com.br","url":"https:\/\/aconteceunovale.com.br\/portal\/?author=4"}]}},"_links":{"self":[{"href":"https:\/\/aconteceunovale.com.br\/portal\/index.php?rest_route=\/wp\/v2\/posts\/183572","targetHints":{"allow":["GET"]}}],"collection":[{"href":"https:\/\/aconteceunovale.com.br\/portal\/index.php?rest_route=\/wp\/v2\/posts"}],"about":[{"href":"https:\/\/aconteceunovale.com.br\/portal\/index.php?rest_route=\/wp\/v2\/types\/post"}],"author":[{"embeddable":true,"href":"https:\/\/aconteceunovale.com.br\/portal\/index.php?rest_route=\/wp\/v2\/users\/4"}],"replies":[{"embeddable":true,"href":"https:\/\/aconteceunovale.com.br\/portal\/index.php?rest_route=%2Fwp%2Fv2%2Fcomments&post=183572"}],"version-history":[{"count":1,"href":"https:\/\/aconteceunovale.com.br\/portal\/index.php?rest_route=\/wp\/v2\/posts\/183572\/revisions"}],"predecessor-version":[{"id":183574,"href":"https:\/\/aconteceunovale.com.br\/portal\/index.php?rest_route=\/wp\/v2\/posts\/183572\/revisions\/183574"}],"wp:featuredmedia":[{"embeddable":true,"href":"https:\/\/aconteceunovale.com.br\/portal\/index.php?rest_route=\/wp\/v2\/media\/183573"}],"wp:attachment":[{"href":"https:\/\/aconteceunovale.com.br\/portal\/index.php?rest_route=%2Fwp%2Fv2%2Fmedia&parent=183572"}],"wp:term":[{"taxonomy":"category","embeddable":true,"href":"https:\/\/aconteceunovale.com.br\/portal\/index.php?rest_route=%2Fwp%2Fv2%2Fcategories&post=183572"},{"taxonomy":"post_tag","embeddable":true,"href":"https:\/\/aconteceunovale.com.br\/portal\/index.php?rest_route=%2Fwp%2Fv2%2Ftags&post=183572"}],"curies":[{"name":"wp","href":"https:\/\/api.w.org\/{rel}","templated":true}]}}