{"id":183568,"date":"2021-11-04T11:24:03","date_gmt":"2021-11-04T14:24:03","guid":{"rendered":"https:\/\/aconteceunovale.com.br\/portal\/?p=183568"},"modified":"2021-11-04T11:26:16","modified_gmt":"2021-11-04T14:26:16","slug":"eleicoes-2022-brasileiros-tem-seis-meses-para-tirar-ou-regularizar-o-titulo-de-eleitor","status":"publish","type":"post","link":"https:\/\/aconteceunovale.com.br\/portal\/?p=183568","title":{"rendered":"Elei\u00e7\u00f5es 2022: cidad\u00e3os t\u00eam seis meses para tirar ou regularizar o t\u00edtulo de eleitor"},"content":{"rendered":"\n<p class=\"wp-block-paragraph\">Ainda falta quase um ano para as Elei\u00e7\u00f5es 2022, mas o prazo mais importante para as eleitoras e eleitores est\u00e1 bem mais perto: o cadastro eleitoral ser\u00e1 fechado no dia 4 de maio. Portanto, cidad\u00e3s e cidad\u00e3os t\u00eam apenas mais seis meses para solicitar a emiss\u00e3o da primeira via, transfer\u00eancia, atualiza\u00e7\u00e3o ou regulariza\u00e7\u00e3o do t\u00edtulo de eleitor e estar com o documento pronto para exercer o direito de voto.<\/p>\n\n\n\n<p class=\"wp-block-paragraph\">O atendimento pode ser solicitado pelo sistema\u00a0<a rel=\"noreferrer noopener\" href=\"https:\/\/www.tre-mg.jus.br\/eleitor\/atendimento-eletronico-ao-eleitor\" target=\"_blank\">T\u00edtulo Net<\/a>. Ser\u00e1 necess\u00e1rio anexar os seguintes documentos:<\/p>\n\n\n\n<ul class=\"wp-block-list\"><li>frente e verso do documento oficial de identifica\u00e7\u00e3o;<\/li><li>CPF (caso possua);<\/li><li>comprovante de resid\u00eancia (para solicita\u00e7\u00e3o de transfer\u00eancia, o documento deve comprovar que o interessado reside no endere\u00e7o h\u00e1, pelo menos, tr\u00eas meses);<\/li><li>fotografia do pr\u00f3prio rosto, em estilo <em>selfie<\/em>, ao lado do documento oficial de identifica\u00e7\u00e3o;<\/li><li>para homens que solicitarem o primeiro t\u00edtulo, tamb\u00e9m \u00e9 necess\u00e1ria imagem do certificado de quita\u00e7\u00e3o do servi\u00e7o militar.<\/li><\/ul>\n\n\n\n<p class=\"wp-block-paragraph\">Quem j\u00e1 tem o t\u00edtulo de eleitor deve consultar, antes de solicitar atendimento, se tem algum\u00a0<a href=\"https:\/\/www.tre-mg.jus.br\/eleitor\/debitos-do-eleitor\" target=\"_blank\" rel=\"noreferrer noopener\">d\u00e9bito com a Justi\u00e7a Eleitoral<\/a>. Havendo pend\u00eancias, basta fazer o pagamento da multa por boleto, PIX ou cart\u00e3o de cr\u00e9dito.<\/p>\n\n\n\n<p class=\"wp-block-paragraph\">Ap\u00f3s o envio da solicita\u00e7\u00e3o, o eleitor pode acompanhar o processamento do seu pedido pelo\u00a0<a rel=\"noreferrer noopener\" href=\"http:\/\/cad-app-titulonet.tse.jus.br\/titulonet\/acompanharRequerimento\" target=\"_blank\">sistema de acompanhamento do T\u00edtulo Net<\/a>. Quando ele for conclu\u00eddo, n\u00e3o ser\u00e1 enviada via impressa do t\u00edtulo para a casa da eleitora ou eleitor. Os dados da inscri\u00e7\u00e3o, incluindo o local de vota\u00e7\u00e3o, poder\u00e3o ser consultados no\u00a0<a rel=\"noreferrer noopener\" href=\"https:\/\/www.tre-mg.jus.br\/eleitor\/titulo-e-local-de-votacao\/titulo-e-local-de-votacao\" target=\"_blank\">site do TRE<\/a>\u00a0ou no aplicativo\u00a0<a rel=\"noreferrer noopener\" href=\"https:\/\/www.tre-mg.jus.br\/eleitor\/titulo-e-local-de-votacao\/e-titulo\" target=\"_blank\">e-T\u00edtulo<\/a>, que pode ser instalado gratuitamente no celular.<\/p>\n\n\n\n<p class=\"wp-block-paragraph\">As pessoas que n\u00e3o t\u00eam acesso \u00e0 internet ou tiverem dificuldades para usar o T\u00edtulo Net podem agendar atendimento em um cart\u00f3rio eleitoral. O\u00a0<a href=\"https:\/\/www.tre-mg.jus.br\/eleitor\/agendamento\" target=\"_blank\" rel=\"noreferrer noopener\">agendamento<\/a>\u00a0pode ser feito no site do TRE ou pelo Disque-Eleitor \u2013 telefone 148 ou (31) 2116-3600. O TRE reitera que,\u00a0devido \u00e0 pandemia de covid-19, o atendimento presencial ainda est\u00e1 bastante restrito. Por isso, cidad\u00e3s e cidad\u00e3os devem dar prefer\u00eancia ao atendimento virtual e evitar ir aos cart\u00f3rios.<\/p>\n\n\n\n<p class=\"wp-block-paragraph\">\u00c9 importante lembrar que a\u00a0coleta da biometria est\u00e1 suspensa, conforme estabelecido na\u00a0<a rel=\"noreferrer noopener\" href=\"https:\/\/www.tse.jus.br\/legislacao\/compilada\/res\/2020\/resolucao-no-23-6152-de-19-de-marco-de-2020\" target=\"_blank\">Resolu\u00e7\u00e3o n\u00ba 23.615\/2020<\/a>. Nas 259 cidades em que a biometria j\u00e1 \u00e9 obrigat\u00f3ria, quem solicitar atendimento pela internet e ainda n\u00e3o tiver coletado os dados biom\u00e9tricos ser\u00e1 convocado para fazer o procedimento quando o atendimento biom\u00e9trico for retomado.<\/p>\n\n\n\n<p class=\"wp-block-paragraph\">&#8212;&#8212;&#8212;&#8212;&#8212;&#8212;<br><em>Quer receber as not\u00edcias do <strong>Aconteceu no Vale<\/strong> em primeira m\u00e3o? Siga-nos no Facebook <a rel=\"noreferrer noopener\" href=\"http:\/\/facebook.com\/aconteceunovale\" target=\"_blank\">@aconteceunovale<\/a>, Twitter <a rel=\"noreferrer noopener\" href=\"https:\/\/twitter.com\/noticiadosvales\" target=\"_blank\">@noticiadosvales<\/a> e Instagram <a rel=\"noreferrer noopener\" href=\"https:\/\/www.instagram.com\/aconteceunovale\" target=\"_blank\">@aconteceunovale<\/a>.<\/em><\/p>\n","protected":false},"excerpt":{"rendered":"<p>Ainda falta quase um ano para as Elei\u00e7\u00f5es 2022, mas o prazo mais importante para as eleitoras e eleitores est\u00e1 bem mais perto: o cadastro eleitoral ser\u00e1 fechado no dia 4 de maio. Portanto, cidad\u00e3s e cidad\u00e3os t\u00eam apenas mais seis meses para solicitar a emiss\u00e3o da primeira via, transfer\u00eancia, atualiza\u00e7\u00e3o ou regulariza\u00e7\u00e3o do t\u00edtulo [&hellip;]<\/p>\n","protected":false},"author":4,"featured_media":183569,"comment_status":"open","ping_status":"closed","sticky":false,"template":"","format":"standard","meta":{"amp_status":"","footnotes":""},"categories":[249933,123,40240],"tags":[254118,254122,254121,252238,254119,131,254116,254117,252247,254120,115951],"class_list":["post-183568","post","type-post","status-publish","format-standard","has-post-thumbnail","hentry","category-eleicoes-2022","category-gerais","category-politica","tag-cadastro-eleitoral-para-2022","tag-documentos-para-regularizar-titulo-de-eleitor","tag-documentos-para-tirar-titulo-de-eleitor","tag-eleicoes-2022","tag-justica-eleitoral-de-minas-gerais","tag-minas-gerais","tag-prazo-para-regularizar-titulo-de-eleitor-para-as-eleicoes-2022","tag-prazo-para-tirar-titulo-de-eleitor-para-as-eleicoes-2022","tag-prazos-eleicoes-2022","tag-titulo-net-minas-gerais","tag-tre-mg"],"yoast_head":"<!-- This site is optimized with the Yoast SEO plugin v28.3 - https:\/\/yoast.com\/product\/yoast-seo-wordpress\/ -->\n<title>Elei\u00e7\u00f5es 2022: cidad\u00e3os t\u00eam seis meses para tirar ou regularizar o t\u00edtulo de eleitor - Aconteceu no Vale<\/title>\n<meta name=\"robots\" content=\"index, follow, max-snippet:-1, max-image-preview:large, max-video-preview:-1\" \/>\n<link rel=\"canonical\" href=\"https:\/\/aconteceunovale.com.br\/portal\/?p=183568\" \/>\n<meta property=\"og:locale\" content=\"pt_BR\" \/>\n<meta property=\"og:type\" content=\"article\" \/>\n<meta property=\"og:title\" content=\"Elei\u00e7\u00f5es 2022: cidad\u00e3os t\u00eam seis meses para tirar ou regularizar o t\u00edtulo de eleitor - Aconteceu no Vale\" \/>\n<meta property=\"og:description\" content=\"Ainda falta quase um ano para as Elei\u00e7\u00f5es 2022, mas o prazo mais importante para as eleitoras e eleitores est\u00e1 bem mais perto: o cadastro eleitoral ser\u00e1 fechado no dia 4 de maio. Portanto, cidad\u00e3s e cidad\u00e3os t\u00eam apenas mais seis meses para solicitar a emiss\u00e3o da primeira via, transfer\u00eancia, atualiza\u00e7\u00e3o ou regulariza\u00e7\u00e3o do t\u00edtulo [&hellip;]\" \/>\n<meta property=\"og:url\" content=\"https:\/\/aconteceunovale.com.br\/portal\/?p=183568\" \/>\n<meta property=\"og:site_name\" content=\"Aconteceu no Vale\" \/>\n<meta property=\"article:publisher\" content=\"https:\/\/www.facebook.com\/aconteceunovale\/\" \/>\n<meta property=\"article:published_time\" content=\"2021-11-04T14:24:03+00:00\" \/>\n<meta property=\"article:modified_time\" content=\"2021-11-04T14:26:16+00:00\" \/>\n<meta property=\"og:image\" content=\"https:\/\/aconteceunovale.com.br\/portal\/wp-content\/uploads\/2021\/11\/prazo_titulo.jpeg\" \/>\n\t<meta property=\"og:image:width\" content=\"488\" \/>\n\t<meta property=\"og:image:height\" content=\"263\" \/>\n\t<meta property=\"og:image:type\" content=\"image\/jpeg\" \/>\n<meta name=\"author\" content=\"Reda\u00e7\u00e3o Aconteceu no Vale\" \/>\n<meta name=\"twitter:card\" content=\"summary_large_image\" \/>\n<meta name=\"twitter:creator\" content=\"@noticiadosvales\" \/>\n<meta name=\"twitter:site\" content=\"@noticiadosvales\" \/>\n<meta name=\"twitter:label1\" content=\"Escrito por\" \/>\n\t<meta name=\"twitter:data1\" content=\"Reda\u00e7\u00e3o Aconteceu no Vale\" \/>\n\t<meta name=\"twitter:label2\" content=\"Est. tempo de leitura\" \/>\n\t<meta name=\"twitter:data2\" content=\"2 minutos\" \/>\n<script type=\"application\/ld+json\" class=\"yoast-schema-graph\">{\"@context\":\"https:\\\/\\\/schema.org\",\"@graph\":[{\"@type\":\"Article\",\"@id\":\"https:\\\/\\\/aconteceunovale.com.br\\\/portal\\\/?p=183568#article\",\"isPartOf\":{\"@id\":\"https:\\\/\\\/aconteceunovale.com.br\\\/portal\\\/?p=183568\"},\"author\":{\"name\":\"Reda\u00e7\u00e3o Aconteceu no Vale\",\"@id\":\"https:\\\/\\\/aconteceunovale.com.br\\\/portal\\\/#\\\/schema\\\/person\\\/7d2f26d1483f8a63de73da1ee0754d35\"},\"headline\":\"Elei\u00e7\u00f5es 2022: cidad\u00e3os t\u00eam seis meses para tirar ou regularizar o t\u00edtulo de eleitor\",\"datePublished\":\"2021-11-04T14:24:03+00:00\",\"dateModified\":\"2021-11-04T14:26:16+00:00\",\"mainEntityOfPage\":{\"@id\":\"https:\\\/\\\/aconteceunovale.com.br\\\/portal\\\/?p=183568\"},\"wordCount\":456,\"commentCount\":0,\"image\":{\"@id\":\"https:\\\/\\\/aconteceunovale.com.br\\\/portal\\\/?p=183568#primaryimage\"},\"thumbnailUrl\":\"https:\\\/\\\/aconteceunovale.com.br\\\/portal\\\/wp-content\\\/uploads\\\/2021\\\/11\\\/prazo_titulo.jpeg\",\"keywords\":[\"Cadastro eleitoral para 2022\",\"Documentos para regularizar t\u00edtulo de eleitor\",\"Documentos para tirar t\u00edtulo de eleitor\",\"Elei\u00e7\u00f5es 2022\",\"Justi\u00e7a Eleitoral de Minas Gerais\",\"Minas Gerais\",\"Prazo para regularizar t\u00edtulo de eleitor para as Elei\u00e7\u00f5es 2022\",\"Prazo para tirar t\u00edtulo de eleitor para as Elei\u00e7\u00f5es 2022\",\"Prazos Elei\u00e7\u00f5es 2022\",\"T\u00edtulo Net Minas Gerais\",\"TRE-MG\"],\"articleSection\":[\"Elei\u00e7\u00f5es 2022\",\"Minas Gerais\",\"Pol\u00edtica\"],\"inLanguage\":\"pt-BR\",\"potentialAction\":[{\"@type\":\"CommentAction\",\"name\":\"Comment\",\"target\":[\"https:\\\/\\\/aconteceunovale.com.br\\\/portal\\\/?p=183568#respond\"]}]},{\"@type\":\"WebPage\",\"@id\":\"https:\\\/\\\/aconteceunovale.com.br\\\/portal\\\/?p=183568\",\"url\":\"https:\\\/\\\/aconteceunovale.com.br\\\/portal\\\/?p=183568\",\"name\":\"Elei\u00e7\u00f5es 2022: cidad\u00e3os t\u00eam seis meses para tirar ou regularizar o t\u00edtulo de eleitor - Aconteceu no Vale\",\"isPartOf\":{\"@id\":\"https:\\\/\\\/aconteceunovale.com.br\\\/portal\\\/#website\"},\"primaryImageOfPage\":{\"@id\":\"https:\\\/\\\/aconteceunovale.com.br\\\/portal\\\/?p=183568#primaryimage\"},\"image\":{\"@id\":\"https:\\\/\\\/aconteceunovale.com.br\\\/portal\\\/?p=183568#primaryimage\"},\"thumbnailUrl\":\"https:\\\/\\\/aconteceunovale.com.br\\\/portal\\\/wp-content\\\/uploads\\\/2021\\\/11\\\/prazo_titulo.jpeg\",\"datePublished\":\"2021-11-04T14:24:03+00:00\",\"dateModified\":\"2021-11-04T14:26:16+00:00\",\"author\":{\"@id\":\"https:\\\/\\\/aconteceunovale.com.br\\\/portal\\\/#\\\/schema\\\/person\\\/7d2f26d1483f8a63de73da1ee0754d35\"},\"breadcrumb\":{\"@id\":\"https:\\\/\\\/aconteceunovale.com.br\\\/portal\\\/?p=183568#breadcrumb\"},\"inLanguage\":\"pt-BR\",\"potentialAction\":[{\"@type\":\"ReadAction\",\"target\":[\"https:\\\/\\\/aconteceunovale.com.br\\\/portal\\\/?p=183568\"]}]},{\"@type\":\"ImageObject\",\"inLanguage\":\"pt-BR\",\"@id\":\"https:\\\/\\\/aconteceunovale.com.br\\\/portal\\\/?p=183568#primaryimage\",\"url\":\"https:\\\/\\\/aconteceunovale.com.br\\\/portal\\\/wp-content\\\/uploads\\\/2021\\\/11\\\/prazo_titulo.jpeg\",\"contentUrl\":\"https:\\\/\\\/aconteceunovale.com.br\\\/portal\\\/wp-content\\\/uploads\\\/2021\\\/11\\\/prazo_titulo.jpeg\",\"width\":488,\"height\":263},{\"@type\":\"BreadcrumbList\",\"@id\":\"https:\\\/\\\/aconteceunovale.com.br\\\/portal\\\/?p=183568#breadcrumb\",\"itemListElement\":[{\"@type\":\"ListItem\",\"position\":1,\"name\":\"In\u00edcio\",\"item\":\"https:\\\/\\\/aconteceunovale.com.br\\\/portal\\\/\"},{\"@type\":\"ListItem\",\"position\":2,\"name\":\"Elei\u00e7\u00f5es 2022: cidad\u00e3os t\u00eam seis meses para tirar ou regularizar o t\u00edtulo de eleitor\"}]},{\"@type\":\"WebSite\",\"@id\":\"https:\\\/\\\/aconteceunovale.com.br\\\/portal\\\/#website\",\"url\":\"https:\\\/\\\/aconteceunovale.com.br\\\/portal\\\/\",\"name\":\"Aconteceu no Vale\",\"description\":\"Portal de Not\u00edcias\",\"potentialAction\":[{\"@type\":\"SearchAction\",\"target\":{\"@type\":\"EntryPoint\",\"urlTemplate\":\"https:\\\/\\\/aconteceunovale.com.br\\\/portal\\\/?s={search_term_string}\"},\"query-input\":{\"@type\":\"PropertyValueSpecification\",\"valueRequired\":true,\"valueName\":\"search_term_string\"}}],\"inLanguage\":\"pt-BR\"},{\"@type\":\"Person\",\"@id\":\"https:\\\/\\\/aconteceunovale.com.br\\\/portal\\\/#\\\/schema\\\/person\\\/7d2f26d1483f8a63de73da1ee0754d35\",\"name\":\"Reda\u00e7\u00e3o Aconteceu no Vale\",\"description\":\"Equipe de reportagem do Aconteceu no Vale, portal de not\u00edcias do Vale do Jequitinhonha, em Minas Gerais. Cobrimos as 51 cidades do Vale desde 2013. Sugest\u00f5es de pauta e pedidos de corre\u00e7\u00e3o: contato@aconteceunovale.com.br\",\"url\":\"https:\\\/\\\/aconteceunovale.com.br\\\/portal\\\/?author=4\"}]}<\/script>\n<!-- \/ Yoast SEO plugin. -->","yoast_head_json":{"title":"Elei\u00e7\u00f5es 2022: cidad\u00e3os t\u00eam seis meses para tirar ou regularizar o t\u00edtulo de eleitor - Aconteceu no Vale","robots":{"index":"index","follow":"follow","max-snippet":"max-snippet:-1","max-image-preview":"max-image-preview:large","max-video-preview":"max-video-preview:-1"},"canonical":"https:\/\/aconteceunovale.com.br\/portal\/?p=183568","og_locale":"pt_BR","og_type":"article","og_title":"Elei\u00e7\u00f5es 2022: cidad\u00e3os t\u00eam seis meses para tirar ou regularizar o t\u00edtulo de eleitor - Aconteceu no Vale","og_description":"Ainda falta quase um ano para as Elei\u00e7\u00f5es 2022, mas o prazo mais importante para as eleitoras e eleitores est\u00e1 bem mais perto: o cadastro eleitoral ser\u00e1 fechado no dia 4 de maio. Portanto, cidad\u00e3s e cidad\u00e3os t\u00eam apenas mais seis meses para solicitar a emiss\u00e3o da primeira via, transfer\u00eancia, atualiza\u00e7\u00e3o ou regulariza\u00e7\u00e3o do t\u00edtulo [&hellip;]","og_url":"https:\/\/aconteceunovale.com.br\/portal\/?p=183568","og_site_name":"Aconteceu no Vale","article_publisher":"https:\/\/www.facebook.com\/aconteceunovale\/","article_published_time":"2021-11-04T14:24:03+00:00","article_modified_time":"2021-11-04T14:26:16+00:00","og_image":[{"width":488,"height":263,"url":"https:\/\/aconteceunovale.com.br\/portal\/wp-content\/uploads\/2021\/11\/prazo_titulo.jpeg","type":"image\/jpeg"}],"author":"Reda\u00e7\u00e3o Aconteceu no Vale","twitter_card":"summary_large_image","twitter_creator":"@noticiadosvales","twitter_site":"@noticiadosvales","twitter_misc":{"Escrito por":"Reda\u00e7\u00e3o Aconteceu no Vale","Est. tempo de leitura":"2 minutos"},"schema":{"@context":"https:\/\/schema.org","@graph":[{"@type":"Article","@id":"https:\/\/aconteceunovale.com.br\/portal\/?p=183568#article","isPartOf":{"@id":"https:\/\/aconteceunovale.com.br\/portal\/?p=183568"},"author":{"name":"Reda\u00e7\u00e3o Aconteceu no Vale","@id":"https:\/\/aconteceunovale.com.br\/portal\/#\/schema\/person\/7d2f26d1483f8a63de73da1ee0754d35"},"headline":"Elei\u00e7\u00f5es 2022: cidad\u00e3os t\u00eam seis meses para tirar ou regularizar o t\u00edtulo de eleitor","datePublished":"2021-11-04T14:24:03+00:00","dateModified":"2021-11-04T14:26:16+00:00","mainEntityOfPage":{"@id":"https:\/\/aconteceunovale.com.br\/portal\/?p=183568"},"wordCount":456,"commentCount":0,"image":{"@id":"https:\/\/aconteceunovale.com.br\/portal\/?p=183568#primaryimage"},"thumbnailUrl":"https:\/\/aconteceunovale.com.br\/portal\/wp-content\/uploads\/2021\/11\/prazo_titulo.jpeg","keywords":["Cadastro eleitoral para 2022","Documentos para regularizar t\u00edtulo de eleitor","Documentos para tirar t\u00edtulo de eleitor","Elei\u00e7\u00f5es 2022","Justi\u00e7a Eleitoral de Minas Gerais","Minas Gerais","Prazo para regularizar t\u00edtulo de eleitor para as Elei\u00e7\u00f5es 2022","Prazo para tirar t\u00edtulo de eleitor para as Elei\u00e7\u00f5es 2022","Prazos Elei\u00e7\u00f5es 2022","T\u00edtulo Net Minas Gerais","TRE-MG"],"articleSection":["Elei\u00e7\u00f5es 2022","Minas Gerais","Pol\u00edtica"],"inLanguage":"pt-BR","potentialAction":[{"@type":"CommentAction","name":"Comment","target":["https:\/\/aconteceunovale.com.br\/portal\/?p=183568#respond"]}]},{"@type":"WebPage","@id":"https:\/\/aconteceunovale.com.br\/portal\/?p=183568","url":"https:\/\/aconteceunovale.com.br\/portal\/?p=183568","name":"Elei\u00e7\u00f5es 2022: cidad\u00e3os t\u00eam seis meses para tirar ou regularizar o t\u00edtulo de eleitor - Aconteceu no Vale","isPartOf":{"@id":"https:\/\/aconteceunovale.com.br\/portal\/#website"},"primaryImageOfPage":{"@id":"https:\/\/aconteceunovale.com.br\/portal\/?p=183568#primaryimage"},"image":{"@id":"https:\/\/aconteceunovale.com.br\/portal\/?p=183568#primaryimage"},"thumbnailUrl":"https:\/\/aconteceunovale.com.br\/portal\/wp-content\/uploads\/2021\/11\/prazo_titulo.jpeg","datePublished":"2021-11-04T14:24:03+00:00","dateModified":"2021-11-04T14:26:16+00:00","author":{"@id":"https:\/\/aconteceunovale.com.br\/portal\/#\/schema\/person\/7d2f26d1483f8a63de73da1ee0754d35"},"breadcrumb":{"@id":"https:\/\/aconteceunovale.com.br\/portal\/?p=183568#breadcrumb"},"inLanguage":"pt-BR","potentialAction":[{"@type":"ReadAction","target":["https:\/\/aconteceunovale.com.br\/portal\/?p=183568"]}]},{"@type":"ImageObject","inLanguage":"pt-BR","@id":"https:\/\/aconteceunovale.com.br\/portal\/?p=183568#primaryimage","url":"https:\/\/aconteceunovale.com.br\/portal\/wp-content\/uploads\/2021\/11\/prazo_titulo.jpeg","contentUrl":"https:\/\/aconteceunovale.com.br\/portal\/wp-content\/uploads\/2021\/11\/prazo_titulo.jpeg","width":488,"height":263},{"@type":"BreadcrumbList","@id":"https:\/\/aconteceunovale.com.br\/portal\/?p=183568#breadcrumb","itemListElement":[{"@type":"ListItem","position":1,"name":"In\u00edcio","item":"https:\/\/aconteceunovale.com.br\/portal\/"},{"@type":"ListItem","position":2,"name":"Elei\u00e7\u00f5es 2022: cidad\u00e3os t\u00eam seis meses para tirar ou regularizar o t\u00edtulo de eleitor"}]},{"@type":"WebSite","@id":"https:\/\/aconteceunovale.com.br\/portal\/#website","url":"https:\/\/aconteceunovale.com.br\/portal\/","name":"Aconteceu no Vale","description":"Portal de Not\u00edcias","potentialAction":[{"@type":"SearchAction","target":{"@type":"EntryPoint","urlTemplate":"https:\/\/aconteceunovale.com.br\/portal\/?s={search_term_string}"},"query-input":{"@type":"PropertyValueSpecification","valueRequired":true,"valueName":"search_term_string"}}],"inLanguage":"pt-BR"},{"@type":"Person","@id":"https:\/\/aconteceunovale.com.br\/portal\/#\/schema\/person\/7d2f26d1483f8a63de73da1ee0754d35","name":"Reda\u00e7\u00e3o Aconteceu no Vale","description":"Equipe de reportagem do Aconteceu no Vale, portal de not\u00edcias do Vale do Jequitinhonha, em Minas Gerais. Cobrimos as 51 cidades do Vale desde 2013. Sugest\u00f5es de pauta e pedidos de corre\u00e7\u00e3o: contato@aconteceunovale.com.br","url":"https:\/\/aconteceunovale.com.br\/portal\/?author=4"}]}},"_links":{"self":[{"href":"https:\/\/aconteceunovale.com.br\/portal\/index.php?rest_route=\/wp\/v2\/posts\/183568","targetHints":{"allow":["GET"]}}],"collection":[{"href":"https:\/\/aconteceunovale.com.br\/portal\/index.php?rest_route=\/wp\/v2\/posts"}],"about":[{"href":"https:\/\/aconteceunovale.com.br\/portal\/index.php?rest_route=\/wp\/v2\/types\/post"}],"author":[{"embeddable":true,"href":"https:\/\/aconteceunovale.com.br\/portal\/index.php?rest_route=\/wp\/v2\/users\/4"}],"replies":[{"embeddable":true,"href":"https:\/\/aconteceunovale.com.br\/portal\/index.php?rest_route=%2Fwp%2Fv2%2Fcomments&post=183568"}],"version-history":[{"count":2,"href":"https:\/\/aconteceunovale.com.br\/portal\/index.php?rest_route=\/wp\/v2\/posts\/183568\/revisions"}],"predecessor-version":[{"id":183571,"href":"https:\/\/aconteceunovale.com.br\/portal\/index.php?rest_route=\/wp\/v2\/posts\/183568\/revisions\/183571"}],"wp:featuredmedia":[{"embeddable":true,"href":"https:\/\/aconteceunovale.com.br\/portal\/index.php?rest_route=\/wp\/v2\/media\/183569"}],"wp:attachment":[{"href":"https:\/\/aconteceunovale.com.br\/portal\/index.php?rest_route=%2Fwp%2Fv2%2Fmedia&parent=183568"}],"wp:term":[{"taxonomy":"category","embeddable":true,"href":"https:\/\/aconteceunovale.com.br\/portal\/index.php?rest_route=%2Fwp%2Fv2%2Fcategories&post=183568"},{"taxonomy":"post_tag","embeddable":true,"href":"https:\/\/aconteceunovale.com.br\/portal\/index.php?rest_route=%2Fwp%2Fv2%2Ftags&post=183568"}],"curies":[{"name":"wp","href":"https:\/\/api.w.org\/{rel}","templated":true}]}}