{"id":183557,"date":"2021-11-03T23:30:33","date_gmt":"2021-11-04T02:30:33","guid":{"rendered":"https:\/\/aconteceunovale.com.br\/portal\/?p=183557"},"modified":"2021-11-03T23:31:21","modified_gmt":"2021-11-04T02:31:21","slug":"governador-apresentara-acoes-de-minas-gerais-para-reducao-da-emissao-de-poluentes-em-palestra-na-cop26","status":"publish","type":"post","link":"https:\/\/aconteceunovale.com.br\/portal\/?p=183557","title":{"rendered":"Governador apresentar\u00e1 a\u00e7\u00f5es de Minas Gerais para redu\u00e7\u00e3o da emiss\u00e3o de poluentes em palestra na COP26"},"content":{"rendered":"\n<p class=\"wp-block-paragraph\">Considerando o pioneirismo de Minas Gerais ao se tornar o primeiro Estado da Am\u00e9rica Latina e do Caribe a aderir \u00e0 Campanha Mundial Race to Zero, o governador Romeu Zema representar\u00e1 o Brasil no painel de abertura, no dia 11\/11, na\u00a0Confer\u00eancia das Na\u00e7\u00f5es Unidas sobre Mudan\u00e7as Clim\u00e1ticas de 2021 (COP26), realizada em Glasgow, na Esc\u00f3cia. A confer\u00eancia, iniciada em 31\/10, re\u00fane l\u00edderes mundiais para debater a\u00e7\u00f5es efetivas de redu\u00e7\u00e3o da emiss\u00e3o de gases de efeito estufa e controlar as mudan\u00e7as clim\u00e1ticas no planeta.<\/p>\n\n\n\n<figure class=\"wp-block-gallery columns-1 is-cropped wp-block-gallery-1 is-layout-flex wp-block-gallery-is-layout-flex\"><ul class=\"blocks-gallery-grid\"><li class=\"blocks-gallery-item\"><figure><img loading=\"lazy\" decoding=\"async\" width=\"675\" height=\"450\" src=\"https:\/\/aconteceunovale.com.br\/portal\/wp-content\/uploads\/2021\/11\/cop26.jpg\" alt=\"\" data-id=\"183558\" data-full-url=\"https:\/\/aconteceunovale.com.br\/portal\/wp-content\/uploads\/2021\/11\/cop26.jpg\" data-link=\"https:\/\/aconteceunovale.com.br\/portal\/?attachment_id=183558\" class=\"wp-image-183558\" srcset=\"https:\/\/aconteceunovale.com.br\/portal\/wp-content\/uploads\/2021\/11\/cop26.jpg 675w, https:\/\/aconteceunovale.com.br\/portal\/wp-content\/uploads\/2021\/11\/cop26-300x200.jpg 300w, https:\/\/aconteceunovale.com.br\/portal\/wp-content\/uploads\/2021\/11\/cop26-630x420.jpg 630w\" sizes=\"auto, (max-width: 675px) 100vw, 675px\" \/><figcaption class=\"blocks-gallery-item__caption\"><em>Foto: UN Climate Change \/ Kiara Worth<\/em><\/figcaption><\/figure><\/li><\/ul><\/figure>\n\n\n\n<p class=\"wp-block-paragraph\">Desde o in\u00edcio da confer\u00eancia, Minas Gerais est\u00e1 em posi\u00e7\u00e3o de destaque na comitiva brasileira que viajou a Glasgow. O governo mineiro est\u00e1 sendo representado pela secret\u00e1ria de Estado de\u00a0Meio Ambiente e Desenvolvimento Sustent\u00e1vel, Mar\u00edlia Melo, importante lideran\u00e7a feminina nas discuss\u00f5es, al\u00e9m de representantes de entidades protagonistas no debate ambiental do Estado.<\/p>\n\n\n\n<h2 class=\"wp-block-heading\"><strong>Painel<\/strong><\/h2>\n\n\n\n<p class=\"wp-block-paragraph\">Os 13 dias de encontros da COP26 s\u00e3o divididos por pautas di\u00e1rias, como energia, financiamento, natureza e uso da terra, transporte, entre outros. No dia 11\/11, o governador participar\u00e1&nbsp;de debate sobre Cidades, Regi\u00f5es e Espa\u00e7os Organizados, com o objetivo de discutir e avan\u00e7ar em a\u00e7\u00f5es adotadas por cidades, comunidades e regi\u00f5es.<\/p>\n\n\n\n<p class=\"wp-block-paragraph\">Ao lado do governador estar\u00e3o lideran\u00e7as como o prefeito de Istambul, Ekrem Imamoglu, e a presidente do Conselho de Constru\u00e7\u00e3o Verde do Qu\u00eania, Elizabeth Chege. Ser\u00e1 o momento de mostrar Minas Gerais ao mundo e colocar o Estado como protagonista em a\u00e7\u00f5es em prol do meio ambiente.<\/p>\n\n\n\n<p class=\"wp-block-paragraph\">No mesmo dia, o governador dever\u00e1 acompanhar a participa\u00e7\u00e3o da secret\u00e1ria Mar\u00edlia Melo no painel sobre cidades, regi\u00f5es e ambiente constru\u00eddo. Ela foi convidada para participar do evento \u2018Lideran\u00e7a clim\u00e1tica de atores subnacionais no Reino Unido e al\u00e9m\u2019, momento em que ser\u00e1 apresentado portf\u00f3lio de cases contendo as a\u00e7\u00f5es e projetos desenvolvidos no estado, em parceria com a Federa\u00e7\u00e3o das Ind\u00fastrias do Estado de Minas Gerais (Fiemg) e a Federa\u00e7\u00e3o da Agricultura e Pecu\u00e1ria do Estado de Minas Gerais (Faemg), voltados para a economia de baixo carbono, e tamb\u00e9m relacionados a medidas de enfrentamento e adapta\u00e7\u00e3o aos efeitos decorrentes das mudan\u00e7as clim\u00e1ticas.<\/p>\n\n\n\n<p class=\"wp-block-paragraph\">O evento ter\u00e1 como foco a colabora\u00e7\u00e3o entre estados e regi\u00f5es subnacionais, essencial para definir e alcan\u00e7ar metas clim\u00e1ticas globais.<\/p>\n\n\n\n<h2 class=\"wp-block-heading\"><strong>Race to zero<\/strong><\/h2>\n\n\n\n<p class=\"wp-block-paragraph\">A\u00a0formaliza\u00e7\u00e3o da entrada de Minas Gerais na campanha Race to Zero\u00a0ocorreu em junho deste ano, em Belo Horizonte, com a presen\u00e7a do embaixador do Reino Unido no Brasil, Peter Wilson e do c\u00f4nsul brit\u00e2nico em Belo Horizonte,\u00a0Lucas Brown.<\/p>\n\n\n\n<p class=\"wp-block-paragraph\">O Race to Zero \u00e9 uma campanha global para reunir lideran\u00e7as com objetivo de alcan\u00e7ar emiss\u00f5es l\u00edquidas zero de gases de efeito estufa at\u00e9 2050, o que dever\u00e1 limitar o aumento da temperatura global a 2\u00baC.<\/p>\n\n\n\n<p class=\"wp-block-paragraph\">Com a ades\u00e3o, Minas se comprometeu a convergir esfor\u00e7os para reduzir e neutralizar a emiss\u00e3o de gases e a fomentar o desenvolvimento sustent\u00e1vel em seu territ\u00f3rio, atualizando at\u00e9 agosto do pr\u00f3ximo ano as metas e proje\u00e7\u00f5es sobre as emiss\u00f5es e remo\u00e7\u00f5es de Minas. Atualmente, grande parte dessas emiss\u00f5es acontecem nos setores de Agropecu\u00e1ria (32%) e Energia (31%).<\/p>\n\n\n\n<p class=\"wp-block-paragraph\">Entre as a\u00e7\u00f5es j\u00e1 desenvolvidas por Minas visando a redu\u00e7\u00e3o das emiss\u00f5es, a energia solar fotovoltaica se destaca dentro da estrat\u00e9gia de transi\u00e7\u00e3o energ\u00e9tica para sistemas mais sustent\u00e1veis.<\/p>\n\n\n\n<p class=\"wp-block-paragraph\">Minas \u00e9 o estado l\u00edder no Brasil em gera\u00e7\u00e3o solar fotovoltaica, representando 18% de toda a pot\u00eancia instalada no pa\u00eds. Isso \u00e9 importante pois evita a emiss\u00e3o de 394 mil toneladas de gases de efeito estufa por ano.<\/p>\n\n\n\n<p class=\"wp-block-paragraph\">Na \u00faltima sexta-feira (29\/10), o governador publicou decreto instituindo o\u00a0F\u00f3rum Mineiro de Energia e Mudan\u00e7as Clim\u00e1ticas (Femc). O grupo tem como objetivo geral promover a discuss\u00e3o, no \u00e2mbito do Estado, acerca dos fen\u00f4menos globais de mudan\u00e7a do clima e transi\u00e7\u00e3o energ\u00e9tica, tomando como base os compromissos assumidos pelo Estado no Race to Zero e as delibera\u00e7\u00f5es da COP26. Integram o f\u00f3rum membros dos Poderes Executivo e Legislativo, al\u00e9m de entidades, ONGs e representantes do setor produtivo e da sociedade civil em geral.<\/p>\n\n\n\n<p class=\"wp-block-paragraph\">&#8212;&#8212;&#8212;&#8212;&#8212;&#8212;<br><em>Quer receber as not\u00edcias do <strong>Aconteceu no Vale<\/strong> em primeira m\u00e3o? Siga-nos no Facebook <a rel=\"noreferrer noopener\" href=\"http:\/\/facebook.com\/aconteceunovale\" target=\"_blank\">@aconteceunovale<\/a>, Twitter <a rel=\"noreferrer noopener\" href=\"https:\/\/twitter.com\/noticiadosvales\" target=\"_blank\">@noticiadosvales<\/a> e Instagram <a rel=\"noreferrer noopener\" href=\"https:\/\/www.instagram.com\/aconteceunovale\" target=\"_blank\">@aconteceunovale<\/a>.<\/em><\/p>\n","protected":false},"excerpt":{"rendered":"<p>Considerando o pioneirismo de Minas Gerais ao se tornar o primeiro Estado da Am\u00e9rica Latina e do Caribe a aderir \u00e0 Campanha Mundial Race to Zero, o governador Romeu Zema representar\u00e1 o Brasil no painel de abertura, no dia 11\/11, na\u00a0Confer\u00eancia das Na\u00e7\u00f5es Unidas sobre Mudan\u00e7as Clim\u00e1ticas de 2021 (COP26), realizada em Glasgow, na Esc\u00f3cia. [&hellip;]<\/p>\n","protected":false},"author":4,"featured_media":183558,"comment_status":"open","ping_status":"closed","sticky":false,"template":"","format":"standard","meta":{"amp_status":"","footnotes":""},"categories":[123,28848],"tags":[253896,22401,253902,253900,215786,253892,253897,254108,254103,68257,253895,253894,246318,1018,254106,184537,20806,249768,247095,184213,254109,253901,254105,253899,206668,131,41793,24300,254107,253893,253891,101030,254104,254111,254110,52672,253898],"class_list":["post-183557","post","type-post","status-publish","format-standard","has-post-thumbnail","hentry","category-gerais","category-mundo","tag-abertura-da-cop26","tag-angela-merkel","tag-antonio-gutesses","tag-apocalipse-ambiental","tag-boris-johnson","tag-boris-johnson-na-cop26","tag-brian-cox","tag-campanha-mundial-race-to-zero","tag-cenario-e-pioneirismo-nas-campanhas-em-race-to-zero","tag-clima-na-terra","tag-clima-no-planeta","tag-conferencia-das-nacoes-unidas-sobre-o-clima","tag-cop26","tag-destaque","tag-emissao-de-poluentes-em-minas-gerais","tag-emmanuel-macron","tag-escocia","tag-g20","tag-glasgow","tag-governador-romeu-zema","tag-governador-romeu-zema-na-cop26","tag-guterres","tag-human-settlements-pathway","tag-james-bond","tag-marilia-melo","tag-minas-gerais","tag-mudanca-climatica","tag-onu","tag-participacao-de-minas-gerais-na-cop26","tag-premie-britanico","tag-premie-britanico-na-cop26","tag-primeiro-ministro-britanico","tag-race-to-resilience","tag-race-to-zero","tag-romeu-zema-na-cop26","tag-terra","tag-yrsa-daley-ward"],"yoast_head":"<!-- This site is optimized with the Yoast SEO plugin v28.3 - https:\/\/yoast.com\/product\/yoast-seo-wordpress\/ -->\n<title>Governador apresentar\u00e1 a\u00e7\u00f5es de Minas Gerais para redu\u00e7\u00e3o da emiss\u00e3o de poluentes em palestra na COP26 - Aconteceu no Vale<\/title>\n<meta name=\"robots\" content=\"index, follow, max-snippet:-1, max-image-preview:large, max-video-preview:-1\" \/>\n<link rel=\"canonical\" href=\"https:\/\/aconteceunovale.com.br\/portal\/?p=183557\" \/>\n<meta property=\"og:locale\" content=\"pt_BR\" \/>\n<meta property=\"og:type\" content=\"article\" \/>\n<meta property=\"og:title\" content=\"Governador apresentar\u00e1 a\u00e7\u00f5es de Minas Gerais para redu\u00e7\u00e3o da emiss\u00e3o de poluentes em palestra na COP26 - Aconteceu no Vale\" \/>\n<meta property=\"og:description\" content=\"Considerando o pioneirismo de Minas Gerais ao se tornar o primeiro Estado da Am\u00e9rica Latina e do Caribe a aderir \u00e0 Campanha Mundial Race to Zero, o governador Romeu Zema representar\u00e1 o Brasil no painel de abertura, no dia 11\/11, na\u00a0Confer\u00eancia das Na\u00e7\u00f5es Unidas sobre Mudan\u00e7as Clim\u00e1ticas de 2021 (COP26), realizada em Glasgow, na Esc\u00f3cia. [&hellip;]\" \/>\n<meta property=\"og:url\" content=\"https:\/\/aconteceunovale.com.br\/portal\/?p=183557\" \/>\n<meta property=\"og:site_name\" content=\"Aconteceu no Vale\" \/>\n<meta property=\"article:publisher\" content=\"https:\/\/www.facebook.com\/aconteceunovale\/\" \/>\n<meta property=\"article:published_time\" content=\"2021-11-04T02:30:33+00:00\" \/>\n<meta property=\"article:modified_time\" content=\"2021-11-04T02:31:21+00:00\" \/>\n<meta property=\"og:image\" content=\"https:\/\/aconteceunovale.com.br\/portal\/wp-content\/uploads\/2021\/11\/cop26.jpg\" \/>\n\t<meta property=\"og:image:width\" content=\"675\" \/>\n\t<meta property=\"og:image:height\" content=\"450\" \/>\n\t<meta property=\"og:image:type\" content=\"image\/jpeg\" \/>\n<meta name=\"author\" content=\"Reda\u00e7\u00e3o Aconteceu no Vale\" \/>\n<meta name=\"twitter:card\" content=\"summary_large_image\" \/>\n<meta name=\"twitter:creator\" content=\"@noticiadosvales\" \/>\n<meta name=\"twitter:site\" content=\"@noticiadosvales\" \/>\n<meta name=\"twitter:label1\" content=\"Escrito por\" \/>\n\t<meta name=\"twitter:data1\" content=\"Reda\u00e7\u00e3o Aconteceu no Vale\" \/>\n\t<meta name=\"twitter:label2\" content=\"Est. tempo de leitura\" \/>\n\t<meta name=\"twitter:data2\" content=\"4 minutos\" \/>\n<script type=\"application\/ld+json\" class=\"yoast-schema-graph\">{\"@context\":\"https:\\\/\\\/schema.org\",\"@graph\":[{\"@type\":\"Article\",\"@id\":\"https:\\\/\\\/aconteceunovale.com.br\\\/portal\\\/?p=183557#article\",\"isPartOf\":{\"@id\":\"https:\\\/\\\/aconteceunovale.com.br\\\/portal\\\/?p=183557\"},\"author\":{\"name\":\"Reda\u00e7\u00e3o Aconteceu no Vale\",\"@id\":\"https:\\\/\\\/aconteceunovale.com.br\\\/portal\\\/#\\\/schema\\\/person\\\/7d2f26d1483f8a63de73da1ee0754d35\"},\"headline\":\"Governador apresentar\u00e1 a\u00e7\u00f5es de Minas Gerais para redu\u00e7\u00e3o da emiss\u00e3o de poluentes em palestra na COP26\",\"datePublished\":\"2021-11-04T02:30:33+00:00\",\"dateModified\":\"2021-11-04T02:31:21+00:00\",\"mainEntityOfPage\":{\"@id\":\"https:\\\/\\\/aconteceunovale.com.br\\\/portal\\\/?p=183557\"},\"wordCount\":778,\"commentCount\":0,\"image\":{\"@id\":\"https:\\\/\\\/aconteceunovale.com.br\\\/portal\\\/?p=183557#primaryimage\"},\"thumbnailUrl\":\"https:\\\/\\\/aconteceunovale.com.br\\\/portal\\\/wp-content\\\/uploads\\\/2021\\\/11\\\/cop26.jpg\",\"keywords\":[\"Abertura da COP26\",\"Angela Merkel\",\"Ant\u00f3nio Gutesses\",\"Apocalipse Ambiental\",\"Boris Johnson\",\"Boris Johnson na COP26\",\"Brian Cox\",\"Campanha Mundial Race to Zero\",\"Cen\u00e1rio e pioneirismo nas Campanhas em Race to Zero\",\"clima na terra\",\"Clima no planeta\",\"Confer\u00eancia das Na\u00e7\u00f5es Unidas Sobre o Clima\",\"COP26\",\"destaque\",\"Emiss\u00e3o de poluentes em Minas Gerais\",\"Emmanuel Macron\",\"Esc\u00f3cia\",\"G20\",\"Glasgow\",\"Governador Romeu Zema\",\"Governador Romeu Zema na COP26\",\"Guterres\",\"Human Settlements Pathway\",\"James Bond\",\"Mar\u00edlia Melo\",\"Minas Gerais\",\"mudan\u00e7a clim\u00e1tica\",\"ONU\",\"Participa\u00e7\u00e3o de Minas Gerais na COP26\",\"Premi\u00ea brit\u00e2nico\",\"Premi\u00ea brit\u00e2nico na COP26\",\"primeiro-ministro brit\u00e2nico\",\"Race to Resilience\",\"Race to Zero\",\"Romeu Zema na COP26\",\"Terra\",\"Yrsa Daley Ward\"],\"articleSection\":[\"Minas Gerais\",\"Mundo\"],\"inLanguage\":\"pt-BR\",\"potentialAction\":[{\"@type\":\"CommentAction\",\"name\":\"Comment\",\"target\":[\"https:\\\/\\\/aconteceunovale.com.br\\\/portal\\\/?p=183557#respond\"]}]},{\"@type\":\"WebPage\",\"@id\":\"https:\\\/\\\/aconteceunovale.com.br\\\/portal\\\/?p=183557\",\"url\":\"https:\\\/\\\/aconteceunovale.com.br\\\/portal\\\/?p=183557\",\"name\":\"Governador apresentar\u00e1 a\u00e7\u00f5es de Minas Gerais para redu\u00e7\u00e3o da emiss\u00e3o de poluentes em palestra na COP26 - Aconteceu no Vale\",\"isPartOf\":{\"@id\":\"https:\\\/\\\/aconteceunovale.com.br\\\/portal\\\/#website\"},\"primaryImageOfPage\":{\"@id\":\"https:\\\/\\\/aconteceunovale.com.br\\\/portal\\\/?p=183557#primaryimage\"},\"image\":{\"@id\":\"https:\\\/\\\/aconteceunovale.com.br\\\/portal\\\/?p=183557#primaryimage\"},\"thumbnailUrl\":\"https:\\\/\\\/aconteceunovale.com.br\\\/portal\\\/wp-content\\\/uploads\\\/2021\\\/11\\\/cop26.jpg\",\"datePublished\":\"2021-11-04T02:30:33+00:00\",\"dateModified\":\"2021-11-04T02:31:21+00:00\",\"author\":{\"@id\":\"https:\\\/\\\/aconteceunovale.com.br\\\/portal\\\/#\\\/schema\\\/person\\\/7d2f26d1483f8a63de73da1ee0754d35\"},\"breadcrumb\":{\"@id\":\"https:\\\/\\\/aconteceunovale.com.br\\\/portal\\\/?p=183557#breadcrumb\"},\"inLanguage\":\"pt-BR\",\"potentialAction\":[{\"@type\":\"ReadAction\",\"target\":[\"https:\\\/\\\/aconteceunovale.com.br\\\/portal\\\/?p=183557\"]}]},{\"@type\":\"ImageObject\",\"inLanguage\":\"pt-BR\",\"@id\":\"https:\\\/\\\/aconteceunovale.com.br\\\/portal\\\/?p=183557#primaryimage\",\"url\":\"https:\\\/\\\/aconteceunovale.com.br\\\/portal\\\/wp-content\\\/uploads\\\/2021\\\/11\\\/cop26.jpg\",\"contentUrl\":\"https:\\\/\\\/aconteceunovale.com.br\\\/portal\\\/wp-content\\\/uploads\\\/2021\\\/11\\\/cop26.jpg\",\"width\":675,\"height\":450},{\"@type\":\"BreadcrumbList\",\"@id\":\"https:\\\/\\\/aconteceunovale.com.br\\\/portal\\\/?p=183557#breadcrumb\",\"itemListElement\":[{\"@type\":\"ListItem\",\"position\":1,\"name\":\"In\u00edcio\",\"item\":\"https:\\\/\\\/aconteceunovale.com.br\\\/portal\\\/\"},{\"@type\":\"ListItem\",\"position\":2,\"name\":\"Governador apresentar\u00e1 a\u00e7\u00f5es de Minas Gerais para redu\u00e7\u00e3o da emiss\u00e3o de poluentes em palestra na COP26\"}]},{\"@type\":\"WebSite\",\"@id\":\"https:\\\/\\\/aconteceunovale.com.br\\\/portal\\\/#website\",\"url\":\"https:\\\/\\\/aconteceunovale.com.br\\\/portal\\\/\",\"name\":\"Aconteceu no Vale\",\"description\":\"Portal de Not\u00edcias\",\"potentialAction\":[{\"@type\":\"SearchAction\",\"target\":{\"@type\":\"EntryPoint\",\"urlTemplate\":\"https:\\\/\\\/aconteceunovale.com.br\\\/portal\\\/?s={search_term_string}\"},\"query-input\":{\"@type\":\"PropertyValueSpecification\",\"valueRequired\":true,\"valueName\":\"search_term_string\"}}],\"inLanguage\":\"pt-BR\"},{\"@type\":\"Person\",\"@id\":\"https:\\\/\\\/aconteceunovale.com.br\\\/portal\\\/#\\\/schema\\\/person\\\/7d2f26d1483f8a63de73da1ee0754d35\",\"name\":\"Reda\u00e7\u00e3o Aconteceu no Vale\",\"description\":\"Equipe de reportagem do Aconteceu no Vale, portal de not\u00edcias do Vale do Jequitinhonha, em Minas Gerais. Cobrimos as 51 cidades do Vale desde 2013. Sugest\u00f5es de pauta e pedidos de corre\u00e7\u00e3o: contato@aconteceunovale.com.br\",\"url\":\"https:\\\/\\\/aconteceunovale.com.br\\\/portal\\\/?author=4\"}]}<\/script>\n<!-- \/ Yoast SEO plugin. -->","yoast_head_json":{"title":"Governador apresentar\u00e1 a\u00e7\u00f5es de Minas Gerais para redu\u00e7\u00e3o da emiss\u00e3o de poluentes em palestra na COP26 - Aconteceu no Vale","robots":{"index":"index","follow":"follow","max-snippet":"max-snippet:-1","max-image-preview":"max-image-preview:large","max-video-preview":"max-video-preview:-1"},"canonical":"https:\/\/aconteceunovale.com.br\/portal\/?p=183557","og_locale":"pt_BR","og_type":"article","og_title":"Governador apresentar\u00e1 a\u00e7\u00f5es de Minas Gerais para redu\u00e7\u00e3o da emiss\u00e3o de poluentes em palestra na COP26 - Aconteceu no Vale","og_description":"Considerando o pioneirismo de Minas Gerais ao se tornar o primeiro Estado da Am\u00e9rica Latina e do Caribe a aderir \u00e0 Campanha Mundial Race to Zero, o governador Romeu Zema representar\u00e1 o Brasil no painel de abertura, no dia 11\/11, na\u00a0Confer\u00eancia das Na\u00e7\u00f5es Unidas sobre Mudan\u00e7as Clim\u00e1ticas de 2021 (COP26), realizada em Glasgow, na Esc\u00f3cia. [&hellip;]","og_url":"https:\/\/aconteceunovale.com.br\/portal\/?p=183557","og_site_name":"Aconteceu no Vale","article_publisher":"https:\/\/www.facebook.com\/aconteceunovale\/","article_published_time":"2021-11-04T02:30:33+00:00","article_modified_time":"2021-11-04T02:31:21+00:00","og_image":[{"width":675,"height":450,"url":"https:\/\/aconteceunovale.com.br\/portal\/wp-content\/uploads\/2021\/11\/cop26.jpg","type":"image\/jpeg"}],"author":"Reda\u00e7\u00e3o Aconteceu no Vale","twitter_card":"summary_large_image","twitter_creator":"@noticiadosvales","twitter_site":"@noticiadosvales","twitter_misc":{"Escrito por":"Reda\u00e7\u00e3o Aconteceu no Vale","Est. tempo de leitura":"4 minutos"},"schema":{"@context":"https:\/\/schema.org","@graph":[{"@type":"Article","@id":"https:\/\/aconteceunovale.com.br\/portal\/?p=183557#article","isPartOf":{"@id":"https:\/\/aconteceunovale.com.br\/portal\/?p=183557"},"author":{"name":"Reda\u00e7\u00e3o Aconteceu no Vale","@id":"https:\/\/aconteceunovale.com.br\/portal\/#\/schema\/person\/7d2f26d1483f8a63de73da1ee0754d35"},"headline":"Governador apresentar\u00e1 a\u00e7\u00f5es de Minas Gerais para redu\u00e7\u00e3o da emiss\u00e3o de poluentes em palestra na COP26","datePublished":"2021-11-04T02:30:33+00:00","dateModified":"2021-11-04T02:31:21+00:00","mainEntityOfPage":{"@id":"https:\/\/aconteceunovale.com.br\/portal\/?p=183557"},"wordCount":778,"commentCount":0,"image":{"@id":"https:\/\/aconteceunovale.com.br\/portal\/?p=183557#primaryimage"},"thumbnailUrl":"https:\/\/aconteceunovale.com.br\/portal\/wp-content\/uploads\/2021\/11\/cop26.jpg","keywords":["Abertura da COP26","Angela Merkel","Ant\u00f3nio Gutesses","Apocalipse Ambiental","Boris Johnson","Boris Johnson na COP26","Brian Cox","Campanha Mundial Race to Zero","Cen\u00e1rio e pioneirismo nas Campanhas em Race to Zero","clima na terra","Clima no planeta","Confer\u00eancia das Na\u00e7\u00f5es Unidas Sobre o Clima","COP26","destaque","Emiss\u00e3o de poluentes em Minas Gerais","Emmanuel Macron","Esc\u00f3cia","G20","Glasgow","Governador Romeu Zema","Governador Romeu Zema na COP26","Guterres","Human Settlements Pathway","James Bond","Mar\u00edlia Melo","Minas Gerais","mudan\u00e7a clim\u00e1tica","ONU","Participa\u00e7\u00e3o de Minas Gerais na COP26","Premi\u00ea brit\u00e2nico","Premi\u00ea brit\u00e2nico na COP26","primeiro-ministro brit\u00e2nico","Race to Resilience","Race to Zero","Romeu Zema na COP26","Terra","Yrsa Daley Ward"],"articleSection":["Minas Gerais","Mundo"],"inLanguage":"pt-BR","potentialAction":[{"@type":"CommentAction","name":"Comment","target":["https:\/\/aconteceunovale.com.br\/portal\/?p=183557#respond"]}]},{"@type":"WebPage","@id":"https:\/\/aconteceunovale.com.br\/portal\/?p=183557","url":"https:\/\/aconteceunovale.com.br\/portal\/?p=183557","name":"Governador apresentar\u00e1 a\u00e7\u00f5es de Minas Gerais para redu\u00e7\u00e3o da emiss\u00e3o de poluentes em palestra na COP26 - Aconteceu no Vale","isPartOf":{"@id":"https:\/\/aconteceunovale.com.br\/portal\/#website"},"primaryImageOfPage":{"@id":"https:\/\/aconteceunovale.com.br\/portal\/?p=183557#primaryimage"},"image":{"@id":"https:\/\/aconteceunovale.com.br\/portal\/?p=183557#primaryimage"},"thumbnailUrl":"https:\/\/aconteceunovale.com.br\/portal\/wp-content\/uploads\/2021\/11\/cop26.jpg","datePublished":"2021-11-04T02:30:33+00:00","dateModified":"2021-11-04T02:31:21+00:00","author":{"@id":"https:\/\/aconteceunovale.com.br\/portal\/#\/schema\/person\/7d2f26d1483f8a63de73da1ee0754d35"},"breadcrumb":{"@id":"https:\/\/aconteceunovale.com.br\/portal\/?p=183557#breadcrumb"},"inLanguage":"pt-BR","potentialAction":[{"@type":"ReadAction","target":["https:\/\/aconteceunovale.com.br\/portal\/?p=183557"]}]},{"@type":"ImageObject","inLanguage":"pt-BR","@id":"https:\/\/aconteceunovale.com.br\/portal\/?p=183557#primaryimage","url":"https:\/\/aconteceunovale.com.br\/portal\/wp-content\/uploads\/2021\/11\/cop26.jpg","contentUrl":"https:\/\/aconteceunovale.com.br\/portal\/wp-content\/uploads\/2021\/11\/cop26.jpg","width":675,"height":450},{"@type":"BreadcrumbList","@id":"https:\/\/aconteceunovale.com.br\/portal\/?p=183557#breadcrumb","itemListElement":[{"@type":"ListItem","position":1,"name":"In\u00edcio","item":"https:\/\/aconteceunovale.com.br\/portal\/"},{"@type":"ListItem","position":2,"name":"Governador apresentar\u00e1 a\u00e7\u00f5es de Minas Gerais para redu\u00e7\u00e3o da emiss\u00e3o de poluentes em palestra na COP26"}]},{"@type":"WebSite","@id":"https:\/\/aconteceunovale.com.br\/portal\/#website","url":"https:\/\/aconteceunovale.com.br\/portal\/","name":"Aconteceu no Vale","description":"Portal de Not\u00edcias","potentialAction":[{"@type":"SearchAction","target":{"@type":"EntryPoint","urlTemplate":"https:\/\/aconteceunovale.com.br\/portal\/?s={search_term_string}"},"query-input":{"@type":"PropertyValueSpecification","valueRequired":true,"valueName":"search_term_string"}}],"inLanguage":"pt-BR"},{"@type":"Person","@id":"https:\/\/aconteceunovale.com.br\/portal\/#\/schema\/person\/7d2f26d1483f8a63de73da1ee0754d35","name":"Reda\u00e7\u00e3o Aconteceu no Vale","description":"Equipe de reportagem do Aconteceu no Vale, portal de not\u00edcias do Vale do Jequitinhonha, em Minas Gerais. Cobrimos as 51 cidades do Vale desde 2013. Sugest\u00f5es de pauta e pedidos de corre\u00e7\u00e3o: contato@aconteceunovale.com.br","url":"https:\/\/aconteceunovale.com.br\/portal\/?author=4"}]}},"_links":{"self":[{"href":"https:\/\/aconteceunovale.com.br\/portal\/index.php?rest_route=\/wp\/v2\/posts\/183557","targetHints":{"allow":["GET"]}}],"collection":[{"href":"https:\/\/aconteceunovale.com.br\/portal\/index.php?rest_route=\/wp\/v2\/posts"}],"about":[{"href":"https:\/\/aconteceunovale.com.br\/portal\/index.php?rest_route=\/wp\/v2\/types\/post"}],"author":[{"embeddable":true,"href":"https:\/\/aconteceunovale.com.br\/portal\/index.php?rest_route=\/wp\/v2\/users\/4"}],"replies":[{"embeddable":true,"href":"https:\/\/aconteceunovale.com.br\/portal\/index.php?rest_route=%2Fwp%2Fv2%2Fcomments&post=183557"}],"version-history":[{"count":1,"href":"https:\/\/aconteceunovale.com.br\/portal\/index.php?rest_route=\/wp\/v2\/posts\/183557\/revisions"}],"predecessor-version":[{"id":183559,"href":"https:\/\/aconteceunovale.com.br\/portal\/index.php?rest_route=\/wp\/v2\/posts\/183557\/revisions\/183559"}],"wp:featuredmedia":[{"embeddable":true,"href":"https:\/\/aconteceunovale.com.br\/portal\/index.php?rest_route=\/wp\/v2\/media\/183558"}],"wp:attachment":[{"href":"https:\/\/aconteceunovale.com.br\/portal\/index.php?rest_route=%2Fwp%2Fv2%2Fmedia&parent=183557"}],"wp:term":[{"taxonomy":"category","embeddable":true,"href":"https:\/\/aconteceunovale.com.br\/portal\/index.php?rest_route=%2Fwp%2Fv2%2Fcategories&post=183557"},{"taxonomy":"post_tag","embeddable":true,"href":"https:\/\/aconteceunovale.com.br\/portal\/index.php?rest_route=%2Fwp%2Fv2%2Ftags&post=183557"}],"curies":[{"name":"wp","href":"https:\/\/api.w.org\/{rel}","templated":true}]}}