{"id":183551,"date":"2021-11-03T23:05:22","date_gmt":"2021-11-04T02:05:22","guid":{"rendered":"https:\/\/aconteceunovale.com.br\/portal\/?p=183551"},"modified":"2021-11-03T23:06:31","modified_gmt":"2021-11-04T02:06:31","slug":"minas-gerais-e-o-estado-mais-seguro-do-brasil-segundo-o-ministerio-da-justica","status":"publish","type":"post","link":"https:\/\/aconteceunovale.com.br\/portal\/?p=183551","title":{"rendered":"Minas Gerais \u00e9 o estado mais seguro do Brasil, segundo o Minist\u00e9rio da Justi\u00e7a"},"content":{"rendered":"\n<p class=\"wp-block-paragraph\">Minas Gerais\u00a0\u00e9 o estado mais seguro do pa\u00eds em 2021, de acordo com dados do Sistema Nacional de Informa\u00e7\u00f5es de Seguran\u00e7a P\u00fablica (Sinesp), do Minist\u00e9rio da Justi\u00e7a e Seguran\u00e7a P\u00fablica (MJSP), referentes aos meses de janeiro a junho \u2013 fechando o primeiro semestre de 2021. A base de informa\u00e7\u00f5es agrega estat\u00edsticas disponibilizadas pelas 27 unidades federativas brasileiras e tem, por finalidade, subsidiar a implementa\u00e7\u00e3o de pol\u00edticas p\u00fablicas em seguran\u00e7a e defesa social.\u00a0<\/p>\n\n\n\n<figure class=\"wp-block-gallery columns-1 is-cropped wp-block-gallery-1 is-layout-flex wp-block-gallery-is-layout-flex\"><ul class=\"blocks-gallery-grid\"><li class=\"blocks-gallery-item\"><figure><img loading=\"lazy\" decoding=\"async\" width=\"674\" height=\"450\" src=\"https:\/\/aconteceunovale.com.br\/portal\/wp-content\/uploads\/2021\/11\/estado_seguro.jpg\" alt=\"\" data-id=\"183552\" data-full-url=\"https:\/\/aconteceunovale.com.br\/portal\/wp-content\/uploads\/2021\/11\/estado_seguro.jpg\" data-link=\"https:\/\/aconteceunovale.com.br\/portal\/?attachment_id=183552\" class=\"wp-image-183552\" srcset=\"https:\/\/aconteceunovale.com.br\/portal\/wp-content\/uploads\/2021\/11\/estado_seguro.jpg 674w, https:\/\/aconteceunovale.com.br\/portal\/wp-content\/uploads\/2021\/11\/estado_seguro-300x200.jpg 300w, https:\/\/aconteceunovale.com.br\/portal\/wp-content\/uploads\/2021\/11\/estado_seguro-629x420.jpg 629w\" sizes=\"auto, (max-width: 674px) 100vw, 674px\" \/><figcaption class=\"blocks-gallery-item__caption\"><em>Representantes das for\u00e7as de seguran\u00e7a de Minas &#8211; Foto: Divulga\u00e7\u00e3o \/ PCMG<\/em><\/figcaption><\/figure><\/li><\/ul><\/figure>\n\n\n\n<p class=\"wp-block-paragraph\">Os dados de janeiro a maio j\u00e1 davam a Minas a primeira coloca\u00e7\u00e3o no cen\u00e1rio nacional, resultado que se fortaleceu com a disponibiliza\u00e7\u00e3o das informa\u00e7\u00f5es de junho \u2013 os \u00faltimos dados divulgados pelo Sinesp.<\/p>\n\n\n\n<p class=\"wp-block-paragraph\">A evolu\u00e7\u00e3o do trabalho desenvolvido pode ser observada tamb\u00e9m no desempenho dos tr\u00eas \u00faltimos anos, em que o estado obteve boas coloca\u00e7\u00f5es no cen\u00e1rio nacional da seguran\u00e7a p\u00fablica. De l\u00e1 para c\u00e1, passou de terceiro colocado, em 2019, para primeiro colocado em 2021.\u00a0<\/p>\n\n\n\n<h2 class=\"wp-block-heading\"><strong>Sistema de informa\u00e7\u00f5es<\/strong><\/h2>\n\n\n\n<p class=\"wp-block-paragraph\">O Sinesp acompanha as taxas de viol\u00eancia de nove naturezas criminais. S\u00e3o elas: latroc\u00ednio, homic\u00eddio consumado, estupro consumado, roubo de carga, roubo a ve\u00edculo, roubo a institui\u00e7\u00f5es financeiras, les\u00e3o corporal seguida de morte, homic\u00eddio tentado e furto de ve\u00edculo. A base \u00e9 alimentada por todos os estados da na\u00e7\u00e3o, com registros de ocorr\u00eancias lavrados pelas for\u00e7as de seguran\u00e7a atuantes em cada localidade.<\/p>\n\n\n\n<p class=\"wp-block-paragraph\">O ranking liderado por Minas Gerais neste ano avalia as menores taxas de incid\u00eancia criminal: ou seja, o somat\u00f3rio de ocorr\u00eancias registradas, de forma proporcional \u00e0 popula\u00e7\u00e3o estadual, conforme a estimativa do Instituto Brasileiro de Geografia e Estat\u00edstica (IBGE) para o per\u00edodo analisado, multiplicando o resultado por cem mil. Nos casos de furto e roubo a ve\u00edculos, s\u00e3o calculados os registros proporcionalmente \u00e0 frota inscrita no Departamento Nacional de Tr\u00e2nsito (Denatran). N\u00e3o h\u00e1 atribui\u00e7\u00e3o de peso entre os diferentes crimes observados.<\/p>\n\n\n\n<p class=\"wp-block-paragraph\">A integra\u00e7\u00e3o das for\u00e7as de seguran\u00e7a \u00e9 um dos fatores que permitiram a Minas Gerais ocupar este espa\u00e7o no cen\u00e1rio nacional. Somente no primeiro semestre, foram mais de 15 opera\u00e7\u00f5es integradas realizadas com diferentes focos: combate ao crime organizado; combate ao tr\u00e1fico de drogas; combate \u00e0 criminalidade violenta nas \u00e1reas de fronteiras com outros estados; viol\u00eancia dom\u00e9stica e familiar contra a mulher; combate ao uso irregular de produtos controlados, entre outras. A Opera\u00e7\u00e3o Caminhos de Minas \u00e9 exemplo de como a integra\u00e7\u00e3o das for\u00e7as de seguran\u00e7a \u00e9 a melhor sa\u00edda para vencer a criminalidade.<\/p>\n\n\n\n<p class=\"wp-block-paragraph\">Na terceira fase da Caminhos de Minas, coordenada pela\u00a0Pol\u00edcia Militar de Minas Gerais (PMMG), pela Pol\u00edcia Rodovi\u00e1ria Federal (PRF) e pela\u00a0Secretaria de Estado de Justi\u00e7a e Seguran\u00e7a P\u00fablica (Sejusp), finalizada em julho, foram apreendidos mais de 600 kg de drogas em rodovias de todo o estado. Al\u00e9m disso, cerca de 220 indiv\u00edduos foram presos, 12 armas de fogo retiradas de circula\u00e7\u00e3o e sete procurados pela Justi\u00e7a capturados, desde o in\u00edcio da megaopera\u00e7\u00e3o.<\/p>\n\n\n\n<p class=\"wp-block-paragraph\">Segundo o titular da Sejusp, secret\u00e1rio Rog\u00e9rio Greco, a atua\u00e7\u00e3o conjunta das for\u00e7as de seguran\u00e7a operantes em Minas Gerais ter\u00e1 continuidade e frequ\u00eancia. <em>&#8220;Trata-se de um projeto de sucesso. A integra\u00e7\u00e3o \u00e9 fundamental para a Seguran\u00e7a P\u00fablica de uma forma geral&#8221;,<\/em> ressalta.<\/p>\n\n\n\n<h2 class=\"wp-block-heading\"><strong>Taxa de criminalidade<\/strong><\/h2>\n\n\n\n<p class=\"wp-block-paragraph\">Segundo o c\u00e1lculo, Minas tinha, em 2016, uma taxa de criminalidade de 474,03 por 100 mil habitantes, ocupando o s\u00e9timo lugar no ranqueamento nacional. No mesmo per\u00edodo, a taxa nacional equivalente era de 668,49. Em 2019, ao atingir o terceiro lugar no p\u00f3dio de Seguran\u00e7a P\u00fablica, o estado apresentava uma taxa de 260,96 por 100 mil habitantes, enquanto o coeficiente brasileiro era de 358,51. E, finalmente, nos seis primeiros meses de 2021, a taxa mineira \u00e9 de 87,42, sendo a propor\u00e7\u00e3o em todo o Brasil de 145,04. Os estados que ocupam a segunda e terceira coloca\u00e7\u00e3o est\u00e3o com suas taxas em 97,79 e 102,71, respectivamente.<\/p>\n\n\n\n<h2 class=\"wp-block-heading\"><strong>Metodologia<\/strong><\/h2>\n\n\n\n<p class=\"wp-block-paragraph\">O banco de dados do MJSP considera, como \u00faltimo consolidado, o per\u00edodo de tr\u00eas meses anteriores \u00e0 publica\u00e7\u00e3o, que, normalmente, ocorre ap\u00f3s o 15\u00ba dia corrido. O intervalo \u00e9 justificado como necess\u00e1rio para que as respectivas pastas de Seguran\u00e7a P\u00fablica e Defesa Social de todas as unidades federativas possam coletar, tratar e validar as estat\u00edsticas antes de submet\u00ea-las \u00e0 base nacional.<\/p>\n\n\n\n<p class=\"wp-block-paragraph\">Vale ressaltar que os dados podem apresentar diferen\u00e7as para outras an\u00e1lises. O Observat\u00f3rio de Seguran\u00e7a P\u00fablica da Secretaria de Estado de Justi\u00e7a e Seguran\u00e7a P\u00fablica (Sejusp), por exemplo, compila e disponibiliza \u00e0 imprensa, na se\u00e7\u00e3o \u201cDados Abertos\u201d do site da pasta, ou sob demanda, as estat\u00edsticas mensalmente &#8211; via de regra, na segunda quinzena do m\u00eas posterior ao balan\u00e7o mais recente.<\/p>\n\n\n\n<p class=\"wp-block-paragraph\">&#8212;&#8212;&#8212;&#8212;&#8212;&#8212;<br><em>Quer receber as not\u00edcias do <strong>Aconteceu no Vale<\/strong> em primeira m\u00e3o? Siga-nos no Facebook <a rel=\"noreferrer noopener\" href=\"http:\/\/facebook.com\/aconteceunovale\" target=\"_blank\">@aconteceunovale<\/a>, Twitter <a rel=\"noreferrer noopener\" href=\"https:\/\/twitter.com\/noticiadosvales\" target=\"_blank\">@noticiadosvales<\/a> e Instagram <a rel=\"noreferrer noopener\" href=\"https:\/\/www.instagram.com\/aconteceunovale\" target=\"_blank\">@aconteceunovale<\/a>.<\/em><\/p>\n","protected":false},"excerpt":{"rendered":"<p>Minas Gerais\u00a0\u00e9 o estado mais seguro do pa\u00eds em 2021, de acordo com dados do Sistema Nacional de Informa\u00e7\u00f5es de Seguran\u00e7a P\u00fablica (Sinesp), do Minist\u00e9rio da Justi\u00e7a e Seguran\u00e7a P\u00fablica (MJSP), referentes aos meses de janeiro a junho \u2013 fechando o primeiro semestre de 2021. A base de informa\u00e7\u00f5es agrega estat\u00edsticas disponibilizadas pelas 27 unidades [&hellip;]<\/p>\n","protected":false},"author":4,"featured_media":183552,"comment_status":"open","ping_status":"closed","sticky":false,"template":"","format":"standard","meta":{"amp_status":"","footnotes":""},"categories":[6,123],"tags":[4785,254098,254096,131,19903,150851,198659,604,38187,47872,204780,254097],"class_list":["post-183551","post","type-post","status-publish","format-standard","has-post-thumbnail","hentry","category-br","category-gerais","tag-brasil","tag-crimes-em-minas-gerais","tag-estado-mais-seguro-do-brasil","tag-minas-gerais","tag-ministerio-da-justica","tag-ministerio-da-justica-e-seguranca-publica","tag-mjsp","tag-pcmg","tag-pmmg","tag-seguranca-em-minas-gerais","tag-sejusp","tag-sinesp"],"yoast_head":"<!-- This site is optimized with the Yoast SEO plugin v28.3 - https:\/\/yoast.com\/product\/yoast-seo-wordpress\/ -->\n<title>Minas Gerais \u00e9 o estado mais seguro do Brasil, segundo o Minist\u00e9rio da Justi\u00e7a - Aconteceu no Vale<\/title>\n<meta name=\"robots\" content=\"index, follow, max-snippet:-1, max-image-preview:large, max-video-preview:-1\" \/>\n<link rel=\"canonical\" href=\"https:\/\/aconteceunovale.com.br\/portal\/?p=183551\" \/>\n<meta property=\"og:locale\" content=\"pt_BR\" \/>\n<meta property=\"og:type\" content=\"article\" \/>\n<meta property=\"og:title\" content=\"Minas Gerais \u00e9 o estado mais seguro do Brasil, segundo o Minist\u00e9rio da Justi\u00e7a - Aconteceu no Vale\" \/>\n<meta property=\"og:description\" content=\"Minas Gerais\u00a0\u00e9 o estado mais seguro do pa\u00eds em 2021, de acordo com dados do Sistema Nacional de Informa\u00e7\u00f5es de Seguran\u00e7a P\u00fablica (Sinesp), do Minist\u00e9rio da Justi\u00e7a e Seguran\u00e7a P\u00fablica (MJSP), referentes aos meses de janeiro a junho \u2013 fechando o primeiro semestre de 2021. A base de informa\u00e7\u00f5es agrega estat\u00edsticas disponibilizadas pelas 27 unidades [&hellip;]\" \/>\n<meta property=\"og:url\" content=\"https:\/\/aconteceunovale.com.br\/portal\/?p=183551\" \/>\n<meta property=\"og:site_name\" content=\"Aconteceu no Vale\" \/>\n<meta property=\"article:publisher\" content=\"https:\/\/www.facebook.com\/aconteceunovale\/\" \/>\n<meta property=\"article:published_time\" content=\"2021-11-04T02:05:22+00:00\" \/>\n<meta property=\"article:modified_time\" content=\"2021-11-04T02:06:31+00:00\" \/>\n<meta property=\"og:image\" content=\"https:\/\/aconteceunovale.com.br\/portal\/wp-content\/uploads\/2021\/11\/estado_seguro.jpg\" \/>\n\t<meta property=\"og:image:width\" content=\"674\" \/>\n\t<meta property=\"og:image:height\" content=\"450\" \/>\n\t<meta property=\"og:image:type\" content=\"image\/jpeg\" \/>\n<meta name=\"author\" content=\"Reda\u00e7\u00e3o Aconteceu no Vale\" \/>\n<meta name=\"twitter:card\" content=\"summary_large_image\" \/>\n<meta name=\"twitter:creator\" content=\"@noticiadosvales\" \/>\n<meta name=\"twitter:site\" content=\"@noticiadosvales\" \/>\n<meta name=\"twitter:label1\" content=\"Escrito por\" \/>\n\t<meta name=\"twitter:data1\" content=\"Reda\u00e7\u00e3o Aconteceu no Vale\" \/>\n\t<meta name=\"twitter:label2\" content=\"Est. tempo de leitura\" \/>\n\t<meta name=\"twitter:data2\" content=\"4 minutos\" \/>\n<script type=\"application\/ld+json\" class=\"yoast-schema-graph\">{\"@context\":\"https:\\\/\\\/schema.org\",\"@graph\":[{\"@type\":\"Article\",\"@id\":\"https:\\\/\\\/aconteceunovale.com.br\\\/portal\\\/?p=183551#article\",\"isPartOf\":{\"@id\":\"https:\\\/\\\/aconteceunovale.com.br\\\/portal\\\/?p=183551\"},\"author\":{\"name\":\"Reda\u00e7\u00e3o Aconteceu no Vale\",\"@id\":\"https:\\\/\\\/aconteceunovale.com.br\\\/portal\\\/#\\\/schema\\\/person\\\/7d2f26d1483f8a63de73da1ee0754d35\"},\"headline\":\"Minas Gerais \u00e9 o estado mais seguro do Brasil, segundo o Minist\u00e9rio da Justi\u00e7a\",\"datePublished\":\"2021-11-04T02:05:22+00:00\",\"dateModified\":\"2021-11-04T02:06:31+00:00\",\"mainEntityOfPage\":{\"@id\":\"https:\\\/\\\/aconteceunovale.com.br\\\/portal\\\/?p=183551\"},\"wordCount\":865,\"commentCount\":0,\"image\":{\"@id\":\"https:\\\/\\\/aconteceunovale.com.br\\\/portal\\\/?p=183551#primaryimage\"},\"thumbnailUrl\":\"https:\\\/\\\/aconteceunovale.com.br\\\/portal\\\/wp-content\\\/uploads\\\/2021\\\/11\\\/estado_seguro.jpg\",\"keywords\":[\"brasil\",\"Crimes em Minas Gerais\",\"Estado mais seguro do Brasil\",\"Minas Gerais\",\"Minist\u00e9rio da Justi\u00e7a\",\"Minist\u00e9rio da Justi\u00e7a e Seguran\u00e7a P\u00fablica\",\"MJSP\",\"PCMG\",\"PMMG\",\"seguran\u00e7a em minas gerais\",\"Sejusp\",\"Sinesp\"],\"articleSection\":[\"Brasil\",\"Minas Gerais\"],\"inLanguage\":\"pt-BR\",\"potentialAction\":[{\"@type\":\"CommentAction\",\"name\":\"Comment\",\"target\":[\"https:\\\/\\\/aconteceunovale.com.br\\\/portal\\\/?p=183551#respond\"]}]},{\"@type\":\"WebPage\",\"@id\":\"https:\\\/\\\/aconteceunovale.com.br\\\/portal\\\/?p=183551\",\"url\":\"https:\\\/\\\/aconteceunovale.com.br\\\/portal\\\/?p=183551\",\"name\":\"Minas Gerais \u00e9 o estado mais seguro do Brasil, segundo o Minist\u00e9rio da Justi\u00e7a - Aconteceu no Vale\",\"isPartOf\":{\"@id\":\"https:\\\/\\\/aconteceunovale.com.br\\\/portal\\\/#website\"},\"primaryImageOfPage\":{\"@id\":\"https:\\\/\\\/aconteceunovale.com.br\\\/portal\\\/?p=183551#primaryimage\"},\"image\":{\"@id\":\"https:\\\/\\\/aconteceunovale.com.br\\\/portal\\\/?p=183551#primaryimage\"},\"thumbnailUrl\":\"https:\\\/\\\/aconteceunovale.com.br\\\/portal\\\/wp-content\\\/uploads\\\/2021\\\/11\\\/estado_seguro.jpg\",\"datePublished\":\"2021-11-04T02:05:22+00:00\",\"dateModified\":\"2021-11-04T02:06:31+00:00\",\"author\":{\"@id\":\"https:\\\/\\\/aconteceunovale.com.br\\\/portal\\\/#\\\/schema\\\/person\\\/7d2f26d1483f8a63de73da1ee0754d35\"},\"breadcrumb\":{\"@id\":\"https:\\\/\\\/aconteceunovale.com.br\\\/portal\\\/?p=183551#breadcrumb\"},\"inLanguage\":\"pt-BR\",\"potentialAction\":[{\"@type\":\"ReadAction\",\"target\":[\"https:\\\/\\\/aconteceunovale.com.br\\\/portal\\\/?p=183551\"]}]},{\"@type\":\"ImageObject\",\"inLanguage\":\"pt-BR\",\"@id\":\"https:\\\/\\\/aconteceunovale.com.br\\\/portal\\\/?p=183551#primaryimage\",\"url\":\"https:\\\/\\\/aconteceunovale.com.br\\\/portal\\\/wp-content\\\/uploads\\\/2021\\\/11\\\/estado_seguro.jpg\",\"contentUrl\":\"https:\\\/\\\/aconteceunovale.com.br\\\/portal\\\/wp-content\\\/uploads\\\/2021\\\/11\\\/estado_seguro.jpg\",\"width\":674,\"height\":450},{\"@type\":\"BreadcrumbList\",\"@id\":\"https:\\\/\\\/aconteceunovale.com.br\\\/portal\\\/?p=183551#breadcrumb\",\"itemListElement\":[{\"@type\":\"ListItem\",\"position\":1,\"name\":\"In\u00edcio\",\"item\":\"https:\\\/\\\/aconteceunovale.com.br\\\/portal\\\/\"},{\"@type\":\"ListItem\",\"position\":2,\"name\":\"Minas Gerais \u00e9 o estado mais seguro do Brasil, segundo o Minist\u00e9rio da Justi\u00e7a\"}]},{\"@type\":\"WebSite\",\"@id\":\"https:\\\/\\\/aconteceunovale.com.br\\\/portal\\\/#website\",\"url\":\"https:\\\/\\\/aconteceunovale.com.br\\\/portal\\\/\",\"name\":\"Aconteceu no Vale\",\"description\":\"Portal de Not\u00edcias\",\"potentialAction\":[{\"@type\":\"SearchAction\",\"target\":{\"@type\":\"EntryPoint\",\"urlTemplate\":\"https:\\\/\\\/aconteceunovale.com.br\\\/portal\\\/?s={search_term_string}\"},\"query-input\":{\"@type\":\"PropertyValueSpecification\",\"valueRequired\":true,\"valueName\":\"search_term_string\"}}],\"inLanguage\":\"pt-BR\"},{\"@type\":\"Person\",\"@id\":\"https:\\\/\\\/aconteceunovale.com.br\\\/portal\\\/#\\\/schema\\\/person\\\/7d2f26d1483f8a63de73da1ee0754d35\",\"name\":\"Reda\u00e7\u00e3o Aconteceu no Vale\",\"description\":\"Equipe de reportagem do Aconteceu no Vale, portal de not\u00edcias do Vale do Jequitinhonha, em Minas Gerais. Cobrimos as 51 cidades do Vale desde 2013. Sugest\u00f5es de pauta e pedidos de corre\u00e7\u00e3o: contato@aconteceunovale.com.br\",\"url\":\"https:\\\/\\\/aconteceunovale.com.br\\\/portal\\\/?author=4\"}]}<\/script>\n<!-- \/ Yoast SEO plugin. -->","yoast_head_json":{"title":"Minas Gerais \u00e9 o estado mais seguro do Brasil, segundo o Minist\u00e9rio da Justi\u00e7a - Aconteceu no Vale","robots":{"index":"index","follow":"follow","max-snippet":"max-snippet:-1","max-image-preview":"max-image-preview:large","max-video-preview":"max-video-preview:-1"},"canonical":"https:\/\/aconteceunovale.com.br\/portal\/?p=183551","og_locale":"pt_BR","og_type":"article","og_title":"Minas Gerais \u00e9 o estado mais seguro do Brasil, segundo o Minist\u00e9rio da Justi\u00e7a - Aconteceu no Vale","og_description":"Minas Gerais\u00a0\u00e9 o estado mais seguro do pa\u00eds em 2021, de acordo com dados do Sistema Nacional de Informa\u00e7\u00f5es de Seguran\u00e7a P\u00fablica (Sinesp), do Minist\u00e9rio da Justi\u00e7a e Seguran\u00e7a P\u00fablica (MJSP), referentes aos meses de janeiro a junho \u2013 fechando o primeiro semestre de 2021. A base de informa\u00e7\u00f5es agrega estat\u00edsticas disponibilizadas pelas 27 unidades [&hellip;]","og_url":"https:\/\/aconteceunovale.com.br\/portal\/?p=183551","og_site_name":"Aconteceu no Vale","article_publisher":"https:\/\/www.facebook.com\/aconteceunovale\/","article_published_time":"2021-11-04T02:05:22+00:00","article_modified_time":"2021-11-04T02:06:31+00:00","og_image":[{"width":674,"height":450,"url":"https:\/\/aconteceunovale.com.br\/portal\/wp-content\/uploads\/2021\/11\/estado_seguro.jpg","type":"image\/jpeg"}],"author":"Reda\u00e7\u00e3o Aconteceu no Vale","twitter_card":"summary_large_image","twitter_creator":"@noticiadosvales","twitter_site":"@noticiadosvales","twitter_misc":{"Escrito por":"Reda\u00e7\u00e3o Aconteceu no Vale","Est. tempo de leitura":"4 minutos"},"schema":{"@context":"https:\/\/schema.org","@graph":[{"@type":"Article","@id":"https:\/\/aconteceunovale.com.br\/portal\/?p=183551#article","isPartOf":{"@id":"https:\/\/aconteceunovale.com.br\/portal\/?p=183551"},"author":{"name":"Reda\u00e7\u00e3o Aconteceu no Vale","@id":"https:\/\/aconteceunovale.com.br\/portal\/#\/schema\/person\/7d2f26d1483f8a63de73da1ee0754d35"},"headline":"Minas Gerais \u00e9 o estado mais seguro do Brasil, segundo o Minist\u00e9rio da Justi\u00e7a","datePublished":"2021-11-04T02:05:22+00:00","dateModified":"2021-11-04T02:06:31+00:00","mainEntityOfPage":{"@id":"https:\/\/aconteceunovale.com.br\/portal\/?p=183551"},"wordCount":865,"commentCount":0,"image":{"@id":"https:\/\/aconteceunovale.com.br\/portal\/?p=183551#primaryimage"},"thumbnailUrl":"https:\/\/aconteceunovale.com.br\/portal\/wp-content\/uploads\/2021\/11\/estado_seguro.jpg","keywords":["brasil","Crimes em Minas Gerais","Estado mais seguro do Brasil","Minas Gerais","Minist\u00e9rio da Justi\u00e7a","Minist\u00e9rio da Justi\u00e7a e Seguran\u00e7a P\u00fablica","MJSP","PCMG","PMMG","seguran\u00e7a em minas gerais","Sejusp","Sinesp"],"articleSection":["Brasil","Minas Gerais"],"inLanguage":"pt-BR","potentialAction":[{"@type":"CommentAction","name":"Comment","target":["https:\/\/aconteceunovale.com.br\/portal\/?p=183551#respond"]}]},{"@type":"WebPage","@id":"https:\/\/aconteceunovale.com.br\/portal\/?p=183551","url":"https:\/\/aconteceunovale.com.br\/portal\/?p=183551","name":"Minas Gerais \u00e9 o estado mais seguro do Brasil, segundo o Minist\u00e9rio da Justi\u00e7a - Aconteceu no Vale","isPartOf":{"@id":"https:\/\/aconteceunovale.com.br\/portal\/#website"},"primaryImageOfPage":{"@id":"https:\/\/aconteceunovale.com.br\/portal\/?p=183551#primaryimage"},"image":{"@id":"https:\/\/aconteceunovale.com.br\/portal\/?p=183551#primaryimage"},"thumbnailUrl":"https:\/\/aconteceunovale.com.br\/portal\/wp-content\/uploads\/2021\/11\/estado_seguro.jpg","datePublished":"2021-11-04T02:05:22+00:00","dateModified":"2021-11-04T02:06:31+00:00","author":{"@id":"https:\/\/aconteceunovale.com.br\/portal\/#\/schema\/person\/7d2f26d1483f8a63de73da1ee0754d35"},"breadcrumb":{"@id":"https:\/\/aconteceunovale.com.br\/portal\/?p=183551#breadcrumb"},"inLanguage":"pt-BR","potentialAction":[{"@type":"ReadAction","target":["https:\/\/aconteceunovale.com.br\/portal\/?p=183551"]}]},{"@type":"ImageObject","inLanguage":"pt-BR","@id":"https:\/\/aconteceunovale.com.br\/portal\/?p=183551#primaryimage","url":"https:\/\/aconteceunovale.com.br\/portal\/wp-content\/uploads\/2021\/11\/estado_seguro.jpg","contentUrl":"https:\/\/aconteceunovale.com.br\/portal\/wp-content\/uploads\/2021\/11\/estado_seguro.jpg","width":674,"height":450},{"@type":"BreadcrumbList","@id":"https:\/\/aconteceunovale.com.br\/portal\/?p=183551#breadcrumb","itemListElement":[{"@type":"ListItem","position":1,"name":"In\u00edcio","item":"https:\/\/aconteceunovale.com.br\/portal\/"},{"@type":"ListItem","position":2,"name":"Minas Gerais \u00e9 o estado mais seguro do Brasil, segundo o Minist\u00e9rio da Justi\u00e7a"}]},{"@type":"WebSite","@id":"https:\/\/aconteceunovale.com.br\/portal\/#website","url":"https:\/\/aconteceunovale.com.br\/portal\/","name":"Aconteceu no Vale","description":"Portal de Not\u00edcias","potentialAction":[{"@type":"SearchAction","target":{"@type":"EntryPoint","urlTemplate":"https:\/\/aconteceunovale.com.br\/portal\/?s={search_term_string}"},"query-input":{"@type":"PropertyValueSpecification","valueRequired":true,"valueName":"search_term_string"}}],"inLanguage":"pt-BR"},{"@type":"Person","@id":"https:\/\/aconteceunovale.com.br\/portal\/#\/schema\/person\/7d2f26d1483f8a63de73da1ee0754d35","name":"Reda\u00e7\u00e3o Aconteceu no Vale","description":"Equipe de reportagem do Aconteceu no Vale, portal de not\u00edcias do Vale do Jequitinhonha, em Minas Gerais. Cobrimos as 51 cidades do Vale desde 2013. Sugest\u00f5es de pauta e pedidos de corre\u00e7\u00e3o: contato@aconteceunovale.com.br","url":"https:\/\/aconteceunovale.com.br\/portal\/?author=4"}]}},"_links":{"self":[{"href":"https:\/\/aconteceunovale.com.br\/portal\/index.php?rest_route=\/wp\/v2\/posts\/183551","targetHints":{"allow":["GET"]}}],"collection":[{"href":"https:\/\/aconteceunovale.com.br\/portal\/index.php?rest_route=\/wp\/v2\/posts"}],"about":[{"href":"https:\/\/aconteceunovale.com.br\/portal\/index.php?rest_route=\/wp\/v2\/types\/post"}],"author":[{"embeddable":true,"href":"https:\/\/aconteceunovale.com.br\/portal\/index.php?rest_route=\/wp\/v2\/users\/4"}],"replies":[{"embeddable":true,"href":"https:\/\/aconteceunovale.com.br\/portal\/index.php?rest_route=%2Fwp%2Fv2%2Fcomments&post=183551"}],"version-history":[{"count":1,"href":"https:\/\/aconteceunovale.com.br\/portal\/index.php?rest_route=\/wp\/v2\/posts\/183551\/revisions"}],"predecessor-version":[{"id":183553,"href":"https:\/\/aconteceunovale.com.br\/portal\/index.php?rest_route=\/wp\/v2\/posts\/183551\/revisions\/183553"}],"wp:featuredmedia":[{"embeddable":true,"href":"https:\/\/aconteceunovale.com.br\/portal\/index.php?rest_route=\/wp\/v2\/media\/183552"}],"wp:attachment":[{"href":"https:\/\/aconteceunovale.com.br\/portal\/index.php?rest_route=%2Fwp%2Fv2%2Fmedia&parent=183551"}],"wp:term":[{"taxonomy":"category","embeddable":true,"href":"https:\/\/aconteceunovale.com.br\/portal\/index.php?rest_route=%2Fwp%2Fv2%2Fcategories&post=183551"},{"taxonomy":"post_tag","embeddable":true,"href":"https:\/\/aconteceunovale.com.br\/portal\/index.php?rest_route=%2Fwp%2Fv2%2Ftags&post=183551"}],"curies":[{"name":"wp","href":"https:\/\/api.w.org\/{rel}","templated":true}]}}