{"id":18346,"date":"2014-01-13T09:17:13","date_gmt":"2014-01-13T11:17:13","guid":{"rendered":"http:\/\/aconteceunovale.com.br\/portal\/?p=18346"},"modified":"2014-01-13T09:17:13","modified_gmt":"2014-01-13T11:17:13","slug":"policia-prende-homem-de-51-anos-por-posse-ilegal-de-arma-em-mirabela","status":"publish","type":"post","link":"https:\/\/aconteceunovale.com.br\/portal\/?p=18346","title":{"rendered":"Pol\u00edcia prende homem de 51 anos por posse ilegal de arma em Mirabela"},"content":{"rendered":"<p>Um homem de 51 anos foi preso em Mirabela, regi\u00e3o Norte de Minas Gerais, por posse ilegal de arma na madrugada desta segunda-feira (13\/01). A pol\u00edcia chegou at\u00e9 o infrator ap\u00f3s uma den\u00fancia an\u00f4nima.<\/p>\n<p><img decoding=\"async\" src=\"http:\/\/aconteceunovale.com.br\/portal\/wp-content\/uploads\/2014\/01\/material_apreendido_pm_mirabela.jpg\" alt=\"\" \/><br \/>\n<em>(Arma e muni\u00e7\u00f5es apreendidas pela Pol\u00edcia Militar de Mirabela)<\/em><\/p>\n<p>Segundo informa\u00e7\u00f5es da Pol\u00edcia Militar de Mirabela, com o homem, residente no Bairro S\u00e3o Jo\u00e3o, foi apreendido um rev\u00f3lver calibre 32 com 12 muni\u00e7\u00f5es intactas e em condi\u00e7\u00e3o de uso.<\/p>\n<p>O homem foi conduzido at\u00e9 a Delegacia de Pol\u00edcia Civil de Montes Claros para depoimento.<\/p>\n","protected":false},"excerpt":{"rendered":"<p>Um homem de 51 anos foi preso em Mirabela, regi\u00e3o Norte de Minas Gerais, por posse ilegal de arma na madrugada desta segunda-feira (13\/01). A pol\u00edcia chegou at\u00e9 o infrator ap\u00f3s uma den\u00fancia an\u00f4nima. (Arma e muni\u00e7\u00f5es apreendidas pela Pol\u00edcia Militar de Mirabela) Segundo informa\u00e7\u00f5es da Pol\u00edcia Militar de Mirabela, com o homem, residente no [&hellip;]<\/p>\n","protected":false},"author":1,"featured_media":0,"comment_status":"open","ping_status":"closed","sticky":false,"template":"","format":"standard","meta":{"amp_status":"","footnotes":""},"categories":[1236],"tags":[1699,210,2882,2883],"class_list":["post-18346","post","type-post","status-publish","format-standard","hentry","category-norte_de_minas","tag-mirabela","tag-montes-claros","tag-policia-prende-homem-de-51-anos-por-posse-ilegal-de-arma-em-mirabela","tag-revolver-e-apreendido-com-homem-de-51-anos-em-mirabela"],"_links":{"self":[{"href":"https:\/\/aconteceunovale.com.br\/portal\/index.php?rest_route=\/wp\/v2\/posts\/18346","targetHints":{"allow":["GET"]}}],"collection":[{"href":"https:\/\/aconteceunovale.com.br\/portal\/index.php?rest_route=\/wp\/v2\/posts"}],"about":[{"href":"https:\/\/aconteceunovale.com.br\/portal\/index.php?rest_route=\/wp\/v2\/types\/post"}],"author":[{"embeddable":true,"href":"https:\/\/aconteceunovale.com.br\/portal\/index.php?rest_route=\/wp\/v2\/users\/1"}],"replies":[{"embeddable":true,"href":"https:\/\/aconteceunovale.com.br\/portal\/index.php?rest_route=%2Fwp%2Fv2%2Fcomments&post=18346"}],"version-history":[{"count":0,"href":"https:\/\/aconteceunovale.com.br\/portal\/index.php?rest_route=\/wp\/v2\/posts\/18346\/revisions"}],"wp:attachment":[{"href":"https:\/\/aconteceunovale.com.br\/portal\/index.php?rest_route=%2Fwp%2Fv2%2Fmedia&parent=18346"}],"wp:term":[{"taxonomy":"category","embeddable":true,"href":"https:\/\/aconteceunovale.com.br\/portal\/index.php?rest_route=%2Fwp%2Fv2%2Fcategories&post=18346"},{"taxonomy":"post_tag","embeddable":true,"href":"https:\/\/aconteceunovale.com.br\/portal\/index.php?rest_route=%2Fwp%2Fv2%2Ftags&post=18346"}],"curies":[{"name":"wp","href":"https:\/\/api.w.org\/{rel}","templated":true}]}}