{"id":18336,"date":"2014-01-13T08:48:33","date_gmt":"2014-01-13T10:48:33","guid":{"rendered":"http:\/\/aconteceunovale.com.br\/portal\/?p=18336"},"modified":"2014-01-13T11:03:56","modified_gmt":"2014-01-13T13:03:56","slug":"quatro-pessoas-morrem-afogadas-em-cachoeira-na-zona-rural-de-ipanema","status":"publish","type":"post","link":"https:\/\/aconteceunovale.com.br\/portal\/?p=18336","title":{"rendered":"Quatro pessoas morrem afogadas em cachoeira na zona rural de Ipanema"},"content":{"rendered":"<p>Uma trag\u00e9dia marcou o domingo da pequena cidade de Ipanema, no Vale do Rio Doce, em Minas Gerais. Quatro pessoas morreram afogados ao tentar salvar uma crian\u00e7a de 10 anos na Cachoeira do Caracol, que faz parte do Rio Manhua\u00e7u. A crian\u00e7a conseguiu sair, mas os banhistas que ajudaram a retir\u00e1-la foram levados pela \u00e1gua. <\/p>\n<p>De acordo com o Corpo de Bombeiros, a cachoeira estava cheia durante a tarde. Quando ocorreu o acidente, muitas pessoas pularam na \u00e1gua e arrastaram a crian\u00e7a at\u00e9 a parte rasa do rio , conseguindo salvar. No entanto, quatro jovens foram levados pela \u00e1gua. Os corpos de Lucas da Silva Nogueira, 19 anos, Tainara Alves de Souza, 15 anos, e Luiz M\u00e1rcio Alves de 28 anos, foram encontrados ainda no domingo. <\/p>\n<p>Militares fazem as buscas nesta segunda-feira pelo corpo de Ramon Marcos Lara, de 23 anos, que est\u00e1 desaparecido. Segundo os bombeiros, os corpos foram reconhecidos pelos familiares, que ficaram muito abalados porque os banhistas mortos s\u00e3o conhecidos de toda comunidade. <\/p>\n<p><img decoding=\"async\" src=\"http:\/\/aconteceunovale.com.br\/portal\/wp-content\/uploads\/2014\/01\/tragedia_ipanema_1.jpg\" alt=\"\" \/><br \/>\n<em>(Foto: Geraldo Fot\u00f3grafo)<\/em><\/p>\n<p><img decoding=\"async\" src=\"http:\/\/aconteceunovale.com.br\/portal\/wp-content\/uploads\/2014\/01\/tragedia_ipanema_2.jpg\" alt=\"\" \/><br \/>\n<em>(Foto: Geraldo Fot\u00f3grafo)<\/em><\/p>\n<p><img decoding=\"async\" src=\"http:\/\/aconteceunovale.com.br\/portal\/wp-content\/uploads\/2014\/01\/tragedia_ipanema_3.jpg\" alt=\"\" \/><br \/>\n<em>(Foto: Geraldo Fot\u00f3grafo)<\/em><\/p>\n","protected":false},"excerpt":{"rendered":"<p>Uma trag\u00e9dia marcou o domingo da pequena cidade de Ipanema, no Vale do Rio Doce, em Minas Gerais. Quatro pessoas morreram afogados ao tentar salvar uma crian\u00e7a de 10 anos na Cachoeira do Caracol, que faz parte do Rio Manhua\u00e7u. A crian\u00e7a conseguiu sair, mas os banhistas que ajudaram a retir\u00e1-la foram levados pela \u00e1gua. [&hellip;]<\/p>\n","protected":false},"author":1,"featured_media":0,"comment_status":"open","ping_status":"closed","sticky":false,"template":"","format":"standard","meta":{"amp_status":"","footnotes":""},"categories":[121],"tags":[2876,2877,1732,2891,2893,2874,2894,2892,2875],"class_list":["post-18336","post","type-post","status-publish","format-standard","hentry","category-leste","tag-cachoeira-de-ipanema","tag-conceicao-de-ipanema","tag-ipanema","tag-lucas-da-silva-nogueira","tag-luiz-marcio-alves","tag-quatro-pessoas-morrem-afogadas-em-cachoeira-na-zona-rural-de-ipanema","tag-ramon-marcos-lara","tag-tainara-alves-de-souza","tag-tragedia-em-cachoeira-de-ipanema"],"_links":{"self":[{"href":"https:\/\/aconteceunovale.com.br\/portal\/index.php?rest_route=\/wp\/v2\/posts\/18336","targetHints":{"allow":["GET"]}}],"collection":[{"href":"https:\/\/aconteceunovale.com.br\/portal\/index.php?rest_route=\/wp\/v2\/posts"}],"about":[{"href":"https:\/\/aconteceunovale.com.br\/portal\/index.php?rest_route=\/wp\/v2\/types\/post"}],"author":[{"embeddable":true,"href":"https:\/\/aconteceunovale.com.br\/portal\/index.php?rest_route=\/wp\/v2\/users\/1"}],"replies":[{"embeddable":true,"href":"https:\/\/aconteceunovale.com.br\/portal\/index.php?rest_route=%2Fwp%2Fv2%2Fcomments&post=18336"}],"version-history":[{"count":0,"href":"https:\/\/aconteceunovale.com.br\/portal\/index.php?rest_route=\/wp\/v2\/posts\/18336\/revisions"}],"wp:attachment":[{"href":"https:\/\/aconteceunovale.com.br\/portal\/index.php?rest_route=%2Fwp%2Fv2%2Fmedia&parent=18336"}],"wp:term":[{"taxonomy":"category","embeddable":true,"href":"https:\/\/aconteceunovale.com.br\/portal\/index.php?rest_route=%2Fwp%2Fv2%2Fcategories&post=18336"},{"taxonomy":"post_tag","embeddable":true,"href":"https:\/\/aconteceunovale.com.br\/portal\/index.php?rest_route=%2Fwp%2Fv2%2Ftags&post=18336"}],"curies":[{"name":"wp","href":"https:\/\/api.w.org\/{rel}","templated":true}]}}