{"id":183321,"date":"2021-10-28T21:31:10","date_gmt":"2021-10-29T00:31:10","guid":{"rendered":"https:\/\/aconteceunovale.com.br\/portal\/?p=183321"},"modified":"2026-09-02T17:00:45","modified_gmt":"2026-09-02T20:00:45","slug":"casal-foragido-da-justica-e-preso-em-medina","status":"publish","type":"post","link":"https:\/\/aconteceunovale.com.br\/portal\/?p=183321","title":{"rendered":"Casal foragido da Justi\u00e7a \u00e9 preso em Medina"},"content":{"rendered":"\n<p class=\"wp-block-paragraph\">A Pol\u00edcia Civil de Minas Gerais (PCMG) cumpriu mandados de pris\u00e3o expedidos contra um homem, de 37 anos, e uma mulher, de 41, nessa quarta-feira (27\/10\/2021), em Medina, na regi\u00e3o do Jequitinhonha.<\/p>\n\n\n\n<figure class=\"wp-block-gallery columns-1 is-cropped wp-block-gallery-1 is-layout-flex wp-block-gallery-is-layout-flex\"><ul class=\"blocks-gallery-grid\"><li class=\"blocks-gallery-item\"><figure><img loading=\"lazy\" decoding=\"async\" width=\"678\" height=\"436\" src=\"https:\/\/aconteceunovale.com.br\/portal\/wp-content\/uploads\/2021\/10\/pcmg_medina.jpeg\" alt=\"\" data-id=\"183322\" data-full-url=\"https:\/\/aconteceunovale.com.br\/portal\/wp-content\/uploads\/2021\/10\/pcmg_medina.jpeg\" data-link=\"https:\/\/aconteceunovale.com.br\/portal\/?attachment_id=183322\" class=\"wp-image-183322\" srcset=\"https:\/\/aconteceunovale.com.br\/portal\/wp-content\/uploads\/2021\/10\/pcmg_medina.jpeg 678w, https:\/\/aconteceunovale.com.br\/portal\/wp-content\/uploads\/2021\/10\/pcmg_medina-300x193.jpeg 300w, https:\/\/aconteceunovale.com.br\/portal\/wp-content\/uploads\/2021\/10\/pcmg_medina-653x420.jpeg 653w\" sizes=\"auto, (max-width: 678px) 100vw, 678px\" \/><figcaption class=\"blocks-gallery-item__caption\"><em>Foto: Divulga\u00e7\u00e3o\/PCMG<\/em><\/figcaption><\/figure><\/li><\/ul><\/figure>\n\n\n\n<p class=\"wp-block-paragraph\">O suspeito, que \u00e9 irm\u00e3o do l\u00edder de uma organiza\u00e7\u00e3o criminosa, e a mulher dele foram condenados, juntamente com outros r\u00e9us, por crimes de tr\u00e1fico il\u00edcito de drogas, associa\u00e7\u00e3o para o tr\u00e1fico e corrup\u00e7\u00e3o de adolescentes. O casal, que estava foragido h\u00e1 mais de cinco anos, apresentou-se \u00e0 pol\u00edcia, acompanhado pelo advogado, para a execu\u00e7\u00e3o da pena imposta pela Justi\u00e7a.<\/p>\n\n\n\n<h2 class=\"wp-block-heading\"><strong>Investiga\u00e7\u00e3o<\/strong><\/h2>\n\n\n\n<p class=\"wp-block-paragraph\">A condena\u00e7\u00e3o dos suspeitos \u00e9 resultado da opera\u00e7\u00e3o G\u00f3rgone, realizada em 2013 pela 2\u00aa Delegacia Regional de Pol\u00edcia Civil em Pedra Azul e pela Delegacia de Pol\u00edcia Civil em Itaobim, com apoio da Delegacia de Pol\u00edcia Civil em Medina. A a\u00e7\u00e3o teve como objetivo o desmantelamento de uma organiza\u00e7\u00e3o criminosa que atuava no tr\u00e1fico de drogas nos bairros Vila Nova, S\u00e3o Crist\u00f3v\u00e3o, Esperan\u00e7a e Com\u00e9rcio Velho, em Itaobim. O grupo tamb\u00e9m foi investigado por distribuir drogas para cidades da regi\u00e3o como Medina, Ara\u00e7ua\u00ed e Almenara.<\/p>\n\n\n\n<p class=\"wp-block-paragraph\">Uma mulher de 33 anos, que \u00e0 \u00e9poca da opera\u00e7\u00e3o era companheira do l\u00edder da organiza\u00e7\u00e3o criminosa, ainda est\u00e1 foragida.<\/p>\n\n\n\n<p class=\"wp-block-paragraph\">&#8212;&#8212;&#8212;&#8212;&#8212;&#8212;<br><em>Quer receber as not\u00edcias do <strong>Aconteceu no Vale<\/strong> em primeira m\u00e3o? Siga-nos no Facebook <a rel=\"noreferrer noopener\" href=\"http:\/\/facebook.com\/aconteceunovale\" target=\"_blank\">@aconteceunovale<\/a>, Twitter <a rel=\"noreferrer noopener\" href=\"https:\/\/twitter.com\/noticiadosvales\" target=\"_blank\">@noticiadosvales<\/a> e Instagram <a rel=\"noreferrer noopener\" href=\"https:\/\/www.instagram.com\/aconteceunovale\" target=\"_blank\">@aconteceunovale<\/a>.<\/em><\/p>\n","protected":false},"excerpt":{"rendered":"<p>A Pol\u00edcia Civil de Minas Gerais (PCMG) cumpriu mandados de pris\u00e3o expedidos contra um homem, de 37 anos, e uma mulher, de 41, nessa quarta-feira (27\/10\/2021), em Medina, na regi\u00e3o do Jequitinhonha. O suspeito, que \u00e9 irm\u00e3o do l\u00edder de uma organiza\u00e7\u00e3o criminosa, e a mulher dele foram condenados, juntamente com outros r\u00e9us, por crimes [&hellip;]<\/p>\n","protected":false},"author":4,"featured_media":183322,"comment_status":"open","ping_status":"closed","sticky":false,"template":"","format":"standard","meta":{"amp_status":"","footnotes":""},"categories":[272560,120],"tags":[142,186,253655,253656,251598,130091,225135,389,253657,243800,44644,73387,130809,143982],"class_list":["post-183321","post","type-post","status-publish","format-standard","has-post-thumbnail","hentry","category-medina","category-jequi","tag-almenara","tag-aracuai","tag-casal-foragido-da-justica-e-preso-em-medina","tag-casal-preso-em-medina","tag-delegacia-de-itaobim","tag-delegacia-de-medina","tag-delegacia-de-pedra-azul","tag-medina","tag-operacao-gorgone-da-pcmg","tag-pcmg-em-medina","tag-policia-civil-de-minas-gerais","tag-presos-em-medina","tag-trafico-de-drogas-em-itaobim","tag-trafico-em-itaobim"],"yoast_head":"<!-- This site is optimized with the Yoast SEO plugin v28.3 - https:\/\/yoast.com\/product\/yoast-seo-wordpress\/ -->\n<title>Casal foragido da Justi\u00e7a \u00e9 preso em Medina - Aconteceu no Vale<\/title>\n<meta name=\"robots\" content=\"index, follow, max-snippet:-1, max-image-preview:large, max-video-preview:-1\" \/>\n<link rel=\"canonical\" href=\"https:\/\/aconteceunovale.com.br\/portal\/?p=183321\" \/>\n<meta property=\"og:locale\" content=\"pt_BR\" \/>\n<meta property=\"og:type\" content=\"article\" \/>\n<meta property=\"og:title\" content=\"Casal foragido da Justi\u00e7a \u00e9 preso em Medina - Aconteceu no Vale\" \/>\n<meta property=\"og:description\" content=\"A Pol\u00edcia Civil de Minas Gerais (PCMG) cumpriu mandados de pris\u00e3o expedidos contra um homem, de 37 anos, e uma mulher, de 41, nessa quarta-feira (27\/10\/2021), em Medina, na regi\u00e3o do Jequitinhonha. O suspeito, que \u00e9 irm\u00e3o do l\u00edder de uma organiza\u00e7\u00e3o criminosa, e a mulher dele foram condenados, juntamente com outros r\u00e9us, por crimes [&hellip;]\" \/>\n<meta property=\"og:url\" content=\"https:\/\/aconteceunovale.com.br\/portal\/?p=183321\" \/>\n<meta property=\"og:site_name\" content=\"Aconteceu no Vale\" \/>\n<meta property=\"article:publisher\" content=\"https:\/\/www.facebook.com\/aconteceunovale\/\" \/>\n<meta property=\"article:published_time\" content=\"2021-10-29T00:31:10+00:00\" \/>\n<meta property=\"article:modified_time\" content=\"2026-09-02T20:00:45+00:00\" \/>\n<meta property=\"og:image\" content=\"https:\/\/aconteceunovale.com.br\/portal\/wp-content\/uploads\/2021\/10\/pcmg_medina.jpeg\" \/>\n\t<meta property=\"og:image:width\" content=\"678\" \/>\n\t<meta property=\"og:image:height\" content=\"436\" \/>\n\t<meta property=\"og:image:type\" content=\"image\/jpeg\" \/>\n<meta name=\"author\" content=\"Reda\u00e7\u00e3o Aconteceu no Vale\" \/>\n<meta name=\"twitter:card\" content=\"summary_large_image\" \/>\n<meta name=\"twitter:creator\" content=\"@noticiadosvales\" \/>\n<meta name=\"twitter:site\" content=\"@noticiadosvales\" \/>\n<meta name=\"twitter:label1\" content=\"Escrito por\" \/>\n\t<meta name=\"twitter:data1\" content=\"Reda\u00e7\u00e3o Aconteceu no Vale\" \/>\n\t<meta name=\"twitter:label2\" content=\"Est. tempo de leitura\" \/>\n\t<meta name=\"twitter:data2\" content=\"1 minuto\" \/>\n<script type=\"application\/ld+json\" class=\"yoast-schema-graph\">{\"@context\":\"https:\\\/\\\/schema.org\",\"@graph\":[{\"@type\":\"Article\",\"@id\":\"https:\\\/\\\/aconteceunovale.com.br\\\/portal\\\/?p=183321#article\",\"isPartOf\":{\"@id\":\"https:\\\/\\\/aconteceunovale.com.br\\\/portal\\\/?p=183321\"},\"author\":{\"name\":\"Reda\u00e7\u00e3o Aconteceu no Vale\",\"@id\":\"https:\\\/\\\/aconteceunovale.com.br\\\/portal\\\/#\\\/schema\\\/person\\\/7d2f26d1483f8a63de73da1ee0754d35\"},\"headline\":\"Casal foragido da Justi\u00e7a \u00e9 preso em Medina\",\"datePublished\":\"2021-10-29T00:31:10+00:00\",\"dateModified\":\"2026-09-02T20:00:45+00:00\",\"mainEntityOfPage\":{\"@id\":\"https:\\\/\\\/aconteceunovale.com.br\\\/portal\\\/?p=183321\"},\"wordCount\":259,\"commentCount\":0,\"image\":{\"@id\":\"https:\\\/\\\/aconteceunovale.com.br\\\/portal\\\/?p=183321#primaryimage\"},\"thumbnailUrl\":\"https:\\\/\\\/aconteceunovale.com.br\\\/portal\\\/wp-content\\\/uploads\\\/2021\\\/10\\\/pcmg_medina.jpeg\",\"keywords\":[\"Almenara\",\"Ara\u00e7ua\u00ed\",\"Casal foragido da Justi\u00e7a \u00e9 preso em Medina\",\"Casal preso em Medina\",\"Delegacia de Itaobim\",\"Delegacia de Medina\",\"Delegacia de Pedra Azul\",\"Medina\",\"Opera\u00e7\u00e3o G\u00f3rgone da PCMG\",\"PCMG em Medina\",\"Pol\u00edcia Civil de Minas Gerais\",\"presos em Medina\",\"Tr\u00e1fico de drogas em Itaobim\",\"Tr\u00e1fico em Itaobim\"],\"articleSection\":[\"Medina\",\"Vale do Jequitinhonha\"],\"inLanguage\":\"pt-BR\",\"potentialAction\":[{\"@type\":\"CommentAction\",\"name\":\"Comment\",\"target\":[\"https:\\\/\\\/aconteceunovale.com.br\\\/portal\\\/?p=183321#respond\"]}]},{\"@type\":\"WebPage\",\"@id\":\"https:\\\/\\\/aconteceunovale.com.br\\\/portal\\\/?p=183321\",\"url\":\"https:\\\/\\\/aconteceunovale.com.br\\\/portal\\\/?p=183321\",\"name\":\"Casal foragido da Justi\u00e7a \u00e9 preso em Medina - Aconteceu no Vale\",\"isPartOf\":{\"@id\":\"https:\\\/\\\/aconteceunovale.com.br\\\/portal\\\/#website\"},\"primaryImageOfPage\":{\"@id\":\"https:\\\/\\\/aconteceunovale.com.br\\\/portal\\\/?p=183321#primaryimage\"},\"image\":{\"@id\":\"https:\\\/\\\/aconteceunovale.com.br\\\/portal\\\/?p=183321#primaryimage\"},\"thumbnailUrl\":\"https:\\\/\\\/aconteceunovale.com.br\\\/portal\\\/wp-content\\\/uploads\\\/2021\\\/10\\\/pcmg_medina.jpeg\",\"datePublished\":\"2021-10-29T00:31:10+00:00\",\"dateModified\":\"2026-09-02T20:00:45+00:00\",\"author\":{\"@id\":\"https:\\\/\\\/aconteceunovale.com.br\\\/portal\\\/#\\\/schema\\\/person\\\/7d2f26d1483f8a63de73da1ee0754d35\"},\"breadcrumb\":{\"@id\":\"https:\\\/\\\/aconteceunovale.com.br\\\/portal\\\/?p=183321#breadcrumb\"},\"inLanguage\":\"pt-BR\",\"potentialAction\":[{\"@type\":\"ReadAction\",\"target\":[\"https:\\\/\\\/aconteceunovale.com.br\\\/portal\\\/?p=183321\"]}]},{\"@type\":\"ImageObject\",\"inLanguage\":\"pt-BR\",\"@id\":\"https:\\\/\\\/aconteceunovale.com.br\\\/portal\\\/?p=183321#primaryimage\",\"url\":\"https:\\\/\\\/aconteceunovale.com.br\\\/portal\\\/wp-content\\\/uploads\\\/2021\\\/10\\\/pcmg_medina.jpeg\",\"contentUrl\":\"https:\\\/\\\/aconteceunovale.com.br\\\/portal\\\/wp-content\\\/uploads\\\/2021\\\/10\\\/pcmg_medina.jpeg\",\"width\":678,\"height\":436},{\"@type\":\"BreadcrumbList\",\"@id\":\"https:\\\/\\\/aconteceunovale.com.br\\\/portal\\\/?p=183321#breadcrumb\",\"itemListElement\":[{\"@type\":\"ListItem\",\"position\":1,\"name\":\"In\u00edcio\",\"item\":\"https:\\\/\\\/aconteceunovale.com.br\\\/portal\\\/\"},{\"@type\":\"ListItem\",\"position\":2,\"name\":\"Casal foragido da Justi\u00e7a \u00e9 preso em Medina\"}]},{\"@type\":\"WebSite\",\"@id\":\"https:\\\/\\\/aconteceunovale.com.br\\\/portal\\\/#website\",\"url\":\"https:\\\/\\\/aconteceunovale.com.br\\\/portal\\\/\",\"name\":\"Aconteceu no Vale\",\"description\":\"Portal de Not\u00edcias\",\"potentialAction\":[{\"@type\":\"SearchAction\",\"target\":{\"@type\":\"EntryPoint\",\"urlTemplate\":\"https:\\\/\\\/aconteceunovale.com.br\\\/portal\\\/?s={search_term_string}\"},\"query-input\":{\"@type\":\"PropertyValueSpecification\",\"valueRequired\":true,\"valueName\":\"search_term_string\"}}],\"inLanguage\":\"pt-BR\"},{\"@type\":\"Person\",\"@id\":\"https:\\\/\\\/aconteceunovale.com.br\\\/portal\\\/#\\\/schema\\\/person\\\/7d2f26d1483f8a63de73da1ee0754d35\",\"name\":\"Reda\u00e7\u00e3o Aconteceu no Vale\",\"description\":\"Equipe de reportagem do Aconteceu no Vale, portal de not\u00edcias do Vale do Jequitinhonha, em Minas Gerais. Cobrimos as 51 cidades do Vale desde 2013. Sugest\u00f5es de pauta e pedidos de corre\u00e7\u00e3o: contato@aconteceunovale.com.br\",\"url\":\"https:\\\/\\\/aconteceunovale.com.br\\\/portal\\\/?author=4\"}]}<\/script>\n<!-- \/ Yoast SEO plugin. -->","yoast_head_json":{"title":"Casal foragido da Justi\u00e7a \u00e9 preso em Medina - Aconteceu no Vale","robots":{"index":"index","follow":"follow","max-snippet":"max-snippet:-1","max-image-preview":"max-image-preview:large","max-video-preview":"max-video-preview:-1"},"canonical":"https:\/\/aconteceunovale.com.br\/portal\/?p=183321","og_locale":"pt_BR","og_type":"article","og_title":"Casal foragido da Justi\u00e7a \u00e9 preso em Medina - Aconteceu no Vale","og_description":"A Pol\u00edcia Civil de Minas Gerais (PCMG) cumpriu mandados de pris\u00e3o expedidos contra um homem, de 37 anos, e uma mulher, de 41, nessa quarta-feira (27\/10\/2021), em Medina, na regi\u00e3o do Jequitinhonha. O suspeito, que \u00e9 irm\u00e3o do l\u00edder de uma organiza\u00e7\u00e3o criminosa, e a mulher dele foram condenados, juntamente com outros r\u00e9us, por crimes [&hellip;]","og_url":"https:\/\/aconteceunovale.com.br\/portal\/?p=183321","og_site_name":"Aconteceu no Vale","article_publisher":"https:\/\/www.facebook.com\/aconteceunovale\/","article_published_time":"2021-10-29T00:31:10+00:00","article_modified_time":"2026-09-02T20:00:45+00:00","og_image":[{"width":678,"height":436,"url":"https:\/\/aconteceunovale.com.br\/portal\/wp-content\/uploads\/2021\/10\/pcmg_medina.jpeg","type":"image\/jpeg"}],"author":"Reda\u00e7\u00e3o Aconteceu no Vale","twitter_card":"summary_large_image","twitter_creator":"@noticiadosvales","twitter_site":"@noticiadosvales","twitter_misc":{"Escrito por":"Reda\u00e7\u00e3o Aconteceu no Vale","Est. tempo de leitura":"1 minuto"},"schema":{"@context":"https:\/\/schema.org","@graph":[{"@type":"Article","@id":"https:\/\/aconteceunovale.com.br\/portal\/?p=183321#article","isPartOf":{"@id":"https:\/\/aconteceunovale.com.br\/portal\/?p=183321"},"author":{"name":"Reda\u00e7\u00e3o Aconteceu no Vale","@id":"https:\/\/aconteceunovale.com.br\/portal\/#\/schema\/person\/7d2f26d1483f8a63de73da1ee0754d35"},"headline":"Casal foragido da Justi\u00e7a \u00e9 preso em Medina","datePublished":"2021-10-29T00:31:10+00:00","dateModified":"2026-09-02T20:00:45+00:00","mainEntityOfPage":{"@id":"https:\/\/aconteceunovale.com.br\/portal\/?p=183321"},"wordCount":259,"commentCount":0,"image":{"@id":"https:\/\/aconteceunovale.com.br\/portal\/?p=183321#primaryimage"},"thumbnailUrl":"https:\/\/aconteceunovale.com.br\/portal\/wp-content\/uploads\/2021\/10\/pcmg_medina.jpeg","keywords":["Almenara","Ara\u00e7ua\u00ed","Casal foragido da Justi\u00e7a \u00e9 preso em Medina","Casal preso em Medina","Delegacia de Itaobim","Delegacia de Medina","Delegacia de Pedra Azul","Medina","Opera\u00e7\u00e3o G\u00f3rgone da PCMG","PCMG em Medina","Pol\u00edcia Civil de Minas Gerais","presos em Medina","Tr\u00e1fico de drogas em Itaobim","Tr\u00e1fico em Itaobim"],"articleSection":["Medina","Vale do Jequitinhonha"],"inLanguage":"pt-BR","potentialAction":[{"@type":"CommentAction","name":"Comment","target":["https:\/\/aconteceunovale.com.br\/portal\/?p=183321#respond"]}]},{"@type":"WebPage","@id":"https:\/\/aconteceunovale.com.br\/portal\/?p=183321","url":"https:\/\/aconteceunovale.com.br\/portal\/?p=183321","name":"Casal foragido da Justi\u00e7a \u00e9 preso em Medina - Aconteceu no Vale","isPartOf":{"@id":"https:\/\/aconteceunovale.com.br\/portal\/#website"},"primaryImageOfPage":{"@id":"https:\/\/aconteceunovale.com.br\/portal\/?p=183321#primaryimage"},"image":{"@id":"https:\/\/aconteceunovale.com.br\/portal\/?p=183321#primaryimage"},"thumbnailUrl":"https:\/\/aconteceunovale.com.br\/portal\/wp-content\/uploads\/2021\/10\/pcmg_medina.jpeg","datePublished":"2021-10-29T00:31:10+00:00","dateModified":"2026-09-02T20:00:45+00:00","author":{"@id":"https:\/\/aconteceunovale.com.br\/portal\/#\/schema\/person\/7d2f26d1483f8a63de73da1ee0754d35"},"breadcrumb":{"@id":"https:\/\/aconteceunovale.com.br\/portal\/?p=183321#breadcrumb"},"inLanguage":"pt-BR","potentialAction":[{"@type":"ReadAction","target":["https:\/\/aconteceunovale.com.br\/portal\/?p=183321"]}]},{"@type":"ImageObject","inLanguage":"pt-BR","@id":"https:\/\/aconteceunovale.com.br\/portal\/?p=183321#primaryimage","url":"https:\/\/aconteceunovale.com.br\/portal\/wp-content\/uploads\/2021\/10\/pcmg_medina.jpeg","contentUrl":"https:\/\/aconteceunovale.com.br\/portal\/wp-content\/uploads\/2021\/10\/pcmg_medina.jpeg","width":678,"height":436},{"@type":"BreadcrumbList","@id":"https:\/\/aconteceunovale.com.br\/portal\/?p=183321#breadcrumb","itemListElement":[{"@type":"ListItem","position":1,"name":"In\u00edcio","item":"https:\/\/aconteceunovale.com.br\/portal\/"},{"@type":"ListItem","position":2,"name":"Casal foragido da Justi\u00e7a \u00e9 preso em Medina"}]},{"@type":"WebSite","@id":"https:\/\/aconteceunovale.com.br\/portal\/#website","url":"https:\/\/aconteceunovale.com.br\/portal\/","name":"Aconteceu no Vale","description":"Portal de Not\u00edcias","potentialAction":[{"@type":"SearchAction","target":{"@type":"EntryPoint","urlTemplate":"https:\/\/aconteceunovale.com.br\/portal\/?s={search_term_string}"},"query-input":{"@type":"PropertyValueSpecification","valueRequired":true,"valueName":"search_term_string"}}],"inLanguage":"pt-BR"},{"@type":"Person","@id":"https:\/\/aconteceunovale.com.br\/portal\/#\/schema\/person\/7d2f26d1483f8a63de73da1ee0754d35","name":"Reda\u00e7\u00e3o Aconteceu no Vale","description":"Equipe de reportagem do Aconteceu no Vale, portal de not\u00edcias do Vale do Jequitinhonha, em Minas Gerais. Cobrimos as 51 cidades do Vale desde 2013. Sugest\u00f5es de pauta e pedidos de corre\u00e7\u00e3o: contato@aconteceunovale.com.br","url":"https:\/\/aconteceunovale.com.br\/portal\/?author=4"}]}},"_links":{"self":[{"href":"https:\/\/aconteceunovale.com.br\/portal\/index.php?rest_route=\/wp\/v2\/posts\/183321","targetHints":{"allow":["GET"]}}],"collection":[{"href":"https:\/\/aconteceunovale.com.br\/portal\/index.php?rest_route=\/wp\/v2\/posts"}],"about":[{"href":"https:\/\/aconteceunovale.com.br\/portal\/index.php?rest_route=\/wp\/v2\/types\/post"}],"author":[{"embeddable":true,"href":"https:\/\/aconteceunovale.com.br\/portal\/index.php?rest_route=\/wp\/v2\/users\/4"}],"replies":[{"embeddable":true,"href":"https:\/\/aconteceunovale.com.br\/portal\/index.php?rest_route=%2Fwp%2Fv2%2Fcomments&post=183321"}],"version-history":[{"count":1,"href":"https:\/\/aconteceunovale.com.br\/portal\/index.php?rest_route=\/wp\/v2\/posts\/183321\/revisions"}],"predecessor-version":[{"id":183323,"href":"https:\/\/aconteceunovale.com.br\/portal\/index.php?rest_route=\/wp\/v2\/posts\/183321\/revisions\/183323"}],"wp:featuredmedia":[{"embeddable":true,"href":"https:\/\/aconteceunovale.com.br\/portal\/index.php?rest_route=\/wp\/v2\/media\/183322"}],"wp:attachment":[{"href":"https:\/\/aconteceunovale.com.br\/portal\/index.php?rest_route=%2Fwp%2Fv2%2Fmedia&parent=183321"}],"wp:term":[{"taxonomy":"category","embeddable":true,"href":"https:\/\/aconteceunovale.com.br\/portal\/index.php?rest_route=%2Fwp%2Fv2%2Fcategories&post=183321"},{"taxonomy":"post_tag","embeddable":true,"href":"https:\/\/aconteceunovale.com.br\/portal\/index.php?rest_route=%2Fwp%2Fv2%2Ftags&post=183321"}],"curies":[{"name":"wp","href":"https:\/\/api.w.org\/{rel}","templated":true}]}}