{"id":18332,"date":"2014-01-13T08:22:26","date_gmt":"2014-01-13T10:22:26","guid":{"rendered":"http:\/\/aconteceunovale.com.br\/portal\/?p=18332"},"modified":"2014-01-13T10:34:21","modified_gmt":"2014-01-13T12:34:21","slug":"suspeitos-de-incendiar-onibus-escolares-sao-presos-no-norte-de-minas","status":"publish","type":"post","link":"https:\/\/aconteceunovale.com.br\/portal\/?p=18332","title":{"rendered":"Suspeitos de incendiar \u00f4nibus escolares s\u00e3o presos no Norte de Minas"},"content":{"rendered":"<p>Quatro escolares foram incendiados na madrugada de domingo (12\/01) em Lassance, no Norte de Minas Gerais. Tr\u00eas micro-\u00f4nibus e uma van estavam no p\u00e1tio da prefeitura, no Centro da cidade, e foram destru\u00eddos pelo fogo. De acordo com o 55\u00ba Batalh\u00e3o da Pol\u00edcia Militar (PM), por volta de 1h, o vigia da prefeitura acionou a corpora\u00e7\u00e3o e os bombeiros porque viu as chamas na garagem. Primeiramente, o funcion\u00e1rio tentou apagar o fogo, mas n\u00e3o conseguiu. <\/p>\n<p><img decoding=\"async\" src=\"http:\/\/aconteceunovale.com.br\/portal\/wp-content\/uploads\/2014\/01\/onibus_escolar_queimado_lascance.jpg\" alt=\"\" \/><br \/>\n<em><strong>\u00d4nibus escolares foram queimados em Lassence, Norte de Minas Gerais. (Foto: Dard\u00e2nia Kelen Barbosa Souza)<\/strong><\/em><\/p>\n<p>Os bombeiros combateram o inc\u00eandio, enquanto os PMs montaram uma opera\u00e7\u00e3o conjunta com a Pol\u00edcia Civil para prender envolvidos no ato de vandalismo. <\/p>\n<p>Ainda neste domingo (12\/01) foram presas sete pessoas, entre elas o mandante do crime que teria pago R$ 400 para um menor e outras tr\u00eas pessoas executarem a a\u00e7\u00e3o.<\/p>\n<p>Durante a opera\u00e7\u00e3o da pol\u00edcia, outras duas pessoas foram presas por desacato \u00e0 autoridade.<\/p>\n<p>O mandante \u00e9 Rauf Daniel dos Santos, de 35 anos, que segundo a PM, j\u00e1 tinha passagem por tr\u00e1fico de drogas. Todos os presos foram encaminhados para a delegacia de Pirapora.<\/p>\n<p>A pol\u00edcia ainda apura a motiva\u00e7\u00e3o do inc\u00eandio, mas acredita que esteja relacionado a demiss\u00f5es da prefeitura que geraram revolta em servidores e moradores. Conforme a PM, n\u00e3o h\u00e1 feridos nem mesmo problemas ao transporte de estudantes porque eles est\u00e3o no per\u00edodo de f\u00e9rias.<\/p>\n","protected":false},"excerpt":{"rendered":"<p>Quatro escolares foram incendiados na madrugada de domingo (12\/01) em Lassance, no Norte de Minas Gerais. Tr\u00eas micro-\u00f4nibus e uma van estavam no p\u00e1tio da prefeitura, no Centro da cidade, e foram destru\u00eddos pelo fogo. De acordo com o 55\u00ba Batalh\u00e3o da Pol\u00edcia Militar (PM), por volta de 1h, o vigia da prefeitura acionou a [&hellip;]<\/p>\n","protected":false},"author":1,"featured_media":0,"comment_status":"open","ping_status":"closed","sticky":false,"template":"","format":"standard","meta":{"amp_status":"","footnotes":""},"categories":[1236],"tags":[2871,254,2872,2870,2873],"class_list":["post-18332","post","type-post","status-publish","format-standard","hentry","category-norte_de_minas","tag-lassence","tag-pirapora","tag-rauf-daniel-dos-santos","tag-suspeitos-de-incendiar-onibus-escolares-sao-presos-no-norte-de-mg","tag-suspeitos-de-incendiar-onibus-escolares-sao-presos-no-norte-de-minas"],"_links":{"self":[{"href":"https:\/\/aconteceunovale.com.br\/portal\/index.php?rest_route=\/wp\/v2\/posts\/18332","targetHints":{"allow":["GET"]}}],"collection":[{"href":"https:\/\/aconteceunovale.com.br\/portal\/index.php?rest_route=\/wp\/v2\/posts"}],"about":[{"href":"https:\/\/aconteceunovale.com.br\/portal\/index.php?rest_route=\/wp\/v2\/types\/post"}],"author":[{"embeddable":true,"href":"https:\/\/aconteceunovale.com.br\/portal\/index.php?rest_route=\/wp\/v2\/users\/1"}],"replies":[{"embeddable":true,"href":"https:\/\/aconteceunovale.com.br\/portal\/index.php?rest_route=%2Fwp%2Fv2%2Fcomments&post=18332"}],"version-history":[{"count":0,"href":"https:\/\/aconteceunovale.com.br\/portal\/index.php?rest_route=\/wp\/v2\/posts\/18332\/revisions"}],"wp:attachment":[{"href":"https:\/\/aconteceunovale.com.br\/portal\/index.php?rest_route=%2Fwp%2Fv2%2Fmedia&parent=18332"}],"wp:term":[{"taxonomy":"category","embeddable":true,"href":"https:\/\/aconteceunovale.com.br\/portal\/index.php?rest_route=%2Fwp%2Fv2%2Fcategories&post=18332"},{"taxonomy":"post_tag","embeddable":true,"href":"https:\/\/aconteceunovale.com.br\/portal\/index.php?rest_route=%2Fwp%2Fv2%2Ftags&post=18332"}],"curies":[{"name":"wp","href":"https:\/\/api.w.org\/{rel}","templated":true}]}}