{"id":183319,"date":"2021-10-28T21:19:26","date_gmt":"2021-10-29T00:19:26","guid":{"rendered":"https:\/\/aconteceunovale.com.br\/portal\/?p=183319"},"modified":"2021-10-28T21:20:29","modified_gmt":"2021-10-29T00:20:29","slug":"quatro-pessoas-sao-indiciadas-por-roubo-e-organizacao-criminosa-em-salinas","status":"publish","type":"post","link":"https:\/\/aconteceunovale.com.br\/portal\/?p=183319","title":{"rendered":"Quatro pessoas s\u00e3o indiciadas por roubo e organiza\u00e7\u00e3o criminosa em Salinas"},"content":{"rendered":"\n<p class=\"wp-block-paragraph\">A Pol\u00edcia Civil de Minas Gerais (PCMG) concluiu, nessa quarta-feira (27\/10\/2021), em Salinas, a investiga\u00e7\u00e3o que resultou na desarticula\u00e7\u00e3o de uma associa\u00e7\u00e3o criminosa envolvida em crimes patrimoniais. Ao todo, quatro pessoas, de 18, 19, 20 e 43 anos, foram indiciadas pelos crimes de associa\u00e7\u00e3o criminosa armada, roubo majorado pelo concurso de pessoas e utiliza\u00e7\u00e3o de arma de fogo.<\/p>\n\n\n\n<p class=\"wp-block-paragraph\">Conforme apurado pela Delegacia de Pol\u00edcia em Salinas, os integrantes desse grupo agiam mediante o uso de viol\u00eancia e grave amea\u00e7a contra as v\u00edtimas. A investiga\u00e7\u00e3o demonstrou ainda que os suspeitos atuavam de forma organizada, com respons\u00e1vel pela log\u00edstica dos crimes, motorista de fuga e executores armados.<\/p>\n\n\n\n<p class=\"wp-block-paragraph\">Levantamentos apontam que os investigados alugaram uma casa, onde se encontravam para planejar as a\u00e7\u00f5es criminosas e para dividir o produto do crime. As tarefas e a porcentagem dos valores roubados eram previamente estabelecidas. A Pol\u00edcia apurou tamb\u00e9m que os suspeitos, durante as a\u00e7\u00f5es criminosas, mantinham o rosto coberto, com objetivo dificultar a identifica\u00e7\u00e3o deles, e que o ve\u00edculo utilizado pelo grupo era roubado.<\/p>\n\n\n\n<p class=\"wp-block-paragraph\">Tr\u00eas dos investigados j\u00e1 possu\u00edam anota\u00e7\u00f5es policiais desde a adolesc\u00eancia, com atos infracionais adotando alto grau de viol\u00eancia. Os mandados de pris\u00e3o foram cumpridos e os suspeitos, encaminhados para o sistema prisional.<\/p>\n\n\n\n<p class=\"wp-block-paragraph\"><em>&#8220;As investiga\u00e7\u00f5es continuam, uma vez que h\u00e1 ind\u00edcios de participa\u00e7\u00e3o da quadrilha em crimes investigados em outros dois inqu\u00e9ritos policiais, que devem ser conclu\u00eddos em breve. Novas pris\u00f5es poder\u00e3o surgir e novos inqu\u00e9ritos poder\u00e3o ser abertos&#8221;,<\/em> afirmou o delegado em Salinas Jos\u00e9 Eduardo dos Santos.<\/p>\n\n\n\n<p class=\"wp-block-paragraph\">&#8212;&#8212;&#8212;&#8212;&#8212;&#8212;<br><em>Quer receber as not\u00edcias do <strong>Aconteceu no Vale<\/strong> em primeira m\u00e3o? Siga-nos no Facebook <a rel=\"noreferrer noopener\" href=\"http:\/\/facebook.com\/aconteceunovale\" target=\"_blank\">@aconteceunovale<\/a>, Twitter <a rel=\"noreferrer noopener\" href=\"https:\/\/twitter.com\/noticiadosvales\" target=\"_blank\">@noticiadosvales<\/a> e Instagram <a rel=\"noreferrer noopener\" href=\"https:\/\/www.instagram.com\/aconteceunovale\" target=\"_blank\">@aconteceunovale<\/a>.<\/em><\/p>\n","protected":false},"excerpt":{"rendered":"<p>A Pol\u00edcia Civil de Minas Gerais (PCMG) concluiu, nessa quarta-feira (27\/10\/2021), em Salinas, a investiga\u00e7\u00e3o que resultou na desarticula\u00e7\u00e3o de uma associa\u00e7\u00e3o criminosa envolvida em crimes patrimoniais. Ao todo, quatro pessoas, de 18, 19, 20 e 43 anos, foram indiciadas pelos crimes de associa\u00e7\u00e3o criminosa armada, roubo majorado pelo concurso de pessoas e utiliza\u00e7\u00e3o de [&hellip;]<\/p>\n","protected":false},"author":4,"featured_media":157264,"comment_status":"open","ping_status":"closed","sticky":false,"template":"","format":"standard","meta":{"amp_status":"","footnotes":""},"categories":[1236],"tags":[253654,225527,88770,1018,253652,253653,604,249400,44644,253650,253651],"class_list":["post-183319","post","type-post","status-publish","format-standard","has-post-thumbnail","hentry","category-norte_de_minas","tag-delegacia-de-policia-civil-em-salinas","tag-delegado-de-salinas","tag-delegado-jose-eduardo-dos-santos","tag-destaque","tag-indiciados-por-roubos-em-salinas","tag-investigados-por-roubos-em-salinas","tag-pcmg","tag-pcmg-em-salinas","tag-policia-civil-de-minas-gerais","tag-quatro-pessoas-sao-indiciadas-por-roubo-e-organizacao-criminosa-em-salinas","tag-roubos-em-salinas"],"yoast_head":"<!-- This site is optimized with the Yoast SEO plugin v28.3 - https:\/\/yoast.com\/product\/yoast-seo-wordpress\/ -->\n<title>Quatro pessoas s\u00e3o indiciadas por roubo e organiza\u00e7\u00e3o criminosa em Salinas - Aconteceu no Vale<\/title>\n<meta name=\"robots\" content=\"index, follow, max-snippet:-1, max-image-preview:large, max-video-preview:-1\" \/>\n<link rel=\"canonical\" href=\"https:\/\/aconteceunovale.com.br\/portal\/?p=183319\" \/>\n<meta property=\"og:locale\" content=\"pt_BR\" \/>\n<meta property=\"og:type\" content=\"article\" \/>\n<meta property=\"og:title\" content=\"Quatro pessoas s\u00e3o indiciadas por roubo e organiza\u00e7\u00e3o criminosa em Salinas - Aconteceu no Vale\" \/>\n<meta property=\"og:description\" content=\"A Pol\u00edcia Civil de Minas Gerais (PCMG) concluiu, nessa quarta-feira (27\/10\/2021), em Salinas, a investiga\u00e7\u00e3o que resultou na desarticula\u00e7\u00e3o de uma associa\u00e7\u00e3o criminosa envolvida em crimes patrimoniais. Ao todo, quatro pessoas, de 18, 19, 20 e 43 anos, foram indiciadas pelos crimes de associa\u00e7\u00e3o criminosa armada, roubo majorado pelo concurso de pessoas e utiliza\u00e7\u00e3o de [&hellip;]\" \/>\n<meta property=\"og:url\" content=\"https:\/\/aconteceunovale.com.br\/portal\/?p=183319\" \/>\n<meta property=\"og:site_name\" content=\"Aconteceu no Vale\" \/>\n<meta property=\"article:publisher\" content=\"https:\/\/www.facebook.com\/aconteceunovale\/\" \/>\n<meta property=\"article:published_time\" content=\"2021-10-29T00:19:26+00:00\" \/>\n<meta property=\"article:modified_time\" content=\"2021-10-29T00:20:29+00:00\" \/>\n<meta property=\"og:image\" content=\"https:\/\/aconteceunovale.com.br\/portal\/wp-content\/uploads\/2020\/01\/delegacia_salinas.jpg\" \/>\n\t<meta property=\"og:image:width\" content=\"678\" \/>\n\t<meta property=\"og:image:height\" content=\"382\" \/>\n\t<meta property=\"og:image:type\" content=\"image\/jpeg\" \/>\n<meta name=\"author\" content=\"Reda\u00e7\u00e3o Aconteceu no Vale\" \/>\n<meta name=\"twitter:card\" content=\"summary_large_image\" \/>\n<meta name=\"twitter:creator\" content=\"@noticiadosvales\" \/>\n<meta name=\"twitter:site\" content=\"@noticiadosvales\" \/>\n<meta name=\"twitter:label1\" content=\"Escrito por\" \/>\n\t<meta name=\"twitter:data1\" content=\"Reda\u00e7\u00e3o Aconteceu no Vale\" \/>\n\t<meta name=\"twitter:label2\" content=\"Est. tempo de leitura\" \/>\n\t<meta name=\"twitter:data2\" content=\"1 minuto\" \/>\n<script type=\"application\/ld+json\" class=\"yoast-schema-graph\">{\"@context\":\"https:\\\/\\\/schema.org\",\"@graph\":[{\"@type\":\"Article\",\"@id\":\"https:\\\/\\\/aconteceunovale.com.br\\\/portal\\\/?p=183319#article\",\"isPartOf\":{\"@id\":\"https:\\\/\\\/aconteceunovale.com.br\\\/portal\\\/?p=183319\"},\"author\":{\"name\":\"Reda\u00e7\u00e3o Aconteceu no Vale\",\"@id\":\"https:\\\/\\\/aconteceunovale.com.br\\\/portal\\\/#\\\/schema\\\/person\\\/7d2f26d1483f8a63de73da1ee0754d35\"},\"headline\":\"Quatro pessoas s\u00e3o indiciadas por roubo e organiza\u00e7\u00e3o criminosa em Salinas\",\"datePublished\":\"2021-10-29T00:19:26+00:00\",\"dateModified\":\"2021-10-29T00:20:29+00:00\",\"mainEntityOfPage\":{\"@id\":\"https:\\\/\\\/aconteceunovale.com.br\\\/portal\\\/?p=183319\"},\"wordCount\":311,\"commentCount\":0,\"image\":{\"@id\":\"https:\\\/\\\/aconteceunovale.com.br\\\/portal\\\/?p=183319#primaryimage\"},\"thumbnailUrl\":\"https:\\\/\\\/aconteceunovale.com.br\\\/portal\\\/wp-content\\\/uploads\\\/2020\\\/01\\\/delegacia_salinas.jpg\",\"keywords\":[\"Delegacia de Pol\u00edcia Civil em Salinas\",\"Delegado de Salinas\",\"delegado Jos\u00e9 Eduardo dos Santos\",\"destaque\",\"Indiciados por roubos em Salinas\",\"Investigados por roubos em Salinas\",\"PCMG\",\"PCMG em Salinas\",\"Pol\u00edcia Civil de Minas Gerais\",\"Quatro pessoas s\u00e3o indiciadas por roubo e organiza\u00e7\u00e3o criminosa em Salinas\",\"Roubos em Salinas\"],\"articleSection\":[\"Norte de Minas\"],\"inLanguage\":\"pt-BR\",\"potentialAction\":[{\"@type\":\"CommentAction\",\"name\":\"Comment\",\"target\":[\"https:\\\/\\\/aconteceunovale.com.br\\\/portal\\\/?p=183319#respond\"]}]},{\"@type\":\"WebPage\",\"@id\":\"https:\\\/\\\/aconteceunovale.com.br\\\/portal\\\/?p=183319\",\"url\":\"https:\\\/\\\/aconteceunovale.com.br\\\/portal\\\/?p=183319\",\"name\":\"Quatro pessoas s\u00e3o indiciadas por roubo e organiza\u00e7\u00e3o criminosa em Salinas - Aconteceu no Vale\",\"isPartOf\":{\"@id\":\"https:\\\/\\\/aconteceunovale.com.br\\\/portal\\\/#website\"},\"primaryImageOfPage\":{\"@id\":\"https:\\\/\\\/aconteceunovale.com.br\\\/portal\\\/?p=183319#primaryimage\"},\"image\":{\"@id\":\"https:\\\/\\\/aconteceunovale.com.br\\\/portal\\\/?p=183319#primaryimage\"},\"thumbnailUrl\":\"https:\\\/\\\/aconteceunovale.com.br\\\/portal\\\/wp-content\\\/uploads\\\/2020\\\/01\\\/delegacia_salinas.jpg\",\"datePublished\":\"2021-10-29T00:19:26+00:00\",\"dateModified\":\"2021-10-29T00:20:29+00:00\",\"author\":{\"@id\":\"https:\\\/\\\/aconteceunovale.com.br\\\/portal\\\/#\\\/schema\\\/person\\\/7d2f26d1483f8a63de73da1ee0754d35\"},\"breadcrumb\":{\"@id\":\"https:\\\/\\\/aconteceunovale.com.br\\\/portal\\\/?p=183319#breadcrumb\"},\"inLanguage\":\"pt-BR\",\"potentialAction\":[{\"@type\":\"ReadAction\",\"target\":[\"https:\\\/\\\/aconteceunovale.com.br\\\/portal\\\/?p=183319\"]}]},{\"@type\":\"ImageObject\",\"inLanguage\":\"pt-BR\",\"@id\":\"https:\\\/\\\/aconteceunovale.com.br\\\/portal\\\/?p=183319#primaryimage\",\"url\":\"https:\\\/\\\/aconteceunovale.com.br\\\/portal\\\/wp-content\\\/uploads\\\/2020\\\/01\\\/delegacia_salinas.jpg\",\"contentUrl\":\"https:\\\/\\\/aconteceunovale.com.br\\\/portal\\\/wp-content\\\/uploads\\\/2020\\\/01\\\/delegacia_salinas.jpg\",\"width\":678,\"height\":382},{\"@type\":\"BreadcrumbList\",\"@id\":\"https:\\\/\\\/aconteceunovale.com.br\\\/portal\\\/?p=183319#breadcrumb\",\"itemListElement\":[{\"@type\":\"ListItem\",\"position\":1,\"name\":\"In\u00edcio\",\"item\":\"https:\\\/\\\/aconteceunovale.com.br\\\/portal\\\/\"},{\"@type\":\"ListItem\",\"position\":2,\"name\":\"Quatro pessoas s\u00e3o indiciadas por roubo e organiza\u00e7\u00e3o criminosa em Salinas\"}]},{\"@type\":\"WebSite\",\"@id\":\"https:\\\/\\\/aconteceunovale.com.br\\\/portal\\\/#website\",\"url\":\"https:\\\/\\\/aconteceunovale.com.br\\\/portal\\\/\",\"name\":\"Aconteceu no Vale\",\"description\":\"Portal de Not\u00edcias\",\"potentialAction\":[{\"@type\":\"SearchAction\",\"target\":{\"@type\":\"EntryPoint\",\"urlTemplate\":\"https:\\\/\\\/aconteceunovale.com.br\\\/portal\\\/?s={search_term_string}\"},\"query-input\":{\"@type\":\"PropertyValueSpecification\",\"valueRequired\":true,\"valueName\":\"search_term_string\"}}],\"inLanguage\":\"pt-BR\"},{\"@type\":\"Person\",\"@id\":\"https:\\\/\\\/aconteceunovale.com.br\\\/portal\\\/#\\\/schema\\\/person\\\/7d2f26d1483f8a63de73da1ee0754d35\",\"name\":\"Reda\u00e7\u00e3o Aconteceu no Vale\",\"description\":\"Equipe de reportagem do Aconteceu no Vale, portal de not\u00edcias do Vale do Jequitinhonha, em Minas Gerais. Cobrimos as 51 cidades do Vale desde 2013. Sugest\u00f5es de pauta e pedidos de corre\u00e7\u00e3o: contato@aconteceunovale.com.br\",\"url\":\"https:\\\/\\\/aconteceunovale.com.br\\\/portal\\\/?author=4\"}]}<\/script>\n<!-- \/ Yoast SEO plugin. -->","yoast_head_json":{"title":"Quatro pessoas s\u00e3o indiciadas por roubo e organiza\u00e7\u00e3o criminosa em Salinas - Aconteceu no Vale","robots":{"index":"index","follow":"follow","max-snippet":"max-snippet:-1","max-image-preview":"max-image-preview:large","max-video-preview":"max-video-preview:-1"},"canonical":"https:\/\/aconteceunovale.com.br\/portal\/?p=183319","og_locale":"pt_BR","og_type":"article","og_title":"Quatro pessoas s\u00e3o indiciadas por roubo e organiza\u00e7\u00e3o criminosa em Salinas - Aconteceu no Vale","og_description":"A Pol\u00edcia Civil de Minas Gerais (PCMG) concluiu, nessa quarta-feira (27\/10\/2021), em Salinas, a investiga\u00e7\u00e3o que resultou na desarticula\u00e7\u00e3o de uma associa\u00e7\u00e3o criminosa envolvida em crimes patrimoniais. Ao todo, quatro pessoas, de 18, 19, 20 e 43 anos, foram indiciadas pelos crimes de associa\u00e7\u00e3o criminosa armada, roubo majorado pelo concurso de pessoas e utiliza\u00e7\u00e3o de [&hellip;]","og_url":"https:\/\/aconteceunovale.com.br\/portal\/?p=183319","og_site_name":"Aconteceu no Vale","article_publisher":"https:\/\/www.facebook.com\/aconteceunovale\/","article_published_time":"2021-10-29T00:19:26+00:00","article_modified_time":"2021-10-29T00:20:29+00:00","og_image":[{"width":678,"height":382,"url":"https:\/\/aconteceunovale.com.br\/portal\/wp-content\/uploads\/2020\/01\/delegacia_salinas.jpg","type":"image\/jpeg"}],"author":"Reda\u00e7\u00e3o Aconteceu no Vale","twitter_card":"summary_large_image","twitter_creator":"@noticiadosvales","twitter_site":"@noticiadosvales","twitter_misc":{"Escrito por":"Reda\u00e7\u00e3o Aconteceu no Vale","Est. tempo de leitura":"1 minuto"},"schema":{"@context":"https:\/\/schema.org","@graph":[{"@type":"Article","@id":"https:\/\/aconteceunovale.com.br\/portal\/?p=183319#article","isPartOf":{"@id":"https:\/\/aconteceunovale.com.br\/portal\/?p=183319"},"author":{"name":"Reda\u00e7\u00e3o Aconteceu no Vale","@id":"https:\/\/aconteceunovale.com.br\/portal\/#\/schema\/person\/7d2f26d1483f8a63de73da1ee0754d35"},"headline":"Quatro pessoas s\u00e3o indiciadas por roubo e organiza\u00e7\u00e3o criminosa em Salinas","datePublished":"2021-10-29T00:19:26+00:00","dateModified":"2021-10-29T00:20:29+00:00","mainEntityOfPage":{"@id":"https:\/\/aconteceunovale.com.br\/portal\/?p=183319"},"wordCount":311,"commentCount":0,"image":{"@id":"https:\/\/aconteceunovale.com.br\/portal\/?p=183319#primaryimage"},"thumbnailUrl":"https:\/\/aconteceunovale.com.br\/portal\/wp-content\/uploads\/2020\/01\/delegacia_salinas.jpg","keywords":["Delegacia de Pol\u00edcia Civil em Salinas","Delegado de Salinas","delegado Jos\u00e9 Eduardo dos Santos","destaque","Indiciados por roubos em Salinas","Investigados por roubos em Salinas","PCMG","PCMG em Salinas","Pol\u00edcia Civil de Minas Gerais","Quatro pessoas s\u00e3o indiciadas por roubo e organiza\u00e7\u00e3o criminosa em Salinas","Roubos em Salinas"],"articleSection":["Norte de Minas"],"inLanguage":"pt-BR","potentialAction":[{"@type":"CommentAction","name":"Comment","target":["https:\/\/aconteceunovale.com.br\/portal\/?p=183319#respond"]}]},{"@type":"WebPage","@id":"https:\/\/aconteceunovale.com.br\/portal\/?p=183319","url":"https:\/\/aconteceunovale.com.br\/portal\/?p=183319","name":"Quatro pessoas s\u00e3o indiciadas por roubo e organiza\u00e7\u00e3o criminosa em Salinas - Aconteceu no Vale","isPartOf":{"@id":"https:\/\/aconteceunovale.com.br\/portal\/#website"},"primaryImageOfPage":{"@id":"https:\/\/aconteceunovale.com.br\/portal\/?p=183319#primaryimage"},"image":{"@id":"https:\/\/aconteceunovale.com.br\/portal\/?p=183319#primaryimage"},"thumbnailUrl":"https:\/\/aconteceunovale.com.br\/portal\/wp-content\/uploads\/2020\/01\/delegacia_salinas.jpg","datePublished":"2021-10-29T00:19:26+00:00","dateModified":"2021-10-29T00:20:29+00:00","author":{"@id":"https:\/\/aconteceunovale.com.br\/portal\/#\/schema\/person\/7d2f26d1483f8a63de73da1ee0754d35"},"breadcrumb":{"@id":"https:\/\/aconteceunovale.com.br\/portal\/?p=183319#breadcrumb"},"inLanguage":"pt-BR","potentialAction":[{"@type":"ReadAction","target":["https:\/\/aconteceunovale.com.br\/portal\/?p=183319"]}]},{"@type":"ImageObject","inLanguage":"pt-BR","@id":"https:\/\/aconteceunovale.com.br\/portal\/?p=183319#primaryimage","url":"https:\/\/aconteceunovale.com.br\/portal\/wp-content\/uploads\/2020\/01\/delegacia_salinas.jpg","contentUrl":"https:\/\/aconteceunovale.com.br\/portal\/wp-content\/uploads\/2020\/01\/delegacia_salinas.jpg","width":678,"height":382},{"@type":"BreadcrumbList","@id":"https:\/\/aconteceunovale.com.br\/portal\/?p=183319#breadcrumb","itemListElement":[{"@type":"ListItem","position":1,"name":"In\u00edcio","item":"https:\/\/aconteceunovale.com.br\/portal\/"},{"@type":"ListItem","position":2,"name":"Quatro pessoas s\u00e3o indiciadas por roubo e organiza\u00e7\u00e3o criminosa em Salinas"}]},{"@type":"WebSite","@id":"https:\/\/aconteceunovale.com.br\/portal\/#website","url":"https:\/\/aconteceunovale.com.br\/portal\/","name":"Aconteceu no Vale","description":"Portal de Not\u00edcias","potentialAction":[{"@type":"SearchAction","target":{"@type":"EntryPoint","urlTemplate":"https:\/\/aconteceunovale.com.br\/portal\/?s={search_term_string}"},"query-input":{"@type":"PropertyValueSpecification","valueRequired":true,"valueName":"search_term_string"}}],"inLanguage":"pt-BR"},{"@type":"Person","@id":"https:\/\/aconteceunovale.com.br\/portal\/#\/schema\/person\/7d2f26d1483f8a63de73da1ee0754d35","name":"Reda\u00e7\u00e3o Aconteceu no Vale","description":"Equipe de reportagem do Aconteceu no Vale, portal de not\u00edcias do Vale do Jequitinhonha, em Minas Gerais. Cobrimos as 51 cidades do Vale desde 2013. Sugest\u00f5es de pauta e pedidos de corre\u00e7\u00e3o: contato@aconteceunovale.com.br","url":"https:\/\/aconteceunovale.com.br\/portal\/?author=4"}]}},"_links":{"self":[{"href":"https:\/\/aconteceunovale.com.br\/portal\/index.php?rest_route=\/wp\/v2\/posts\/183319","targetHints":{"allow":["GET"]}}],"collection":[{"href":"https:\/\/aconteceunovale.com.br\/portal\/index.php?rest_route=\/wp\/v2\/posts"}],"about":[{"href":"https:\/\/aconteceunovale.com.br\/portal\/index.php?rest_route=\/wp\/v2\/types\/post"}],"author":[{"embeddable":true,"href":"https:\/\/aconteceunovale.com.br\/portal\/index.php?rest_route=\/wp\/v2\/users\/4"}],"replies":[{"embeddable":true,"href":"https:\/\/aconteceunovale.com.br\/portal\/index.php?rest_route=%2Fwp%2Fv2%2Fcomments&post=183319"}],"version-history":[{"count":1,"href":"https:\/\/aconteceunovale.com.br\/portal\/index.php?rest_route=\/wp\/v2\/posts\/183319\/revisions"}],"predecessor-version":[{"id":183320,"href":"https:\/\/aconteceunovale.com.br\/portal\/index.php?rest_route=\/wp\/v2\/posts\/183319\/revisions\/183320"}],"wp:featuredmedia":[{"embeddable":true,"href":"https:\/\/aconteceunovale.com.br\/portal\/index.php?rest_route=\/wp\/v2\/media\/157264"}],"wp:attachment":[{"href":"https:\/\/aconteceunovale.com.br\/portal\/index.php?rest_route=%2Fwp%2Fv2%2Fmedia&parent=183319"}],"wp:term":[{"taxonomy":"category","embeddable":true,"href":"https:\/\/aconteceunovale.com.br\/portal\/index.php?rest_route=%2Fwp%2Fv2%2Fcategories&post=183319"},{"taxonomy":"post_tag","embeddable":true,"href":"https:\/\/aconteceunovale.com.br\/portal\/index.php?rest_route=%2Fwp%2Fv2%2Ftags&post=183319"}],"curies":[{"name":"wp","href":"https:\/\/api.w.org\/{rel}","templated":true}]}}