{"id":183314,"date":"2021-10-28T20:37:47","date_gmt":"2021-10-28T23:37:47","guid":{"rendered":"https:\/\/aconteceunovale.com.br\/portal\/?p=183314"},"modified":"2021-10-28T20:39:45","modified_gmt":"2021-10-28T23:39:45","slug":"supremo-tribunal-federal-decide-que-crime-de-injuria-racial-nao-prescreve","status":"publish","type":"post","link":"https:\/\/aconteceunovale.com.br\/portal\/?p=183314","title":{"rendered":"Supremo Tribunal Federal decide que crime de inj\u00faria racial n\u00e3o prescreve"},"content":{"rendered":"\n<p class=\"wp-block-paragraph\">O Supremo Tribunal Federal (STF) decidiu hoje (28) que o crime de inj\u00faria racial n\u00e3o prescreve. A Corte entendeu que casos de inj\u00faria podem ser enquadrados criminalmente como racismo, conduta considerada imprescrit\u00edvel pela Constitui\u00e7\u00e3o.<img decoding=\"async\" src=\"https:\/\/agenciabrasil.ebc.com.br\/ebc.png?id=1425988&amp;o=node\"><img decoding=\"async\" src=\"https:\/\/agenciabrasil.ebc.com.br\/ebc.gif?id=1425988&amp;o=node\"><\/p>\n\n\n\n<p class=\"wp-block-paragraph\">O caso envolve uma mulher idosa de 79 anos que foi condenada pela Justi\u00e7a do Distrito Federal a um ano de pris\u00e3o pelo crime de inj\u00faria qualificada por preconceito. A senten\u00e7a foi proferida em 2013.<\/p>\n\n\n\n<p class=\"wp-block-paragraph\">A situa\u00e7\u00e3o que levou \u00e0 condena\u00e7\u00e3o ocorreu um ano antes em um posto de gasolina. A acusada queria pagar o abastecimento do carro com cheque, mas ao ser informada pela frentista que o posto n\u00e3o aceitava essa forma de pagamento, ofendeu a funcion\u00e1ria com os seguintes dizeres: \u201cnegrinha nojenta, ignorante e atrevida\u201d.<\/p>\n\n\n\n<p class=\"wp-block-paragraph\">A defesa sustentou no processo que a autora das ofensas n\u00e3o pode ser mais punida pela conduta em raz\u00e3o da prescri\u00e7\u00e3o do crime. Para os advogados, ocorreu a extin\u00e7\u00e3o da punibilidade em raz\u00e3o da idade. Pelo C\u00f3digo Penal, o prazo de prescri\u00e7\u00e3o cai pela metade quando o r\u00e9u tem mais de 70 anos.<\/p>\n\n\n\n<p class=\"wp-block-paragraph\">Al\u00e9m disso, a defesa sustentou que o crime de inj\u00faria racial \u00e9 afian\u00e7\u00e1vel e depende da vontade do ofendido para ter andamento na Justi\u00e7a. Dessa forma, n\u00e3o pode ser comparado ao racismo, que \u00e9 inafian\u00e7\u00e1vel, imprescrit\u00edvel e n\u00e3o depende da atua\u00e7\u00e3o da v\u00edtima para que as medidas cab\u00edveis sejam tomadas pelo Minist\u00e9rio P\u00fablico.<\/p>\n\n\n\n<h2 class=\"wp-block-heading\">Votos<\/h2>\n\n\n\n<p class=\"wp-block-paragraph\">O caso come\u00e7ou a ser julgado no ano passado, quando o relator, ministro Edson Fachin, proferiu o primeiro voto do julgamento e entendeu que a inj\u00faria \u00e9 uma esp\u00e9cie de racismo, sendo imprescrit\u00edvel.<\/p>\n\n\n\n<p class=\"wp-block-paragraph\">Em seguida, o ministro Nunes Marques abriu diverg\u00eancia e entendeu que o racismo e a inj\u00faria se enquadram em situa\u00e7\u00f5es jur\u00eddicas diferentes. Para o ministro, o racismo \u00e9 uma \u201cchaga dif\u00edcil de ser extirpada\u201d, no entanto, a inj\u00faria qualificada \u00e9 afian\u00e7\u00e1vel e condicionada \u00e0 representa\u00e7\u00e3o da v\u00edtima. \u201cN\u00e3o vejo como equipar\u00e1-los, em que pese seja grav\u00edssima a conduta de inj\u00faria racial\u201d,&nbsp; afirmou.<\/p>\n\n\n\n<p class=\"wp-block-paragraph\">Hoje, na retomada do julgamento, o ministro Alexandre de Moraes, que havia pedido vista do processo, votou para considerar o crime de inj\u00faria racial imprescrit\u00edvel. Moraes citou os coment\u00e1rios da idosa para exemplificar que trata-se de um caso de racismo.<\/p>\n\n\n\n<p class=\"wp-block-paragraph\">\u201cIsso foi ou n\u00e3o uma manifesta\u00e7\u00e3o il\u00edcita, criminosa e preconceituosa em virtude da condi\u00e7\u00e3o de negra de v\u00edtima? Logicamente, sim. Se foi, isso \u00e9 a pr\u00e1tica de um ato de racismo\u201d, afirmou.<\/p>\n\n\n\n<p class=\"wp-block-paragraph\">O entendimento foi seguido pelos ministros Lu\u00eds Roberto Barroso, Rosa Weber, Dias Toffoli, C\u00e1rmen L\u00facia, Ricardo Lewandowski e o presidente, Luiz Fux.<\/p>\n\n\n\n<p class=\"wp-block-paragraph\">&#8212;&#8212;&#8212;&#8212;&#8212;&#8212;<br><em>Quer receber as not\u00edcias do <strong>Aconteceu no Vale<\/strong> em primeira m\u00e3o? Siga-nos no Facebook <a rel=\"noreferrer noopener\" href=\"http:\/\/facebook.com\/aconteceunovale\" target=\"_blank\">@aconteceunovale<\/a>, Twitter <a rel=\"noreferrer noopener\" href=\"https:\/\/twitter.com\/noticiadosvales\" target=\"_blank\">@noticiadosvales<\/a> e Instagram <a rel=\"noreferrer noopener\" href=\"https:\/\/www.instagram.com\/aconteceunovale\" target=\"_blank\">@aconteceunovale<\/a>.<\/em><\/p>\n","protected":false},"excerpt":{"rendered":"<p>O Supremo Tribunal Federal (STF) decidiu hoje (28) que o crime de inj\u00faria racial n\u00e3o prescreve. A Corte entendeu que casos de inj\u00faria podem ser enquadrados criminalmente como racismo, conduta considerada imprescrit\u00edvel pela Constitui\u00e7\u00e3o. O caso envolve uma mulher idosa de 79 anos que foi condenada pela Justi\u00e7a do Distrito Federal a um ano de [&hellip;]<\/p>\n","protected":false},"author":4,"featured_media":113819,"comment_status":"open","ping_status":"closed","sticky":false,"template":"","format":"standard","meta":{"amp_status":"","footnotes":""},"categories":[6],"tags":[35211,77984,26343,253637,20274,77983,253638,157574,35138,77985,240449,253639,28512,35139,28511,28510,253636],"class_list":["post-183314","post","type-post","status-publish","format-standard","has-post-thumbnail","hentry","category-br","tag-alexandre-de-moraes","tag-carmen-lucia","tag-codigo-penal","tag-crime-de-injuria-racial","tag-dias-toffoli","tag-edson-fachin","tag-injuria-racial","tag-justica-do-distrito-federal","tag-luis-roberto-barroso","tag-luiz-fux","tag-nunes-marques","tag-prescricao-de-injuria-racial","tag-ricardo-lewandowski","tag-rosa-weber","tag-stf","tag-supremo-tribunal-federal","tag-supremo-tribunal-federal-decide-que-crime-de-injuria-racial-nao-prescreve"],"yoast_head":"<!-- This site is optimized with the Yoast SEO plugin v28.3 - https:\/\/yoast.com\/product\/yoast-seo-wordpress\/ -->\n<title>Supremo Tribunal Federal decide que crime de inj\u00faria racial n\u00e3o prescreve - Aconteceu no Vale<\/title>\n<meta name=\"robots\" content=\"index, follow, max-snippet:-1, max-image-preview:large, max-video-preview:-1\" \/>\n<link rel=\"canonical\" href=\"https:\/\/aconteceunovale.com.br\/portal\/?p=183314\" \/>\n<meta property=\"og:locale\" content=\"pt_BR\" \/>\n<meta property=\"og:type\" content=\"article\" \/>\n<meta property=\"og:title\" content=\"Supremo Tribunal Federal decide que crime de inj\u00faria racial n\u00e3o prescreve - Aconteceu no Vale\" \/>\n<meta property=\"og:description\" content=\"O Supremo Tribunal Federal (STF) decidiu hoje (28) que o crime de inj\u00faria racial n\u00e3o prescreve. A Corte entendeu que casos de inj\u00faria podem ser enquadrados criminalmente como racismo, conduta considerada imprescrit\u00edvel pela Constitui\u00e7\u00e3o. O caso envolve uma mulher idosa de 79 anos que foi condenada pela Justi\u00e7a do Distrito Federal a um ano de [&hellip;]\" \/>\n<meta property=\"og:url\" content=\"https:\/\/aconteceunovale.com.br\/portal\/?p=183314\" \/>\n<meta property=\"og:site_name\" content=\"Aconteceu no Vale\" \/>\n<meta property=\"article:publisher\" content=\"https:\/\/www.facebook.com\/aconteceunovale\/\" \/>\n<meta property=\"article:published_time\" content=\"2021-10-28T23:37:47+00:00\" \/>\n<meta property=\"article:modified_time\" content=\"2021-10-28T23:39:45+00:00\" \/>\n<meta property=\"og:image\" content=\"https:\/\/aconteceunovale.com.br\/portal\/wp-content\/uploads\/2017\/04\/supremo.jpg\" \/>\n\t<meta property=\"og:image:width\" content=\"678\" \/>\n\t<meta property=\"og:image:height\" content=\"377\" \/>\n\t<meta property=\"og:image:type\" content=\"image\/jpeg\" \/>\n<meta name=\"author\" content=\"Reda\u00e7\u00e3o Aconteceu no Vale\" \/>\n<meta name=\"twitter:card\" content=\"summary_large_image\" \/>\n<meta name=\"twitter:creator\" content=\"@noticiadosvales\" \/>\n<meta name=\"twitter:site\" content=\"@noticiadosvales\" \/>\n<meta name=\"twitter:label1\" content=\"Escrito por\" \/>\n\t<meta name=\"twitter:data1\" content=\"Reda\u00e7\u00e3o Aconteceu no Vale\" \/>\n\t<meta name=\"twitter:label2\" content=\"Est. tempo de leitura\" \/>\n\t<meta name=\"twitter:data2\" content=\"2 minutos\" \/>\n<script type=\"application\/ld+json\" class=\"yoast-schema-graph\">{\"@context\":\"https:\\\/\\\/schema.org\",\"@graph\":[{\"@type\":\"Article\",\"@id\":\"https:\\\/\\\/aconteceunovale.com.br\\\/portal\\\/?p=183314#article\",\"isPartOf\":{\"@id\":\"https:\\\/\\\/aconteceunovale.com.br\\\/portal\\\/?p=183314\"},\"author\":{\"name\":\"Reda\u00e7\u00e3o Aconteceu no Vale\",\"@id\":\"https:\\\/\\\/aconteceunovale.com.br\\\/portal\\\/#\\\/schema\\\/person\\\/7d2f26d1483f8a63de73da1ee0754d35\"},\"headline\":\"Supremo Tribunal Federal decide que crime de inj\u00faria racial n\u00e3o prescreve\",\"datePublished\":\"2021-10-28T23:37:47+00:00\",\"dateModified\":\"2021-10-28T23:39:45+00:00\",\"mainEntityOfPage\":{\"@id\":\"https:\\\/\\\/aconteceunovale.com.br\\\/portal\\\/?p=183314\"},\"wordCount\":505,\"commentCount\":0,\"image\":{\"@id\":\"https:\\\/\\\/aconteceunovale.com.br\\\/portal\\\/?p=183314#primaryimage\"},\"thumbnailUrl\":\"https:\\\/\\\/aconteceunovale.com.br\\\/portal\\\/wp-content\\\/uploads\\\/2017\\\/04\\\/supremo.jpg\",\"keywords\":[\"Alexandre de Moraes\",\"C\u00e1rmen L\u00facia\",\"C\u00f3digo Penal\",\"Crime de inj\u00faria racial\",\"Dias Toffoli\",\"Edson Fachin\",\"Inj\u00faria racial\",\"Justi\u00e7a do Distrito Federal\",\"Luis Roberto Barroso\",\"Luiz Fux\",\"Nunes Marques\",\"Prescri\u00e7\u00e3o de inj\u00faria racial\",\"Ricardo Lewandowski\",\"Rosa Weber\",\"STF\",\"Supremo Tribunal Federal\",\"Supremo Tribunal Federal decide que crime de inj\u00faria racial n\u00e3o prescreve\"],\"articleSection\":[\"Brasil\"],\"inLanguage\":\"pt-BR\",\"potentialAction\":[{\"@type\":\"CommentAction\",\"name\":\"Comment\",\"target\":[\"https:\\\/\\\/aconteceunovale.com.br\\\/portal\\\/?p=183314#respond\"]}]},{\"@type\":\"WebPage\",\"@id\":\"https:\\\/\\\/aconteceunovale.com.br\\\/portal\\\/?p=183314\",\"url\":\"https:\\\/\\\/aconteceunovale.com.br\\\/portal\\\/?p=183314\",\"name\":\"Supremo Tribunal Federal decide que crime de inj\u00faria racial n\u00e3o prescreve - Aconteceu no Vale\",\"isPartOf\":{\"@id\":\"https:\\\/\\\/aconteceunovale.com.br\\\/portal\\\/#website\"},\"primaryImageOfPage\":{\"@id\":\"https:\\\/\\\/aconteceunovale.com.br\\\/portal\\\/?p=183314#primaryimage\"},\"image\":{\"@id\":\"https:\\\/\\\/aconteceunovale.com.br\\\/portal\\\/?p=183314#primaryimage\"},\"thumbnailUrl\":\"https:\\\/\\\/aconteceunovale.com.br\\\/portal\\\/wp-content\\\/uploads\\\/2017\\\/04\\\/supremo.jpg\",\"datePublished\":\"2021-10-28T23:37:47+00:00\",\"dateModified\":\"2021-10-28T23:39:45+00:00\",\"author\":{\"@id\":\"https:\\\/\\\/aconteceunovale.com.br\\\/portal\\\/#\\\/schema\\\/person\\\/7d2f26d1483f8a63de73da1ee0754d35\"},\"breadcrumb\":{\"@id\":\"https:\\\/\\\/aconteceunovale.com.br\\\/portal\\\/?p=183314#breadcrumb\"},\"inLanguage\":\"pt-BR\",\"potentialAction\":[{\"@type\":\"ReadAction\",\"target\":[\"https:\\\/\\\/aconteceunovale.com.br\\\/portal\\\/?p=183314\"]}]},{\"@type\":\"ImageObject\",\"inLanguage\":\"pt-BR\",\"@id\":\"https:\\\/\\\/aconteceunovale.com.br\\\/portal\\\/?p=183314#primaryimage\",\"url\":\"https:\\\/\\\/aconteceunovale.com.br\\\/portal\\\/wp-content\\\/uploads\\\/2017\\\/04\\\/supremo.jpg\",\"contentUrl\":\"https:\\\/\\\/aconteceunovale.com.br\\\/portal\\\/wp-content\\\/uploads\\\/2017\\\/04\\\/supremo.jpg\",\"width\":678,\"height\":377},{\"@type\":\"BreadcrumbList\",\"@id\":\"https:\\\/\\\/aconteceunovale.com.br\\\/portal\\\/?p=183314#breadcrumb\",\"itemListElement\":[{\"@type\":\"ListItem\",\"position\":1,\"name\":\"In\u00edcio\",\"item\":\"https:\\\/\\\/aconteceunovale.com.br\\\/portal\\\/\"},{\"@type\":\"ListItem\",\"position\":2,\"name\":\"Supremo Tribunal Federal decide que crime de inj\u00faria racial n\u00e3o prescreve\"}]},{\"@type\":\"WebSite\",\"@id\":\"https:\\\/\\\/aconteceunovale.com.br\\\/portal\\\/#website\",\"url\":\"https:\\\/\\\/aconteceunovale.com.br\\\/portal\\\/\",\"name\":\"Aconteceu no Vale\",\"description\":\"Portal de Not\u00edcias\",\"potentialAction\":[{\"@type\":\"SearchAction\",\"target\":{\"@type\":\"EntryPoint\",\"urlTemplate\":\"https:\\\/\\\/aconteceunovale.com.br\\\/portal\\\/?s={search_term_string}\"},\"query-input\":{\"@type\":\"PropertyValueSpecification\",\"valueRequired\":true,\"valueName\":\"search_term_string\"}}],\"inLanguage\":\"pt-BR\"},{\"@type\":\"Person\",\"@id\":\"https:\\\/\\\/aconteceunovale.com.br\\\/portal\\\/#\\\/schema\\\/person\\\/7d2f26d1483f8a63de73da1ee0754d35\",\"name\":\"Reda\u00e7\u00e3o Aconteceu no Vale\",\"description\":\"Equipe de reportagem do Aconteceu no Vale, portal de not\u00edcias do Vale do Jequitinhonha, em Minas Gerais. Cobrimos as 51 cidades do Vale desde 2013. Sugest\u00f5es de pauta e pedidos de corre\u00e7\u00e3o: contato@aconteceunovale.com.br\",\"url\":\"https:\\\/\\\/aconteceunovale.com.br\\\/portal\\\/?author=4\"}]}<\/script>\n<!-- \/ Yoast SEO plugin. -->","yoast_head_json":{"title":"Supremo Tribunal Federal decide que crime de inj\u00faria racial n\u00e3o prescreve - Aconteceu no Vale","robots":{"index":"index","follow":"follow","max-snippet":"max-snippet:-1","max-image-preview":"max-image-preview:large","max-video-preview":"max-video-preview:-1"},"canonical":"https:\/\/aconteceunovale.com.br\/portal\/?p=183314","og_locale":"pt_BR","og_type":"article","og_title":"Supremo Tribunal Federal decide que crime de inj\u00faria racial n\u00e3o prescreve - Aconteceu no Vale","og_description":"O Supremo Tribunal Federal (STF) decidiu hoje (28) que o crime de inj\u00faria racial n\u00e3o prescreve. A Corte entendeu que casos de inj\u00faria podem ser enquadrados criminalmente como racismo, conduta considerada imprescrit\u00edvel pela Constitui\u00e7\u00e3o. O caso envolve uma mulher idosa de 79 anos que foi condenada pela Justi\u00e7a do Distrito Federal a um ano de [&hellip;]","og_url":"https:\/\/aconteceunovale.com.br\/portal\/?p=183314","og_site_name":"Aconteceu no Vale","article_publisher":"https:\/\/www.facebook.com\/aconteceunovale\/","article_published_time":"2021-10-28T23:37:47+00:00","article_modified_time":"2021-10-28T23:39:45+00:00","og_image":[{"width":678,"height":377,"url":"https:\/\/aconteceunovale.com.br\/portal\/wp-content\/uploads\/2017\/04\/supremo.jpg","type":"image\/jpeg"}],"author":"Reda\u00e7\u00e3o Aconteceu no Vale","twitter_card":"summary_large_image","twitter_creator":"@noticiadosvales","twitter_site":"@noticiadosvales","twitter_misc":{"Escrito por":"Reda\u00e7\u00e3o Aconteceu no Vale","Est. tempo de leitura":"2 minutos"},"schema":{"@context":"https:\/\/schema.org","@graph":[{"@type":"Article","@id":"https:\/\/aconteceunovale.com.br\/portal\/?p=183314#article","isPartOf":{"@id":"https:\/\/aconteceunovale.com.br\/portal\/?p=183314"},"author":{"name":"Reda\u00e7\u00e3o Aconteceu no Vale","@id":"https:\/\/aconteceunovale.com.br\/portal\/#\/schema\/person\/7d2f26d1483f8a63de73da1ee0754d35"},"headline":"Supremo Tribunal Federal decide que crime de inj\u00faria racial n\u00e3o prescreve","datePublished":"2021-10-28T23:37:47+00:00","dateModified":"2021-10-28T23:39:45+00:00","mainEntityOfPage":{"@id":"https:\/\/aconteceunovale.com.br\/portal\/?p=183314"},"wordCount":505,"commentCount":0,"image":{"@id":"https:\/\/aconteceunovale.com.br\/portal\/?p=183314#primaryimage"},"thumbnailUrl":"https:\/\/aconteceunovale.com.br\/portal\/wp-content\/uploads\/2017\/04\/supremo.jpg","keywords":["Alexandre de Moraes","C\u00e1rmen L\u00facia","C\u00f3digo Penal","Crime de inj\u00faria racial","Dias Toffoli","Edson Fachin","Inj\u00faria racial","Justi\u00e7a do Distrito Federal","Luis Roberto Barroso","Luiz Fux","Nunes Marques","Prescri\u00e7\u00e3o de inj\u00faria racial","Ricardo Lewandowski","Rosa Weber","STF","Supremo Tribunal Federal","Supremo Tribunal Federal decide que crime de inj\u00faria racial n\u00e3o prescreve"],"articleSection":["Brasil"],"inLanguage":"pt-BR","potentialAction":[{"@type":"CommentAction","name":"Comment","target":["https:\/\/aconteceunovale.com.br\/portal\/?p=183314#respond"]}]},{"@type":"WebPage","@id":"https:\/\/aconteceunovale.com.br\/portal\/?p=183314","url":"https:\/\/aconteceunovale.com.br\/portal\/?p=183314","name":"Supremo Tribunal Federal decide que crime de inj\u00faria racial n\u00e3o prescreve - Aconteceu no Vale","isPartOf":{"@id":"https:\/\/aconteceunovale.com.br\/portal\/#website"},"primaryImageOfPage":{"@id":"https:\/\/aconteceunovale.com.br\/portal\/?p=183314#primaryimage"},"image":{"@id":"https:\/\/aconteceunovale.com.br\/portal\/?p=183314#primaryimage"},"thumbnailUrl":"https:\/\/aconteceunovale.com.br\/portal\/wp-content\/uploads\/2017\/04\/supremo.jpg","datePublished":"2021-10-28T23:37:47+00:00","dateModified":"2021-10-28T23:39:45+00:00","author":{"@id":"https:\/\/aconteceunovale.com.br\/portal\/#\/schema\/person\/7d2f26d1483f8a63de73da1ee0754d35"},"breadcrumb":{"@id":"https:\/\/aconteceunovale.com.br\/portal\/?p=183314#breadcrumb"},"inLanguage":"pt-BR","potentialAction":[{"@type":"ReadAction","target":["https:\/\/aconteceunovale.com.br\/portal\/?p=183314"]}]},{"@type":"ImageObject","inLanguage":"pt-BR","@id":"https:\/\/aconteceunovale.com.br\/portal\/?p=183314#primaryimage","url":"https:\/\/aconteceunovale.com.br\/portal\/wp-content\/uploads\/2017\/04\/supremo.jpg","contentUrl":"https:\/\/aconteceunovale.com.br\/portal\/wp-content\/uploads\/2017\/04\/supremo.jpg","width":678,"height":377},{"@type":"BreadcrumbList","@id":"https:\/\/aconteceunovale.com.br\/portal\/?p=183314#breadcrumb","itemListElement":[{"@type":"ListItem","position":1,"name":"In\u00edcio","item":"https:\/\/aconteceunovale.com.br\/portal\/"},{"@type":"ListItem","position":2,"name":"Supremo Tribunal Federal decide que crime de inj\u00faria racial n\u00e3o prescreve"}]},{"@type":"WebSite","@id":"https:\/\/aconteceunovale.com.br\/portal\/#website","url":"https:\/\/aconteceunovale.com.br\/portal\/","name":"Aconteceu no Vale","description":"Portal de Not\u00edcias","potentialAction":[{"@type":"SearchAction","target":{"@type":"EntryPoint","urlTemplate":"https:\/\/aconteceunovale.com.br\/portal\/?s={search_term_string}"},"query-input":{"@type":"PropertyValueSpecification","valueRequired":true,"valueName":"search_term_string"}}],"inLanguage":"pt-BR"},{"@type":"Person","@id":"https:\/\/aconteceunovale.com.br\/portal\/#\/schema\/person\/7d2f26d1483f8a63de73da1ee0754d35","name":"Reda\u00e7\u00e3o Aconteceu no Vale","description":"Equipe de reportagem do Aconteceu no Vale, portal de not\u00edcias do Vale do Jequitinhonha, em Minas Gerais. Cobrimos as 51 cidades do Vale desde 2013. Sugest\u00f5es de pauta e pedidos de corre\u00e7\u00e3o: contato@aconteceunovale.com.br","url":"https:\/\/aconteceunovale.com.br\/portal\/?author=4"}]}},"_links":{"self":[{"href":"https:\/\/aconteceunovale.com.br\/portal\/index.php?rest_route=\/wp\/v2\/posts\/183314","targetHints":{"allow":["GET"]}}],"collection":[{"href":"https:\/\/aconteceunovale.com.br\/portal\/index.php?rest_route=\/wp\/v2\/posts"}],"about":[{"href":"https:\/\/aconteceunovale.com.br\/portal\/index.php?rest_route=\/wp\/v2\/types\/post"}],"author":[{"embeddable":true,"href":"https:\/\/aconteceunovale.com.br\/portal\/index.php?rest_route=\/wp\/v2\/users\/4"}],"replies":[{"embeddable":true,"href":"https:\/\/aconteceunovale.com.br\/portal\/index.php?rest_route=%2Fwp%2Fv2%2Fcomments&post=183314"}],"version-history":[{"count":1,"href":"https:\/\/aconteceunovale.com.br\/portal\/index.php?rest_route=\/wp\/v2\/posts\/183314\/revisions"}],"predecessor-version":[{"id":183315,"href":"https:\/\/aconteceunovale.com.br\/portal\/index.php?rest_route=\/wp\/v2\/posts\/183314\/revisions\/183315"}],"wp:featuredmedia":[{"embeddable":true,"href":"https:\/\/aconteceunovale.com.br\/portal\/index.php?rest_route=\/wp\/v2\/media\/113819"}],"wp:attachment":[{"href":"https:\/\/aconteceunovale.com.br\/portal\/index.php?rest_route=%2Fwp%2Fv2%2Fmedia&parent=183314"}],"wp:term":[{"taxonomy":"category","embeddable":true,"href":"https:\/\/aconteceunovale.com.br\/portal\/index.php?rest_route=%2Fwp%2Fv2%2Fcategories&post=183314"},{"taxonomy":"post_tag","embeddable":true,"href":"https:\/\/aconteceunovale.com.br\/portal\/index.php?rest_route=%2Fwp%2Fv2%2Ftags&post=183314"}],"curies":[{"name":"wp","href":"https:\/\/api.w.org\/{rel}","templated":true}]}}