{"id":183311,"date":"2021-10-28T20:33:14","date_gmt":"2021-10-28T23:33:14","guid":{"rendered":"https:\/\/aconteceunovale.com.br\/portal\/?p=183311"},"modified":"2021-10-28T20:35:02","modified_gmt":"2021-10-28T23:35:02","slug":"facebook-anuncia-mudanca-de-nome-corporativo-para-meta","status":"publish","type":"post","link":"https:\/\/aconteceunovale.com.br\/portal\/?p=183311","title":{"rendered":"Facebook anuncia mudan\u00e7a de nome corporativo para Meta"},"content":{"rendered":"\n<p class=\"wp-block-paragraph\">O Facebook anunciou nesta quinta-feira (28) que mudar\u00e1 a marca para Meta, uma mudan\u00e7a de nome que ocorre enquanto a empresa enfrenta cr\u00edticas de legisladores e reguladores sobre seu poder de mercado, suas decis\u00f5es algor\u00edtmicas e o policiamento de abusos em suas plataformas.<img decoding=\"async\" src=\"https:\/\/agenciabrasil.ebc.com.br\/ebc.png?id=1425957&amp;o=node\"><img decoding=\"async\" src=\"https:\/\/agenciabrasil.ebc.com.br\/ebc.gif?id=1425957&amp;o=node\"><\/p>\n\n\n\n<figure class=\"wp-block-gallery columns-1 is-cropped wp-block-gallery-1 is-layout-flex wp-block-gallery-is-layout-flex\"><ul class=\"blocks-gallery-grid\"><li class=\"blocks-gallery-item\"><figure><img loading=\"lazy\" decoding=\"async\" width=\"678\" height=\"339\" src=\"https:\/\/aconteceunovale.com.br\/portal\/wp-content\/uploads\/2021\/10\/facebook_meta.png\" alt=\"\" data-id=\"183312\" data-full-url=\"https:\/\/aconteceunovale.com.br\/portal\/wp-content\/uploads\/2021\/10\/facebook_meta.png\" data-link=\"https:\/\/aconteceunovale.com.br\/portal\/?attachment_id=183312\" class=\"wp-image-183312\" srcset=\"https:\/\/aconteceunovale.com.br\/portal\/wp-content\/uploads\/2021\/10\/facebook_meta.png 678w, https:\/\/aconteceunovale.com.br\/portal\/wp-content\/uploads\/2021\/10\/facebook_meta-300x150.png 300w\" sizes=\"auto, (max-width: 678px) 100vw, 678px\" \/><figcaption class=\"blocks-gallery-item__caption\"><em>Foto: Reprodu\u00e7\u00e3o \/ Internet<\/em><\/figcaption><\/figure><\/li><\/ul><\/figure>\n\n\n\n<p class=\"wp-block-paragraph\">O presidente-executivo da companhia, Mark Zuckerberg, falando na confer\u00eancia de realidade aumentada e virtual transmitida ao vivo da empresa, disse que o novo nome reflete seu foco na constru\u00e7\u00e3o do metaverso.<\/p>\n\n\n\n<p class=\"wp-block-paragraph\">&#8220;No momento, nossa marca est\u00e1 t\u00e3o intimamente ligada a um produto que n\u00e3o pode representar tudo o que estamos fazendo hoje, muito menos no futuro&#8221;, disse.<\/p>\n\n\n\n<p class=\"wp-block-paragraph\">A gigante da tecnologia disse que a mudan\u00e7a reunir\u00e1 seus diferentes aplicativos e tecnologias sob uma nova marca. Informou que n\u00e3o mudaria sua estrutura corporativa.<\/p>\n\n\n\n<p class=\"wp-block-paragraph\">O metaverso, um termo cunhado pela primeira vez em um romance dist\u00f3pico tr\u00eas d\u00e9cadas atr\u00e1s e agora ocupando os holofotes no Vale do Sil\u00edcio, refere-se amplamente \u00e0 ideia de um ambiente virtual compartilhado que pode ser acessado por pessoas usando dispositivos diferentes.<\/p>\n\n\n\n<p class=\"wp-block-paragraph\">A empresa revelou uma nova placa em sua sede em Menlo Park, Calif\u00f3rnia, na quinta-feira, substituindo seu logotipo\u00a0<em>Like<\/em>\u00a0com o polegar para cima por uma forma azul infinita.<\/p>\n\n\n\n<p class=\"wp-block-paragraph\">&#8212;&#8212;&#8212;&#8212;&#8212;&#8212;<br><em>Quer receber as not\u00edcias do <strong>Aconteceu no Vale<\/strong> em primeira m\u00e3o? Siga-nos no Facebook <a rel=\"noreferrer noopener\" href=\"http:\/\/facebook.com\/aconteceunovale\" target=\"_blank\">@aconteceunovale<\/a>, Twitter <a rel=\"noreferrer noopener\" href=\"https:\/\/twitter.com\/noticiadosvales\" target=\"_blank\">@noticiadosvales<\/a> e Instagram <a rel=\"noreferrer noopener\" href=\"https:\/\/www.instagram.com\/aconteceunovale\" target=\"_blank\">@aconteceunovale<\/a>.<\/em><\/p>\n","protected":false},"excerpt":{"rendered":"<p>O Facebook anunciou nesta quinta-feira (28) que mudar\u00e1 a marca para Meta, uma mudan\u00e7a de nome que ocorre enquanto a empresa enfrenta cr\u00edticas de legisladores e reguladores sobre seu poder de mercado, suas decis\u00f5es algor\u00edtmicas e o policiamento de abusos em suas plataformas. O presidente-executivo da companhia, Mark Zuckerberg, falando na confer\u00eancia de realidade aumentada [&hellip;]<\/p>\n","protected":false},"author":4,"featured_media":183312,"comment_status":"open","ping_status":"closed","sticky":false,"template":"","format":"standard","meta":{"amp_status":"","footnotes":""},"categories":[28848,40247],"tags":[38989,253633,1018,4624,253627,253628,4626,253631,253635,33335,253632,253629,253630,253634,56429],"class_list":["post-183311","post","type-post","status-publish","format-standard","has-post-thumbnail","hentry","category-mundo","category-tecnologia-2","tag-california","tag-construcao-do-metaverso","tag-destaque","tag-facebook","tag-facebook-muda-nome-corporativo-para-meta","tag-facebook-muda-para-meta","tag-mark-zuckerberg","tag-mark-zuckerberg-muda-o-nome-do-facebook","tag-menlo-park","tag-meta","tag-metaverso","tag-mudanca-do-nome-do-facebook","tag-novo-nome-do-facebook","tag-realidade-aumentada-e-virtual","tag-vale-do-silicio"],"yoast_head":"<!-- This site is optimized with the Yoast SEO plugin v28.3 - https:\/\/yoast.com\/product\/yoast-seo-wordpress\/ -->\n<title>Facebook anuncia mudan\u00e7a de nome corporativo para Meta - Aconteceu no Vale<\/title>\n<meta name=\"robots\" content=\"index, follow, max-snippet:-1, max-image-preview:large, max-video-preview:-1\" \/>\n<link rel=\"canonical\" href=\"https:\/\/aconteceunovale.com.br\/portal\/?p=183311\" \/>\n<meta property=\"og:locale\" content=\"pt_BR\" \/>\n<meta property=\"og:type\" content=\"article\" \/>\n<meta property=\"og:title\" content=\"Facebook anuncia mudan\u00e7a de nome corporativo para Meta - Aconteceu no Vale\" \/>\n<meta property=\"og:description\" content=\"O Facebook anunciou nesta quinta-feira (28) que mudar\u00e1 a marca para Meta, uma mudan\u00e7a de nome que ocorre enquanto a empresa enfrenta cr\u00edticas de legisladores e reguladores sobre seu poder de mercado, suas decis\u00f5es algor\u00edtmicas e o policiamento de abusos em suas plataformas. O presidente-executivo da companhia, Mark Zuckerberg, falando na confer\u00eancia de realidade aumentada [&hellip;]\" \/>\n<meta property=\"og:url\" content=\"https:\/\/aconteceunovale.com.br\/portal\/?p=183311\" \/>\n<meta property=\"og:site_name\" content=\"Aconteceu no Vale\" \/>\n<meta property=\"article:publisher\" content=\"https:\/\/www.facebook.com\/aconteceunovale\/\" \/>\n<meta property=\"article:published_time\" content=\"2021-10-28T23:33:14+00:00\" \/>\n<meta property=\"article:modified_time\" content=\"2021-10-28T23:35:02+00:00\" \/>\n<meta property=\"og:image\" content=\"https:\/\/aconteceunovale.com.br\/portal\/wp-content\/uploads\/2021\/10\/facebook_meta.png\" \/>\n\t<meta property=\"og:image:width\" content=\"678\" \/>\n\t<meta property=\"og:image:height\" content=\"339\" \/>\n\t<meta property=\"og:image:type\" content=\"image\/png\" \/>\n<meta name=\"author\" content=\"Reda\u00e7\u00e3o Aconteceu no Vale\" \/>\n<meta name=\"twitter:card\" content=\"summary_large_image\" \/>\n<meta name=\"twitter:creator\" content=\"@noticiadosvales\" \/>\n<meta name=\"twitter:site\" content=\"@noticiadosvales\" \/>\n<meta name=\"twitter:label1\" content=\"Escrito por\" \/>\n\t<meta name=\"twitter:data1\" content=\"Reda\u00e7\u00e3o Aconteceu no Vale\" \/>\n\t<meta name=\"twitter:label2\" content=\"Est. tempo de leitura\" \/>\n\t<meta name=\"twitter:data2\" content=\"1 minuto\" \/>\n<script type=\"application\/ld+json\" class=\"yoast-schema-graph\">{\"@context\":\"https:\\\/\\\/schema.org\",\"@graph\":[{\"@type\":\"Article\",\"@id\":\"https:\\\/\\\/aconteceunovale.com.br\\\/portal\\\/?p=183311#article\",\"isPartOf\":{\"@id\":\"https:\\\/\\\/aconteceunovale.com.br\\\/portal\\\/?p=183311\"},\"author\":{\"name\":\"Reda\u00e7\u00e3o Aconteceu no Vale\",\"@id\":\"https:\\\/\\\/aconteceunovale.com.br\\\/portal\\\/#\\\/schema\\\/person\\\/7d2f26d1483f8a63de73da1ee0754d35\"},\"headline\":\"Facebook anuncia mudan\u00e7a de nome corporativo para Meta\",\"datePublished\":\"2021-10-28T23:33:14+00:00\",\"dateModified\":\"2021-10-28T23:35:02+00:00\",\"mainEntityOfPage\":{\"@id\":\"https:\\\/\\\/aconteceunovale.com.br\\\/portal\\\/?p=183311\"},\"wordCount\":246,\"commentCount\":0,\"image\":{\"@id\":\"https:\\\/\\\/aconteceunovale.com.br\\\/portal\\\/?p=183311#primaryimage\"},\"thumbnailUrl\":\"https:\\\/\\\/aconteceunovale.com.br\\\/portal\\\/wp-content\\\/uploads\\\/2021\\\/10\\\/facebook_meta.png\",\"keywords\":[\"Calif\u00f3rnia\",\"Constru\u00e7\u00e3o do metaverso\",\"destaque\",\"Facebook\",\"Facebook muda nome corporativo para Meta\",\"Facebook muda para Meta\",\"Mark Zuckerberg\",\"Mark Zuckerberg muda o nome do Facebook\",\"Menlo Park\",\"meta\",\"Metaverso\",\"Mudan\u00e7a do nome do Facebook\",\"Novo nome do Facebook\",\"Realidade aumentada e virtual\",\"Vale do Sil\u00edcio\"],\"articleSection\":[\"Mundo\",\"Tecnologia\"],\"inLanguage\":\"pt-BR\",\"potentialAction\":[{\"@type\":\"CommentAction\",\"name\":\"Comment\",\"target\":[\"https:\\\/\\\/aconteceunovale.com.br\\\/portal\\\/?p=183311#respond\"]}]},{\"@type\":\"WebPage\",\"@id\":\"https:\\\/\\\/aconteceunovale.com.br\\\/portal\\\/?p=183311\",\"url\":\"https:\\\/\\\/aconteceunovale.com.br\\\/portal\\\/?p=183311\",\"name\":\"Facebook anuncia mudan\u00e7a de nome corporativo para Meta - Aconteceu no Vale\",\"isPartOf\":{\"@id\":\"https:\\\/\\\/aconteceunovale.com.br\\\/portal\\\/#website\"},\"primaryImageOfPage\":{\"@id\":\"https:\\\/\\\/aconteceunovale.com.br\\\/portal\\\/?p=183311#primaryimage\"},\"image\":{\"@id\":\"https:\\\/\\\/aconteceunovale.com.br\\\/portal\\\/?p=183311#primaryimage\"},\"thumbnailUrl\":\"https:\\\/\\\/aconteceunovale.com.br\\\/portal\\\/wp-content\\\/uploads\\\/2021\\\/10\\\/facebook_meta.png\",\"datePublished\":\"2021-10-28T23:33:14+00:00\",\"dateModified\":\"2021-10-28T23:35:02+00:00\",\"author\":{\"@id\":\"https:\\\/\\\/aconteceunovale.com.br\\\/portal\\\/#\\\/schema\\\/person\\\/7d2f26d1483f8a63de73da1ee0754d35\"},\"breadcrumb\":{\"@id\":\"https:\\\/\\\/aconteceunovale.com.br\\\/portal\\\/?p=183311#breadcrumb\"},\"inLanguage\":\"pt-BR\",\"potentialAction\":[{\"@type\":\"ReadAction\",\"target\":[\"https:\\\/\\\/aconteceunovale.com.br\\\/portal\\\/?p=183311\"]}]},{\"@type\":\"ImageObject\",\"inLanguage\":\"pt-BR\",\"@id\":\"https:\\\/\\\/aconteceunovale.com.br\\\/portal\\\/?p=183311#primaryimage\",\"url\":\"https:\\\/\\\/aconteceunovale.com.br\\\/portal\\\/wp-content\\\/uploads\\\/2021\\\/10\\\/facebook_meta.png\",\"contentUrl\":\"https:\\\/\\\/aconteceunovale.com.br\\\/portal\\\/wp-content\\\/uploads\\\/2021\\\/10\\\/facebook_meta.png\",\"width\":678,\"height\":339},{\"@type\":\"BreadcrumbList\",\"@id\":\"https:\\\/\\\/aconteceunovale.com.br\\\/portal\\\/?p=183311#breadcrumb\",\"itemListElement\":[{\"@type\":\"ListItem\",\"position\":1,\"name\":\"In\u00edcio\",\"item\":\"https:\\\/\\\/aconteceunovale.com.br\\\/portal\\\/\"},{\"@type\":\"ListItem\",\"position\":2,\"name\":\"Facebook anuncia mudan\u00e7a de nome corporativo para Meta\"}]},{\"@type\":\"WebSite\",\"@id\":\"https:\\\/\\\/aconteceunovale.com.br\\\/portal\\\/#website\",\"url\":\"https:\\\/\\\/aconteceunovale.com.br\\\/portal\\\/\",\"name\":\"Aconteceu no Vale\",\"description\":\"Portal de Not\u00edcias\",\"potentialAction\":[{\"@type\":\"SearchAction\",\"target\":{\"@type\":\"EntryPoint\",\"urlTemplate\":\"https:\\\/\\\/aconteceunovale.com.br\\\/portal\\\/?s={search_term_string}\"},\"query-input\":{\"@type\":\"PropertyValueSpecification\",\"valueRequired\":true,\"valueName\":\"search_term_string\"}}],\"inLanguage\":\"pt-BR\"},{\"@type\":\"Person\",\"@id\":\"https:\\\/\\\/aconteceunovale.com.br\\\/portal\\\/#\\\/schema\\\/person\\\/7d2f26d1483f8a63de73da1ee0754d35\",\"name\":\"Reda\u00e7\u00e3o Aconteceu no Vale\",\"description\":\"Equipe de reportagem do Aconteceu no Vale, portal de not\u00edcias do Vale do Jequitinhonha, em Minas Gerais. Cobrimos as 51 cidades do Vale desde 2013. Sugest\u00f5es de pauta e pedidos de corre\u00e7\u00e3o: contato@aconteceunovale.com.br\",\"url\":\"https:\\\/\\\/aconteceunovale.com.br\\\/portal\\\/?author=4\"}]}<\/script>\n<!-- \/ Yoast SEO plugin. -->","yoast_head_json":{"title":"Facebook anuncia mudan\u00e7a de nome corporativo para Meta - Aconteceu no Vale","robots":{"index":"index","follow":"follow","max-snippet":"max-snippet:-1","max-image-preview":"max-image-preview:large","max-video-preview":"max-video-preview:-1"},"canonical":"https:\/\/aconteceunovale.com.br\/portal\/?p=183311","og_locale":"pt_BR","og_type":"article","og_title":"Facebook anuncia mudan\u00e7a de nome corporativo para Meta - Aconteceu no Vale","og_description":"O Facebook anunciou nesta quinta-feira (28) que mudar\u00e1 a marca para Meta, uma mudan\u00e7a de nome que ocorre enquanto a empresa enfrenta cr\u00edticas de legisladores e reguladores sobre seu poder de mercado, suas decis\u00f5es algor\u00edtmicas e o policiamento de abusos em suas plataformas. O presidente-executivo da companhia, Mark Zuckerberg, falando na confer\u00eancia de realidade aumentada [&hellip;]","og_url":"https:\/\/aconteceunovale.com.br\/portal\/?p=183311","og_site_name":"Aconteceu no Vale","article_publisher":"https:\/\/www.facebook.com\/aconteceunovale\/","article_published_time":"2021-10-28T23:33:14+00:00","article_modified_time":"2021-10-28T23:35:02+00:00","og_image":[{"width":678,"height":339,"url":"https:\/\/aconteceunovale.com.br\/portal\/wp-content\/uploads\/2021\/10\/facebook_meta.png","type":"image\/png"}],"author":"Reda\u00e7\u00e3o Aconteceu no Vale","twitter_card":"summary_large_image","twitter_creator":"@noticiadosvales","twitter_site":"@noticiadosvales","twitter_misc":{"Escrito por":"Reda\u00e7\u00e3o Aconteceu no Vale","Est. tempo de leitura":"1 minuto"},"schema":{"@context":"https:\/\/schema.org","@graph":[{"@type":"Article","@id":"https:\/\/aconteceunovale.com.br\/portal\/?p=183311#article","isPartOf":{"@id":"https:\/\/aconteceunovale.com.br\/portal\/?p=183311"},"author":{"name":"Reda\u00e7\u00e3o Aconteceu no Vale","@id":"https:\/\/aconteceunovale.com.br\/portal\/#\/schema\/person\/7d2f26d1483f8a63de73da1ee0754d35"},"headline":"Facebook anuncia mudan\u00e7a de nome corporativo para Meta","datePublished":"2021-10-28T23:33:14+00:00","dateModified":"2021-10-28T23:35:02+00:00","mainEntityOfPage":{"@id":"https:\/\/aconteceunovale.com.br\/portal\/?p=183311"},"wordCount":246,"commentCount":0,"image":{"@id":"https:\/\/aconteceunovale.com.br\/portal\/?p=183311#primaryimage"},"thumbnailUrl":"https:\/\/aconteceunovale.com.br\/portal\/wp-content\/uploads\/2021\/10\/facebook_meta.png","keywords":["Calif\u00f3rnia","Constru\u00e7\u00e3o do metaverso","destaque","Facebook","Facebook muda nome corporativo para Meta","Facebook muda para Meta","Mark Zuckerberg","Mark Zuckerberg muda o nome do Facebook","Menlo Park","meta","Metaverso","Mudan\u00e7a do nome do Facebook","Novo nome do Facebook","Realidade aumentada e virtual","Vale do Sil\u00edcio"],"articleSection":["Mundo","Tecnologia"],"inLanguage":"pt-BR","potentialAction":[{"@type":"CommentAction","name":"Comment","target":["https:\/\/aconteceunovale.com.br\/portal\/?p=183311#respond"]}]},{"@type":"WebPage","@id":"https:\/\/aconteceunovale.com.br\/portal\/?p=183311","url":"https:\/\/aconteceunovale.com.br\/portal\/?p=183311","name":"Facebook anuncia mudan\u00e7a de nome corporativo para Meta - Aconteceu no Vale","isPartOf":{"@id":"https:\/\/aconteceunovale.com.br\/portal\/#website"},"primaryImageOfPage":{"@id":"https:\/\/aconteceunovale.com.br\/portal\/?p=183311#primaryimage"},"image":{"@id":"https:\/\/aconteceunovale.com.br\/portal\/?p=183311#primaryimage"},"thumbnailUrl":"https:\/\/aconteceunovale.com.br\/portal\/wp-content\/uploads\/2021\/10\/facebook_meta.png","datePublished":"2021-10-28T23:33:14+00:00","dateModified":"2021-10-28T23:35:02+00:00","author":{"@id":"https:\/\/aconteceunovale.com.br\/portal\/#\/schema\/person\/7d2f26d1483f8a63de73da1ee0754d35"},"breadcrumb":{"@id":"https:\/\/aconteceunovale.com.br\/portal\/?p=183311#breadcrumb"},"inLanguage":"pt-BR","potentialAction":[{"@type":"ReadAction","target":["https:\/\/aconteceunovale.com.br\/portal\/?p=183311"]}]},{"@type":"ImageObject","inLanguage":"pt-BR","@id":"https:\/\/aconteceunovale.com.br\/portal\/?p=183311#primaryimage","url":"https:\/\/aconteceunovale.com.br\/portal\/wp-content\/uploads\/2021\/10\/facebook_meta.png","contentUrl":"https:\/\/aconteceunovale.com.br\/portal\/wp-content\/uploads\/2021\/10\/facebook_meta.png","width":678,"height":339},{"@type":"BreadcrumbList","@id":"https:\/\/aconteceunovale.com.br\/portal\/?p=183311#breadcrumb","itemListElement":[{"@type":"ListItem","position":1,"name":"In\u00edcio","item":"https:\/\/aconteceunovale.com.br\/portal\/"},{"@type":"ListItem","position":2,"name":"Facebook anuncia mudan\u00e7a de nome corporativo para Meta"}]},{"@type":"WebSite","@id":"https:\/\/aconteceunovale.com.br\/portal\/#website","url":"https:\/\/aconteceunovale.com.br\/portal\/","name":"Aconteceu no Vale","description":"Portal de Not\u00edcias","potentialAction":[{"@type":"SearchAction","target":{"@type":"EntryPoint","urlTemplate":"https:\/\/aconteceunovale.com.br\/portal\/?s={search_term_string}"},"query-input":{"@type":"PropertyValueSpecification","valueRequired":true,"valueName":"search_term_string"}}],"inLanguage":"pt-BR"},{"@type":"Person","@id":"https:\/\/aconteceunovale.com.br\/portal\/#\/schema\/person\/7d2f26d1483f8a63de73da1ee0754d35","name":"Reda\u00e7\u00e3o Aconteceu no Vale","description":"Equipe de reportagem do Aconteceu no Vale, portal de not\u00edcias do Vale do Jequitinhonha, em Minas Gerais. Cobrimos as 51 cidades do Vale desde 2013. Sugest\u00f5es de pauta e pedidos de corre\u00e7\u00e3o: contato@aconteceunovale.com.br","url":"https:\/\/aconteceunovale.com.br\/portal\/?author=4"}]}},"_links":{"self":[{"href":"https:\/\/aconteceunovale.com.br\/portal\/index.php?rest_route=\/wp\/v2\/posts\/183311","targetHints":{"allow":["GET"]}}],"collection":[{"href":"https:\/\/aconteceunovale.com.br\/portal\/index.php?rest_route=\/wp\/v2\/posts"}],"about":[{"href":"https:\/\/aconteceunovale.com.br\/portal\/index.php?rest_route=\/wp\/v2\/types\/post"}],"author":[{"embeddable":true,"href":"https:\/\/aconteceunovale.com.br\/portal\/index.php?rest_route=\/wp\/v2\/users\/4"}],"replies":[{"embeddable":true,"href":"https:\/\/aconteceunovale.com.br\/portal\/index.php?rest_route=%2Fwp%2Fv2%2Fcomments&post=183311"}],"version-history":[{"count":1,"href":"https:\/\/aconteceunovale.com.br\/portal\/index.php?rest_route=\/wp\/v2\/posts\/183311\/revisions"}],"predecessor-version":[{"id":183313,"href":"https:\/\/aconteceunovale.com.br\/portal\/index.php?rest_route=\/wp\/v2\/posts\/183311\/revisions\/183313"}],"wp:featuredmedia":[{"embeddable":true,"href":"https:\/\/aconteceunovale.com.br\/portal\/index.php?rest_route=\/wp\/v2\/media\/183312"}],"wp:attachment":[{"href":"https:\/\/aconteceunovale.com.br\/portal\/index.php?rest_route=%2Fwp%2Fv2%2Fmedia&parent=183311"}],"wp:term":[{"taxonomy":"category","embeddable":true,"href":"https:\/\/aconteceunovale.com.br\/portal\/index.php?rest_route=%2Fwp%2Fv2%2Fcategories&post=183311"},{"taxonomy":"post_tag","embeddable":true,"href":"https:\/\/aconteceunovale.com.br\/portal\/index.php?rest_route=%2Fwp%2Fv2%2Ftags&post=183311"}],"curies":[{"name":"wp","href":"https:\/\/api.w.org\/{rel}","templated":true}]}}