{"id":183303,"date":"2021-10-28T14:40:50","date_gmt":"2021-10-28T17:40:50","guid":{"rendered":"https:\/\/aconteceunovale.com.br\/portal\/?p=183303"},"modified":"2021-10-28T14:42:01","modified_gmt":"2021-10-28T17:42:01","slug":"tribunal-superior-eleitoral-rejeita-pedido-para-cassar-chapa-bolsonaro-mourao","status":"publish","type":"post","link":"https:\/\/aconteceunovale.com.br\/portal\/?p=183303","title":{"rendered":"Tribunal Superior Eleitoral rejeita pedido para cassar chapa Bolsonaro-Mour\u00e3o"},"content":{"rendered":"\n<p class=\"wp-block-paragraph\">O plen\u00e1rio do Tribunal Superior Eleitoral (TSE) decidiu hoje (28\/10\/2021), por unanimidade, rejeitar a cassa\u00e7\u00e3o da chapa que elegeu o presidente Jair Bolsonaro e o vice-presidente Hamilton Mour\u00e3o. A corte fixou, contudo, a tese de que o disparo em massa de mensagens pode ser enquadrado como abuso de poder econ\u00f4mico.<img decoding=\"async\" src=\"https:\/\/agenciabrasil.ebc.com.br\/ebc.png?id=1425923&amp;o=node\"><img decoding=\"async\" src=\"https:\/\/agenciabrasil.ebc.com.br\/ebc.gif?id=1425923&amp;o=node\"><\/p>\n\n\n\n<p class=\"wp-block-paragraph\">Os entendimentos foram alcan\u00e7ados no julgamento de duas a\u00e7\u00f5es que tratam do disparo em massa de mensagens via aplicativo WhatsApp durante a campanha de 2018, conduta ent\u00e3o vedada pelas regras eleitorais.<\/p>\n\n\n\n<p class=\"wp-block-paragraph\">O julgamento havia come\u00e7ado na ter\u00e7a-feira (26), quando tr\u00eas ministros votaram contra a cassa\u00e7\u00e3o \u2013 Lu\u00eds Felipe Salom\u00e3o, relator; Mauro Campbell e S\u00e9rgio Banhos. O caso foi retomado nesta quinta-feira com o voto do ministro Carlos Horbach, que seguiu o mesmo entendimento, formando a maioria.&nbsp;&nbsp;<\/p>\n\n\n\n<p class=\"wp-block-paragraph\">Os ministros Edson Fachin, Alexandre de Moraes e Lu\u00eds Roberto Barroso tamb\u00e9m negaram a cassa\u00e7\u00e3o. Todos consideraram n\u00e3o ter ficado comprovado que, mesmo que existente, tal esquema de disparo de mensagens teve gravidade e alcance suficientes para comprometer a legitimidade da elei\u00e7\u00e3o presidencial de 2018.&nbsp;<\/p>\n\n\n\n<p class=\"wp-block-paragraph\">Ainda que a cassa\u00e7\u00e3o de mandato tenha sido rejeitada, a maioria do plen\u00e1rio do TSE reconheceu, por cinco votos a dois, ter ficado comprovado que de fato existiu um esquema ilegal de disparo em massa de not\u00edcias falsas contra advers\u00e1rios da chapa Bolsonaro-Mour\u00e3o, em 2018.<\/p>\n\n\n\n<p class=\"wp-block-paragraph\">Em fun\u00e7\u00e3o desse entendimento, a maioria dos ministros aprovou, por seis votos a um, a fixa\u00e7\u00e3o da tese jur\u00eddica para deixar expl\u00edcito que h\u00e1 abuso de poder pol\u00edtico-econ\u00f4mico caso um candidato venha, daqui em diante, se beneficiar do disparo em massa de&nbsp;<em>fake news<\/em>&nbsp;pela internet.<\/p>\n\n\n\n<h2 class=\"wp-block-heading\">Votos<\/h2>\n\n\n\n<p class=\"wp-block-paragraph\">Para o ministro Carlos Horbach, primeiro a votar nesta quinta-feira, n\u00e3o ficou comprovada nem mesmo a exist\u00eancia de um esquema voltado a disparar mensagens com informa\u00e7\u00f5es falsas contra advers\u00e1rios da chapa Bolsonaro-Mour\u00e3o em 2018, conforme a peti\u00e7\u00e3o inicial que deu origem \u00e0s a\u00e7\u00f5es, protocolada pelo PT ainda no ano da elei\u00e7\u00e3o.<\/p>\n\n\n\n<p class=\"wp-block-paragraph\">O ministro afirmou que, ao longo da instru\u00e7\u00e3o processual, nenhuma das partes conseguiu provar \u201co teor das mensagens, o modo pelo qual o conte\u00fado repercutiu perante o eleitorado e o alcance dos disparos\u201d. Por esse motivo, ele votou por indeferir por completo as duas a\u00e7\u00f5es de investiga\u00e7\u00e3o judicial eleitoral (Aije) em julgamento.&nbsp;<\/p>\n\n\n\n<p class=\"wp-block-paragraph\">O ministro se alinhou ao que j\u00e1 havia entendido o ministro S\u00e9rgio Banhos. Ambos divergiram da maioria. Para os demais cinco ministros do TSE, apesar de n\u00e3o ter ficado comprovada gravidade o bastante para justificar a cassa\u00e7\u00e3o de mandato, as provas nos autos conseguiram demonstrar que houve, de fato, um esquema ilegal de disparo de mensagens com informa\u00e7\u00f5es falsas sobre advers\u00e1rios.<\/p>\n\n\n\n<p class=\"wp-block-paragraph\">\u201cEste julgamento \u00e9 extremamente importante, em que pese a aus\u00eancia dessas provas que seriam necess\u00e1rias para o caso concreto, mas para se afirmar que houve disparo em massa. Houve financiamento n\u00e3o declarado para esses disparos. O lapso temporal pode ser impeditivo para uma condena\u00e7\u00e3o, mas n\u00e3o \u00e9 impeditivo para absor\u00e7\u00e3o pela Justi\u00e7a Eleitoral do&nbsp;<em>modus operandi<\/em>&nbsp;que foi realizado e vai ser combatido nas elei\u00e7\u00f5es de 2022\u201d, disse o ministro Alexandre de Moraes.<\/p>\n\n\n\n<h2 class=\"wp-block-heading\">Relator<\/h2>\n\n\n\n<p class=\"wp-block-paragraph\">Prevaleceu, ao final, integralmente, o voto do relator, ministro Lu\u00eds Felipe Salom\u00e3o, que \u00e9 tamb\u00e9m corregedor-geral da Justi\u00e7a Eleitoral.<\/p>\n\n\n\n<p class=\"wp-block-paragraph\">Na ter\u00e7a-feira (28), Salom\u00e3o disse ter ficado expl\u00edcito o disparo de mensagens com o objetivo de minar candidaturas advers\u00e1rias. \u201cIn\u00fameras provas de natureza documental e testemunhal corroboram a assertiva de que, no m\u00ednimo desde 2017, pessoas pr\u00f3ximas ao hoje presidente da Rep\u00fablica atuavam de modo permanente, amplo e constante na mobiliza\u00e7\u00e3o digital de eleitores, tendo como&nbsp;<em>modus operandi<\/em>&nbsp;ataque a advers\u00e1rios pol\u00edticos, a candidatos\u201d, afirmou o ministro.<\/p>\n\n\n\n<p class=\"wp-block-paragraph\">Ele acrescentou, contudo, que faltam provas sobre o alcance dos disparos e a repercuss\u00e3o perante os eleitores. \u201cN\u00e3o h\u00e1 elementos que permitam afirmar, com seguran\u00e7a, a gravidade dos fatos, requisito imprescind\u00edvel para a caracteriza\u00e7\u00e3o do abuso de poder econ\u00f4mico e do uso indevido dos meios de comunica\u00e7\u00e3o social\u201d, disse o relator na ocasi\u00e3o.<\/p>\n\n\n\n<p class=\"wp-block-paragraph\">Esse foi o \u00faltimo voto proferido por Salom\u00e3o no TSE. Nesta semana o ministro do Superior Tribunal de Justi\u00e7a (STJ) deixa o cargo de corregedor-geral da Justi\u00e7a Eleitoral, sendo substitu\u00eddo por Mauro Campbell.<\/p>\n\n\n\n<h2 class=\"wp-block-heading\">Tese<\/h2>\n\n\n\n<p class=\"wp-block-paragraph\">Em seu voto, o relator prop\u00f4s, e o plen\u00e1rio aprovou, a fixa\u00e7\u00e3o de uma tese jur\u00eddica para embasar futuros julgamentos sobre o tema, segundo a qual \u201co uso de aplica\u00e7\u00f5es digitais de mensagens instant\u00e2neas, visando promover disparos em massa, contendo desinforma\u00e7\u00e3o e inverdades em preju\u00edzo de advers\u00e1rios e em benef\u00edcio de candidato, pode configurar abuso de poder econ\u00f4mico e\/ou uso indevido dos meios de comunica\u00e7\u00e3o social\u201d.<\/p>\n\n\n\n<p class=\"wp-block-paragraph\">O plen\u00e1rio do TSE tamb\u00e9m aprovou, por maioria de cinco a dois, diversos crit\u00e9rios para balizar, daqui em diante, as condutas consideradas ilegais. Um desses crit\u00e9rios, por exemplo, define que \u201cpara se configurar o ato abusivo n\u00e3o se requer \u2018a potencialidade de o fato alterar o resultado da elei\u00e7\u00e3o\u2019, mas sim \u2018a gravidade das circunst\u00e2ncias que o caracterizam\u2019, de acep\u00e7\u00e3o mais ampla\u201d.<\/p>\n\n\n\n<p class=\"wp-block-paragraph\">O ministro Alexandre de Moraes, que presidir\u00e1 o TSE durante a elei\u00e7\u00e3o presidencial do ano que vem, elogiou a iniciativa. \u201cA Justi\u00e7a Eleitoral n\u00e3o \u00e9 tola. N\u00f3s podemos absolver aqui por falta de provas, mas n\u00f3s sabemos o que ocorreu, sabemos o que v\u00eam ocorrendo, e n\u00e3o vamos permitir que isso ocorra novamente\u201d, alertou.<\/p>\n\n\n\n<p class=\"wp-block-paragraph\">Moraes afirmou ainda que \u201cse houver repeti\u00e7\u00e3o do que foi feito em 2018, o registro ser\u00e1 cassado. E as pessoas que assim fizerem ir\u00e3o para a cadeia por atentar contra as elei\u00e7\u00f5es e a democracia no Brasil\u201d.<\/p>\n\n\n\n<p class=\"wp-block-paragraph\">&#8212;&#8212;&#8212;&#8212;&#8212;&#8212;<br><em>Quer receber as not\u00edcias do <strong>Aconteceu no Vale<\/strong> em primeira m\u00e3o? Siga-nos no Facebook <a rel=\"noreferrer noopener\" href=\"http:\/\/facebook.com\/aconteceunovale\" target=\"_blank\">@aconteceunovale<\/a>, Twitter <a rel=\"noreferrer noopener\" href=\"https:\/\/twitter.com\/noticiadosvales\" target=\"_blank\">@noticiadosvales<\/a> e Instagram <a rel=\"noreferrer noopener\" href=\"https:\/\/www.instagram.com\/aconteceunovale\" target=\"_blank\">@aconteceunovale<\/a>.<\/em><\/p>\n","protected":false},"excerpt":{"rendered":"<p>O plen\u00e1rio do Tribunal Superior Eleitoral (TSE) decidiu hoje (28\/10\/2021), por unanimidade, rejeitar a cassa\u00e7\u00e3o da chapa que elegeu o presidente Jair Bolsonaro e o vice-presidente Hamilton Mour\u00e3o. A corte fixou, contudo, a tese de que o disparo em massa de mensagens pode ser enquadrado como abuso de poder econ\u00f4mico. Os entendimentos foram alcan\u00e7ados no [&hellip;]<\/p>\n","protected":false},"author":4,"featured_media":142466,"comment_status":"open","ping_status":"closed","sticky":false,"template":"","format":"standard","meta":{"amp_status":"","footnotes":""},"categories":[6,40240],"tags":[100375,253617,1018,177538,26436,253619,253618,174222,94060,253616,267],"class_list":["post-183303","post","type-post","status-publish","format-standard","has-post-thumbnail","hentry","category-br","category-politica","tag-bolsonaro","tag-chapa-bolsonaro-mourao","tag-destaque","tag-hamilton-mourao","tag-jair-bolsonaro","tag-pedido-de-cassacao-da-chapa-bolsonaro-mourao","tag-pedido-para-cassar-a-chapa-bolsonaro-mourao","tag-presidente-jair-bolsonaro","tag-tribunal-superior-eleitoral","tag-tribunal-superior-eleitoral-rejeita-pedido-para-cassar-chapa-bolsonaro-mourao","tag-tse"],"yoast_head":"<!-- This site is optimized with the Yoast SEO plugin v28.3 - https:\/\/yoast.com\/product\/yoast-seo-wordpress\/ -->\n<title>Tribunal Superior Eleitoral rejeita pedido para cassar chapa Bolsonaro-Mour\u00e3o - Aconteceu no Vale<\/title>\n<meta name=\"robots\" content=\"index, follow, max-snippet:-1, max-image-preview:large, max-video-preview:-1\" \/>\n<link rel=\"canonical\" href=\"https:\/\/aconteceunovale.com.br\/portal\/?p=183303\" \/>\n<meta property=\"og:locale\" content=\"pt_BR\" \/>\n<meta property=\"og:type\" content=\"article\" \/>\n<meta property=\"og:title\" content=\"Tribunal Superior Eleitoral rejeita pedido para cassar chapa Bolsonaro-Mour\u00e3o - Aconteceu no Vale\" \/>\n<meta property=\"og:description\" content=\"O plen\u00e1rio do Tribunal Superior Eleitoral (TSE) decidiu hoje (28\/10\/2021), por unanimidade, rejeitar a cassa\u00e7\u00e3o da chapa que elegeu o presidente Jair Bolsonaro e o vice-presidente Hamilton Mour\u00e3o. A corte fixou, contudo, a tese de que o disparo em massa de mensagens pode ser enquadrado como abuso de poder econ\u00f4mico. Os entendimentos foram alcan\u00e7ados no [&hellip;]\" \/>\n<meta property=\"og:url\" content=\"https:\/\/aconteceunovale.com.br\/portal\/?p=183303\" \/>\n<meta property=\"og:site_name\" content=\"Aconteceu no Vale\" \/>\n<meta property=\"article:publisher\" content=\"https:\/\/www.facebook.com\/aconteceunovale\/\" \/>\n<meta property=\"article:published_time\" content=\"2021-10-28T17:40:50+00:00\" \/>\n<meta property=\"article:modified_time\" content=\"2021-10-28T17:42:01+00:00\" \/>\n<meta property=\"og:image\" content=\"https:\/\/aconteceunovale.com.br\/portal\/wp-content\/uploads\/2019\/01\/transmissao_bolsonaro_mourao_5.jpg\" \/>\n\t<meta property=\"og:image:width\" content=\"675\" \/>\n\t<meta property=\"og:image:height\" content=\"450\" \/>\n\t<meta property=\"og:image:type\" content=\"image\/jpeg\" \/>\n<meta name=\"author\" content=\"Reda\u00e7\u00e3o Aconteceu no Vale\" \/>\n<meta name=\"twitter:card\" content=\"summary_large_image\" \/>\n<meta name=\"twitter:creator\" content=\"@noticiadosvales\" \/>\n<meta name=\"twitter:site\" content=\"@noticiadosvales\" \/>\n<meta name=\"twitter:label1\" content=\"Escrito por\" \/>\n\t<meta name=\"twitter:data1\" content=\"Reda\u00e7\u00e3o Aconteceu no Vale\" \/>\n\t<meta name=\"twitter:label2\" content=\"Est. tempo de leitura\" \/>\n\t<meta name=\"twitter:data2\" content=\"5 minutos\" \/>\n<script type=\"application\/ld+json\" class=\"yoast-schema-graph\">{\"@context\":\"https:\\\/\\\/schema.org\",\"@graph\":[{\"@type\":\"Article\",\"@id\":\"https:\\\/\\\/aconteceunovale.com.br\\\/portal\\\/?p=183303#article\",\"isPartOf\":{\"@id\":\"https:\\\/\\\/aconteceunovale.com.br\\\/portal\\\/?p=183303\"},\"author\":{\"name\":\"Reda\u00e7\u00e3o Aconteceu no Vale\",\"@id\":\"https:\\\/\\\/aconteceunovale.com.br\\\/portal\\\/#\\\/schema\\\/person\\\/7d2f26d1483f8a63de73da1ee0754d35\"},\"headline\":\"Tribunal Superior Eleitoral rejeita pedido para cassar chapa Bolsonaro-Mour\u00e3o\",\"datePublished\":\"2021-10-28T17:40:50+00:00\",\"dateModified\":\"2021-10-28T17:42:01+00:00\",\"mainEntityOfPage\":{\"@id\":\"https:\\\/\\\/aconteceunovale.com.br\\\/portal\\\/?p=183303\"},\"wordCount\":1034,\"commentCount\":0,\"image\":{\"@id\":\"https:\\\/\\\/aconteceunovale.com.br\\\/portal\\\/?p=183303#primaryimage\"},\"thumbnailUrl\":\"https:\\\/\\\/aconteceunovale.com.br\\\/portal\\\/wp-content\\\/uploads\\\/2019\\\/01\\\/transmissao_bolsonaro_mourao_5.jpg\",\"keywords\":[\"Bolsonaro\",\"Chapa Bolsonaro-Mour\u00e3o\",\"destaque\",\"Hamilton Mour\u00e3o\",\"Jair Bolsonaro\",\"Pedido de cassa\u00e7\u00e3o da chapa Bolsonaro-Mour\u00e3o\",\"Pedido para cassar a chapa Bolsonaro-Mour\u00e3o\",\"Presidente Jair Bolsonaro\",\"Tribunal Superior Eleitoral\",\"Tribunal Superior Eleitoral rejeita pedido para cassar chapa Bolsonaro-Mour\u00e3o\",\"TSE\"],\"articleSection\":[\"Brasil\",\"Pol\u00edtica\"],\"inLanguage\":\"pt-BR\",\"potentialAction\":[{\"@type\":\"CommentAction\",\"name\":\"Comment\",\"target\":[\"https:\\\/\\\/aconteceunovale.com.br\\\/portal\\\/?p=183303#respond\"]}]},{\"@type\":\"WebPage\",\"@id\":\"https:\\\/\\\/aconteceunovale.com.br\\\/portal\\\/?p=183303\",\"url\":\"https:\\\/\\\/aconteceunovale.com.br\\\/portal\\\/?p=183303\",\"name\":\"Tribunal Superior Eleitoral rejeita pedido para cassar chapa Bolsonaro-Mour\u00e3o - Aconteceu no Vale\",\"isPartOf\":{\"@id\":\"https:\\\/\\\/aconteceunovale.com.br\\\/portal\\\/#website\"},\"primaryImageOfPage\":{\"@id\":\"https:\\\/\\\/aconteceunovale.com.br\\\/portal\\\/?p=183303#primaryimage\"},\"image\":{\"@id\":\"https:\\\/\\\/aconteceunovale.com.br\\\/portal\\\/?p=183303#primaryimage\"},\"thumbnailUrl\":\"https:\\\/\\\/aconteceunovale.com.br\\\/portal\\\/wp-content\\\/uploads\\\/2019\\\/01\\\/transmissao_bolsonaro_mourao_5.jpg\",\"datePublished\":\"2021-10-28T17:40:50+00:00\",\"dateModified\":\"2021-10-28T17:42:01+00:00\",\"author\":{\"@id\":\"https:\\\/\\\/aconteceunovale.com.br\\\/portal\\\/#\\\/schema\\\/person\\\/7d2f26d1483f8a63de73da1ee0754d35\"},\"breadcrumb\":{\"@id\":\"https:\\\/\\\/aconteceunovale.com.br\\\/portal\\\/?p=183303#breadcrumb\"},\"inLanguage\":\"pt-BR\",\"potentialAction\":[{\"@type\":\"ReadAction\",\"target\":[\"https:\\\/\\\/aconteceunovale.com.br\\\/portal\\\/?p=183303\"]}]},{\"@type\":\"ImageObject\",\"inLanguage\":\"pt-BR\",\"@id\":\"https:\\\/\\\/aconteceunovale.com.br\\\/portal\\\/?p=183303#primaryimage\",\"url\":\"https:\\\/\\\/aconteceunovale.com.br\\\/portal\\\/wp-content\\\/uploads\\\/2019\\\/01\\\/transmissao_bolsonaro_mourao_5.jpg\",\"contentUrl\":\"https:\\\/\\\/aconteceunovale.com.br\\\/portal\\\/wp-content\\\/uploads\\\/2019\\\/01\\\/transmissao_bolsonaro_mourao_5.jpg\",\"width\":675,\"height\":450},{\"@type\":\"BreadcrumbList\",\"@id\":\"https:\\\/\\\/aconteceunovale.com.br\\\/portal\\\/?p=183303#breadcrumb\",\"itemListElement\":[{\"@type\":\"ListItem\",\"position\":1,\"name\":\"In\u00edcio\",\"item\":\"https:\\\/\\\/aconteceunovale.com.br\\\/portal\\\/\"},{\"@type\":\"ListItem\",\"position\":2,\"name\":\"Tribunal Superior Eleitoral rejeita pedido para cassar chapa Bolsonaro-Mour\u00e3o\"}]},{\"@type\":\"WebSite\",\"@id\":\"https:\\\/\\\/aconteceunovale.com.br\\\/portal\\\/#website\",\"url\":\"https:\\\/\\\/aconteceunovale.com.br\\\/portal\\\/\",\"name\":\"Aconteceu no Vale\",\"description\":\"Portal de Not\u00edcias\",\"potentialAction\":[{\"@type\":\"SearchAction\",\"target\":{\"@type\":\"EntryPoint\",\"urlTemplate\":\"https:\\\/\\\/aconteceunovale.com.br\\\/portal\\\/?s={search_term_string}\"},\"query-input\":{\"@type\":\"PropertyValueSpecification\",\"valueRequired\":true,\"valueName\":\"search_term_string\"}}],\"inLanguage\":\"pt-BR\"},{\"@type\":\"Person\",\"@id\":\"https:\\\/\\\/aconteceunovale.com.br\\\/portal\\\/#\\\/schema\\\/person\\\/7d2f26d1483f8a63de73da1ee0754d35\",\"name\":\"Reda\u00e7\u00e3o Aconteceu no Vale\",\"description\":\"Equipe de reportagem do Aconteceu no Vale, portal de not\u00edcias do Vale do Jequitinhonha, em Minas Gerais. Cobrimos as 51 cidades do Vale desde 2013. Sugest\u00f5es de pauta e pedidos de corre\u00e7\u00e3o: contato@aconteceunovale.com.br\",\"url\":\"https:\\\/\\\/aconteceunovale.com.br\\\/portal\\\/?author=4\"}]}<\/script>\n<!-- \/ Yoast SEO plugin. -->","yoast_head_json":{"title":"Tribunal Superior Eleitoral rejeita pedido para cassar chapa Bolsonaro-Mour\u00e3o - Aconteceu no Vale","robots":{"index":"index","follow":"follow","max-snippet":"max-snippet:-1","max-image-preview":"max-image-preview:large","max-video-preview":"max-video-preview:-1"},"canonical":"https:\/\/aconteceunovale.com.br\/portal\/?p=183303","og_locale":"pt_BR","og_type":"article","og_title":"Tribunal Superior Eleitoral rejeita pedido para cassar chapa Bolsonaro-Mour\u00e3o - Aconteceu no Vale","og_description":"O plen\u00e1rio do Tribunal Superior Eleitoral (TSE) decidiu hoje (28\/10\/2021), por unanimidade, rejeitar a cassa\u00e7\u00e3o da chapa que elegeu o presidente Jair Bolsonaro e o vice-presidente Hamilton Mour\u00e3o. A corte fixou, contudo, a tese de que o disparo em massa de mensagens pode ser enquadrado como abuso de poder econ\u00f4mico. Os entendimentos foram alcan\u00e7ados no [&hellip;]","og_url":"https:\/\/aconteceunovale.com.br\/portal\/?p=183303","og_site_name":"Aconteceu no Vale","article_publisher":"https:\/\/www.facebook.com\/aconteceunovale\/","article_published_time":"2021-10-28T17:40:50+00:00","article_modified_time":"2021-10-28T17:42:01+00:00","og_image":[{"width":675,"height":450,"url":"https:\/\/aconteceunovale.com.br\/portal\/wp-content\/uploads\/2019\/01\/transmissao_bolsonaro_mourao_5.jpg","type":"image\/jpeg"}],"author":"Reda\u00e7\u00e3o Aconteceu no Vale","twitter_card":"summary_large_image","twitter_creator":"@noticiadosvales","twitter_site":"@noticiadosvales","twitter_misc":{"Escrito por":"Reda\u00e7\u00e3o Aconteceu no Vale","Est. tempo de leitura":"5 minutos"},"schema":{"@context":"https:\/\/schema.org","@graph":[{"@type":"Article","@id":"https:\/\/aconteceunovale.com.br\/portal\/?p=183303#article","isPartOf":{"@id":"https:\/\/aconteceunovale.com.br\/portal\/?p=183303"},"author":{"name":"Reda\u00e7\u00e3o Aconteceu no Vale","@id":"https:\/\/aconteceunovale.com.br\/portal\/#\/schema\/person\/7d2f26d1483f8a63de73da1ee0754d35"},"headline":"Tribunal Superior Eleitoral rejeita pedido para cassar chapa Bolsonaro-Mour\u00e3o","datePublished":"2021-10-28T17:40:50+00:00","dateModified":"2021-10-28T17:42:01+00:00","mainEntityOfPage":{"@id":"https:\/\/aconteceunovale.com.br\/portal\/?p=183303"},"wordCount":1034,"commentCount":0,"image":{"@id":"https:\/\/aconteceunovale.com.br\/portal\/?p=183303#primaryimage"},"thumbnailUrl":"https:\/\/aconteceunovale.com.br\/portal\/wp-content\/uploads\/2019\/01\/transmissao_bolsonaro_mourao_5.jpg","keywords":["Bolsonaro","Chapa Bolsonaro-Mour\u00e3o","destaque","Hamilton Mour\u00e3o","Jair Bolsonaro","Pedido de cassa\u00e7\u00e3o da chapa Bolsonaro-Mour\u00e3o","Pedido para cassar a chapa Bolsonaro-Mour\u00e3o","Presidente Jair Bolsonaro","Tribunal Superior Eleitoral","Tribunal Superior Eleitoral rejeita pedido para cassar chapa Bolsonaro-Mour\u00e3o","TSE"],"articleSection":["Brasil","Pol\u00edtica"],"inLanguage":"pt-BR","potentialAction":[{"@type":"CommentAction","name":"Comment","target":["https:\/\/aconteceunovale.com.br\/portal\/?p=183303#respond"]}]},{"@type":"WebPage","@id":"https:\/\/aconteceunovale.com.br\/portal\/?p=183303","url":"https:\/\/aconteceunovale.com.br\/portal\/?p=183303","name":"Tribunal Superior Eleitoral rejeita pedido para cassar chapa Bolsonaro-Mour\u00e3o - Aconteceu no Vale","isPartOf":{"@id":"https:\/\/aconteceunovale.com.br\/portal\/#website"},"primaryImageOfPage":{"@id":"https:\/\/aconteceunovale.com.br\/portal\/?p=183303#primaryimage"},"image":{"@id":"https:\/\/aconteceunovale.com.br\/portal\/?p=183303#primaryimage"},"thumbnailUrl":"https:\/\/aconteceunovale.com.br\/portal\/wp-content\/uploads\/2019\/01\/transmissao_bolsonaro_mourao_5.jpg","datePublished":"2021-10-28T17:40:50+00:00","dateModified":"2021-10-28T17:42:01+00:00","author":{"@id":"https:\/\/aconteceunovale.com.br\/portal\/#\/schema\/person\/7d2f26d1483f8a63de73da1ee0754d35"},"breadcrumb":{"@id":"https:\/\/aconteceunovale.com.br\/portal\/?p=183303#breadcrumb"},"inLanguage":"pt-BR","potentialAction":[{"@type":"ReadAction","target":["https:\/\/aconteceunovale.com.br\/portal\/?p=183303"]}]},{"@type":"ImageObject","inLanguage":"pt-BR","@id":"https:\/\/aconteceunovale.com.br\/portal\/?p=183303#primaryimage","url":"https:\/\/aconteceunovale.com.br\/portal\/wp-content\/uploads\/2019\/01\/transmissao_bolsonaro_mourao_5.jpg","contentUrl":"https:\/\/aconteceunovale.com.br\/portal\/wp-content\/uploads\/2019\/01\/transmissao_bolsonaro_mourao_5.jpg","width":675,"height":450},{"@type":"BreadcrumbList","@id":"https:\/\/aconteceunovale.com.br\/portal\/?p=183303#breadcrumb","itemListElement":[{"@type":"ListItem","position":1,"name":"In\u00edcio","item":"https:\/\/aconteceunovale.com.br\/portal\/"},{"@type":"ListItem","position":2,"name":"Tribunal Superior Eleitoral rejeita pedido para cassar chapa Bolsonaro-Mour\u00e3o"}]},{"@type":"WebSite","@id":"https:\/\/aconteceunovale.com.br\/portal\/#website","url":"https:\/\/aconteceunovale.com.br\/portal\/","name":"Aconteceu no Vale","description":"Portal de Not\u00edcias","potentialAction":[{"@type":"SearchAction","target":{"@type":"EntryPoint","urlTemplate":"https:\/\/aconteceunovale.com.br\/portal\/?s={search_term_string}"},"query-input":{"@type":"PropertyValueSpecification","valueRequired":true,"valueName":"search_term_string"}}],"inLanguage":"pt-BR"},{"@type":"Person","@id":"https:\/\/aconteceunovale.com.br\/portal\/#\/schema\/person\/7d2f26d1483f8a63de73da1ee0754d35","name":"Reda\u00e7\u00e3o Aconteceu no Vale","description":"Equipe de reportagem do Aconteceu no Vale, portal de not\u00edcias do Vale do Jequitinhonha, em Minas Gerais. Cobrimos as 51 cidades do Vale desde 2013. Sugest\u00f5es de pauta e pedidos de corre\u00e7\u00e3o: contato@aconteceunovale.com.br","url":"https:\/\/aconteceunovale.com.br\/portal\/?author=4"}]}},"_links":{"self":[{"href":"https:\/\/aconteceunovale.com.br\/portal\/index.php?rest_route=\/wp\/v2\/posts\/183303","targetHints":{"allow":["GET"]}}],"collection":[{"href":"https:\/\/aconteceunovale.com.br\/portal\/index.php?rest_route=\/wp\/v2\/posts"}],"about":[{"href":"https:\/\/aconteceunovale.com.br\/portal\/index.php?rest_route=\/wp\/v2\/types\/post"}],"author":[{"embeddable":true,"href":"https:\/\/aconteceunovale.com.br\/portal\/index.php?rest_route=\/wp\/v2\/users\/4"}],"replies":[{"embeddable":true,"href":"https:\/\/aconteceunovale.com.br\/portal\/index.php?rest_route=%2Fwp%2Fv2%2Fcomments&post=183303"}],"version-history":[{"count":1,"href":"https:\/\/aconteceunovale.com.br\/portal\/index.php?rest_route=\/wp\/v2\/posts\/183303\/revisions"}],"predecessor-version":[{"id":183304,"href":"https:\/\/aconteceunovale.com.br\/portal\/index.php?rest_route=\/wp\/v2\/posts\/183303\/revisions\/183304"}],"wp:featuredmedia":[{"embeddable":true,"href":"https:\/\/aconteceunovale.com.br\/portal\/index.php?rest_route=\/wp\/v2\/media\/142466"}],"wp:attachment":[{"href":"https:\/\/aconteceunovale.com.br\/portal\/index.php?rest_route=%2Fwp%2Fv2%2Fmedia&parent=183303"}],"wp:term":[{"taxonomy":"category","embeddable":true,"href":"https:\/\/aconteceunovale.com.br\/portal\/index.php?rest_route=%2Fwp%2Fv2%2Fcategories&post=183303"},{"taxonomy":"post_tag","embeddable":true,"href":"https:\/\/aconteceunovale.com.br\/portal\/index.php?rest_route=%2Fwp%2Fv2%2Ftags&post=183303"}],"curies":[{"name":"wp","href":"https:\/\/api.w.org\/{rel}","templated":true}]}}