{"id":183289,"date":"2021-10-27T20:48:13","date_gmt":"2021-10-27T23:48:13","guid":{"rendered":"https:\/\/aconteceunovale.com.br\/portal\/?p=183289"},"modified":"2021-10-27T20:49:58","modified_gmt":"2021-10-27T23:49:58","slug":"veiculo-furtado-de-locadora-e-recuperado-pela-prf-em-teofilo-otoni","status":"publish","type":"post","link":"https:\/\/aconteceunovale.com.br\/portal\/?p=183289","title":{"rendered":"Ve\u00edculo furtado de locadora \u00e9 recuperado pela PRF em Te\u00f3filo Otoni"},"content":{"rendered":"\n<p>Um ve\u00edculo produto de crime foi apreendido pela Pol\u00edcia Rodovi\u00e1ria Federal (PRF) durante fiscaliza\u00e7\u00e3o no km 279 da BR-116, em Te\u00f3filo Otoni (MG), no in\u00edcio da noite dessa ter\u00e7a-feira (26\/10\/2021). O condutor do Jeep Renegade seguia em dire\u00e7\u00e3o a Posto da Mata (BA).<\/p>\n\n\n\n<p><em>\u201cEm consulta nos sistemas dispon\u00edveis, constatou-se que o ve\u00edculo estava com um boletim de ocorr\u00eancia de uma locadora, registrado a menos de 4 horas da abordagem, informando que o autom\u00f3vel teria sido adquirido por meio da a\u00e7\u00e3o de estelionat\u00e1rios\u201d,<\/em> diz nota da PRF divulgada nesta quarta-feira (27\/10).<\/p>\n\n\n\n<p>O condutor do ve\u00edculo recebeu voz de pris\u00e3o em flagrante e foi conduzido \u00e0 Delegacia de Pol\u00edcia Civil em Te\u00f3filo Otoni para os procedimentos cab\u00edveis.<\/p>\n\n\n\n<figure class=\"wp-block-gallery columns-1 is-cropped wp-block-gallery-1 is-layout-flex wp-block-gallery-is-layout-flex\"><ul class=\"blocks-gallery-grid\"><li class=\"blocks-gallery-item\"><figure><img loading=\"lazy\" decoding=\"async\" width=\"678\" height=\"394\" src=\"https:\/\/aconteceunovale.com.br\/portal\/wp-content\/uploads\/2021\/10\/veiculo_apreendido_teo.jpeg\" alt=\"\" data-id=\"183290\" data-full-url=\"https:\/\/aconteceunovale.com.br\/portal\/wp-content\/uploads\/2021\/10\/veiculo_apreendido_teo.jpeg\" data-link=\"https:\/\/aconteceunovale.com.br\/portal\/?attachment_id=183290\" class=\"wp-image-183290\" srcset=\"https:\/\/aconteceunovale.com.br\/portal\/wp-content\/uploads\/2021\/10\/veiculo_apreendido_teo.jpeg 678w, https:\/\/aconteceunovale.com.br\/portal\/wp-content\/uploads\/2021\/10\/veiculo_apreendido_teo-300x174.jpeg 300w\" sizes=\"auto, (max-width: 678px) 100vw, 678px\" \/><figcaption class=\"blocks-gallery-item__caption\"><em>Foto: Divulga\u00e7\u00e3o \/ PRF<\/em><\/figcaption><\/figure><\/li><\/ul><\/figure>\n\n\n\n<p>&#8212;&#8212;&#8212;&#8212;&#8212;&#8212;<br><em>Quer receber as not\u00edcias do <strong>Aconteceu no Vale<\/strong> em primeira m\u00e3o? Siga-nos no Facebook <a rel=\"noreferrer noopener\" href=\"http:\/\/facebook.com\/aconteceunovale\" target=\"_blank\">@aconteceunovale<\/a>, Twitter <a rel=\"noreferrer noopener\" href=\"https:\/\/twitter.com\/noticiadosvales\" target=\"_blank\">@noticiadosvales<\/a> e Instagram <a rel=\"noreferrer noopener\" href=\"https:\/\/www.instagram.com\/aconteceunovale\" target=\"_blank\">@aconteceunovale<\/a>.<\/em><\/p>\n","protected":false},"excerpt":{"rendered":"<p>Um ve\u00edculo produto de crime foi apreendido pela Pol\u00edcia Rodovi\u00e1ria Federal (PRF) durante fiscaliza\u00e7\u00e3o no km 279 da BR-116, em Te\u00f3filo Otoni (MG), no in\u00edcio da noite dessa ter\u00e7a-feira (26\/10\/2021). O condutor do Jeep Renegade seguia em dire\u00e7\u00e3o a Posto da Mata (BA). \u201cEm consulta nos sistemas dispon\u00edveis, constatou-se que o ve\u00edculo estava com um [&hellip;]<\/p>\n","protected":false},"author":4,"featured_media":183290,"comment_status":"open","ping_status":"closed","sticky":false,"template":"","format":"standard","meta":{"amp_status":"","footnotes":""},"categories":[122],"tags":[182,253600,253599,1102,253601,187349,164,216132,253598],"class_list":["post-183289","post","type-post","status-publish","format-standard","has-post-thumbnail","hentry","category-mucuri","tag-br-116","tag-jeep-renegade-apreendido-em-teofilo-otoni","tag-jeep-renegade-recuperado-em-teofilo-otoni","tag-joao-monlevade","tag-posto-da-mata","tag-prf-em-teofilo-otoni","tag-teofilo-otoni","tag-veiculo-apreendido-em-teofilo-otoni","tag-veiculo-furtado-de-locadora-e-recuperado-pela-prf-em-teofilo-otoni"],"_links":{"self":[{"href":"https:\/\/aconteceunovale.com.br\/portal\/index.php?rest_route=\/wp\/v2\/posts\/183289","targetHints":{"allow":["GET"]}}],"collection":[{"href":"https:\/\/aconteceunovale.com.br\/portal\/index.php?rest_route=\/wp\/v2\/posts"}],"about":[{"href":"https:\/\/aconteceunovale.com.br\/portal\/index.php?rest_route=\/wp\/v2\/types\/post"}],"author":[{"embeddable":true,"href":"https:\/\/aconteceunovale.com.br\/portal\/index.php?rest_route=\/wp\/v2\/users\/4"}],"replies":[{"embeddable":true,"href":"https:\/\/aconteceunovale.com.br\/portal\/index.php?rest_route=%2Fwp%2Fv2%2Fcomments&post=183289"}],"version-history":[{"count":1,"href":"https:\/\/aconteceunovale.com.br\/portal\/index.php?rest_route=\/wp\/v2\/posts\/183289\/revisions"}],"predecessor-version":[{"id":183291,"href":"https:\/\/aconteceunovale.com.br\/portal\/index.php?rest_route=\/wp\/v2\/posts\/183289\/revisions\/183291"}],"wp:featuredmedia":[{"embeddable":true,"href":"https:\/\/aconteceunovale.com.br\/portal\/index.php?rest_route=\/wp\/v2\/media\/183290"}],"wp:attachment":[{"href":"https:\/\/aconteceunovale.com.br\/portal\/index.php?rest_route=%2Fwp%2Fv2%2Fmedia&parent=183289"}],"wp:term":[{"taxonomy":"category","embeddable":true,"href":"https:\/\/aconteceunovale.com.br\/portal\/index.php?rest_route=%2Fwp%2Fv2%2Fcategories&post=183289"},{"taxonomy":"post_tag","embeddable":true,"href":"https:\/\/aconteceunovale.com.br\/portal\/index.php?rest_route=%2Fwp%2Fv2%2Ftags&post=183289"}],"curies":[{"name":"wp","href":"https:\/\/api.w.org\/{rel}","templated":true}]}}