{"id":183286,"date":"2021-10-27T20:23:18","date_gmt":"2021-10-27T23:23:18","guid":{"rendered":"https:\/\/aconteceunovale.com.br\/portal\/?p=183286"},"modified":"2021-10-27T20:23:55","modified_gmt":"2021-10-27T23:23:55","slug":"lideres-de-organizacao-criminosa-presos-no-paraguai-sao-transferidos-para-montes-claros","status":"publish","type":"post","link":"https:\/\/aconteceunovale.com.br\/portal\/?p=183286","title":{"rendered":"L\u00edderes de organiza\u00e7\u00e3o criminosa presos no Paraguai s\u00e3o transferidos para Montes Claros"},"content":{"rendered":"\n<p>A Pol\u00edcia Civil de Minas Gerais (PCMG) promoveu, na tarde desta quarta-feira (27\/10\/2021), o recambiamento de dois homens, de 22 e 27 anos, presos no \u00faltimo s\u00e1bado (23\/10), em Pedro Juan Caballero, cidade paraguaia que faz fronteira com Ponta Por\u00e3, no Mato Grosso do Sul. A dupla \u00e9 investigada por tr\u00e1fico de drogas e homic\u00eddio praticados em Montes Claros, Norte de Minas. Ao todo, sete pessoas foram autuadas em flagrante depois que oficiais do Paraguai encontraram armas e muni\u00e7\u00f5es em poder deles. Os outros cinco presos permanecem naquele pa\u00eds.<\/p>\n\n\n\n<figure class=\"wp-block-gallery columns-1 is-cropped wp-block-gallery-1 is-layout-flex wp-block-gallery-is-layout-flex\"><ul class=\"blocks-gallery-grid\"><li class=\"blocks-gallery-item\"><figure><img loading=\"lazy\" decoding=\"async\" width=\"678\" height=\"427\" src=\"https:\/\/aconteceunovale.com.br\/portal\/wp-content\/uploads\/2021\/10\/transferencia_moc.jpg\" alt=\"\" data-id=\"183287\" data-full-url=\"https:\/\/aconteceunovale.com.br\/portal\/wp-content\/uploads\/2021\/10\/transferencia_moc.jpg\" data-link=\"https:\/\/aconteceunovale.com.br\/portal\/?attachment_id=183287\" class=\"wp-image-183287\" srcset=\"https:\/\/aconteceunovale.com.br\/portal\/wp-content\/uploads\/2021\/10\/transferencia_moc.jpg 678w, https:\/\/aconteceunovale.com.br\/portal\/wp-content\/uploads\/2021\/10\/transferencia_moc-300x189.jpg 300w, https:\/\/aconteceunovale.com.br\/portal\/wp-content\/uploads\/2021\/10\/transferencia_moc-667x420.jpg 667w\" sizes=\"auto, (max-width: 678px) 100vw, 678px\" \/><figcaption class=\"blocks-gallery-item__caption\"><em>Foto: Divulga\u00e7\u00e3o\/PCMG<\/em><\/figcaption><\/figure><\/li><\/ul><\/figure>\n\n\n\n<p>O trabalho de transfer\u00eancia dos suspeitos contou com intenso esquema de seguran\u00e7a preparado pela PCMG. Os policiais decolaram de Montes Claros, Norte de Minas, hoje pela manh\u00e3, em aeronave da Pol\u00edcia Militar de Minas Gerais (PMMG), com destino ao Paran\u00e1, onde os presos ficaram sob cust\u00f3dia do Departamento Penitenci\u00e1rio daquele estado, ap\u00f3s serem recambiados pela Pol\u00edcia Nacional do Paraguai. \u00c0s 14h40, o avi\u00e3o aterrissou no Aeroporto M\u00e1rio Ribeiro, em solo mineiro. No local, seis viaturas aguardavam para escoltar a dupla at\u00e9 o pr\u00e9dio da 11\u00aa Regi\u00e3o Integrada de Seguran\u00e7a P\u00fablica.<\/p>\n\n\n\n<p>Em desfavor dos investigados, foram formalizados dois mandados de pris\u00e3o por incid\u00eancia em crimes de homic\u00eddio e tr\u00e1fico de drogas. Os homens s\u00e3o investigados em dois homic\u00eddios consumados e cinco tentativas, ocorridos neste m\u00eas, em Montes Claros, ap\u00f3s os investigados ordenarem a execu\u00e7\u00e3o dos crimes. Eles tamb\u00e9m atuam na organiza\u00e7\u00e3o e no envio de drogas e armas do Paraguai para o munic\u00edpio do Norte de Minas, e, ainda, s\u00e3o respons\u00e1veis por comandar o tr\u00e1fico na regi\u00e3o.<\/p>\n\n\n\n<p>Dentre os materiais apreendidos na opera\u00e7\u00e3o, realizada no fim de semana, foram contabilizados dois fuzis do tipo AK-47 e seis carregadores; um fuzil do tipo M4 com dois carregadores; in\u00fameras muni\u00e7\u00f5es; uma pistola com dois carregadores; celulares; equipamentos de radiocomunica\u00e7\u00e3o; carros; e dinheiro.<\/p>\n\n\n\n<p>Os suspeitos encontram-se \u00e0 disposi\u00e7\u00e3o da Justi\u00e7a no sistema prisional mineiro.<\/p>\n\n\n\n<p>&#8212;&#8212;&#8212;&#8212;&#8212;&#8212;<br><em>Quer receber as not\u00edcias do <strong>Aconteceu no Vale<\/strong> em primeira m\u00e3o? Siga-nos no Facebook <a rel=\"noreferrer noopener\" href=\"http:\/\/facebook.com\/aconteceunovale\" target=\"_blank\">@aconteceunovale<\/a>, Twitter <a rel=\"noreferrer noopener\" href=\"https:\/\/twitter.com\/noticiadosvales\" target=\"_blank\">@noticiadosvales<\/a> e Instagram <a rel=\"noreferrer noopener\" href=\"https:\/\/www.instagram.com\/aconteceunovale\" target=\"_blank\">@aconteceunovale<\/a>.<\/em><\/p>\n","protected":false},"excerpt":{"rendered":"<p>A Pol\u00edcia Civil de Minas Gerais (PCMG) promoveu, na tarde desta quarta-feira (27\/10\/2021), o recambiamento de dois homens, de 22 e 27 anos, presos no \u00faltimo s\u00e1bado (23\/10), em Pedro Juan Caballero, cidade paraguaia que faz fronteira com Ponta Por\u00e3, no Mato Grosso do Sul. A dupla \u00e9 investigada por tr\u00e1fico de drogas e homic\u00eddio [&hellip;]<\/p>\n","protected":false},"author":4,"featured_media":183287,"comment_status":"open","ping_status":"closed","sticky":false,"template":"","format":"standard","meta":{"amp_status":"","footnotes":""},"categories":[6,28848,1236],"tags":[10950,4785,253468,253466,139739,215846,211415,253465,253596,253597,253455,253464,253469,253458,16735,604,20966,44644,253463,253462,253467,253459,253461,253471,253457,253470,253456,253460],"class_list":["post-183286","post","type-post","status-publish","format-standard","has-post-thumbnail","hentry","category-br","category-mundo","category-norte_de_minas","tag-argentina","tag-brasil","tag-brasileiros-presos-em-pedro-juan-caballero","tag-delegacia-especializada-antidrogas-em-montes-claros","tag-delegado-alberto-tenorio","tag-delegado-herivelton-ruas-santana","tag-delegado-jurandir-rodrigues","tag-lideres-de-organizacao-criminosa-de-montes-claros-sao-presos-no-paraguai","tag-lideres-de-organizacao-criminosa-presos-no-paraguai-sao-transferidos-para-montes-claros","tag-lideres-de-organizacao-criminosa-presos-no-paraguai-sao-transferidos-para-o-norte-de-minas","tag-lideres-de-organizacao-criminosa-que-importava-drogas-para-o-norte-de-minas-sao-presos-no-paraguai","tag-lideres-de-quadrilha-de-montes-claros-sao-presos-no-paraguai","tag-montes-clarenses-presos-em-pedro-juan-caballero","tag-montes-clarenses-presos-no-paraguai","tag-paraguai","tag-pcmg","tag-pf","tag-policia-civil-de-minas-gerais","tag-policia-federal-brasileira","tag-policia-nacional-do-paraguai","tag-presos-em-pedro-juan-caballero","tag-presos-no-paraguai","tag-presos-por-importar-drogas-para-montes-claros","tag-regional-em-montes-claros","tag-traficantes-de-montes-claros-presos-no-paraguai","tag-traficantes-presos-em-pedro-juan-caballero","tag-traficantes-presos-no-paraguai","tag-trafico-internacional-de-drogas-para-montes-claros"],"_links":{"self":[{"href":"https:\/\/aconteceunovale.com.br\/portal\/index.php?rest_route=\/wp\/v2\/posts\/183286","targetHints":{"allow":["GET"]}}],"collection":[{"href":"https:\/\/aconteceunovale.com.br\/portal\/index.php?rest_route=\/wp\/v2\/posts"}],"about":[{"href":"https:\/\/aconteceunovale.com.br\/portal\/index.php?rest_route=\/wp\/v2\/types\/post"}],"author":[{"embeddable":true,"href":"https:\/\/aconteceunovale.com.br\/portal\/index.php?rest_route=\/wp\/v2\/users\/4"}],"replies":[{"embeddable":true,"href":"https:\/\/aconteceunovale.com.br\/portal\/index.php?rest_route=%2Fwp%2Fv2%2Fcomments&post=183286"}],"version-history":[{"count":1,"href":"https:\/\/aconteceunovale.com.br\/portal\/index.php?rest_route=\/wp\/v2\/posts\/183286\/revisions"}],"predecessor-version":[{"id":183288,"href":"https:\/\/aconteceunovale.com.br\/portal\/index.php?rest_route=\/wp\/v2\/posts\/183286\/revisions\/183288"}],"wp:featuredmedia":[{"embeddable":true,"href":"https:\/\/aconteceunovale.com.br\/portal\/index.php?rest_route=\/wp\/v2\/media\/183287"}],"wp:attachment":[{"href":"https:\/\/aconteceunovale.com.br\/portal\/index.php?rest_route=%2Fwp%2Fv2%2Fmedia&parent=183286"}],"wp:term":[{"taxonomy":"category","embeddable":true,"href":"https:\/\/aconteceunovale.com.br\/portal\/index.php?rest_route=%2Fwp%2Fv2%2Fcategories&post=183286"},{"taxonomy":"post_tag","embeddable":true,"href":"https:\/\/aconteceunovale.com.br\/portal\/index.php?rest_route=%2Fwp%2Fv2%2Ftags&post=183286"}],"curies":[{"name":"wp","href":"https:\/\/api.w.org\/{rel}","templated":true}]}}