{"id":183283,"date":"2021-10-27T20:17:12","date_gmt":"2021-10-27T23:17:12","guid":{"rendered":"https:\/\/aconteceunovale.com.br\/portal\/?p=183283"},"modified":"2021-10-27T20:17:46","modified_gmt":"2021-10-27T23:17:46","slug":"homem-e-preso-suspeito-de-agredir-a-companheira-gravida-em-varzea-da-palma","status":"publish","type":"post","link":"https:\/\/aconteceunovale.com.br\/portal\/?p=183283","title":{"rendered":"Homem \u00e9 preso suspeito de agredir a companheira gr\u00e1vida em V\u00e1rzea da Palma"},"content":{"rendered":"\n<p>Um homem de 28 anos foi preso em flagrante pela Pol\u00edcia Civil de Minas Gerais (PCMG) depois de agredir a companheira, de 30, gr\u00e1vida de quatro meses. A a\u00e7\u00e3o policial foi realizada nessa ter\u00e7a-feira (26\/10\/2021), em V\u00e1rzea da Palma, na regi\u00e3o Norte do Estado.<\/p>\n\n\n\n<p>Conforme relatos da v\u00edtima aos policiais civis, o homem a teria agredido com mordidas, murros e tapas, e ainda utilizou um fio e uma tesoura para machuc\u00e1-la. Mesmo com a mulher apresentando v\u00e1rios ferimentos pelo corpo, o investigado negou o crime.<\/p>\n\n\n\n<p>O suspeito, que j\u00e1 possui outras ocorr\u00eancias por agress\u00e3o, foi conduzido ao Sistema Prisional e est\u00e1 \u00e0 disposi\u00e7\u00e3o da Justi\u00e7a.<\/p>\n\n\n\n<figure class=\"wp-block-gallery columns-1 is-cropped wp-block-gallery-1 is-layout-flex wp-block-gallery-is-layout-flex\"><ul class=\"blocks-gallery-grid\"><li class=\"blocks-gallery-item\"><figure><img loading=\"lazy\" decoding=\"async\" width=\"678\" height=\"447\" src=\"https:\/\/aconteceunovale.com.br\/portal\/wp-content\/uploads\/2021\/10\/pcmg_varzea-da-palma.jpg\" alt=\"\" data-id=\"183284\" data-full-url=\"https:\/\/aconteceunovale.com.br\/portal\/wp-content\/uploads\/2021\/10\/pcmg_varzea-da-palma.jpg\" data-link=\"https:\/\/aconteceunovale.com.br\/portal\/?attachment_id=183284\" class=\"wp-image-183284\" srcset=\"https:\/\/aconteceunovale.com.br\/portal\/wp-content\/uploads\/2021\/10\/pcmg_varzea-da-palma.jpg 678w, https:\/\/aconteceunovale.com.br\/portal\/wp-content\/uploads\/2021\/10\/pcmg_varzea-da-palma-300x198.jpg 300w, https:\/\/aconteceunovale.com.br\/portal\/wp-content\/uploads\/2021\/10\/pcmg_varzea-da-palma-637x420.jpg 637w\" sizes=\"auto, (max-width: 678px) 100vw, 678px\" \/><figcaption class=\"blocks-gallery-item__caption\"><em>Delegacia de V\u00e1rzea da Palma &#8211; Foto: Divulga\u00e7\u00e3o\/PCMG<\/em><\/figcaption><\/figure><\/li><\/ul><\/figure>\n\n\n\n<p>&#8212;&#8212;&#8212;&#8212;&#8212;&#8212;<br><em>Quer receber as not\u00edcias do <strong>Aconteceu no Vale<\/strong> em primeira m\u00e3o? Siga-nos no Facebook <a rel=\"noreferrer noopener\" href=\"http:\/\/facebook.com\/aconteceunovale\" target=\"_blank\">@aconteceunovale<\/a>, Twitter <a rel=\"noreferrer noopener\" href=\"https:\/\/twitter.com\/noticiadosvales\" target=\"_blank\">@noticiadosvales<\/a> e Instagram <a rel=\"noreferrer noopener\" href=\"https:\/\/www.instagram.com\/aconteceunovale\" target=\"_blank\">@aconteceunovale<\/a>.<\/em><\/p>\n","protected":false},"excerpt":{"rendered":"<p>Um homem de 28 anos foi preso em flagrante pela Pol\u00edcia Civil de Minas Gerais (PCMG) depois de agredir a companheira, de 30, gr\u00e1vida de quatro meses. A a\u00e7\u00e3o policial foi realizada nessa ter\u00e7a-feira (26\/10\/2021), em V\u00e1rzea da Palma, na regi\u00e3o Norte do Estado. Conforme relatos da v\u00edtima aos policiais civis, o homem a teria [&hellip;]<\/p>\n","protected":false},"author":4,"featured_media":183284,"comment_status":"open","ping_status":"closed","sticky":false,"template":"","format":"standard","meta":{"amp_status":"","footnotes":""},"categories":[1236],"tags":[253595,253592,72854,253594,229309,72855,253593,1340],"class_list":["post-183283","post","type-post","status-publish","format-standard","has-post-thumbnail","hentry","category-norte_de_minas","tag-gravida-agredida-em-varzea-da-palma","tag-homem-e-preso-suspeito-de-agredir-a-companheira-gravida-em-varzea-da-palma","tag-homem-preso-em-varzea-da-palma","tag-mulher-agredida-em-varzea-da-palma","tag-pcmg-em-varzea-da-palma","tag-preso-em-varzea-da-palma","tag-preso-por-agredir-mulher-em-varzea-da-palma","tag-varzea-da-palma"],"_links":{"self":[{"href":"https:\/\/aconteceunovale.com.br\/portal\/index.php?rest_route=\/wp\/v2\/posts\/183283","targetHints":{"allow":["GET"]}}],"collection":[{"href":"https:\/\/aconteceunovale.com.br\/portal\/index.php?rest_route=\/wp\/v2\/posts"}],"about":[{"href":"https:\/\/aconteceunovale.com.br\/portal\/index.php?rest_route=\/wp\/v2\/types\/post"}],"author":[{"embeddable":true,"href":"https:\/\/aconteceunovale.com.br\/portal\/index.php?rest_route=\/wp\/v2\/users\/4"}],"replies":[{"embeddable":true,"href":"https:\/\/aconteceunovale.com.br\/portal\/index.php?rest_route=%2Fwp%2Fv2%2Fcomments&post=183283"}],"version-history":[{"count":1,"href":"https:\/\/aconteceunovale.com.br\/portal\/index.php?rest_route=\/wp\/v2\/posts\/183283\/revisions"}],"predecessor-version":[{"id":183285,"href":"https:\/\/aconteceunovale.com.br\/portal\/index.php?rest_route=\/wp\/v2\/posts\/183283\/revisions\/183285"}],"wp:featuredmedia":[{"embeddable":true,"href":"https:\/\/aconteceunovale.com.br\/portal\/index.php?rest_route=\/wp\/v2\/media\/183284"}],"wp:attachment":[{"href":"https:\/\/aconteceunovale.com.br\/portal\/index.php?rest_route=%2Fwp%2Fv2%2Fmedia&parent=183283"}],"wp:term":[{"taxonomy":"category","embeddable":true,"href":"https:\/\/aconteceunovale.com.br\/portal\/index.php?rest_route=%2Fwp%2Fv2%2Fcategories&post=183283"},{"taxonomy":"post_tag","embeddable":true,"href":"https:\/\/aconteceunovale.com.br\/portal\/index.php?rest_route=%2Fwp%2Fv2%2Ftags&post=183283"}],"curies":[{"name":"wp","href":"https:\/\/api.w.org\/{rel}","templated":true}]}}