{"id":183275,"date":"2021-10-27T10:43:34","date_gmt":"2021-10-27T13:43:34","guid":{"rendered":"https:\/\/aconteceunovale.com.br\/portal\/?p=183275"},"modified":"2021-10-27T10:44:12","modified_gmt":"2021-10-27T13:44:12","slug":"cpi-da-pandemia-aprova-relatorio-final-e-pede-80-indiciamentos","status":"publish","type":"post","link":"https:\/\/aconteceunovale.com.br\/portal\/?p=183275","title":{"rendered":"CPI da Pandemia aprova relat\u00f3rio final e pede 80 indiciamentos"},"content":{"rendered":"\n<p>Depois de um dia todo de debates, os senadores aprovaram nesta ter\u00e7a-feira (26) o relat\u00f3rio final da Comiss\u00e3o Parlamentar de Inqu\u00e9rito (CPI) da Pandemia, elaborado pelo senador Renan Calheiros (MDB-AL), por 7 votos a 4.\u00a0<img decoding=\"async\" src=\"https:\/\/agenciabrasil.ebc.com.br\/ebc.png?id=1425719&amp;o=node\"><img decoding=\"async\" src=\"https:\/\/agenciabrasil.ebc.com.br\/ebc.gif?id=1425719&amp;o=node\"><\/p>\n\n\n\n<figure class=\"wp-block-gallery columns-1 is-cropped wp-block-gallery-1 is-layout-flex wp-block-gallery-is-layout-flex\"><ul class=\"blocks-gallery-grid\"><li class=\"blocks-gallery-item\"><figure><img loading=\"lazy\" decoding=\"async\" width=\"754\" height=\"503\" src=\"https:\/\/aconteceunovale.com.br\/portal\/wp-content\/uploads\/2021\/10\/relatorio_cpi_final.jpg\" alt=\"\" data-id=\"183276\" data-full-url=\"https:\/\/aconteceunovale.com.br\/portal\/wp-content\/uploads\/2021\/10\/relatorio_cpi_final.jpg\" data-link=\"https:\/\/aconteceunovale.com.br\/portal\/?attachment_id=183276\" class=\"wp-image-183276\" srcset=\"https:\/\/aconteceunovale.com.br\/portal\/wp-content\/uploads\/2021\/10\/relatorio_cpi_final.jpg 754w, https:\/\/aconteceunovale.com.br\/portal\/wp-content\/uploads\/2021\/10\/relatorio_cpi_final-300x200.jpg 300w, https:\/\/aconteceunovale.com.br\/portal\/wp-content\/uploads\/2021\/10\/relatorio_cpi_final-696x464.jpg 696w, https:\/\/aconteceunovale.com.br\/portal\/wp-content\/uploads\/2021\/10\/relatorio_cpi_final-630x420.jpg 630w\" sizes=\"auto, (max-width: 754px) 100vw, 754px\" \/><figcaption class=\"blocks-gallery-item__caption\"><em>Foto: Marcelo Camargo\/Ag\u00eancia Brasil<\/em><\/figcaption><\/figure><\/li><\/ul><\/figure>\n\n\n\n<p>Um dos principais pontos do documento de 1.299 p\u00e1ginas sugere o indiciamento do presidente Jair Bolsonaro por nove crimes que v\u00e3o desde delitos comuns, previstos no C\u00f3digo Penal; a crimes de responsabilidade, conforme a Lei de&nbsp;<em>Impeachment<\/em>. H\u00e1 tamb\u00e9m cita\u00e7\u00e3o de crimes contra a humanidade, de acordo com o Estatuto de Roma, do Tribunal Penal Internacional (TPI), em Haia.<\/p>\n\n\n\n<p>Al\u00e9m do presidente da Rep\u00fablica, mais 77&nbsp;pessoas, entre elas tr\u00eas filhos do presidente, ministros, ex-ministros, deputados federais, m\u00e9dicos e empres\u00e1rios est\u00e3o na lista. H\u00e1 ainda duas empresas: a Precisa Medicamentos e a VTCLog. Com isso, s\u00e3o 80 pedidos de indiciamento no relat\u00f3rio, no total.<\/p>\n\n\n\n<p>De acordo com o presidente da CPI, senador Omar Aziz (PSD-AM), o relat\u00f3rio ser\u00e1 entregue pessoalmente ao procurador-geral da Rep\u00fablica, Augusto Aras, nesta quarta-feira (27), \u00e0s 10h.&nbsp;<\/p>\n\n\n\n<p><strong>Como votaram os membros da CPI:<\/strong><\/p>\n\n\n\n<p>Favor\u00e1veis ao relat\u00f3rio: Eduardo Braga (MDB-AM), Renan Calheiros (MDB-AL), Tasso Jereissati (PSDB-CE), Otto Alencar (PSD-BA), Humberto Costa (PT-PE), Randolfe Rodrigues (Rede-AP) e Omar Aziz (PSD-AM).<\/p>\n\n\n\n<p>Contr\u00e1rios: Luis Carlos Heinze (PP-RS), Eduardo Gir\u00e3o (Podemos-CE), Marcos Rog\u00e9rio (DEM-RO) e Jorginho Melo (PL-SC).<\/p>\n\n\n\n<h2 class=\"wp-block-heading\">Exclus\u00e3o&nbsp;<\/h2>\n\n\n\n<p>O nome do senador Luis Carlos Heinze (PP-RS)\u00a0chegou a ser inclu\u00eddo na lista de indiciados\u00a0do relat\u00f3rio final da comiss\u00e3o a pedido do senador Alessandro Vieira (Cidadania-SE). No entanto, o pr\u00f3prio parlamentar solicitou ao relator Renan Calheiros a retirada do nome de Heinze.<\/p>\n\n\n\n<p>A decis\u00e3o de excluir o nome ocorreu ap\u00f3s o presidente do Senado, Rodrigo Pacheco (DEM-MG), afirmar, por meio de nota, que os senadores reavaliassem a proposta de indiciamento, o que considerou um \u201cexcesso\u201d.&nbsp;<\/p>\n\n\n\n<p>Para o senador Alessandro Vieira, prevaleceu o entendimento de que o senador tem imunidade parlamentar ao se manifestar na CPI. Durante os trabalhos da CPI, \u00a0Heinze defendeu o uso de medicamentos ineficazes para o tratamento da covid-19, al\u00e9m de divulgar estudos sem base cient\u00edfica.<\/p>\n\n\n\n<h2 class=\"wp-block-heading\">Consequ\u00eancias<\/h2>\n\n\n\n<p>Sob protestos de senadores da base governista, no parecer aprovado hoje, Renan tamb\u00e9m detalha o atraso na aquisi\u00e7\u00e3o de vacinas contra o coronav\u00edrus e a demora na resposta do governo brasileiro \u00e0 Pfizer e ao Instituto Butantan, que em 2020 ofereceram doses de imunizantes ao Programa Nacional de Imuniza\u00e7\u00e3o.<\/p>\n\n\n\n<p>O texto destaca ainda as repercuss\u00f5es das poss\u00edveis irregularidades em empresas que negociaram vacinas e a aquisi\u00e7\u00e3o mais c\u00e9lere de imunizantes como consequ\u00eancia dos trabalhos da comiss\u00e3o de inqu\u00e9rito. Entre os pontos positivos destacados por Renan est\u00e1 ainda a abertura de uma CPI espec\u00edfica sobre a Prevent Senior na C\u00e2mara Municipal de S\u00e3o Paulo. &nbsp;Entre as v\u00e1rias den\u00fancias, a operadora de sa\u00fade \u00e9 acusada de obrigar m\u00e9dicos a prescreverem medicamentos comprovadamente ineficazes para tratamento da covid-19 a seus pacientes.&nbsp;<\/p>\n\n\n\n<h2 class=\"wp-block-heading\">Pr\u00f3ximos passos<\/h2>\n\n\n\n<p>Por ser um tribunal pol\u00edtico, uma comiss\u00e3o parlamentar de inqu\u00e9rito n\u00e3o pode por si punir qualquer cidad\u00e3o. Na pr\u00e1tica, ao final dos trabalhos a CPI pode recomendar indiciamentos, por\u00e9m o aprofundamento das investiga\u00e7\u00f5es e o eventual oferecimento de den\u00fancia dependem de outras institui\u00e7\u00f5es. Apesar da vota\u00e7\u00e3o do relat\u00f3rio marcar o fim dos trabalhos da comiss\u00e3o, a c\u00fapula da CPI garante que pretende acompanhar de perto os desdobramentos do que foi apurado pelo colegiado.<\/p>\n\n\n\n<p>O vice-presidente da CPI, senador Randolfe Rodrigues (Rede-AP), disse que a an\u00e1lise de crimes imputados ao presidente da Rep\u00fablica, Jair Bolsonaro, cabe ao procurador-geral da Rep\u00fablica, Augusto Aras. Nesse sentido, ele reafirmou hoje que espera que Aras &#8220;cumpra seu papel&#8221; e d\u00ea encaminhamento \u00e0s conclus\u00f5es do relat\u00f3rio final. Rodrigues avaliou ainda que no caso de omiss\u00e3o do PGR ou, ainda, do Minist\u00e9rio P\u00fablico, em rela\u00e7\u00e3o a outros indiciados, a legisla\u00e7\u00e3o brasileira sinaliza outros caminhos. Um deles seria levar o documento diretamente ao Supremo Tribunal Federal (STF), por meio de a\u00e7\u00e3o penal subsidi\u00e1ria da p\u00fablica.&nbsp;<\/p>\n\n\n\n<p>\u201cIremos acompanhar as consequ\u00eancias desse relat\u00f3rio e vamos exigir que as responsabilidades sejam apuradas&#8221;, disse Randolfe. &#8220;No caso da a\u00e7\u00e3o penal subsidi\u00e1ria da p\u00fablica, e isso s\u00f3 pode ocorrer em caso de omiss\u00e3o por parte do Minist\u00e9rio P\u00fablico, ele ser\u00e1 levado diretamente ao STF&#8221;.<\/p>\n\n\n\n<p>No caso de deputados federais cabe ao presidente da C\u00e2mara, Arthur Lira (PP-AL), abrir um processo por crime de responsabilidade. J\u00e1 para denunciados por crime contra a humanidade, o andamento depende do Tribunal Penal Internacional. O vice-presidente da CPI confirmou que a partir desta quarta-feira\u00a0come\u00e7ar\u00e1 uma &#8220;agenda de entregas&#8221; do relat\u00f3rio. O presidente do Senado, Rodrigo Pacheco (sem partido-MG), e Aras ser\u00e3o os primeiros a receberem o texto.<\/p>\n\n\n\n<h2 class=\"wp-block-heading\">Veja a lista de pedidos de&nbsp;indiciamento feitos pela CPI<\/h2>\n\n\n\n<ol class=\"wp-block-list\"><li>Jair Bolsonaro;<\/li><li>Eduardo Pazuello;<\/li><li>Marcelo Queiroga;<\/li><li>Onyx Lorenzoni;<\/li><li>Ernesto Ara\u00fajo;<\/li><li>Wagner Ros\u00e1rio;<\/li><li>\u00c9lcio Franco;<\/li><li>Mayra Pinheiro;<\/li><li>Roberto Dias;<\/li><li>Cristiano Carvalho;<\/li><li>Luiz Dominghetti;<\/li><li>Rafael Francisco Carmo Alves;<\/li><li>Jos\u00e9 Odilon Torres Silveira Junior;<\/li><li>Marcelo Blanco;<\/li><li>Emanuela Medrades;<\/li><li>T\u00falio Silveira;<\/li><li>Airton Antonio Soligo;<\/li><li>Frncisco Maximiano;<\/li><li>Danilo Trento;<\/li><li>Marcos Tolentino;<\/li><li>Ricardo Barros;<\/li><li>Fl\u00e1vio Bolsonaro;<\/li><li>Eduardo Bolsonaro;<\/li><li>Bia Kicis;<\/li><li>Carla Zambelli;<\/li><li>Carlos Bolsonaro;<\/li><li>Osmar Terra;<\/li><li>Fabio Wajngarten;<\/li><li>Nise Yamaguchi;<\/li><li>Arthur Weintraub;<\/li><li>Carlos Wizard;<\/li><li>Paolo Zanotto;<\/li><li>Ant\u00f4nio Jord\u00e3o de Oliveira Neto;<\/li><li>Luciano Dias Azevedo;<\/li><li>Mauro Luiz de Brito Ribeiro;<\/li><li>Walter Braga Netto;<\/li><li>Allan dos Santos;<\/li><li>Paulo de Oliveira Eneas;<\/li><li>Luciano Hang;<\/li><li>Ot\u00e1vio Fakhoury;<\/li><li>Bernardo Kuster;<\/li><li>Oswaldo Eust\u00e1quio;<\/li><li>Richards Pozzer;<\/li><li>Leandro Ruschel;<\/li><li>Carlos Jordy;<\/li><li>Filipe Martins;<\/li><li>T\u00e9cio Tomaz;<\/li><li>Roberto Goidanich;<\/li><li>Roberto Jefferson;<\/li><li>H\u00e9lcio Bruno de Almeida;<\/li><li>Raimundo Nonato Brasil;<\/li><li>Andreia da Silva Lima;<\/li><li>Carlos Alberto de S\u00e1;<\/li><li>Teresa Cristina Reis de S\u00e1;<\/li><li>Jos\u00e9 Ricardo Santana;<\/li><li>Maconny Nunes Ribeiro Albernaz de Faria;<\/li><li>Daniella de Aguiar Moreira da Silva;<\/li><li>Pedro Benedito Batista Junior;<\/li><li>Paola Werneck;<\/li><li>Carla Guerra;<\/li><li>Rodrigo Esper;<\/li><li>Fernando Oikawa;<\/li><li>Daniel Garrido Baena;<\/li><li>Jo\u00e3o Paulo Barros;<\/li><li>Fernanda de Oliveira Igarashi;<\/li><li>Fernando Parrillo;<\/li><li>Eduardo Parrillo;<\/li><li>Flavio Cadegiani;<\/li><li>Heitor de Freire Abreu;<\/li><li>Marcelo Bento Pires;<\/li><li>Alex Lial Marinho;<\/li><li>Thiago Fernandes da Costa;<\/li><li>Regina C\u00e9lia de Oliveira;<\/li><li>H\u00e9lio Angotti Netto;<\/li><li>Jos\u00e9 Alves Filho;<\/li><li>Amilton Gomes de Paula;<\/li><li>Wilson Lima;<\/li><li>Marcellus Camp\u00ealo;<\/li><li>Precisa Medicamentos;<\/li><li>VTCLog<\/li><\/ol>\n\n\n\n<p>&#8212;&#8212;&#8212;&#8212;&#8212;&#8212;<br><em>Quer receber as not\u00edcias do <strong>Aconteceu no Vale<\/strong> em primeira m\u00e3o? Siga-nos no Facebook <a rel=\"noreferrer noopener\" href=\"http:\/\/facebook.com\/aconteceunovale\" target=\"_blank\">@aconteceunovale<\/a>, Twitter <a rel=\"noreferrer noopener\" href=\"https:\/\/twitter.com\/noticiadosvales\" target=\"_blank\">@noticiadosvales<\/a> e Instagram <a rel=\"noreferrer noopener\" href=\"https:\/\/www.instagram.com\/aconteceunovale\" target=\"_blank\">@aconteceunovale<\/a>.<\/em><\/p>\n","protected":false},"excerpt":{"rendered":"<p>Depois de um dia todo de debates, os senadores aprovaram nesta ter\u00e7a-feira (26) o relat\u00f3rio final da Comiss\u00e3o Parlamentar de Inqu\u00e9rito (CPI) da Pandemia, elaborado pelo senador Renan Calheiros (MDB-AL), por 7 votos a 4.\u00a0 Um dos principais pontos do documento de 1.299 p\u00e1ginas sugere o indiciamento do presidente Jair Bolsonaro por nove crimes que [&hellip;]<\/p>\n","protected":false},"author":4,"featured_media":183276,"comment_status":"open","ping_status":"closed","sticky":false,"template":"","format":"standard","meta":{"amp_status":"","footnotes":""},"categories":[6,40240],"tags":[253244,223792,253267,253236,253251,253258,253248,100375,253275,201905,253268,184408,253262,253252,243061,242518,253574,253238,253278,253272,253246,1018,181716,253282,221803,253242,253284,186185,253249,253263,253280,253277,253281,253283,184407,253245,253231,26436,169460,253279,253240,253270,253261,253229,253254,244820,253235,253241,239762,253271,253247,253255,253237,253250,253232,243292,184434,93875,253259,253257,253274,253253,253256,253273,253285,253239,253266,28594,93878,253260,247675,253265,249598,253234,253276,93812,130750,253264,253269,253243,253230,253286,253233,226694],"class_list":["post-183275","post","type-post","status-publish","format-standard","has-post-thumbnail","hentry","category-br","category-politica-2","tag-airton-soligo","tag-allan-dos-santos","tag-andreia-da-silva-lima","tag-antonio-elcio-franco-filho","tag-arthur-weintraub","tag-bernardo-kuster","tag-bia-kicis","tag-bolsonaro","tag-carla-guerra","tag-carla-zambelli","tag-carlos-alberto-de-sa","tag-carlos-bolsonaro","tag-carlos-jordy","tag-carlos-wizard-martins","tag-cpi-da-covid","tag-cpi-da-pandemia","tag-cpi-da-pandemia-aprova-relatorio-final-e-pede-80-indiciamentos","tag-cristiano-alberto-hossri-carvalho","tag-daniel-garrido-baena","tag-daniella-de-aguiar-moreira-da-silva","tag-danilo-trento","tag-destaque","tag-eduardo-bolsonaro","tag-eduardo-parrillo","tag-eduardo-pazuello","tag-emanuela-medrades","tag-emaruel-catori","tag-ernesto-araujo","tag-fabio-wajngarten","tag-felipe-g-martins","tag-fernanda-de-oliveira-igarashi","tag-fernando-oikawa","tag-fernando-parrillo","tag-flavia-adsuara-cadegiani","tag-flavio-bolsonaro","tag-francisco-maximiano","tag-indiciados-pela-cpi-da-covid","tag-jair-bolsonaro","tag-jair-messias-bolsonaro","tag-joao-paulo-f-barros","tag-jose-odilon-torres-da-silveira-junior","tag-jose-ricardo-santana","tag-leandro-ruschel","tag-lista-de-indiciados-pela-cpi-da-covid","tag-luciano-dias-azevedo","tag-luciano-hang","tag-marcelo-augusto-zavier-da-silva","tag-marcelo-blanco-da-costa","tag-marcelo-queiroga","tag-marconny-albernaz-de-faria","tag-marcos-tolentino","tag-mauro-luiz-de-brito-ribeiro","tag-mayra-isabel-correia-pinheiro","tag-nise-yamaguchi","tag-nomes-dos-indiciados-pela-cpi-da-covid","tag-omar-aziz","tag-onyx-lorenzoni","tag-osmar-terra","tag-oswaldo-eustaquio","tag-otavio-oscar-fakhoury","tag-paola-werneck","tag-paolo-marinho-de-andrade-zanotto","tag-paulo-eneas","tag-pedro-batista-junior","tag-precisa-medicamentos","tag-rafel-francisco-carmo-alves","tag-raimundo-nonato-brasil","tag-renan-calheiros","tag-ricardo-barros","tag-richards-pozzer","tag-roberto-ferreira-dias","tag-roberto-goidanich","tag-roberto-jefferson","tag-robson-santos-da-silva","tag-rodrigo-esper","tag-senado-federal","tag-silas-malafaia","tag-tecio-arnaud-tomaz","tag-teresa-cristina-reis-de-sa","tag-tulio-silveira","tag-veja-a-lista-de-indiciados-pela-cpi-da-covid","tag-vtclog","tag-wagner-rosario","tag-walter-braga-netto"],"_links":{"self":[{"href":"https:\/\/aconteceunovale.com.br\/portal\/index.php?rest_route=\/wp\/v2\/posts\/183275","targetHints":{"allow":["GET"]}}],"collection":[{"href":"https:\/\/aconteceunovale.com.br\/portal\/index.php?rest_route=\/wp\/v2\/posts"}],"about":[{"href":"https:\/\/aconteceunovale.com.br\/portal\/index.php?rest_route=\/wp\/v2\/types\/post"}],"author":[{"embeddable":true,"href":"https:\/\/aconteceunovale.com.br\/portal\/index.php?rest_route=\/wp\/v2\/users\/4"}],"replies":[{"embeddable":true,"href":"https:\/\/aconteceunovale.com.br\/portal\/index.php?rest_route=%2Fwp%2Fv2%2Fcomments&post=183275"}],"version-history":[{"count":1,"href":"https:\/\/aconteceunovale.com.br\/portal\/index.php?rest_route=\/wp\/v2\/posts\/183275\/revisions"}],"predecessor-version":[{"id":183277,"href":"https:\/\/aconteceunovale.com.br\/portal\/index.php?rest_route=\/wp\/v2\/posts\/183275\/revisions\/183277"}],"wp:featuredmedia":[{"embeddable":true,"href":"https:\/\/aconteceunovale.com.br\/portal\/index.php?rest_route=\/wp\/v2\/media\/183276"}],"wp:attachment":[{"href":"https:\/\/aconteceunovale.com.br\/portal\/index.php?rest_route=%2Fwp%2Fv2%2Fmedia&parent=183275"}],"wp:term":[{"taxonomy":"category","embeddable":true,"href":"https:\/\/aconteceunovale.com.br\/portal\/index.php?rest_route=%2Fwp%2Fv2%2Fcategories&post=183275"},{"taxonomy":"post_tag","embeddable":true,"href":"https:\/\/aconteceunovale.com.br\/portal\/index.php?rest_route=%2Fwp%2Fv2%2Ftags&post=183275"}],"curies":[{"name":"wp","href":"https:\/\/api.w.org\/{rel}","templated":true}]}}