{"id":183269,"date":"2021-10-26T22:14:31","date_gmt":"2021-10-27T01:14:31","guid":{"rendered":"https:\/\/aconteceunovale.com.br\/portal\/?p=183269"},"modified":"2021-10-26T22:18:41","modified_gmt":"2021-10-27T01:18:41","slug":"policia-civil-prende-mulher-investigada-por-morte-da-filha-em-governador-valadares","status":"publish","type":"post","link":"https:\/\/aconteceunovale.com.br\/portal\/?p=183269","title":{"rendered":"Pol\u00edcia Civil prende mulher investigada por morte da filha em Governador Valadares"},"content":{"rendered":"\n<p>Uma mulher de 20 anos foi presa em Governador Valadares, no Vale do Rio Doce, na noite dessa segunda-feira (25\/10\/2021). Segundo informa\u00e7\u00f5es da Pol\u00edcia Civil de Minas Gerais (PCMG), ela \u00e9 investigada pela morte de uma filha, de seis meses de idade, que faleceu na \u00faltima quinta-feira (21\/10).<\/p>\n\n\n\n<p>No dia dos fatos, a v\u00edtima foi socorrida at\u00e9 um hospital da cidade, onde foi verificado o \u00f3bito. Diante das diversas les\u00f5es que a crian\u00e7a apresentava, foi levantada a possibilidade de morte suspeita ou violenta, raz\u00e3o pela qual o corpo dela foi encaminhado ao Posto M\u00e9dico-Legal da cidade para a realiza\u00e7\u00e3o de exames. Conforme laudo preliminar do m\u00e9dico-legista, a rec\u00e9m-nascida apresentava diversas les\u00f5es pelo corpo, como v\u00e1rios hematomas nos bra\u00e7os e pernas, hemorragia na cabe\u00e7a compat\u00edvel com espancamento, al\u00e9m de lacera\u00e7\u00e3o do f\u00edgado e um ferimento no ombro compat\u00edvel com mordedura humana.<\/p>\n\n\n\n<p><em>\u201cO m\u00e9dico legista nos contatou e deu uma parcial do laudo de necropsia, falando justamente da gravidade das les\u00f5es encontradas no corpo da crian\u00e7a. J\u00e1 na sexta-feira, foi instaurado inqu\u00e9rito, para podermos dar uma resposta r\u00e1pida; ouvimos, ent\u00e3o, alguns familiares, a m\u00e3e da crian\u00e7a e um namorado dela\u201d,<\/em> disse a delegada Adeliana Xavier, durante coletiva de imprensa realizada nesta ter\u00e7a-feira (26\/10\/2021).<\/p>\n\n\n\n<p>Sobre os depoimentos da mulher e do namorado dela, a delegada Daniely Muniz salientou que <em>\u201cem princ\u00edpio, ela negou a pr\u00e1tica de qualquer agress\u00e3o em face da filha de seis meses e tentou imputar o resultado morte ao ent\u00e3o namorado dela. Ocorre que havia uma s\u00e9rie de contradi\u00e7\u00f5es entre a vers\u00e3o que ela apresentou e as les\u00f5es constatadas pelo m\u00e9dico-legista\u201d,<\/em> esclarece. <em>\u201cAl\u00e9m disso, chamou a nossa aten\u00e7\u00e3o a extrema frieza e insensibilidade, diante de uma circunst\u00e2ncia tr\u00e1gica. Enquanto todos os familiares se mostraram desesperados, a investigada em nenhum momento chorou ou esbo\u00e7ou qualquer rea\u00e7\u00e3o de desespero com a morte da filha. J\u00e1 o namorado dela, relatou que a crian\u00e7a, quando chegou \u00e0 resid\u00eancia dele, na ter\u00e7a-feira, j\u00e1 apresentava algumas les\u00f5es na face, compat\u00edveis com os achados periciais e disse que inquiriu a mulher sobre o que teria ocorrido com a crian\u00e7a, ao que ela negou a pr\u00e1tica de agress\u00f5es\u201d,<\/em> completa a delegada.<\/p>\n\n\n\n<p>Por fim, o delegado M\u00e1rdio Bento Costa ressaltou que as investiga\u00e7\u00f5es seguir\u00e3o em andamento. <em>\u201cAinda h\u00e1 dilig\u00eancias a serem deflagradas, inclusive para delimitar eventual participa\u00e7\u00e3o de outras pessoas. Se houve omiss\u00e3o relevante ou n\u00e3o do namorado. Se essas les\u00f5es identificadas no corpo da crian\u00e7a j\u00e1 decorriam de agress\u00f5es anteriores, porque, ao desenrolar das investiga\u00e7\u00f5es, \u00e9 poss\u00edvel que, al\u00e9m do homic\u00eddio qualificado, podemos chegar a crime de maus-tratos e, at\u00e9 mesmo, de tortura, ocorridos anteriormente\u201d,<\/em> conclui.<\/p>\n\n\n\n<p>&#8212;&#8212;&#8212;&#8212;&#8212;&#8212;<br><em>Quer receber as not\u00edcias do <strong>Aconteceu no Vale<\/strong> em primeira m\u00e3o? Siga-nos no Facebook <a rel=\"noreferrer noopener\" href=\"http:\/\/facebook.com\/aconteceunovale\" target=\"_blank\">@aconteceunovale<\/a>, Twitter <a rel=\"noreferrer noopener\" href=\"https:\/\/twitter.com\/noticiadosvales\" target=\"_blank\">@noticiadosvales<\/a> e Instagram <a rel=\"noreferrer noopener\" href=\"https:\/\/www.instagram.com\/aconteceunovale\" target=\"_blank\">@aconteceunovale<\/a>.<\/em><\/p>\n","protected":false},"excerpt":{"rendered":"<p>Uma mulher de 20 anos foi presa em Governador Valadares, no Vale do Rio Doce, na noite dessa segunda-feira (25\/10\/2021). Segundo informa\u00e7\u00f5es da Pol\u00edcia Civil de Minas Gerais (PCMG), ela \u00e9 investigada pela morte de uma filha, de seis meses de idade, que faleceu na \u00faltima quinta-feira (21\/10). No dia dos fatos, a v\u00edtima foi [&hellip;]<\/p>\n","protected":false},"author":4,"featured_media":180925,"comment_status":"open","ping_status":"closed","sticky":false,"template":"","format":"standard","meta":{"amp_status":"","footnotes":""},"categories":[121],"tags":[235218,233634,221448,1018,247,79363,253571,604,161909,253570,253572],"class_list":["post-183269","post","type-post","status-publish","format-standard","has-post-thumbnail","hentry","category-leste","tag-delegada-adeliana-xavier","tag-delegada-daniely-muniz","tag-delegado-mardio-bento-costa","tag-destaque","tag-governador-valadares","tag-mulher-presa-em-governador-valadares","tag-mulher-presa-por-matar-filha-em-governador-valadares","tag-pcmg","tag-pcmg-em-governador-valadares","tag-policia-civil-prende-mulher-investigada-por-morte-da-filha-em-governador-valadares","tag-presa-por-matar-filha-em-governador-valadares"],"_links":{"self":[{"href":"https:\/\/aconteceunovale.com.br\/portal\/index.php?rest_route=\/wp\/v2\/posts\/183269","targetHints":{"allow":["GET"]}}],"collection":[{"href":"https:\/\/aconteceunovale.com.br\/portal\/index.php?rest_route=\/wp\/v2\/posts"}],"about":[{"href":"https:\/\/aconteceunovale.com.br\/portal\/index.php?rest_route=\/wp\/v2\/types\/post"}],"author":[{"embeddable":true,"href":"https:\/\/aconteceunovale.com.br\/portal\/index.php?rest_route=\/wp\/v2\/users\/4"}],"replies":[{"embeddable":true,"href":"https:\/\/aconteceunovale.com.br\/portal\/index.php?rest_route=%2Fwp%2Fv2%2Fcomments&post=183269"}],"version-history":[{"count":2,"href":"https:\/\/aconteceunovale.com.br\/portal\/index.php?rest_route=\/wp\/v2\/posts\/183269\/revisions"}],"predecessor-version":[{"id":183271,"href":"https:\/\/aconteceunovale.com.br\/portal\/index.php?rest_route=\/wp\/v2\/posts\/183269\/revisions\/183271"}],"wp:featuredmedia":[{"embeddable":true,"href":"https:\/\/aconteceunovale.com.br\/portal\/index.php?rest_route=\/wp\/v2\/media\/180925"}],"wp:attachment":[{"href":"https:\/\/aconteceunovale.com.br\/portal\/index.php?rest_route=%2Fwp%2Fv2%2Fmedia&parent=183269"}],"wp:term":[{"taxonomy":"category","embeddable":true,"href":"https:\/\/aconteceunovale.com.br\/portal\/index.php?rest_route=%2Fwp%2Fv2%2Fcategories&post=183269"},{"taxonomy":"post_tag","embeddable":true,"href":"https:\/\/aconteceunovale.com.br\/portal\/index.php?rest_route=%2Fwp%2Fv2%2Ftags&post=183269"}],"curies":[{"name":"wp","href":"https:\/\/api.w.org\/{rel}","templated":true}]}}