{"id":183260,"date":"2021-10-26T16:05:37","date_gmt":"2021-10-26T19:05:37","guid":{"rendered":"https:\/\/aconteceunovale.com.br\/portal\/?p=183260"},"modified":"2021-10-26T16:29:21","modified_gmt":"2021-10-26T19:29:21","slug":"artesanato-do-vale-do-jequitinhonha-ganha-marca-territorio","status":"publish","type":"post","link":"https:\/\/aconteceunovale.com.br\/portal\/?p=183260","title":{"rendered":"Artesanato do Vale do Jequitinhonha ganha marca territ\u00f3rio"},"content":{"rendered":"\n<p>O Sebrae Minas, em parceria com o Conselho das Artes\u00e3s do Jequitinhonha, lan\u00e7ou no dia 21 de outubro, em Minas Novas, a marca territ\u00f3rio\u00a0Vale do Jequitinhonha,\u00a0com o objetivo de valorizar e fortalecer o artesanato local. A pe\u00e7a\u00a0\u00e9 composta pela imagem das famosas bonecas de barro, que trazem na sua ess\u00eancia a identidade das comunidades de Coqueiro Campo, Campo Alegre, Cachoeira do Fanado e Santana\u00a0<a href=\"http:\/\/webmail.aconteceunovale.com.br\/roundcube\/#NOP\"><\/a>do Ara\u00e7ua\u00ed.<\/p>\n\n\n\n<p><em>&#8220;O lan\u00e7amento da marca territ\u00f3rio \u00e9 o come\u00e7o de uma nova jornada para os artes\u00e3os. Representa um ponto de virada na vida dessas pessoas, que, dentro de uma estrat\u00e9gia planejada, ter\u00e3o a oportunidade de aumentar as vendas e ampliar a renda&#8221;, <\/em>explica o diretor T\u00e9cnico do Sebrae Minas, Jo\u00e3o Cruz Reis Filho.\u00a0\u00a0<\/p>\n\n\n\n<p>O evento foi realizado na \u00faltima quinta-feira (21\/10), no\u00a0Gin\u00e1sio Poliesportivo Demir Macedo, com a presen\u00e7a de autoridades e representantes de entidades ligadas ao setor.\u00a0<em>&#8220;A marca identifica o trabalho das artes\u00e3s como algo \u00fanico e, a partir de agora, elas ter\u00e3o um rol de a\u00e7\u00f5es estruturadas e estrat\u00e9gicas para fortalecer ainda mais essa identidade do Vale do Jequitinhonha&#8221;<\/em>,\u00a0justifica o gerente da Regional Mucuri e Jequitinhonha do Sebrae Minas, Rog\u00e9rio Nunes.\u00a0\u00a0<\/p>\n\n\n\n<p>Moradora de Turmalina, An\u00edsia Lima de Souza trabalha com artesanato desde crian\u00e7a e conta ser um privil\u00e9gio ver o fruto da profiss\u00e3o que herdou de sua m\u00e3e ganhar lugar de destaque no mercado. <em>&#8220;Ter um registro do nosso artesanato, que \u00e9 uma tradi\u00e7\u00e3o familiar, \u00e9 uma conquista que eu nem imaginava que poderia acontecer. Tenho certeza que nosso trabalho vai ser mais valorizado e vai agregar valor \u00e0s nossas pe\u00e7as&#8221;,<\/em> diz a artes\u00e3.\u00a0<\/p>\n\n\n\n<p>Aline Silva, artes\u00e3 de Coqueiro Campo, tamb\u00e9m aprendeu o of\u00edcio com a m\u00e3e. Ela vende os produtos nas feiras promovidas por entidades do setor. <em>&#8220;Nosso artesanato j\u00e1 \u00e9 bastante conhecido e acredito que, com a nossa marca territ\u00f3rio, vai ganhar um maior status. \u00c9 uma grande honra pra n\u00f3s artes\u00e3os ter esse reconhecimento e fazer parte desse momento hist\u00f3rico&#8221;, <\/em>afirma.\u00a0<\/p>\n\n\n\n<figure class=\"wp-block-gallery columns-1 is-cropped wp-block-gallery-1 is-layout-flex wp-block-gallery-is-layout-flex\"><ul class=\"blocks-gallery-grid\"><li class=\"blocks-gallery-item\"><figure><img loading=\"lazy\" decoding=\"async\" width=\"678\" height=\"398\" src=\"https:\/\/aconteceunovale.com.br\/portal\/wp-content\/uploads\/2021\/10\/marca_jequi_artesanato_1.jpg\" alt=\"\" data-id=\"183261\" data-full-url=\"https:\/\/aconteceunovale.com.br\/portal\/wp-content\/uploads\/2021\/10\/marca_jequi_artesanato_1.jpg\" data-link=\"https:\/\/aconteceunovale.com.br\/portal\/?attachment_id=183261\" class=\"wp-image-183261\" srcset=\"https:\/\/aconteceunovale.com.br\/portal\/wp-content\/uploads\/2021\/10\/marca_jequi_artesanato_1.jpg 678w, https:\/\/aconteceunovale.com.br\/portal\/wp-content\/uploads\/2021\/10\/marca_jequi_artesanato_1-300x176.jpg 300w\" sizes=\"auto, (max-width: 678px) 100vw, 678px\" \/><figcaption class=\"blocks-gallery-item__caption\"><em>Foto: Divulga\u00e7\u00e3o \/ Sebrae Minas<\/em><\/figcaption><\/figure><\/li><\/ul><\/figure>\n\n\n\n<h2 class=\"wp-block-heading\"><strong>Parceria&nbsp;<\/strong><\/h2>\n\n\n\n<p>O Sebrae Minas apoia h\u00e1 cerca de 20 anos um grupo de aproximadamente 120 artes\u00e3os na regi\u00e3o, a maioria mulheres.&nbsp;A institui\u00e7\u00e3o tem atuado em projetos de identidade e origem com o objetivo de dar notoriedade ao territ\u00f3rio e ampliar o reconhecimento do mercado.&nbsp;Al\u00e9m disso, desenvolve iniciativas de apoio ao acesso a mercados do artesanato regional, dando mais visibilidade e divulga\u00e7\u00e3o aos artes\u00e3os do Vale do Jequitinhonha em grandes eventos do setor.&nbsp;&nbsp;<\/p>\n\n\n\n<p>O Sebrae Minas ainda oferece solu\u00e7\u00f5es voltadas para a gest\u00e3o dos neg\u00f3cios e novas metodologias de trabalho, que utilizam a inova\u00e7\u00e3o e o design para o desenvolvimento de novas cole\u00e7\u00f5es e produtos, priorizando sempre a origem e a tradi\u00e7\u00e3o local, al\u00e9m da promo\u00e7\u00e3o da cultura de coopera\u00e7\u00e3o entre as associa\u00e7\u00f5es de artes\u00e3os.\u00a0<\/p>\n\n\n\n<p>&#8212;&#8212;&#8212;&#8212;&#8212;&#8212;<br><em>Quer receber as not\u00edcias do <strong>Aconteceu no Vale<\/strong> em primeira m\u00e3o? Siga-nos no Facebook <a rel=\"noreferrer noopener\" href=\"http:\/\/facebook.com\/aconteceunovale\" target=\"_blank\">@aconteceunovale<\/a>, Twitter <a rel=\"noreferrer noopener\" href=\"https:\/\/twitter.com\/noticiadosvales\" target=\"_blank\">@noticiadosvales<\/a> e Instagram <a rel=\"noreferrer noopener\" href=\"https:\/\/www.instagram.com\/aconteceunovale\" target=\"_blank\">@aconteceunovale<\/a>.<\/em><\/p>\n","protected":false},"excerpt":{"rendered":"<p>O Sebrae Minas, em parceria com o Conselho das Artes\u00e3s do Jequitinhonha, lan\u00e7ou no dia 21 de outubro, em Minas Novas, a marca territ\u00f3rio\u00a0Vale do Jequitinhonha,\u00a0com o objetivo de valorizar e fortalecer o artesanato local. A pe\u00e7a\u00a0\u00e9 composta pela imagem das famosas bonecas de barro, que trazem na sua ess\u00eancia a identidade das comunidades de [&hellip;]<\/p>\n","protected":false},"author":4,"featured_media":183261,"comment_status":"open","ping_status":"closed","sticky":false,"template":"","format":"standard","meta":{"amp_status":"","footnotes":""},"categories":[125,120],"tags":[253557,253556,1223,253548,253554,130478,253551,253553,28377,253549,253550,253552,137,253555,10909,44759,178,133],"class_list":["post-183260","post","type-post","status-publish","format-standard","has-post-thumbnail","hentry","category-noticias","category-jequi","tag-aline-silva","tag-anisia-lima-de-souza","tag-artesanato-do-vale-do-jequitinhonha","tag-artesanato-do-vale-do-jequitinhonha-ganha-marca-territorio","tag-cachoeira-do-fanado","tag-campo-alegre","tag-conselho-de-artesas-do-jequitinhonha","tag-coqueiro-do-campo","tag-joao-cruz-reis-filho","tag-marca-do-artesanato-do-vale-do-jequitinhonha","tag-marca-territorio-do-artesanato-do-vale-do-jequitinhonha","tag-marca-territorio-vale-do-jequitinhonha","tag-minas-novas","tag-rogerio-nunes","tag-santana-do-aracuai","tag-sebrae-minas","tag-turmalina","tag-vale-do-jequitinhonha"],"_links":{"self":[{"href":"https:\/\/aconteceunovale.com.br\/portal\/index.php?rest_route=\/wp\/v2\/posts\/183260","targetHints":{"allow":["GET"]}}],"collection":[{"href":"https:\/\/aconteceunovale.com.br\/portal\/index.php?rest_route=\/wp\/v2\/posts"}],"about":[{"href":"https:\/\/aconteceunovale.com.br\/portal\/index.php?rest_route=\/wp\/v2\/types\/post"}],"author":[{"embeddable":true,"href":"https:\/\/aconteceunovale.com.br\/portal\/index.php?rest_route=\/wp\/v2\/users\/4"}],"replies":[{"embeddable":true,"href":"https:\/\/aconteceunovale.com.br\/portal\/index.php?rest_route=%2Fwp%2Fv2%2Fcomments&post=183260"}],"version-history":[{"count":1,"href":"https:\/\/aconteceunovale.com.br\/portal\/index.php?rest_route=\/wp\/v2\/posts\/183260\/revisions"}],"predecessor-version":[{"id":183262,"href":"https:\/\/aconteceunovale.com.br\/portal\/index.php?rest_route=\/wp\/v2\/posts\/183260\/revisions\/183262"}],"wp:featuredmedia":[{"embeddable":true,"href":"https:\/\/aconteceunovale.com.br\/portal\/index.php?rest_route=\/wp\/v2\/media\/183261"}],"wp:attachment":[{"href":"https:\/\/aconteceunovale.com.br\/portal\/index.php?rest_route=%2Fwp%2Fv2%2Fmedia&parent=183260"}],"wp:term":[{"taxonomy":"category","embeddable":true,"href":"https:\/\/aconteceunovale.com.br\/portal\/index.php?rest_route=%2Fwp%2Fv2%2Fcategories&post=183260"},{"taxonomy":"post_tag","embeddable":true,"href":"https:\/\/aconteceunovale.com.br\/portal\/index.php?rest_route=%2Fwp%2Fv2%2Ftags&post=183260"}],"curies":[{"name":"wp","href":"https:\/\/api.w.org\/{rel}","templated":true}]}}