{"id":183258,"date":"2021-10-26T14:28:43","date_gmt":"2021-10-26T17:28:43","guid":{"rendered":"https:\/\/aconteceunovale.com.br\/portal\/?p=183258"},"modified":"2021-10-26T14:29:28","modified_gmt":"2021-10-26T17:29:28","slug":"minas-gerais-registrou-mais-de-29-mil-novas-vagas-de-trabalho-em-setembro","status":"publish","type":"post","link":"https:\/\/aconteceunovale.com.br\/portal\/?p=183258","title":{"rendered":"Minas Gerais registrou mais de 29 mil novas vagas de trabalho em setembro"},"content":{"rendered":"\n<p>Minas Gerais manteve o ritmo de gera\u00e7\u00e3o de emprego em setembro, abrindo 29.029 novos postos de trabalho. Segundo dados do Cadastro Geral de Empregados e Desempregados (Caged), divulgados nesta ter\u00e7a-feira (26\/10\/2021) pelo Minist\u00e9rio da Economia, o estado teve saldo positivo na cria\u00e7\u00e3o de empregos, com 186.711 admiss\u00f5es e 157.682 demiss\u00f5es.<\/p>\n\n\n\n<p>Esse resultado fez com que&nbsp;Minas&nbsp;permanecesse em segundo lugar no ranking nacional de novas vagas, ficando atr\u00e1s apenas de S\u00e3o Paulo que gerou 84.887 postos, No acumulado do ano, Minas criou 286.526 oportunidades de trabalho.<\/p>\n\n\n\n<h2 class=\"wp-block-heading\"><strong>Detalhamento<\/strong><\/h2>\n\n\n\n<p>Os setores de atividade econ\u00f4mica que mais empregaram em setembro foram os de servi\u00e7os (16.463), ind\u00fastria (6.719) e com\u00e9rcio (5.924).<\/p>\n\n\n\n<p>Segundo a diretora de Monitoramento e Articula\u00e7\u00e3o de Oportunidade de Trabalho da&nbsp;<a href=\"http:\/\/social.mg.gov.br\/\" rel=\"noreferrer noopener\" target=\"_blank\">Secretaria de Estado de Desenvolvimento Social (Sedese)<\/a>, Amanda Siqueira Carvalho, os n\u00fameros registrados pelo Caged mostram a tend\u00eancia de expans\u00e3o do mercado de trabalho formal de Minas Gerais.&nbsp;<\/p>\n\n\n\n<p>\u201cA amplia\u00e7\u00e3o da vacina\u00e7\u00e3o trouxe a diminui\u00e7\u00e3o das incertezas, permitindo o retorno gradual das atividades de produ\u00e7\u00e3o e de consumo, o que promoveu a recupera\u00e7\u00e3o econ\u00f4mica em diversos setores, principalmente o de servi\u00e7os e o da ind\u00fastria\u201d, observa.<\/p>\n\n\n\n<p>&#8212;&#8212;&#8212;&#8212;&#8212;&#8212;<br><em>Quer receber as not\u00edcias do <strong>Aconteceu no Vale<\/strong> em primeira m\u00e3o? Siga-nos no Facebook <a rel=\"noreferrer noopener\" href=\"http:\/\/facebook.com\/aconteceunovale\" target=\"_blank\">@aconteceunovale<\/a>, Twitter <a rel=\"noreferrer noopener\" href=\"https:\/\/twitter.com\/noticiadosvales\" target=\"_blank\">@noticiadosvales<\/a> e Instagram <a rel=\"noreferrer noopener\" href=\"https:\/\/www.instagram.com\/aconteceunovale\" target=\"_blank\">@aconteceunovale<\/a>.<\/em><\/p>\n","protected":false},"excerpt":{"rendered":"<p>Minas Gerais manteve o ritmo de gera\u00e7\u00e3o de emprego em setembro, abrindo 29.029 novos postos de trabalho. Segundo dados do Cadastro Geral de Empregados e Desempregados (Caged), divulgados nesta ter\u00e7a-feira (26\/10\/2021) pelo Minist\u00e9rio da Economia, o estado teve saldo positivo na cria\u00e7\u00e3o de empregos, com 186.711 admiss\u00f5es e 157.682 demiss\u00f5es. Esse resultado fez com que&nbsp;Minas&nbsp;permanecesse [&hellip;]<\/p>\n","protected":false},"author":4,"featured_media":133149,"comment_status":"open","ping_status":"closed","sticky":false,"template":"","format":"standard","meta":{"amp_status":"","footnotes":""},"categories":[40239,40236,123],"tags":[19007,143275,253547,149486,226422,149488,226419,226421],"class_list":["post-183258","post","type-post","status-publish","format-standard","has-post-thumbnail","hentry","category-economia-2","category-empregos-2","category-gerais","tag-caged","tag-caged-minas-gerais","tag-caged-setembro-minas-gerais","tag-empregos-em-minas-gerais","tag-empregos-formais-em-minas-gerais","tag-geracao-de-empregos-em-minas-gerais","tag-minas-gerais-registra-saldo-positivo-de-empregos-no-caged","tag-numero-de-empregos-em-minas-gerais"],"_links":{"self":[{"href":"https:\/\/aconteceunovale.com.br\/portal\/index.php?rest_route=\/wp\/v2\/posts\/183258","targetHints":{"allow":["GET"]}}],"collection":[{"href":"https:\/\/aconteceunovale.com.br\/portal\/index.php?rest_route=\/wp\/v2\/posts"}],"about":[{"href":"https:\/\/aconteceunovale.com.br\/portal\/index.php?rest_route=\/wp\/v2\/types\/post"}],"author":[{"embeddable":true,"href":"https:\/\/aconteceunovale.com.br\/portal\/index.php?rest_route=\/wp\/v2\/users\/4"}],"replies":[{"embeddable":true,"href":"https:\/\/aconteceunovale.com.br\/portal\/index.php?rest_route=%2Fwp%2Fv2%2Fcomments&post=183258"}],"version-history":[{"count":1,"href":"https:\/\/aconteceunovale.com.br\/portal\/index.php?rest_route=\/wp\/v2\/posts\/183258\/revisions"}],"predecessor-version":[{"id":183259,"href":"https:\/\/aconteceunovale.com.br\/portal\/index.php?rest_route=\/wp\/v2\/posts\/183258\/revisions\/183259"}],"wp:featuredmedia":[{"embeddable":true,"href":"https:\/\/aconteceunovale.com.br\/portal\/index.php?rest_route=\/wp\/v2\/media\/133149"}],"wp:attachment":[{"href":"https:\/\/aconteceunovale.com.br\/portal\/index.php?rest_route=%2Fwp%2Fv2%2Fmedia&parent=183258"}],"wp:term":[{"taxonomy":"category","embeddable":true,"href":"https:\/\/aconteceunovale.com.br\/portal\/index.php?rest_route=%2Fwp%2Fv2%2Fcategories&post=183258"},{"taxonomy":"post_tag","embeddable":true,"href":"https:\/\/aconteceunovale.com.br\/portal\/index.php?rest_route=%2Fwp%2Fv2%2Ftags&post=183258"}],"curies":[{"name":"wp","href":"https:\/\/api.w.org\/{rel}","templated":true}]}}