{"id":183254,"date":"2021-10-26T14:21:33","date_gmt":"2021-10-26T17:21:33","guid":{"rendered":"https:\/\/aconteceunovale.com.br\/portal\/?p=183254"},"modified":"2021-10-26T14:23:22","modified_gmt":"2021-10-26T17:23:22","slug":"produtor-mineiro-cria-terreiro-de-cafe-mecanizado","status":"publish","type":"post","link":"https:\/\/aconteceunovale.com.br\/portal\/?p=183254","title":{"rendered":"Produtor mineiro cria terreiro de caf\u00e9 mecanizado"},"content":{"rendered":"\n<p>Anderson Domingos da Silva produz caf\u00e9s especiais, no munic\u00edpio de Divino, na regi\u00e3o conhecida como Matas de Minas, e lan\u00e7ou m\u00e3o da criatividade para otimizar a lida com o caf\u00e9. Ele conta que nem sempre tinha tempo de mexer o caf\u00e9 no terreiro para a secagem correta e, com isso, alguns gr\u00e3os mofavam. Assim, teve a ideia de inventar uma m\u00e1quina que pudesse fazer o trabalho, enquanto cuidava de outras atividades no s\u00edtio \u00c1rvore Bonita.<\/p>\n\n\n\n<figure class=\"wp-block-gallery columns-1 is-cropped wp-block-gallery-1 is-layout-flex wp-block-gallery-is-layout-flex\"><ul class=\"blocks-gallery-grid\"><li class=\"blocks-gallery-item\"><figure><img loading=\"lazy\" decoding=\"async\" width=\"678\" height=\"426\" src=\"https:\/\/aconteceunovale.com.br\/portal\/wp-content\/uploads\/2021\/10\/terreiro_cafe_mecanizado.jpeg\" alt=\"\" data-id=\"183255\" data-full-url=\"https:\/\/aconteceunovale.com.br\/portal\/wp-content\/uploads\/2021\/10\/terreiro_cafe_mecanizado.jpeg\" data-link=\"https:\/\/aconteceunovale.com.br\/portal\/?attachment_id=183255\" class=\"wp-image-183255\" srcset=\"https:\/\/aconteceunovale.com.br\/portal\/wp-content\/uploads\/2021\/10\/terreiro_cafe_mecanizado.jpeg 678w, https:\/\/aconteceunovale.com.br\/portal\/wp-content\/uploads\/2021\/10\/terreiro_cafe_mecanizado-300x188.jpeg 300w, https:\/\/aconteceunovale.com.br\/portal\/wp-content\/uploads\/2021\/10\/terreiro_cafe_mecanizado-668x420.jpeg 668w\" sizes=\"auto, (max-width: 678px) 100vw, 678px\" \/><figcaption class=\"blocks-gallery-item__caption\"><em>Foto: Divulga\u00e7\u00e3o \/ Emater-MG<\/em><\/figcaption><\/figure><\/li><\/ul><\/figure>\n\n\n\n<p>A inven\u00e7\u00e3o rendeu ao produtor o segundo lugar no 7\u00ba Pr\u00eamio\u00a0<a rel=\"noreferrer noopener\" href=\"https:\/\/www.emater.mg.gov.br\/\" target=\"_blank\">Emater-MG\u00a0<\/a>de Criatividade Rural, promovido neste ano. Aproveitando o terreno que foi a antiga resid\u00eancia da fam\u00edlia, a \u00e1gua de um riacho e encaixando pe\u00e7as de materiais reciclados, o produtor inventor criou o terreiro de caf\u00e9 mecanizado ecol\u00f3gico.\u00a0<\/p>\n\n\n\n<p>O terreiro \u00e9 composto por uma roda d&#8217;\u00e1gua, fios de a\u00e7o, p\u00e1s de madeira e engrenagens que controlam a velocidade que o caf\u00e9 ser\u00e1 mo\u00eddo. O funcionamento inicia com a roda d&#8217;\u00e1gua que aciona um sistema de engrenagens e de fios de a\u00e7o que movimenta as p\u00e1s de madeira que movem o caf\u00e9. O terreiro ainda foi dividido em microlotes com o objetivo de possibilitar uma melhor secagem do gr\u00e3o.&nbsp;<\/p>\n\n\n\n<p>A m\u00e1quina consegue mexer o caf\u00e9 de todo o terreiro em tr\u00eas horas e o processo pode ser feito durante o dia ou \u00e0 noite, com sol ou chuva. \u00a0Para fazer um terreiro que protege o caf\u00e9, Anderson Silva se inspirou nas coberturas m\u00f3veis dos terreiros de cacau. O produtor conta que est\u00e1 feliz com o resultado.<em> \u201cA cria\u00e7\u00e3o deste terreiro facilitou muito meu trabalho, permitiu uma diminui\u00e7\u00e3o de custos, n\u00e3o preciso de pagar algu\u00e9m para mexer o caf\u00e9 no terreiro e posso fazer outras coisas. Enquanto estou dormindo, o caf\u00e9 est\u00e1 sendo mexido. Al\u00e9m disso, diminuiu a perda dos gr\u00e3os\u201d,<\/em> comemora.\u00a0<\/p>\n\n\n\n<p>A inven\u00e7\u00e3o que n\u00e3o utiliza eletricidade e ainda devolve a \u00e1gua para a mina demorou dois meses para ficar pronta. Os gastos foram apenas com cimento, j\u00e1 que utilizou materiais reciclados.\u00a0<\/p>\n\n\n\n<p>De acordo com a extensionista da Emater-MG no munic\u00edpio, Emanuella Costa Torres, o terreiro mecanizado facilita o trabalho do produtor, principalmente, por se tratar de caf\u00e9 especial. <em>\u201cO processo de p\u00f3s-colheita \u00e9 de extrema import\u00e2ncia para a qualidade final do caf\u00e9. Com o terreiro mecanizado, ele consegue dividir o caf\u00e9 em microlotes para fazer a secagem, al\u00e9m de evitar problemas com mofo e chuva\u201d,<\/em> diz.\u00a0<\/p>\n\n\n\n<h2 class=\"wp-block-heading\"><strong>V\u00eddeo<\/strong><\/h2>\n\n\n\n<figure class=\"wp-block-embed is-type-rich is-provider-incorporar-manipulador wp-block-embed-incorporar-manipulador wp-embed-aspect-16-9 wp-has-aspect-ratio\"><div class=\"wp-block-embed__wrapper\">\n<iframe loading=\"lazy\" title=\"TERREIRO DE CAF\u00c9 MECANIZADO COM RECURSOS NATURAIS (7\u00ba Pr\u00eamio Emater-MG de Criatividade Rural)\" width=\"696\" height=\"392\" src=\"https:\/\/www.youtube.com\/embed\/Ll_lQ6R-C0M?feature=oembed\" frameborder=\"0\" allow=\"accelerometer; autoplay; clipboard-write; encrypted-media; gyroscope; picture-in-picture\" allowfullscreen><\/iframe>\n<\/div><\/figure>\n\n\n\n<h2 class=\"wp-block-heading\"><strong>Trabalho em fam\u00edlia<\/strong><\/h2>\n\n\n\n<p>Nos 12 hectares da propriedade, Anderson da Silva tamb\u00e9m investe no cultivo de laranja e mexerica, mas \u00e9 o caf\u00e9 que garante a renda da fam\u00edlia. Produtor h\u00e1 mais de trinta anos de caf\u00e9 commodity, h\u00e1 um ano resolveu se dedicar \u00e0 produ\u00e7\u00e3o do especial e j\u00e1 conquistou pr\u00eamios. Em 2020, foi o primeiro colocado no Concurso Regional de Qualidade de Caf\u00e9 da Regi\u00e3o de Muria\u00e9, na categoria Cereja Descascado.<\/p>\n\n\n\n<p>Por tr\u00e1s do sucesso, est\u00e1 a dedica\u00e7\u00e3o da fam\u00edlia. &nbsp;A mulher e as filhas auxiliam na lida da lavoura de caf\u00e9, que tem uma produ\u00e7\u00e3o de 60 sacas, e a inten\u00e7\u00e3o deles \u00e9 duplicar. &nbsp;<\/p>\n\n\n\n<p>Com 18 anos, Lav\u00ednia de Sousa Silva diz que pretende seguir os passos do pai. \u00a0<em>\u201cQuero continuar trabalhando na lavoura, ganhar mais pr\u00eamios e melhorar ainda mais a qualidade do nosso caf\u00e9\u201d,<\/em> afirma.\u00a0<\/p>\n\n\n\n<p>&#8212;&#8212;&#8212;&#8212;&#8212;&#8212;<br><em>Quer receber as not\u00edcias do <strong>Aconteceu no Vale<\/strong> em primeira m\u00e3o? Siga-nos no Facebook <a rel=\"noreferrer noopener\" href=\"http:\/\/facebook.com\/aconteceunovale\" target=\"_blank\">@aconteceunovale<\/a>, Twitter <a rel=\"noreferrer noopener\" href=\"https:\/\/twitter.com\/noticiadosvales\" target=\"_blank\">@noticiadosvales<\/a> e Instagram <a rel=\"noreferrer noopener\" href=\"https:\/\/www.instagram.com\/aconteceunovale\" target=\"_blank\">@aconteceunovale<\/a>.<\/em><\/p>\n","protected":false},"excerpt":{"rendered":"<p>Anderson Domingos da Silva produz caf\u00e9s especiais, no munic\u00edpio de Divino, na regi\u00e3o conhecida como Matas de Minas, e lan\u00e7ou m\u00e3o da criatividade para otimizar a lida com o caf\u00e9. Ele conta que nem sempre tinha tempo de mexer o caf\u00e9 no terreiro para a secagem correta e, com isso, alguns gr\u00e3os mofavam. Assim, teve [&hellip;]<\/p>\n","protected":false},"author":4,"featured_media":183255,"comment_status":"open","ping_status":"closed","sticky":false,"template":"","format":"standard","meta":{"amp_status":"","footnotes":""},"categories":[123],"tags":[253545,253539,121721,253543,253542,1018,966,253544,25775,253546,1502,253535,253541,253538,253536,253537,253540],"class_list":["post-183254","post","type-post","status-publish","format-standard","has-post-thumbnail","hentry","category-gerais","tag-anderson-da-silva","tag-anderson-domingos-da-silva","tag-cafe-das-matas-de-minas","tag-criatividade-no-campo","tag-criatividade-rural","tag-destaque","tag-divino","tag-emanuella-costa-torres","tag-emater-mg","tag-lavinia-de-souza-silva","tag-muriae","tag-produtor-mineiro-cria-terreiro-de-cafe-mecanizado","tag-sitio-arvore-bonita","tag-terreiro-de-cafe-ecologico","tag-terreiro-de-cafe-mecanizado","tag-terreiro-de-cafe-mecanizado-ecologico","tag-terreiro-mecanizado-de-cafe-em-divino"],"_links":{"self":[{"href":"https:\/\/aconteceunovale.com.br\/portal\/index.php?rest_route=\/wp\/v2\/posts\/183254","targetHints":{"allow":["GET"]}}],"collection":[{"href":"https:\/\/aconteceunovale.com.br\/portal\/index.php?rest_route=\/wp\/v2\/posts"}],"about":[{"href":"https:\/\/aconteceunovale.com.br\/portal\/index.php?rest_route=\/wp\/v2\/types\/post"}],"author":[{"embeddable":true,"href":"https:\/\/aconteceunovale.com.br\/portal\/index.php?rest_route=\/wp\/v2\/users\/4"}],"replies":[{"embeddable":true,"href":"https:\/\/aconteceunovale.com.br\/portal\/index.php?rest_route=%2Fwp%2Fv2%2Fcomments&post=183254"}],"version-history":[{"count":1,"href":"https:\/\/aconteceunovale.com.br\/portal\/index.php?rest_route=\/wp\/v2\/posts\/183254\/revisions"}],"predecessor-version":[{"id":183257,"href":"https:\/\/aconteceunovale.com.br\/portal\/index.php?rest_route=\/wp\/v2\/posts\/183254\/revisions\/183257"}],"wp:featuredmedia":[{"embeddable":true,"href":"https:\/\/aconteceunovale.com.br\/portal\/index.php?rest_route=\/wp\/v2\/media\/183255"}],"wp:attachment":[{"href":"https:\/\/aconteceunovale.com.br\/portal\/index.php?rest_route=%2Fwp%2Fv2%2Fmedia&parent=183254"}],"wp:term":[{"taxonomy":"category","embeddable":true,"href":"https:\/\/aconteceunovale.com.br\/portal\/index.php?rest_route=%2Fwp%2Fv2%2Fcategories&post=183254"},{"taxonomy":"post_tag","embeddable":true,"href":"https:\/\/aconteceunovale.com.br\/portal\/index.php?rest_route=%2Fwp%2Fv2%2Ftags&post=183254"}],"curies":[{"name":"wp","href":"https:\/\/api.w.org\/{rel}","templated":true}]}}