{"id":183251,"date":"2021-10-26T13:56:53","date_gmt":"2021-10-26T16:56:53","guid":{"rendered":"https:\/\/aconteceunovale.com.br\/portal\/?p=183251"},"modified":"2021-10-26T13:58:11","modified_gmt":"2021-10-26T16:58:11","slug":"minas-gerais-reduz-mais-de-65-do-icms-sobre-o-oleo-diesel","status":"publish","type":"post","link":"https:\/\/aconteceunovale.com.br\/portal\/?p=183251","title":{"rendered":"Minas Gerais reduz mais de 6,5% do ICMS sobre o \u00f3leo diesel"},"content":{"rendered":"\n<p>O\u00a0Governo de Minas Gerais\u00a0publicou nessa segunda-feira (25\/10\/2021) um decreto que vai proporcionar a redu\u00e7\u00e3o em mais de 6,5% do Imposto sobre Circula\u00e7\u00e3o de Mercadorias e Servi\u00e7o (ICMS) do \u00f3leo diesel. A partir da pr\u00f3xima segunda-feira (1\/11), a al\u00edquota do imposto passa de 15% para 14%. Dessa forma, a base de c\u00e1lculo do imposto sobre este combust\u00edvel &#8211; Pre\u00e7o M\u00e9dio Ponderado Final &#8211; ser\u00e1 impactada. Considerando a pesquisa mais recente realizada pela Secretaria de Estado da Fazenda (SEF), que avalia as notas fiscais emitidas por 4.272 postos revendedores distribu\u00eddos em mais de 800 munic\u00edpios mineiros, haver\u00e1 redu\u00e7\u00e3o pr\u00e1tica de 6,5% do valor do tributo.<\/p>\n\n\n\n<figure class=\"wp-block-gallery columns-1 is-cropped wp-block-gallery-1 is-layout-flex wp-block-gallery-is-layout-flex\"><ul class=\"blocks-gallery-grid\"><li class=\"blocks-gallery-item\"><figure><img loading=\"lazy\" decoding=\"async\" width=\"678\" height=\"450\" src=\"https:\/\/aconteceunovale.com.br\/portal\/wp-content\/uploads\/2021\/10\/combustivel.jpg\" alt=\"\" data-id=\"183252\" data-full-url=\"https:\/\/aconteceunovale.com.br\/portal\/wp-content\/uploads\/2021\/10\/combustivel.jpg\" data-link=\"https:\/\/aconteceunovale.com.br\/portal\/?attachment_id=183252\" class=\"wp-image-183252\" srcset=\"https:\/\/aconteceunovale.com.br\/portal\/wp-content\/uploads\/2021\/10\/combustivel.jpg 678w, https:\/\/aconteceunovale.com.br\/portal\/wp-content\/uploads\/2021\/10\/combustivel-300x199.jpg 300w, https:\/\/aconteceunovale.com.br\/portal\/wp-content\/uploads\/2021\/10\/combustivel-633x420.jpg 633w\" sizes=\"auto, (max-width: 678px) 100vw, 678px\" \/><figcaption class=\"blocks-gallery-item__caption\"><em>Foto: Marcello Casal Jr \/ Ag\u00eancia Brasil<\/em><\/figcaption><\/figure><\/li><\/ul><\/figure>\n\n\n\n<p>Isso significa que, com a atual al\u00edquota de 15%, o imposto seria de R$ 0,75894 (diesel S500) e de R$ 0,76689 (diesel S10). No entanto, ap\u00f3s a redu\u00e7\u00e3o, o imposto ficar\u00e1 em R$ 0,708344 (diesel S500) e R$ 0,715764 (diesel S10). <em>&#8220;\u00c9 importante salientar que, para ser efetiva, a redu\u00e7\u00e3o dever\u00e1 ser refletida no pre\u00e7o final cobrado nas bombas dos postos revendedores, algo que foge ao controle do Estado&#8221;, <\/em>informou o governo.<\/p>\n\n\n\n<p>A decis\u00e3o de reduzir a al\u00edquota do ICMS do diesel vai representar R$ 29,6 milh\u00f5es\/m\u00eas (R$ 355,2 milh\u00f5es\/ano) de recursos que permanecer\u00e3o na economia, ao inv\u00e9s de se transformarem em aumento de arrecada\u00e7\u00e3o.&nbsp;<\/p>\n\n\n\n<p>O governo ressalta que n\u00e3o h\u00e1 ren\u00fancia de receita, mas uma interrup\u00e7\u00e3o no aumento do valor do ICMS recebido, gerado pela varia\u00e7\u00e3o do pre\u00e7o dos combust\u00edveis promovido pela Petrobras.<\/p>\n\n\n\n<p><em>\u201cOs pre\u00e7os dos combust\u00edveis aumentam por causa da varia\u00e7\u00e3o do c\u00e2mbio e do pre\u00e7o internacional do petr\u00f3leo. Aqui em Minas estamos fazendo a nossa parte. N\u00e3o queremos que o aumento afete as fam\u00edlias. N\u00e3o \u00e9 justo que o cidad\u00e3o, que j\u00e1 est\u00e1 em condi\u00e7\u00f5es muito ruins, continue a se prejudicar cada vez mais com a infla\u00e7\u00e3o. Com o decreto, n\u00e3o resolvemos o problema, mas damos a nossa contribui\u00e7\u00e3o. N\u00e3o \u00e9 justo que Estado aumente sua arrecada\u00e7\u00e3o com aumentos que sacrificam os mineiros\u201d,<\/em> disse o governador Romeu Zema.<\/p>\n\n\n\n<p>&#8212;&#8212;&#8212;&#8212;&#8212;&#8212;<br><em>Quer receber as not\u00edcias do <strong>Aconteceu no Vale<\/strong> em primeira m\u00e3o? Siga-nos no Facebook <a rel=\"noreferrer noopener\" href=\"http:\/\/facebook.com\/aconteceunovale\" target=\"_blank\">@aconteceunovale<\/a>, Twitter <a rel=\"noreferrer noopener\" href=\"https:\/\/twitter.com\/noticiadosvales\" target=\"_blank\">@noticiadosvales<\/a> e Instagram <a rel=\"noreferrer noopener\" href=\"https:\/\/www.instagram.com\/aconteceunovale\" target=\"_blank\">@aconteceunovale<\/a>.<\/em><\/p>\n","protected":false},"excerpt":{"rendered":"<p>O\u00a0Governo de Minas Gerais\u00a0publicou nessa segunda-feira (25\/10\/2021) um decreto que vai proporcionar a redu\u00e7\u00e3o em mais de 6,5% do Imposto sobre Circula\u00e7\u00e3o de Mercadorias e Servi\u00e7o (ICMS) do \u00f3leo diesel. A partir da pr\u00f3xima segunda-feira (1\/11), a al\u00edquota do imposto passa de 15% para 14%. Dessa forma, a base de c\u00e1lculo do imposto sobre este [&hellip;]<\/p>\n","protected":false},"author":4,"featured_media":183252,"comment_status":"open","ping_status":"closed","sticky":false,"template":"","format":"standard","meta":{"amp_status":"","footnotes":""},"categories":[123],"tags":[253534,1018,253532,253529,253533,131,5499,253531,253528,253530,178207],"class_list":["post-183251","post","type-post","status-publish","format-standard","has-post-thumbnail","hentry","category-gerais","tag-aliquota-de-icms-sobre-o-oleo-diesel-em-minas-gerais","tag-destaque","tag-icms-do-diesel-em-minas-gerais","tag-icms-do-oleo-diesel-em-minas-gerais","tag-imposto-do-oleo-diesel-em-minas-gerais","tag-minas-gerais","tag-petrobras","tag-preco-do-oleo-diesel-em-minas-gerais","tag-reducao-do-icms-do-oleo-diesel-em-minas-gerais","tag-reducao-do-preco-do-oleo-diesel-em-minas-gerais","tag-romeu-zema"],"_links":{"self":[{"href":"https:\/\/aconteceunovale.com.br\/portal\/index.php?rest_route=\/wp\/v2\/posts\/183251","targetHints":{"allow":["GET"]}}],"collection":[{"href":"https:\/\/aconteceunovale.com.br\/portal\/index.php?rest_route=\/wp\/v2\/posts"}],"about":[{"href":"https:\/\/aconteceunovale.com.br\/portal\/index.php?rest_route=\/wp\/v2\/types\/post"}],"author":[{"embeddable":true,"href":"https:\/\/aconteceunovale.com.br\/portal\/index.php?rest_route=\/wp\/v2\/users\/4"}],"replies":[{"embeddable":true,"href":"https:\/\/aconteceunovale.com.br\/portal\/index.php?rest_route=%2Fwp%2Fv2%2Fcomments&post=183251"}],"version-history":[{"count":1,"href":"https:\/\/aconteceunovale.com.br\/portal\/index.php?rest_route=\/wp\/v2\/posts\/183251\/revisions"}],"predecessor-version":[{"id":183253,"href":"https:\/\/aconteceunovale.com.br\/portal\/index.php?rest_route=\/wp\/v2\/posts\/183251\/revisions\/183253"}],"wp:featuredmedia":[{"embeddable":true,"href":"https:\/\/aconteceunovale.com.br\/portal\/index.php?rest_route=\/wp\/v2\/media\/183252"}],"wp:attachment":[{"href":"https:\/\/aconteceunovale.com.br\/portal\/index.php?rest_route=%2Fwp%2Fv2%2Fmedia&parent=183251"}],"wp:term":[{"taxonomy":"category","embeddable":true,"href":"https:\/\/aconteceunovale.com.br\/portal\/index.php?rest_route=%2Fwp%2Fv2%2Fcategories&post=183251"},{"taxonomy":"post_tag","embeddable":true,"href":"https:\/\/aconteceunovale.com.br\/portal\/index.php?rest_route=%2Fwp%2Fv2%2Ftags&post=183251"}],"curies":[{"name":"wp","href":"https:\/\/api.w.org\/{rel}","templated":true}]}}