{"id":183245,"date":"2021-10-26T11:21:48","date_gmt":"2021-10-26T14:21:48","guid":{"rendered":"https:\/\/aconteceunovale.com.br\/portal\/?p=183245"},"modified":"2021-10-26T11:22:32","modified_gmt":"2021-10-26T14:22:32","slug":"passaros-sao-resgatados-pela-prf-em-governador-valadares","status":"publish","type":"post","link":"https:\/\/aconteceunovale.com.br\/portal\/?p=183245","title":{"rendered":"P\u00e1ssaros s\u00e3o resgatados pela PRF em Governador Valadares"},"content":{"rendered":"\n<p>Dez can\u00e1rios-da-terra foram resgatados pela Pol\u00edcia Rodovi\u00e1ria Federal (PRF) durante uma fiscaliza\u00e7\u00e3o na BR-116, em Governador Valadares (MG), no in\u00edcio da noite de s\u00e1bado (23\/10\/2021). A Toyota Hilux SW4, emplacada em Contagem (MG), foi abordada pelos policiais ap\u00f3s den\u00fancia atrav\u00e9s do telefone 191 indicando que o condutor do ve\u00edculo estaria fazendo ultrapassagens perigosas na rodovia.<\/p>\n\n\n\n<figure class=\"wp-block-gallery columns-1 is-cropped wp-block-gallery-1 is-layout-flex wp-block-gallery-is-layout-flex\"><ul class=\"blocks-gallery-grid\"><li class=\"blocks-gallery-item\"><figure><img loading=\"lazy\" decoding=\"async\" width=\"678\" height=\"381\" src=\"https:\/\/aconteceunovale.com.br\/portal\/wp-content\/uploads\/2021\/10\/passaros_valadares.jpeg\" alt=\"\" data-id=\"183246\" data-full-url=\"https:\/\/aconteceunovale.com.br\/portal\/wp-content\/uploads\/2021\/10\/passaros_valadares.jpeg\" data-link=\"https:\/\/aconteceunovale.com.br\/portal\/?attachment_id=183246\" class=\"wp-image-183246\" srcset=\"https:\/\/aconteceunovale.com.br\/portal\/wp-content\/uploads\/2021\/10\/passaros_valadares.jpeg 678w, https:\/\/aconteceunovale.com.br\/portal\/wp-content\/uploads\/2021\/10\/passaros_valadares-300x169.jpeg 300w\" sizes=\"auto, (max-width: 678px) 100vw, 678px\" \/><figcaption class=\"blocks-gallery-item__caption\"><em>Foto: Divulga\u00e7\u00e3o \/ PRF<\/em><\/figcaption><\/figure><\/li><\/ul><\/figure>\n\n\n\n<p>As aves estavam no porta-malas do carro, aprisionadas em al\u00e7ap\u00f5es, e, segundo a PRF, apresentavam sinais de maus-tratos. Os p\u00e1ssaros foram encaminhados para uma unidade de prote\u00e7\u00e3o ambiental e, ap\u00f3s avalia\u00e7\u00e3o, ser\u00e3o libertados em habitat natural.<\/p>\n\n\n\n<p>O motorista do carro, de acordo com a PRF, responder\u00e1 por crime ambiental. Ele disse aos policiais que comprou as aves no interior do estado da Bahia e as levaria para Belo Horizonte (MG).<\/p>\n\n\n\n<p>&#8212;&#8212;&#8212;&#8212;&#8212;&#8212;<br><em>Quer receber as not\u00edcias do <strong>Aconteceu no Vale<\/strong> em primeira m\u00e3o? Siga-nos no Facebook <a rel=\"noreferrer noopener\" href=\"http:\/\/facebook.com\/aconteceunovale\" target=\"_blank\">@aconteceunovale<\/a>, Twitter <a rel=\"noreferrer noopener\" href=\"https:\/\/twitter.com\/noticiadosvales\" target=\"_blank\">@noticiadosvales<\/a> e Instagram <a rel=\"noreferrer noopener\" href=\"https:\/\/www.instagram.com\/aconteceunovale\" target=\"_blank\">@aconteceunovale<\/a>.<\/em><\/p>\n","protected":false},"excerpt":{"rendered":"<p>Dez can\u00e1rios-da-terra foram resgatados pela Pol\u00edcia Rodovi\u00e1ria Federal (PRF) durante uma fiscaliza\u00e7\u00e3o na BR-116, em Governador Valadares (MG), no in\u00edcio da noite de s\u00e1bado (23\/10\/2021). A Toyota Hilux SW4, emplacada em Contagem (MG), foi abordada pelos policiais ap\u00f3s den\u00fancia atrav\u00e9s do telefone 191 indicando que o condutor do ve\u00edculo estaria fazendo ultrapassagens perigosas na rodovia. [&hellip;]<\/p>\n","protected":false},"author":4,"featured_media":183246,"comment_status":"open","ping_status":"closed","sticky":false,"template":"","format":"standard","meta":{"amp_status":"","footnotes":""},"categories":[6,123],"tags":[2379,194,182,956,247,131,253517,253515,225534,253516,253518],"class_list":["post-183245","post","type-post","status-publish","format-standard","has-post-thumbnail","hentry","category-br","category-gerais","tag-bahia","tag-belo-horizonte","tag-br-116","tag-contagem","tag-governador-valadares","tag-minas-gerais","tag-passaros-resgatados-em-governador-valadares","tag-passaros-sao-resgatados-pela-prf-em-governador-valadares","tag-prf-em-governador-valadares","tag-resgate-de-passaros-em-governador-valadares","tag-trafico-de-passaros-entre-bahia-e-minas-gerais"],"_links":{"self":[{"href":"https:\/\/aconteceunovale.com.br\/portal\/index.php?rest_route=\/wp\/v2\/posts\/183245","targetHints":{"allow":["GET"]}}],"collection":[{"href":"https:\/\/aconteceunovale.com.br\/portal\/index.php?rest_route=\/wp\/v2\/posts"}],"about":[{"href":"https:\/\/aconteceunovale.com.br\/portal\/index.php?rest_route=\/wp\/v2\/types\/post"}],"author":[{"embeddable":true,"href":"https:\/\/aconteceunovale.com.br\/portal\/index.php?rest_route=\/wp\/v2\/users\/4"}],"replies":[{"embeddable":true,"href":"https:\/\/aconteceunovale.com.br\/portal\/index.php?rest_route=%2Fwp%2Fv2%2Fcomments&post=183245"}],"version-history":[{"count":1,"href":"https:\/\/aconteceunovale.com.br\/portal\/index.php?rest_route=\/wp\/v2\/posts\/183245\/revisions"}],"predecessor-version":[{"id":183247,"href":"https:\/\/aconteceunovale.com.br\/portal\/index.php?rest_route=\/wp\/v2\/posts\/183245\/revisions\/183247"}],"wp:featuredmedia":[{"embeddable":true,"href":"https:\/\/aconteceunovale.com.br\/portal\/index.php?rest_route=\/wp\/v2\/media\/183246"}],"wp:attachment":[{"href":"https:\/\/aconteceunovale.com.br\/portal\/index.php?rest_route=%2Fwp%2Fv2%2Fmedia&parent=183245"}],"wp:term":[{"taxonomy":"category","embeddable":true,"href":"https:\/\/aconteceunovale.com.br\/portal\/index.php?rest_route=%2Fwp%2Fv2%2Fcategories&post=183245"},{"taxonomy":"post_tag","embeddable":true,"href":"https:\/\/aconteceunovale.com.br\/portal\/index.php?rest_route=%2Fwp%2Fv2%2Ftags&post=183245"}],"curies":[{"name":"wp","href":"https:\/\/api.w.org\/{rel}","templated":true}]}}