{"id":183231,"date":"2021-10-26T09:04:57","date_gmt":"2021-10-26T12:04:57","guid":{"rendered":"https:\/\/aconteceunovale.com.br\/portal\/?p=183231"},"modified":"2021-10-26T09:11:09","modified_gmt":"2021-10-26T12:11:09","slug":"paulo-guedes-diz-que-privatizacao-da-petrobras-ampliaria-investimentos","status":"publish","type":"post","link":"https:\/\/aconteceunovale.com.br\/portal\/?p=183231","title":{"rendered":"Paulo Guedes diz que privatiza\u00e7\u00e3o da Petrobras ampliaria investimentos"},"content":{"rendered":"\n<p>O ministro da Economia, Paulo Guedes, falou ontem (25\/10\/2021), durante evento com o presidente Jair Bolsonaro, que os recursos da venda da Petrobras podem ser usados para ampliar os investimentos p\u00fablicos e em tecnologia e bancar gastos sociais.<img decoding=\"async\" src=\"https:\/\/agenciabrasil.ebc.com.br\/ebc.png?id=1425558&amp;o=node\"><img decoding=\"async\" src=\"https:\/\/agenciabrasil.ebc.com.br\/ebc.gif?id=1425558&amp;o=node\"><\/p>\n\n\n\n<figure class=\"wp-block-gallery columns-1 is-cropped wp-block-gallery-1 is-layout-flex wp-block-gallery-is-layout-flex\"><ul class=\"blocks-gallery-grid\"><li class=\"blocks-gallery-item\"><figure><img loading=\"lazy\" decoding=\"async\" width=\"678\" height=\"406\" src=\"https:\/\/aconteceunovale.com.br\/portal\/wp-content\/uploads\/2021\/10\/paulo_guedes_petrobras.jpg\" alt=\"\" data-id=\"183232\" data-full-url=\"https:\/\/aconteceunovale.com.br\/portal\/wp-content\/uploads\/2021\/10\/paulo_guedes_petrobras.jpg\" data-link=\"https:\/\/aconteceunovale.com.br\/portal\/?attachment_id=183232\" class=\"wp-image-183232\" srcset=\"https:\/\/aconteceunovale.com.br\/portal\/wp-content\/uploads\/2021\/10\/paulo_guedes_petrobras.jpg 678w, https:\/\/aconteceunovale.com.br\/portal\/wp-content\/uploads\/2021\/10\/paulo_guedes_petrobras-300x180.jpg 300w\" sizes=\"auto, (max-width: 678px) 100vw, 678px\" \/><figcaption class=\"blocks-gallery-item__caption\"><em>Paulo Guedes &#8211; Foto: Fabio Rodrigues-Pozzebom\/Ag\u00eancia Brasil<\/em><\/figcaption><\/figure><\/li><\/ul><\/figure>\n\n\n\n<p>\u201cE se daqui a 20 anos o mundo todo migrar para a energia el\u00e9trica, hidrog\u00eanio, n\u00eautron, energia nuclear e o f\u00f3ssil for abandonado? A Petrobras vai valer zero daqui a 30 anos. E o que n\u00f3s fizemos?\u201d, questionou o ministro, durante o lan\u00e7amento do Plano de Crescimento Verde, no Pal\u00e1cio do Planalto.<\/p>\n\n\n\n<p>\u201cDeixamos o petr\u00f3leo l\u00e1 em baixo com um monop\u00f3lio, uma placa de monop\u00f3lio estatal em cima. O objetivo \u00e9 tirar esse petr\u00f3leo o mais r\u00e1pido poss\u00edvel e transformar em educa\u00e7\u00e3o, investimento, treinamento, tecnologia\u201d, acrescentou Guedes.<\/p>\n\n\n\n<p>Para o ministro, a alta de mais de 6% nas a\u00e7\u00f5es da Petrobras nesta&nbsp;segunda-feira \u00e9 resultado da entrevista em que o presidente Jair Bolsonaro disse estudar um projeto de lei que permitiria a venda de a\u00e7\u00f5es da estatal nas m\u00e3os da Uni\u00e3o, at\u00e9 ela deixar de ser a controladora majorit\u00e1ria da empresa.<\/p>\n\n\n\n<p>\u201cBastou o presidente falar \u2018vamos estudar\u2019, e o neg\u00f3cio [a a\u00e7\u00e3o da Petrobras] sai subindo e aparece R$ 100 bilh\u00f5es. N\u00e3o d\u00e1 pra dar R$ 30 bilh\u00f5es para os mais fr\u00e1geis num momento terr\u00edvel como esse, se basta uma frase do presidente para aparecer R$ 100 bilh\u00f5es, brotar no ch\u00e3o de repente. Por que n\u00f3s n\u00e3o podemos pensar ousadamente a respeito disso?\u201d, comentou Guedes.<\/p>\n\n\n\n<h2 class=\"wp-block-heading\">Caged<\/h2>\n\n\n\n<p>O ministro da Economia adiantou dados econ\u00f4micos que ser\u00e3o divulgados nesta ter\u00e7a-feira (26). Segundo ele, a arrecada\u00e7\u00e3o\u00a0de setembro, apurada pela Receita Federal, dever\u00e1 trazer novos recordes. Al\u00e9m disso, o Cadastro Geral de Empregados e Desempregados (Caged), que mede o saldo de empregos formais, deve vir com mais de 300 mil postos de trabalho criados no pa\u00eds no m\u00eas passado.<\/p>\n\n\n\n<p>&#8212;&#8212;&#8212;&#8212;&#8212;&#8212;<br><em>Quer receber as not\u00edcias do <strong>Aconteceu no Vale<\/strong> em primeira m\u00e3o? Siga-nos no Facebook <a rel=\"noreferrer noopener\" href=\"http:\/\/facebook.com\/aconteceunovale\" target=\"_blank\">@aconteceunovale<\/a>, Twitter <a rel=\"noreferrer noopener\" href=\"https:\/\/twitter.com\/noticiadosvales\" target=\"_blank\">@noticiadosvales<\/a> e Instagram <a rel=\"noreferrer noopener\" href=\"https:\/\/www.instagram.com\/aconteceunovale\" target=\"_blank\">@aconteceunovale<\/a>.<\/em><\/p>\n","protected":false},"excerpt":{"rendered":"<p>O ministro da Economia, Paulo Guedes, falou ontem (25\/10\/2021), durante evento com o presidente Jair Bolsonaro, que os recursos da venda da Petrobras podem ser usados para ampliar os investimentos p\u00fablicos e em tecnologia e bancar gastos sociais. \u201cE se daqui a 20 anos o mundo todo migrar para a energia el\u00e9trica, hidrog\u00eanio, n\u00eautron, energia [&hellip;]<\/p>\n","protected":false},"author":4,"featured_media":183232,"comment_status":"open","ping_status":"closed","sticky":false,"template":"","format":"standard","meta":{"amp_status":"","footnotes":""},"categories":[6,40239,28848],"tags":[100375,19007,252236,26436,184661,194202,17364,5499,253510,174222,253508,253509],"class_list":["post-183231","post","type-post","status-publish","format-standard","has-post-thumbnail","hentry","category-br","category-economia-2","category-mundo","tag-bolsonaro","tag-caged","tag-crescimento-verde","tag-jair-bolsonaro","tag-ministerio-da-economia","tag-ministro-da-economia","tag-paulo-guedes","tag-petrobras","tag-plano-de-crescimento-verde","tag-presidente-jair-bolsonaro","tag-privatizacao-da-petrobras","tag-venda-da-petrobras"],"_links":{"self":[{"href":"https:\/\/aconteceunovale.com.br\/portal\/index.php?rest_route=\/wp\/v2\/posts\/183231","targetHints":{"allow":["GET"]}}],"collection":[{"href":"https:\/\/aconteceunovale.com.br\/portal\/index.php?rest_route=\/wp\/v2\/posts"}],"about":[{"href":"https:\/\/aconteceunovale.com.br\/portal\/index.php?rest_route=\/wp\/v2\/types\/post"}],"author":[{"embeddable":true,"href":"https:\/\/aconteceunovale.com.br\/portal\/index.php?rest_route=\/wp\/v2\/users\/4"}],"replies":[{"embeddable":true,"href":"https:\/\/aconteceunovale.com.br\/portal\/index.php?rest_route=%2Fwp%2Fv2%2Fcomments&post=183231"}],"version-history":[{"count":3,"href":"https:\/\/aconteceunovale.com.br\/portal\/index.php?rest_route=\/wp\/v2\/posts\/183231\/revisions"}],"predecessor-version":[{"id":183237,"href":"https:\/\/aconteceunovale.com.br\/portal\/index.php?rest_route=\/wp\/v2\/posts\/183231\/revisions\/183237"}],"wp:featuredmedia":[{"embeddable":true,"href":"https:\/\/aconteceunovale.com.br\/portal\/index.php?rest_route=\/wp\/v2\/media\/183232"}],"wp:attachment":[{"href":"https:\/\/aconteceunovale.com.br\/portal\/index.php?rest_route=%2Fwp%2Fv2%2Fmedia&parent=183231"}],"wp:term":[{"taxonomy":"category","embeddable":true,"href":"https:\/\/aconteceunovale.com.br\/portal\/index.php?rest_route=%2Fwp%2Fv2%2Fcategories&post=183231"},{"taxonomy":"post_tag","embeddable":true,"href":"https:\/\/aconteceunovale.com.br\/portal\/index.php?rest_route=%2Fwp%2Fv2%2Ftags&post=183231"}],"curies":[{"name":"wp","href":"https:\/\/api.w.org\/{rel}","templated":true}]}}