{"id":183218,"date":"2021-10-25T20:47:10","date_gmt":"2021-10-25T23:47:10","guid":{"rendered":"https:\/\/aconteceunovale.com.br\/portal\/?p=183218"},"modified":"2021-10-25T20:53:39","modified_gmt":"2021-10-25T23:53:39","slug":"facebook-remove-live-em-que-bolsonaro-associa-vacina-contra-covid-19-a-aids","status":"publish","type":"post","link":"https:\/\/aconteceunovale.com.br\/portal\/?p=183218","title":{"rendered":"Redes sociais removem live em que Bolsonaro associa vacina contra Covid-19 \u00e0 Aids"},"content":{"rendered":"\n<p>O Facebook tirou do ar a live do presidente Jair Bolsonaro em que ele compartilha a informa\u00e7\u00e3o sobre uma suposta rela\u00e7\u00e3o entre as vacinas contra covid-19 e a aids (s\u00edndrome da imunodefici\u00eancia adquirida). A transmiss\u00e3o foi ao ar, ao vivo, na \u00faltima quinta-feira (21) e estava dispon\u00edvel para reprodu\u00e7\u00e3o, como acontece com os conte\u00fados semelhantes. A remo\u00e7\u00e3o do v\u00eddeo se estende \u00e0 conta do presidente no Instagram, rede social que tamb\u00e9m pertence ao Facebook.<\/p>\n\n\n\n<figure class=\"wp-block-gallery columns-1 is-cropped wp-block-gallery-1 is-layout-flex wp-block-gallery-is-layout-flex\"><ul class=\"blocks-gallery-grid\"><li class=\"blocks-gallery-item\"><figure><img loading=\"lazy\" decoding=\"async\" width=\"678\" height=\"406\" src=\"https:\/\/aconteceunovale.com.br\/portal\/wp-content\/uploads\/2021\/10\/bolsonaro_live_aids.jpg\" alt=\"\" data-id=\"183219\" data-full-url=\"https:\/\/aconteceunovale.com.br\/portal\/wp-content\/uploads\/2021\/10\/bolsonaro_live_aids.jpg\" data-link=\"https:\/\/aconteceunovale.com.br\/portal\/?attachment_id=183219\" class=\"wp-image-183219\" srcset=\"https:\/\/aconteceunovale.com.br\/portal\/wp-content\/uploads\/2021\/10\/bolsonaro_live_aids.jpg 678w, https:\/\/aconteceunovale.com.br\/portal\/wp-content\/uploads\/2021\/10\/bolsonaro_live_aids-300x180.jpg 300w\" sizes=\"auto, (max-width: 678px) 100vw, 678px\" \/><figcaption class=\"blocks-gallery-item__caption\"><em>Foto: Reprodu\u00e7\u00e3o\/Facebook Jair Bolsonaro\/Arquivo de 21\/10<\/em><\/figcaption><\/figure><\/li><\/ul><\/figure>\n\n\n\n<p>De acordo com o presidente, a informa\u00e7\u00e3o se refere a pessoas totalmente vacinadas, ou seja, que tomaram a dose \u00fanica ou segunda dose da vacina h\u00e1 mais de 15 dias. &#8220;S\u00f3 vou dar a not\u00edcia, n\u00e3o vou comentar. J\u00e1 falei sobre isso no passado, apanhei muito. Vamos l\u00e1: &#8216;Relat\u00f3rios oficiais do governo do Reino Unido sugerem que os totalmente vacinados [\u2026] est\u00e3o desenvolvendo s\u00edndrome da imunodefici\u00eancia adquirida muito mais r\u00e1pido do que o previsto&#8217;. Recomendo, leiam a mat\u00e9ria, n\u00e3o vou ler aqui porque posso ter problema com a minha<em>\u00a0live<\/em>, n\u00e3o quero que caia a\u00a0<em>live<\/em>\u00a0aqui, quero dar informa\u00e7\u00f5es&#8221;, afirmou Bolsonaro durante a transmiss\u00e3o do dia 21, sem citar a fonte da mat\u00e9ria.<\/p>\n\n\n\n<p>Em nota divulgada no s\u00e1bado (23), o Comit\u00ea de HIV\/Aids da Sociedade Brasileira de Infectologia esclareceu que \u201cn\u00e3o se conhece nenhuma rela\u00e7\u00e3o\u201d entre qualquer vacina contra a covid-19 e o desenvolvimento de aids. \u201cRepudiamos toda e qualquer not\u00edcia falsa que circule e fa\u00e7a men\u00e7\u00e3o a esta associa\u00e7\u00e3o inexistente\u201d, diz a nota.<\/p>\n\n\n\n<p>O comit\u00ea recomenda ainda que pessoas que vivem com HIV (v\u00edrus da imunodefici\u00eancia humana)\/aids devem ser completamente vacinadas contra covid-19, inclusive com a libera\u00e7\u00e3o da dose de refor\u00e7o (terceira dose) para todos que receberam a segunda dose h\u00e1 mais de 28 dias. Pessoas imunossuprimidas est\u00e3o recebendo o refor\u00e7o contra covid-19 nesse intervalo de tempo, conforme prev\u00ea o Minist\u00e9rio da Sa\u00fade, assim como os idosos e profissionais de sa\u00fade que tomaram a vacina h\u00e1 mais de seis meses.<\/p>\n\n\n\n<p>Hoje (25), em entrevista a uma r\u00e1dio, o presidente disse que leu sobre a pesquisa em reportagem da revista<em>&nbsp;Exame&nbsp;<\/em>publicada na semana passada. Bolsonaro tamb\u00e9m compartilhou nas redes sociais uma publica\u00e7\u00e3o de seu filho Carlos Bolsonaro&nbsp;em que o vereador critica a repercuss\u00e3o. \u201cA que n\u00edvel chega o $istema: o \u201cmeio de comunica\u00e7\u00e3o do bem\u201d chamado @exame divulga a informa\u00e7\u00e3o e o atacado \u00e9 quem leu sua mat\u00e9ria! O alvo ser\u00e1 a revista ou o leitor? Precisa responder? Tem m\u00e9todo!\u201d, diz a publica\u00e7\u00e3o.<\/p>\n\n\n\n<p>A mat\u00e9ria em quest\u00e3o, entretanto, foi publicada pela&nbsp;<em>Exame<\/em>&nbsp;em outubro de 2020, quando as vacinas ainda estavam em desenvolvimento. A not\u00edcia foi atualizada nesta segunda-feira e destaca que os cientistas se basearam em an\u00e1lises feitas em 2007 com um adenov\u00edrus espec\u00edfico usado na pesquisa de vacinas contra o HIV (v\u00edrus da imunodefici\u00eancia humana).<\/p>\n\n\n\n<h2 class=\"wp-block-heading\">Youtube<\/h2>\n\n\n\n<p>No final da tarde de hoje, o Youtube comunicou que\u00a0tamb\u00e9m resolveu retirar o v\u00eddeo do presidente Jair Bolsonaro do ar. Segundo a empresa, o canal do presidente foi suspenso por uma semana. Em comunicado, o Youtube afirma que o conte\u00fado do v\u00eddeo &#8220;viola diretrizes que est\u00e3o em conformidade com autoridades de sa\u00fade locais e globais.&#8221;<\/p>\n\n\n\n<p>&#8212;&#8212;&#8212;&#8212;&#8212;&#8212;<br><em>Quer receber as not\u00edcias do <strong>Aconteceu no Vale<\/strong> em primeira m\u00e3o? Siga-nos no Facebook <a rel=\"noreferrer noopener\" href=\"http:\/\/facebook.com\/aconteceunovale\" target=\"_blank\">@aconteceunovale<\/a>, Twitter <a rel=\"noreferrer noopener\" href=\"https:\/\/twitter.com\/noticiadosvales\" target=\"_blank\">@noticiadosvales<\/a> e Instagram <a rel=\"noreferrer noopener\" href=\"https:\/\/www.instagram.com\/aconteceunovale\" target=\"_blank\">@aconteceunovale<\/a>.<\/em><\/p>\n","protected":false},"excerpt":{"rendered":"<p>O Facebook tirou do ar a live do presidente Jair Bolsonaro em que ele compartilha a informa\u00e7\u00e3o sobre uma suposta rela\u00e7\u00e3o entre as vacinas contra covid-19 e a aids (s\u00edndrome da imunodefici\u00eancia adquirida). A transmiss\u00e3o foi ao ar, ao vivo, na \u00faltima quinta-feira (21) e estava dispon\u00edvel para reprodu\u00e7\u00e3o, como acontece com os conte\u00fados semelhantes. [&hellip;]<\/p>\n","protected":false},"author":4,"featured_media":183219,"comment_status":"open","ping_status":"closed","sticky":false,"template":"","format":"standard","meta":{"amp_status":"","footnotes":""},"categories":[6,40240,40242],"tags":[25864,100375,253481,253483,253482,253480,253487,253489,25147,26436,253484,253486,253488,253490,253485,81295,219773],"class_list":["post-183218","post","type-post","status-publish","format-standard","has-post-thumbnail","hentry","category-br","category-politica-2","category-saude-2","tag-aids","tag-bolsonaro","tag-facebook-remove-live-de-bolsonaro","tag-facebook-remove-live-do-presidente-bolsonaro","tag-facebook-remove-live-do-presidente-jair-bolsonaro","tag-facebook-remove-live-em-que-bolsonaro-associa-vacina-contra-covid-19-a-aids","tag-fake-news-divulgada-por-bolsonaro","tag-fake-news-sobre-vacina-divulgada-por-bolsonaro","tag-hiv","tag-jair-bolsonaro","tag-live-em-que-bolsonaro-associa-vacina-contra-covid-19-a-aids","tag-mentira-divulgada-por-bolsonaro","tag-mentira-sobre-vacinas-divulgada-por-bolsonaro","tag-redes-sociais-removem-live-em-que-bolsonaro-associa-vacina-contra-covid-19-a-aids","tag-sindrome-da-imunodeficiencia-adquirida","tag-sociedade-brasileira-de-infectologia","tag-vacina-contra-covid-19"],"_links":{"self":[{"href":"https:\/\/aconteceunovale.com.br\/portal\/index.php?rest_route=\/wp\/v2\/posts\/183218","targetHints":{"allow":["GET"]}}],"collection":[{"href":"https:\/\/aconteceunovale.com.br\/portal\/index.php?rest_route=\/wp\/v2\/posts"}],"about":[{"href":"https:\/\/aconteceunovale.com.br\/portal\/index.php?rest_route=\/wp\/v2\/types\/post"}],"author":[{"embeddable":true,"href":"https:\/\/aconteceunovale.com.br\/portal\/index.php?rest_route=\/wp\/v2\/users\/4"}],"replies":[{"embeddable":true,"href":"https:\/\/aconteceunovale.com.br\/portal\/index.php?rest_route=%2Fwp%2Fv2%2Fcomments&post=183218"}],"version-history":[{"count":3,"href":"https:\/\/aconteceunovale.com.br\/portal\/index.php?rest_route=\/wp\/v2\/posts\/183218\/revisions"}],"predecessor-version":[{"id":183225,"href":"https:\/\/aconteceunovale.com.br\/portal\/index.php?rest_route=\/wp\/v2\/posts\/183218\/revisions\/183225"}],"wp:featuredmedia":[{"embeddable":true,"href":"https:\/\/aconteceunovale.com.br\/portal\/index.php?rest_route=\/wp\/v2\/media\/183219"}],"wp:attachment":[{"href":"https:\/\/aconteceunovale.com.br\/portal\/index.php?rest_route=%2Fwp%2Fv2%2Fmedia&parent=183218"}],"wp:term":[{"taxonomy":"category","embeddable":true,"href":"https:\/\/aconteceunovale.com.br\/portal\/index.php?rest_route=%2Fwp%2Fv2%2Fcategories&post=183218"},{"taxonomy":"post_tag","embeddable":true,"href":"https:\/\/aconteceunovale.com.br\/portal\/index.php?rest_route=%2Fwp%2Fv2%2Ftags&post=183218"}],"curies":[{"name":"wp","href":"https:\/\/api.w.org\/{rel}","templated":true}]}}