{"id":183210,"date":"2021-10-25T08:20:12","date_gmt":"2021-10-25T11:20:12","guid":{"rendered":"https:\/\/aconteceunovale.com.br\/portal\/?p=183210"},"modified":"2021-10-25T08:24:43","modified_gmt":"2021-10-25T11:24:43","slug":"lideres-de-organizacao-criminosa-que-importava-drogas-para-o-norte-de-minas-sao-presos-no-paraguai","status":"publish","type":"post","link":"https:\/\/aconteceunovale.com.br\/portal\/?p=183210","title":{"rendered":"L\u00edderes de organiza\u00e7\u00e3o criminosa que importava drogas para o Norte de Minas s\u00e3o presos no Paraguai"},"content":{"rendered":"\n<p>A Pol\u00edcia Civil de Minas Gerais (PCMG), com aux\u00edlio da Pol\u00edcia Nacional do Paraguai e Pol\u00edcia Federal Brasileira, deflagrou na madrugada de s\u00e1bado (23\/10\/2021) uma opera\u00e7\u00e3o policial para inibir o Tr\u00e1fico Internacional de Entorpecentes.<\/p>\n\n\n\n<p>A a\u00e7\u00e3o, realizada por meio do Comando Tripartite da Argentina, Brasil e Paraguai, resultou na pris\u00e3o de sete pessoas, seis homens e uma mulher, sendo que dois deles exerciam lideran\u00e7as criminosas em Montes Claros.<\/p>\n\n\n\n<p>Com os suspeitos foram apreendidas armas de fogo de diversos calibres e muni\u00e7\u00f5es. A investiga\u00e7\u00e3o foi realizada pelo Delegado Alberto Ten\u00f3rio, Titular da Delegacia Especializada Antidrogas em Montes Claros, com o objetivo de promover a efetiva repress\u00e3o ao tr\u00e1fico transnacional chefiado por dois investigados montes-clarenses.<\/p>\n\n\n\n<p>Os suspeitos s\u00e3o apontados como os principais respons\u00e1veis pelo envio de entorpecentes do Paraguai at\u00e9 a regi\u00e3o Norte do Estado. Al\u00e9m disso, os envolvidos ordenaram a ocorr\u00eancia de crimes dolosos contra \u00e0 vida praticados no m\u00eas de outubro deste ano em Montes Claros.<\/p>\n\n\n\n<p>Foram dois homic\u00eddios consumados e quatro tentados. Os crimes foram motivados por disputas de pontos de tr\u00e1fico de drogas e vingan\u00e7a, gerando uma divis\u00e3o do grupo criminoso. Vale ressaltar que eles possuem elevado grau de periculosidade, possuindo mandados de pris\u00e3o em aberto, cujas naturezas s\u00e3o resultado da investiga\u00e7\u00e3o de crime de homic\u00eddio e tr\u00e1fico de drogas, os quais tramitam na comarca de Montes Claros.<\/p>\n\n\n\n<figure class=\"wp-block-gallery columns-1 is-cropped wp-block-gallery-1 is-layout-flex wp-block-gallery-is-layout-flex\"><ul class=\"blocks-gallery-grid\"><li class=\"blocks-gallery-item\"><figure><img loading=\"lazy\" decoding=\"async\" width=\"678\" height=\"319\" src=\"https:\/\/aconteceunovale.com.br\/portal\/wp-content\/uploads\/2021\/10\/operacao_trafico_moc_paraguai.jpeg\" alt=\"\" data-id=\"183211\" data-full-url=\"https:\/\/aconteceunovale.com.br\/portal\/wp-content\/uploads\/2021\/10\/operacao_trafico_moc_paraguai.jpeg\" data-link=\"https:\/\/aconteceunovale.com.br\/portal\/?attachment_id=183211\" class=\"wp-image-183211\" srcset=\"https:\/\/aconteceunovale.com.br\/portal\/wp-content\/uploads\/2021\/10\/operacao_trafico_moc_paraguai.jpeg 678w, https:\/\/aconteceunovale.com.br\/portal\/wp-content\/uploads\/2021\/10\/operacao_trafico_moc_paraguai-300x141.jpeg 300w\" sizes=\"auto, (max-width: 678px) 100vw, 678px\" \/><figcaption class=\"blocks-gallery-item__caption\"><em>Foto: Divulga\u00e7\u00e3o\/PCMG<\/em><\/figcaption><\/figure><\/li><\/ul><\/figure>\n\n\n\n<h2 class=\"wp-block-heading\"><strong>A opera\u00e7\u00e3o<\/strong><\/h2>\n\n\n\n<p>Os respectivos mandados foram cumpridos no s\u00e1bado (23\/10), na cidade de Pedro Juan Caballero, no Paraguai, onde os suspeitos estavam residindo. A opera\u00e7\u00e3o, coordenada pela Delegacia Especializada Antidrogas de Montes Claros, foi executada pela Pol\u00edcia Nacional do Paraguai, por meio da troca de informa\u00e7\u00f5es entre as Institui\u00e7\u00f5es.<\/p>\n\n\n\n<p>Durante a a\u00e7\u00e3o, seis pessoas do sexo masculino e uma do sexo feminino, ambos brasileiros, foram presos e ser\u00e3o encaminhadas \u00e0 Delegacia da Pol\u00edcia Federal situada em Foz do Igua\u00e7u no Estado do Paran\u00e1.<\/p>\n\n\n\n<p>Al\u00e9m da pris\u00e3o dos investigados, segundo a PCMG, houve a apreens\u00e3o de v\u00e1rias armas de fogo de calibre permitido\/restrito (dois fuzis AK-47, calibre 762 x 39 com seis carregadores; um fuzil M4, marca Colt, calibre 5.56, com dois carregadores; e uma pistola Glock G17 calibre 9mm, com dois carregadores), diversas muni\u00e7\u00f5es de arma de fogo, equipamentos de r\u00e1dio, celulares, dois ve\u00edculos e grande quantidade em dinheiro brasileiro.<\/p>\n\n\n\n<p>Os presos ser\u00e3o autuados por porte ilegal de arma de fogo e muni\u00e7\u00f5es no Paraguai.<\/p>\n\n\n\n<p>O Delegado Herivelton Ruas Santana, Regional em Montes Claros, pontuou que viabilizou todo o aporte necess\u00e1rio para garantir o sucesso da opera\u00e7\u00e3o e promover o combate efetivo \u00e0 criminalidade organizada.<\/p>\n\n\n\n<p>De acordo com o Chefe do 11\u00ba Departamento, Delegado-Geral Jurandir Rodrigues, essa importante opera\u00e7\u00e3o consolida na sociedade que n\u00e3o existem fronteiras para o cumprimento da lei e responsabiliza\u00e7\u00e3o dos seus agentes. &#8221; A Pol\u00edcia Civil se compromete a controlar e apurar os homic\u00eddios garantindo seguran\u00e7a e qualidade de vida \u00e0 popula\u00e7\u00e3o&#8221;, observou.<\/p>\n\n\n\n<p>&#8212;&#8212;&#8212;&#8212;&#8212;&#8212;<br><em>Quer receber as not\u00edcias do <strong>Aconteceu no Vale<\/strong> em primeira m\u00e3o? Siga-nos no Facebook <a rel=\"noreferrer noopener\" href=\"http:\/\/facebook.com\/aconteceunovale\" target=\"_blank\">@aconteceunovale<\/a>, Twitter <a rel=\"noreferrer noopener\" href=\"https:\/\/twitter.com\/noticiadosvales\" target=\"_blank\">@noticiadosvales<\/a> e Instagram <a rel=\"noreferrer noopener\" href=\"https:\/\/www.instagram.com\/aconteceunovale\" target=\"_blank\">@aconteceunovale<\/a>.<\/em><\/p>\n","protected":false},"excerpt":{"rendered":"<p>A Pol\u00edcia Civil de Minas Gerais (PCMG), com aux\u00edlio da Pol\u00edcia Nacional do Paraguai e Pol\u00edcia Federal Brasileira, deflagrou na madrugada de s\u00e1bado (23\/10\/2021) uma opera\u00e7\u00e3o policial para inibir o Tr\u00e1fico Internacional de Entorpecentes. A a\u00e7\u00e3o, realizada por meio do Comando Tripartite da Argentina, Brasil e Paraguai, resultou na pris\u00e3o de sete pessoas, seis homens [&hellip;]<\/p>\n","protected":false},"author":4,"featured_media":183211,"comment_status":"open","ping_status":"closed","sticky":false,"template":"","format":"standard","meta":{"amp_status":"","footnotes":""},"categories":[6,28848,1236],"tags":[10950,4785,253468,253466,139739,215846,211415,253465,253455,253464,253469,253458,16735,604,20966,44644,253463,253462,253467,253459,253461,253471,253457,253470,253456,253460],"class_list":["post-183210","post","type-post","status-publish","format-standard","has-post-thumbnail","hentry","category-br","category-mundo","category-norte_de_minas","tag-argentina","tag-brasil","tag-brasileiros-presos-em-pedro-juan-caballero","tag-delegacia-especializada-antidrogas-em-montes-claros","tag-delegado-alberto-tenorio","tag-delegado-herivelton-ruas-santana","tag-delegado-jurandir-rodrigues","tag-lideres-de-organizacao-criminosa-de-montes-claros-sao-presos-no-paraguai","tag-lideres-de-organizacao-criminosa-que-importava-drogas-para-o-norte-de-minas-sao-presos-no-paraguai","tag-lideres-de-quadrilha-de-montes-claros-sao-presos-no-paraguai","tag-montes-clarenses-presos-em-pedro-juan-caballero","tag-montes-clarenses-presos-no-paraguai","tag-paraguai","tag-pcmg","tag-pf","tag-policia-civil-de-minas-gerais","tag-policia-federal-brasileira","tag-policia-nacional-do-paraguai","tag-presos-em-pedro-juan-caballero","tag-presos-no-paraguai","tag-presos-por-importar-drogas-para-montes-claros","tag-regional-em-montes-claros","tag-traficantes-de-montes-claros-presos-no-paraguai","tag-traficantes-presos-em-pedro-juan-caballero","tag-traficantes-presos-no-paraguai","tag-trafico-internacional-de-drogas-para-montes-claros"],"_links":{"self":[{"href":"https:\/\/aconteceunovale.com.br\/portal\/index.php?rest_route=\/wp\/v2\/posts\/183210","targetHints":{"allow":["GET"]}}],"collection":[{"href":"https:\/\/aconteceunovale.com.br\/portal\/index.php?rest_route=\/wp\/v2\/posts"}],"about":[{"href":"https:\/\/aconteceunovale.com.br\/portal\/index.php?rest_route=\/wp\/v2\/types\/post"}],"author":[{"embeddable":true,"href":"https:\/\/aconteceunovale.com.br\/portal\/index.php?rest_route=\/wp\/v2\/users\/4"}],"replies":[{"embeddable":true,"href":"https:\/\/aconteceunovale.com.br\/portal\/index.php?rest_route=%2Fwp%2Fv2%2Fcomments&post=183210"}],"version-history":[{"count":1,"href":"https:\/\/aconteceunovale.com.br\/portal\/index.php?rest_route=\/wp\/v2\/posts\/183210\/revisions"}],"predecessor-version":[{"id":183212,"href":"https:\/\/aconteceunovale.com.br\/portal\/index.php?rest_route=\/wp\/v2\/posts\/183210\/revisions\/183212"}],"wp:featuredmedia":[{"embeddable":true,"href":"https:\/\/aconteceunovale.com.br\/portal\/index.php?rest_route=\/wp\/v2\/media\/183211"}],"wp:attachment":[{"href":"https:\/\/aconteceunovale.com.br\/portal\/index.php?rest_route=%2Fwp%2Fv2%2Fmedia&parent=183210"}],"wp:term":[{"taxonomy":"category","embeddable":true,"href":"https:\/\/aconteceunovale.com.br\/portal\/index.php?rest_route=%2Fwp%2Fv2%2Fcategories&post=183210"},{"taxonomy":"post_tag","embeddable":true,"href":"https:\/\/aconteceunovale.com.br\/portal\/index.php?rest_route=%2Fwp%2Fv2%2Ftags&post=183210"}],"curies":[{"name":"wp","href":"https:\/\/api.w.org\/{rel}","templated":true}]}}