{"id":18316,"date":"2014-01-12T15:26:08","date_gmt":"2014-01-12T17:26:08","guid":{"rendered":"http:\/\/aconteceunovale.com.br\/portal\/?p=18316"},"modified":"2014-01-13T02:32:28","modified_gmt":"2014-01-13T04:32:28","slug":"galeria-de-fotos-verao-kaiser-de-turmalina-sucesso-total","status":"publish","type":"post","link":"https:\/\/aconteceunovale.com.br\/portal\/?p=18316","title":{"rendered":"GALERIA DE FOTOS: Ver\u00e3o Kaiser de Turmalina, sucesso total!"},"content":{"rendered":"<p>Aconteceu na noite deste s\u00e1bado (11\/01), em Turmalina\/MG, o Ver\u00e3o Kaiser 2014. O evento que teve como atra\u00e7\u00f5es o Grupo L\u00e1 Maior e a DJ Samira Lima contou com a presen\u00e7a de grande p\u00fablico.<\/p>\n<p>Nosso parceiro V&amp;P Eventos registrou os melhores momentos, <a href=\"http:\/\/vepeventos.com.br\/ver_fotos.php?id=126\" target=\"_blank\"><strong>CLIQUE AQUI PARA CONFERIR<\/strong><\/a>.<\/p>\n<p><a href=\"http:\/\/vepeventos.com.br\/ver_fotos.php?id=126\" target=\"_blank\"><img decoding=\"async\" alt=\"\" src=\"http:\/\/aconteceunovale.com.br\/portal\/wp-content\/uploads\/2014\/01\/capa_verao_kaiser_turmalina.jpg\" \/><\/a><br \/>\n<em>(Clique na foto acima para abrir a galeria de fotos)<\/em><\/p>\n","protected":false},"excerpt":{"rendered":"<p>Aconteceu na noite deste s\u00e1bado (11\/01), em Turmalina\/MG, o Ver\u00e3o Kaiser 2014. O evento que teve como atra\u00e7\u00f5es o Grupo L\u00e1 Maior e a DJ Samira Lima contou com a presen\u00e7a de grande p\u00fablico. Nosso parceiro V&amp;P Eventos registrou os melhores momentos, CLIQUE AQUI PARA CONFERIR. (Clique na foto acima para abrir a galeria de [&hellip;]<\/p>\n","protected":false},"author":1,"featured_media":0,"comment_status":"open","ping_status":"closed","sticky":false,"template":"","format":"standard","meta":{"amp_status":"","footnotes":""},"categories":[125],"tags":[2858,2859,178,2857],"class_list":["post-18316","post","type-post","status-publish","format-standard","hentry","category-noticias","tag-fotos-do-verao-kaiser-2014-de-turmalina","tag-fotos-verao-kaiser-de-turmalina","tag-turmalina","tag-verao-kaiser-2014-em-turmalina"],"_links":{"self":[{"href":"https:\/\/aconteceunovale.com.br\/portal\/index.php?rest_route=\/wp\/v2\/posts\/18316","targetHints":{"allow":["GET"]}}],"collection":[{"href":"https:\/\/aconteceunovale.com.br\/portal\/index.php?rest_route=\/wp\/v2\/posts"}],"about":[{"href":"https:\/\/aconteceunovale.com.br\/portal\/index.php?rest_route=\/wp\/v2\/types\/post"}],"author":[{"embeddable":true,"href":"https:\/\/aconteceunovale.com.br\/portal\/index.php?rest_route=\/wp\/v2\/users\/1"}],"replies":[{"embeddable":true,"href":"https:\/\/aconteceunovale.com.br\/portal\/index.php?rest_route=%2Fwp%2Fv2%2Fcomments&post=18316"}],"version-history":[{"count":0,"href":"https:\/\/aconteceunovale.com.br\/portal\/index.php?rest_route=\/wp\/v2\/posts\/18316\/revisions"}],"wp:attachment":[{"href":"https:\/\/aconteceunovale.com.br\/portal\/index.php?rest_route=%2Fwp%2Fv2%2Fmedia&parent=18316"}],"wp:term":[{"taxonomy":"category","embeddable":true,"href":"https:\/\/aconteceunovale.com.br\/portal\/index.php?rest_route=%2Fwp%2Fv2%2Fcategories&post=18316"},{"taxonomy":"post_tag","embeddable":true,"href":"https:\/\/aconteceunovale.com.br\/portal\/index.php?rest_route=%2Fwp%2Fv2%2Ftags&post=18316"}],"curies":[{"name":"wp","href":"https:\/\/api.w.org\/{rel}","templated":true}]}}