{"id":183098,"date":"2021-10-19T20:43:07","date_gmt":"2021-10-19T23:43:07","guid":{"rendered":"https:\/\/aconteceunovale.com.br\/portal\/?p=183098"},"modified":"2021-10-21T08:50:28","modified_gmt":"2021-10-21T11:50:28","slug":"confira-a-lista-de-indiciados-pela-cpi-da-covid","status":"publish","type":"post","link":"https:\/\/aconteceunovale.com.br\/portal\/?p=183098","title":{"rendered":"Confira a lista de indiciados pela CPI da Covid"},"content":{"rendered":"\n<p>O relat\u00f3rio final da Comiss\u00e3o Parlamentar de Inqu\u00e9rito (CPI) da Pandemia do Senado, apresentado nesta quarta-feira (20) pelo senador Renan Calheiros (MDB-AL), tem \u00a0mais 1,1 mil p\u00e1ginas, divididas em 16 cap\u00edtulos e 29 tipos penais apontados. O texto, que ser\u00e1 votado pelo colegiado na pr\u00f3xima ter\u00e7a-feira (26), pede o indiciamento de 66 pessoas e de duas empresas. Uma delas \u00e9 a Precisa Medicamentos, que intermediou a negocia\u00e7\u00e3o de um contrato que acabou cancelado pelo Minist\u00e9rio da Sa\u00fade para a aquisi\u00e7\u00e3o de 20 milh\u00f5es de doses da vacina indiana Covaxin. A outra \u00e9 a VTClog, contratada pelo Minist\u00e9rio da Sa\u00fade para cuidar da log\u00edstica da distribui\u00e7\u00e3o de vacinas e insumos contra a covid-19, que tamb\u00e9m \u00e9 suspeita de irregularidades.<\/p>\n\n\n\n<figure class=\"wp-block-gallery columns-1 is-cropped wp-block-gallery-1 is-layout-flex wp-block-gallery-is-layout-flex\"><ul class=\"blocks-gallery-grid\"><li class=\"blocks-gallery-item\"><figure><img loading=\"lazy\" decoding=\"async\" width=\"820\" height=\"513\" src=\"https:\/\/aconteceunovale.com.br\/portal\/wp-content\/uploads\/2021\/10\/cpi_covid.jpg\" alt=\"\" data-id=\"183099\" data-full-url=\"https:\/\/aconteceunovale.com.br\/portal\/wp-content\/uploads\/2021\/10\/cpi_covid.jpg\" data-link=\"https:\/\/aconteceunovale.com.br\/portal\/?attachment_id=183099\" class=\"wp-image-183099\" srcset=\"https:\/\/aconteceunovale.com.br\/portal\/wp-content\/uploads\/2021\/10\/cpi_covid.jpg 820w, https:\/\/aconteceunovale.com.br\/portal\/wp-content\/uploads\/2021\/10\/cpi_covid-300x188.jpg 300w, https:\/\/aconteceunovale.com.br\/portal\/wp-content\/uploads\/2021\/10\/cpi_covid-768x480.jpg 768w, https:\/\/aconteceunovale.com.br\/portal\/wp-content\/uploads\/2021\/10\/cpi_covid-696x435.jpg 696w, https:\/\/aconteceunovale.com.br\/portal\/wp-content\/uploads\/2021\/10\/cpi_covid-671x420.jpg 671w\" sizes=\"auto, (max-width: 820px) 100vw, 820px\" \/><figcaption class=\"blocks-gallery-item__caption\"><em>Omar Aziz (presidente) e Renan Calheiros (relator) durante sess\u00e3o da CPI da Covid &#8211; Foto: Edilson Rodrigues \/ Ag\u00eancia Senado<\/em><\/figcaption><\/figure><\/li><\/ul><\/figure>\n\n\n\n<p>Entre os nomes da lista est\u00e3o o do presidente da Rep\u00fablica, Jair Bolsonaro, e de quatro ministros: Marcelo Queiroga (Sa\u00fade), Onyx Lorenzoni (Trabalho e Previd\u00eancia), Wagner Ros\u00e1rio (Controladoria-Geral da Uni\u00e3o) e Walter Braga Netto (Defesa). Constam ainda, entre as sugest\u00f5es de indiciamento, os ex-ministros Ernesto Ara\u00fajo (Rela\u00e7\u00f5es Exteriores) e Eduardo Pazuello (Sa\u00fade). Entre os parlamentares, a lista traz os deputados federais Ricardo Barros (PP-PR), l\u00edder do governo na C\u00e2mara, Osmar Terra (MDB-RS), Carla Zambelli (PSL-SP), Bia Kicis (PSL-DF) e Carlos Jordy (PSL-RJ), al\u00e9m de tr\u00eas filhos do presidente, o deputado federal Eduardo Bolsonaro (PSL-SP), o senador Fl\u00e1vio Bolsonaro (Patriotas-RJ) e o vereador pelo Rio de Janeiro Carlos Bolsonaro (Republicanos).<\/p>\n\n\n\n<p>Tamb\u00e9m figuram no rol de pedidos de indiciamentos Luciano Hang, Ot\u00e1vio Fakhoury, Carlos Wizard, al\u00e9m da m\u00e9dica Nise Yamaguchi e do virologista Paolo Zanotto, todos nomes apontados como sendo de integrantes de um gabinete paralelo de aconselhamento do presidente na pandemia.<\/p>\n\n\n\n<h2 class=\"wp-block-heading\">Recuo<\/h2>\n\n\n\n<p>No parecer, o presidente Jair Bolsonaro \u00e9 responsabilizado pela pr\u00e1tica de nove crimes: epidemia com resultado morte; infra\u00e7\u00e3o de medida sanit\u00e1ria preventiva; charlatanismo, incita\u00e7\u00e3o ao crime; falsifica\u00e7\u00e3o de documento particular; emprego irregular de verbas p\u00fablicas; prevarica\u00e7\u00e3o; crimes contra a humanidade; e crimes de responsabilidade (viola\u00e7\u00e3o de direito social e incompatibilidade com dignidade, honra e decoro do cargo).<\/p>\n\n\n\n<p>Ontem (19) \u00e0 noite, em uma reuni\u00e3o na casa do senador Tasso Jereissati (PSDB-CE), pontos divergentes do relat\u00f3rio foram discutidos pelo G7 \u2013&nbsp;grupo de senadores independentes e oposicionistas. Com isso, o texto final do parecer &nbsp;sofreu altera\u00e7\u00f5es.<\/p>\n\n\n\n<p>O grupo decidiu retirar do parecer, por exemplo, imputa\u00e7\u00f5es ao presidente pelos crimes de genoc\u00eddio contra ind\u00edgenas e homic\u00eddio, que enfrentavam resist\u00eancias entre o grupo majorit\u00e1rio na comiss\u00e3o. Para o senador Humberto Costa (PT-PE), que participou do encontro, o relat\u00f3rio de Calheiros \u201c\u00e9 consistente e s\u00f3lido\u201d, e a c\u00fapula da comiss\u00e3o se preocupou em conferir mais precis\u00e3o jur\u00eddica ao documento para que ju\u00edzes e promotores n\u00e3o possam desqualific\u00e1-lo futuramente. \u201cN\u00e3o t\u00ednhamos condi\u00e7\u00f5es t\u00e9cnicas para fazer esse enquadramento\u201d, afirmou.<\/p>\n\n\n\n<p>Ao chegar ao Senado na manh\u00e3 de hoje, Renan Calheiros disse que, apesar do recuo na tipifica\u00e7\u00e3o de crimes, n\u00e3o haver\u00e1 preju\u00edzo ao relat\u00f3rio, j\u00e1 que o presidente da Rep\u00fablica continuaria sendo enquadrado em crime contra a humanidade, em den\u00fancia que ser\u00e1 encaminhada pelo colegiado ao Tribunal Penal Internacional. Caso aprovadas pela CPI, as propostas de indiciamento contidas no relat\u00f3rio devem ser encaminhadas a institui\u00e7\u00f5es como o Minist\u00e9rio P\u00fablico e a C\u00e2mara dos Deputados. \u201cO procurador-geral da Rep\u00fablica [Augusto Aras] tem o dever de observar tudo o que foi investigado pela CPI&#8221;, cobrou o relator.<\/p>\n\n\n\n<p>As mudan\u00e7as nos tipos penais, decididas na reuni\u00e3o na casa de Tasso Jereissati, fizeram com que o presidente da Funda\u00e7\u00e3o Nacional do \u00cdndio (Funai), Marcelo Augusto Xavier, e o secret\u00e1rio especial de Sa\u00fade Ind\u00edgena, Robson da Silva, ficassem fora da lista final de pedidos de indiciamento. Um terceiro nome que foi retirado dessa lista \u00e9 o do pastor Silas Malafaia, que havia sido inclu\u00eddo no relat\u00f3rio pela propaga\u00e7\u00e3o de&nbsp;<em>fake news<\/em>.<\/p>\n\n\n\n<p>Hoje, antes do in\u00edcio da leitura do relat\u00f3rio, durante agenda na cidade de Russas, no Cear\u00e1, o presidente Bolsonaro disse &#8220;n\u00e3o ter culpa de nada&#8221; e criticou os trabalhos da CPI. Segundo o presidente, os senadores do colegiado &#8220;nada produziram a n\u00e3o ser \u00f3dio e rancor&#8221;. &#8220;Como seria bom se aquela CPI estivesse fazendo algo de produtivo para o nosso Brasil. Tomaram tempo do nosso ministro da Sa\u00fade, de servidores, de pessoas humildes e de empres\u00e1rios. Nada produziram a n\u00e3o ser o \u00f3dio e o rancor entre alguns de n\u00f3s&#8221;, disse Bolsonaro. &#8220;Mas n\u00f3s sabemos que n\u00e3o temos culpa de absolutamente nada&#8221;, afirmou o durante discurso.<\/p>\n\n\n\n<h2 class=\"wp-block-heading\">Cr\u00edticas<\/h2>\n\n\n\n<p>Ao chegar ao Senado, na manh\u00e3 de hoje, o senador Fl\u00e1vio Bolsonaro, membro suplente da comiss\u00e3o, tamb\u00e9m criticou o relat\u00f3rio&nbsp;de Renan Calheiros. Para ele, o parecer \u00e9 uma &#8220;piada&#8221;. &#8220;Ele receberia da seguinte forma, voc\u00ea sabe aquela gargalhada dele?&#8221;, disse Fl\u00e1vio Bolsonaro a&nbsp;jornalistas ao se referir ao seu pai, imitando a risada dele. &#8220;Porque n\u00e3o tem o que fazer de diferente disso. \u00c9 uma piada de muito mau gosto o que o senador Renan Calheiros faz&#8221;, avaliou. Ainda segundo&nbsp;Fl\u00e1vio Bolsonaro, que teve o indiciamento pedido pelo parecer final acusado de dissemina\u00e7\u00e3o de<em>&nbsp;fake news<\/em>, o texto \u00e9 &#8220;inconstitucional&#8221;.<\/p>\n\n\n\n<p>O relat\u00f3rio tamb\u00e9m foi alvo de cr\u00edticas por parte de outros senadores governistas. Para Marcos Rog\u00e9rio (DEM-RO), a CPI focou apenas o governo federal, com o objetivo de desgastar o presidente Bolsonaro. J\u00e1 Eduardo Gir\u00e3o (Podemos-CE), que se declara independente e \u00e9 autor do requerimento para a investiga\u00e7\u00e3o nos estados, diz que a comiss\u00e3o fechou os olhos \u00e0 atua\u00e7\u00e3o de governos estaduais e prefeituras. Eles prometem relat\u00f3rios alternativos ao de Renan.<\/p>\n\n\n\n<h2 class=\"wp-block-heading\">Proposi\u00e7\u00f5es<\/h2>\n\n\n\n<p>O parecer final da CPI tem uma parte dedicada \u00e0 sugest\u00e3o de 16 propostas legislativas, al\u00e9m de uma proposta de emenda \u00e0 Constitui\u00e7\u00e3o (PEC). Uma delas trata da cria\u00e7\u00e3o de uma pens\u00e3o especial para os \u00f3rf\u00e3os da covid-19 at\u00e9 21 anos de idade. H\u00e1 ainda projetos que pretendem criminalizar o combate da produ\u00e7\u00e3o e divulga\u00e7\u00e3o de not\u00edcias falsas, &nbsp;especialmente as que envolvam temas ligados \u00e0 sa\u00fade p\u00fablica.<\/p>\n\n\n\n<p>Sob o argumento de \u201ccoibir a pr\u00e1tica de crimes executados em fun\u00e7\u00e3o da situa\u00e7\u00e3o de calamidade p\u00fablica na sa\u00fade\u201d e reverter o uso do produto do crime em favor do combate \u00e0 pandemia, o relator tamb\u00e9m incluiu duas propostas para alterar o C\u00f3digo Penal e a lei que disp\u00f5e sobre crimes hediondos. Em um dos projetos, Renan Calheiros prev\u00ea a tipifica\u00e7\u00e3o de crime de exterm\u00ednio, que j\u00e1 \u00e9 previsto no Estatuto de Roma, que estabeleceu a cria\u00e7\u00e3o do Tribunal Penal Internacional. \u201cTrata-se de tipo penal semelhante ao do genoc\u00eddio, j\u00e1 previsto na Lei n\u00ba 2.889, de 1956, com a diferen\u00e7a de ser voltado contra v\u00edtimas inespec\u00edficas, em contraste com um grupo determinado\u201d, explicou o senador. O projeto prev\u00ea pena de dois a 30 anos de pris\u00e3o.<\/p>\n\n\n\n<p>A inclus\u00e3o da covid-19 como doen\u00e7a grave para os segurados do Regime Geral de Previd\u00eancia Social (RGPS) tamb\u00e9m est\u00e1 entre as propostas de legisla\u00e7\u00e3o do relat\u00f3rio final. Pelo texto, os segurados do RGPS n\u00e3o precisar\u00e3o cumprir car\u00eancia para ter acesso \u00e0 concess\u00e3o de aux\u00edlio-doen\u00e7a e aposentadoria por invalidez. \u201cNesse contexto \u2013 e em raz\u00e3o de bem-vinda sugest\u00e3o da Associa\u00e7\u00e3o Nacional das Defensoras e Defensores P\u00fablicos Federais \u00e0 CPI \u2013, apresenta-se proposi\u00e7\u00e3o que acolhe solu\u00e7\u00e3o a essa situa\u00e7\u00e3o que tamb\u00e9m tem comprometido a seguran\u00e7a social de trabalhadores brasileiros\u201d, ressalta Renan Calheiros.<\/p>\n\n\n\n<p>Entre os projetos est\u00e1 ainda o que cria o Dia Nacional em Homenagem \u00e0s V\u00edtimas da Covid-19. Em outra proposi\u00e7\u00e3o, os profissionais da sa\u00fade que trabalharam no atendimento de pacientes da covid-19 durante a pandemia tamb\u00e9m podem ser homenageados se aprovada a cria\u00e7\u00e3o do Livro dos Her\u00f3is e Hero\u00ednas da Pandemia de Covid-19. A ideia \u00e9 que o material seja inclu\u00eddo no acervo do Pante\u00e3o da P\u00e1tria e da Liberdade Tancredo Neves, em Bras\u00edlia.<\/p>\n\n\n\n<p class=\"has-text-align-right\"><em>Mat\u00e9ria atualizada \u00e0s 15h20 de 20\/10\/2021.<\/em><\/p>\n\n\n\n<p>&#8212;&#8212;&#8212;&#8212;&#8212;&#8212;<br><em>Quer receber as not\u00edcias do <strong>Aconteceu no Vale<\/strong> em primeira m\u00e3o? Siga-nos no Facebook <a rel=\"noreferrer noopener\" href=\"http:\/\/facebook.com\/aconteceunovale\" target=\"_blank\">@aconteceunovale<\/a>, Twitter <a rel=\"noreferrer noopener\" href=\"https:\/\/twitter.com\/noticiadosvales\" target=\"_blank\">@noticiadosvales<\/a> e Instagram <a rel=\"noreferrer noopener\" href=\"https:\/\/www.instagram.com\/aconteceunovale\" target=\"_blank\">@aconteceunovale<\/a>.<\/em><\/p>\n","protected":false},"excerpt":{"rendered":"<p>O relat\u00f3rio final da Comiss\u00e3o Parlamentar de Inqu\u00e9rito (CPI) da Pandemia do Senado, apresentado nesta quarta-feira (20) pelo senador Renan Calheiros (MDB-AL), tem \u00a0mais 1,1 mil p\u00e1ginas, divididas em 16 cap\u00edtulos e 29 tipos penais apontados. O texto, que ser\u00e1 votado pelo colegiado na pr\u00f3xima ter\u00e7a-feira (26), pede o indiciamento de 66 pessoas e de [&hellip;]<\/p>\n","protected":false},"author":4,"featured_media":183099,"comment_status":"open","ping_status":"closed","sticky":false,"template":"","format":"standard","meta":{"amp_status":"","footnotes":""},"categories":[6,40240],"tags":[253244,223792,253267,253236,253251,253258,253248,100375,253275,201905,253268,184408,253262,253252,243061,242518,253238,253278,253272,253246,1018,181716,253282,221803,253242,253284,186185,253249,253263,253280,253277,253281,253283,184407,253245,253231,26436,169460,253279,253240,253270,253261,253229,253254,244820,253235,253241,239762,253271,253247,253255,253237,253250,253232,243292,184434,93875,253259,253257,253274,253253,253256,253273,253285,253239,253266,28594,93878,253260,247675,253265,249598,253234,253276,93812,130750,253264,253269,253243,253230,253286,253233,226694],"class_list":["post-183098","post","type-post","status-publish","format-standard","has-post-thumbnail","hentry","category-br","category-politica-2","tag-airton-soligo","tag-allan-dos-santos","tag-andreia-da-silva-lima","tag-antonio-elcio-franco-filho","tag-arthur-weintraub","tag-bernardo-kuster","tag-bia-kicis","tag-bolsonaro","tag-carla-guerra","tag-carla-zambelli","tag-carlos-alberto-de-sa","tag-carlos-bolsonaro","tag-carlos-jordy","tag-carlos-wizard-martins","tag-cpi-da-covid","tag-cpi-da-pandemia","tag-cristiano-alberto-hossri-carvalho","tag-daniel-garrido-baena","tag-daniella-de-aguiar-moreira-da-silva","tag-danilo-trento","tag-destaque","tag-eduardo-bolsonaro","tag-eduardo-parrillo","tag-eduardo-pazuello","tag-emanuela-medrades","tag-emaruel-catori","tag-ernesto-araujo","tag-fabio-wajngarten","tag-felipe-g-martins","tag-fernanda-de-oliveira-igarashi","tag-fernando-oikawa","tag-fernando-parrillo","tag-flavia-adsuara-cadegiani","tag-flavio-bolsonaro","tag-francisco-maximiano","tag-indiciados-pela-cpi-da-covid","tag-jair-bolsonaro","tag-jair-messias-bolsonaro","tag-joao-paulo-f-barros","tag-jose-odilon-torres-da-silveira-junior","tag-jose-ricardo-santana","tag-leandro-ruschel","tag-lista-de-indiciados-pela-cpi-da-covid","tag-luciano-dias-azevedo","tag-luciano-hang","tag-marcelo-augusto-zavier-da-silva","tag-marcelo-blanco-da-costa","tag-marcelo-queiroga","tag-marconny-albernaz-de-faria","tag-marcos-tolentino","tag-mauro-luiz-de-brito-ribeiro","tag-mayra-isabel-correia-pinheiro","tag-nise-yamaguchi","tag-nomes-dos-indiciados-pela-cpi-da-covid","tag-omar-aziz","tag-onyx-lorenzoni","tag-osmar-terra","tag-oswaldo-eustaquio","tag-otavio-oscar-fakhoury","tag-paola-werneck","tag-paolo-marinho-de-andrade-zanotto","tag-paulo-eneas","tag-pedro-batista-junior","tag-precisa-medicamentos","tag-rafel-francisco-carmo-alves","tag-raimundo-nonato-brasil","tag-renan-calheiros","tag-ricardo-barros","tag-richards-pozzer","tag-roberto-ferreira-dias","tag-roberto-goidanich","tag-roberto-jefferson","tag-robson-santos-da-silva","tag-rodrigo-esper","tag-senado-federal","tag-silas-malafaia","tag-tecio-arnaud-tomaz","tag-teresa-cristina-reis-de-sa","tag-tulio-silveira","tag-veja-a-lista-de-indiciados-pela-cpi-da-covid","tag-vtclog","tag-wagner-rosario","tag-walter-braga-netto"],"_links":{"self":[{"href":"https:\/\/aconteceunovale.com.br\/portal\/index.php?rest_route=\/wp\/v2\/posts\/183098","targetHints":{"allow":["GET"]}}],"collection":[{"href":"https:\/\/aconteceunovale.com.br\/portal\/index.php?rest_route=\/wp\/v2\/posts"}],"about":[{"href":"https:\/\/aconteceunovale.com.br\/portal\/index.php?rest_route=\/wp\/v2\/types\/post"}],"author":[{"embeddable":true,"href":"https:\/\/aconteceunovale.com.br\/portal\/index.php?rest_route=\/wp\/v2\/users\/4"}],"replies":[{"embeddable":true,"href":"https:\/\/aconteceunovale.com.br\/portal\/index.php?rest_route=%2Fwp%2Fv2%2Fcomments&post=183098"}],"version-history":[{"count":2,"href":"https:\/\/aconteceunovale.com.br\/portal\/index.php?rest_route=\/wp\/v2\/posts\/183098\/revisions"}],"predecessor-version":[{"id":183136,"href":"https:\/\/aconteceunovale.com.br\/portal\/index.php?rest_route=\/wp\/v2\/posts\/183098\/revisions\/183136"}],"wp:featuredmedia":[{"embeddable":true,"href":"https:\/\/aconteceunovale.com.br\/portal\/index.php?rest_route=\/wp\/v2\/media\/183099"}],"wp:attachment":[{"href":"https:\/\/aconteceunovale.com.br\/portal\/index.php?rest_route=%2Fwp%2Fv2%2Fmedia&parent=183098"}],"wp:term":[{"taxonomy":"category","embeddable":true,"href":"https:\/\/aconteceunovale.com.br\/portal\/index.php?rest_route=%2Fwp%2Fv2%2Fcategories&post=183098"},{"taxonomy":"post_tag","embeddable":true,"href":"https:\/\/aconteceunovale.com.br\/portal\/index.php?rest_route=%2Fwp%2Fv2%2Ftags&post=183098"}],"curies":[{"name":"wp","href":"https:\/\/api.w.org\/{rel}","templated":true}]}}